{"id":11576,"date":"2026-06-16T16:43:53","date_gmt":"2026-06-16T14:43:53","guid":{"rendered":"https:\/\/voyage-aventure.com\/blog\/?p=11576"},"modified":"2026-06-16T16:43:53","modified_gmt":"2026-06-16T14:43:53","slug":"decouvrez-majorque-au-printemps-une-escapade-tout-compris-a-ne-pas-manquer","status":"publish","type":"post","link":"https:\/\/voyage-aventure.com\/blog\/a-la-une\/decouvrez-majorque-au-printemps-une-escapade-tout-compris-a-ne-pas-manquer\/","title":{"rendered":"D\u00e9couvrez Majorque au printemps : une escapade tout compris \u00e0 ne pas manquer"},"content":{"rendered":"<link rel=\"stylesheet\" href=\"https:\/\/fonts.googleapis.com\/css2?family=Fraunces:opsz,wght@9..144,500;9..144,600;9..144,800&#038;family=Inter:wght@400;500;600&#038;family=JetBrains+Mono:wght@500&#038;display=swap\" \/>\n<style>\n.va-gl-wrap{font-family:'Inter',-apple-system,BlinkMacSystemFont,sans-serif;color:#2b2522;line-height:1.65;font-size:17px}\n.va-gl-wrap h2{font-family:'Fraunces',Georgia,serif;font-weight:800;font-size:clamp(25px,3.4vw,35px);letter-spacing:-.01em;color:#23303a;line-height:1.18;margin:52px 0 18px}\n.va-gl-wrap h3{font-family:'Fraunces',Georgia,serif;font-weight:600;font-size:clamp(20px,2.4vw,24px);color:#23303a;margin:30px 0 12px}\n.va-gl-lead{font-size:19px;line-height:1.6;color:#43403c;margin:18px 0 30px;font-weight:400}\n.va-gl-kicker{font-family:'JetBrains Mono',monospace;font-weight:500;font-size:12.5px;letter-spacing:.16em;text-transform:uppercase;color:#c25e3a;display:block;margin-bottom:8px}\n.va-gl-carnet{background:linear-gradient(180deg,#fbf6f1,#f6efe7);border:1px solid #ece0d3;border-left:5px solid #c25e3a;border-radius:14px;padding:26px 28px 22px;margin:30px 0;box-shadow:0 1px 2px rgba(40,30,20,.05),0 18px 34px -22px rgba(60,40,25,.28)}\n.va-gl-carnet-h{font-family:'Fraunces',Georgia,serif;font-weight:800;font-size:22px;color:#23303a;margin:0 0 16px}\n.va-gl-carnet-grid{display:grid;grid-template-columns:repeat(auto-fit,minmax(180px,1fr));gap:16px}\n.va-gl-cell{display:flex;flex-direction:column;gap:3px}\n.va-gl-cell-l{font-family:'JetBrains Mono',monospace;font-size:11px;letter-spacing:.12em;text-transform:uppercase;color:#c25e3a;font-weight:500}\n.va-gl-cell-v{font-size:15.5px;color:#2b2522;font-weight:500;line-height:1.4}\n.va-gl-cards{display:grid;grid-template-columns:repeat(auto-fit,minmax(240px,1fr));gap:18px;margin:28px 0}\n.va-gl-card{background:#fff;border:1px solid #ec;border:1px solid #ece4da;border-top:3px solid #c25e3a;border-radius:12px;padding:22px 22px 24px;transition:.25s ease;box-shadow:0 1px 2px rgba(40,30,20,.05),0 14px 28px -20px rgba(60,40,25,.25)}\n.va-gl-card:hover{transform:translateY(-3px);box-shadow:0 1px 2px rgba(40,30,20,.06),0 22px 38px -20px rgba(60,40,25,.32)}\n.va-gl-card-t{font-family:'Fraunces',Georgia,serif;font-weight:600;font-size:20px;color:#23303a;margin:0 0 8px}\n.va-gl-card-d{font-size:15px;color:#4a4540;line-height:1.55}\n.va-gl-card-tip{margin-top:12px;font-family:'JetBrains Mono',monospace;font-size:12.5px;color:#1f7a5e;line-height:1.5}\n.va-gl-quote{font-family:'Fraunces',Georgia,serif;font-style:italic;font-weight:500;font-size:clamp(21px,2.8vw,27px);line-height:1.4;color:#23303a;text-align:center;max-width:660px;margin:40px auto;padding:24px 20px;border-top:1px solid #d9cfc2;border-bottom:1px solid #d9cfc2;position:relative}\n.va-gl-quote span{display:block;margin-top:12px;font-family:'JetBrains Mono',monospace;font-style:normal;font-size:12px;letter-spacing:.1em;text-transform:uppercase;color:#c25e3a}\n.va-gl-tablewrap{margin:28px 0;border:1px solid #ece4da;border-radius:12px;overflow:hidden;box-shadow:0 14px 28px -22px rgba(60,40,25,.25)}\n.va-gl-table{width:100%;border-collapse:collapse;font-size:15px}\n.va-gl-table th{background:#23303a;color:#fdf8f2;font-family:'JetBrains Mono',monospace;font-weight:500;font-size:12px;letter-spacing:.06em;text-transform:uppercase;text-align:left;padding:13px 16px}\n.va-gl-table td{padding:13px 16px;border-top:1px solid #efe7dd;color:#3a3530;vertical-align:top}\n.va-gl-table tr:nth-child(even) td{background:#faf6f0}\n.va-gl-table td:first-child{font-weight:600;color:#23303a}\n.va-gl-check{display:grid;grid-template-columns:repeat(auto-fit,minmax(260px,1fr));gap:16px;margin:28px 0}\n.va-gl-col{background:#fff;border:1px solid #ece4da;border-radius:12px;padding:20px 22px;box-shadow:0 12px 26px -22px rgba(60,40,25,.22)}\n.va-gl-col-h{font-family:'JetBrains Mono',monospace;font-size:12px;letter-spacing:.1em;text-transform:uppercase;font-weight:500;margin-bottom:12px}\n.va-gl-col.go .va-gl-col-h{color:#1f7a5e}\n.va-gl-col.no .va-gl-col-h{color:#b5462e}\n.va-gl-col ul{margin:0;padding:0;list-style:none}\n.va-gl-col li{padding:6px 0 6px 26px;position:relative;font-size:15px;color:#3a3530;line-height:1.5}\n.va-gl-col.go li:before{content:\"\u2713\";position:absolute;left:0;color:#1f7a5e;font-weight:700}\n.va-gl-col.no li:before{content:\"\u2717\";position:absolute;left:0;color:#b5462e;font-weight:700}\n.va-gl-retenir{background:#23303a;color:#f3ede5;border-radius:14px;padding:26px 28px;margin:36px 0}\n.va-gl-retenir-h{font-family:'Fraunces',Georgia,serif;font-weight:800;font-size:21px;color:#fff;margin:0 0 14px}\n.va-gl-retenir ul{margin:0;padding:0;list-style:none}\n.va-gl-retenir li{padding:7px 0 7px 24px;position:relative;font-size:15.5px;line-height:1.55;color:#e6ddd2}\n.va-gl-retenir li:before{content:\"\u2192\";position:absolute;left:0;color:#e8915f;font-weight:700}\n.va-gl-faq{margin:34px 0}\n.va-gl-faq-h{font-family:'Fraunces',Georgia,serif;font-weight:800;font-size:clamp(24px,3vw,32px);color:#23303a;margin:0 0 18px}\n.va-gl-faq details{border:1px solid #ece4da;border-radius:10px;margin-bottom:12px;background:#fff;overflow:hidden;transition:.2s ease}\n.va-gl-faq details[open]{border-color:#e0b39d;box-shadow:0 14px 28px -22px rgba(60,40,25,.3)}\n.va-gl-faq summary{cursor:pointer;list-style:none;padding:16px 20px;font-family:'Fraunces',Georgia,serif;font-weight:600;font-size:18px;color:#23303a;display:flex;justify-content:space-between;align-items:center;gap:12px}\n.va-gl-faq summary::-webkit-details-marker{display:none}\n.va-gl-faq summary:after{content:\"+\";font-family:'JetBrains Mono',monospace;color:#c25e3a;font-size:22px;transition:.2s}\n.va-gl-faq details[open] summary:after{transform:rotate(45deg)}\n.va-gl-faq-a{padding:0 20px 18px;font-size:15.5px;color:#4a4540;line-height:1.6}\n.va-gl-img{margin:34px 0}\n.va-gl-img img{border-radius:12px;box-shadow:0 18px 36px -22px rgba(60,40,25,.4);height:auto}\n\/*RENDERFIX2*\/.va-gl-table th{color:#eef3f9!important}.va-gl-table th p,.va-gl-table th li,.va-gl-table th strong,.va-gl-table th em,.va-gl-table th a,.va-gl-table th span,.va-gl-table th b,.va-gl-table th td,.va-gl-table th th,.va-gl-table th h2,.va-gl-table th h3,.va-gl-table th h4{color:#eef3f9!important}.va-gl-table th strong,.va-gl-table th b{color:#ffffff!important}.va-gl-retenir{color:#eef3f9!important}.va-gl-retenir p,.va-gl-retenir li,.va-gl-retenir strong,.va-gl-retenir em,.va-gl-retenir a,.va-gl-retenir span,.va-gl-retenir b,.va-gl-retenir td,.va-gl-retenir th,.va-gl-retenir h2,.va-gl-retenir h3,.va-gl-retenir h4{color:#eef3f9!important}.va-gl-retenir strong,.va-gl-retenir b{color:#ffffff!important}<\/style>\n<div class=\"va-gl-wrap\">\n<span class=\"va-gl-kicker\">Bal\u00e9ares \u00b7 Escapade printemps<\/span><\/p>\n<p class=\"va-gl-lead\">Majorque au printemps, c&rsquo;est l&rsquo;\u00eele au sommet de sa forme : douceur m\u00e9diterran\u00e9enne, criques accessibles et villages fleuris, le tout sans la foule estivale. Avec une formule tout compris, vous posez vos valises une fois et profitez de chaque instant \u2014 voici le carnet pratique pour pr\u00e9parer votre s\u00e9jour.<\/p>\n<div class=\"va-gl-carnet\">\n<div class=\"va-gl-carnet-h\">Le carnet pratique de Majorque<\/div>\n<div class=\"va-gl-carnet-grid\">\n<div class=\"va-gl-cell\"><span class=\"va-gl-cell-l\">Meilleure p\u00e9riode<\/span><span class=\"va-gl-cell-v\">Le printemps \u2014 climat doux, \u00eele fleurie<\/span><\/div>\n<div class=\"va-gl-cell\"><span class=\"va-gl-cell-l\">Dur\u00e9e id\u00e9ale<\/span><span class=\"va-gl-cell-v\">Un s\u00e9jour d&rsquo;une semaine<\/span><\/div>\n<div class=\"va-gl-cell\"><span class=\"va-gl-cell-l\">Formule<\/span><span class=\"va-gl-cell-v\">Tout compris (vols, transferts, repas)<\/span><\/div>\n<div class=\"va-gl-cell\"><span class=\"va-gl-cell-l\">3 incontournables<\/span><span class=\"va-gl-cell-v\">Serra de Tramuntana \u00b7 Valldemossa &amp; Dei\u00e0 \u00b7 les criques<\/span><\/div>\n<div class=\"va-gl-cell\"><span class=\"va-gl-cell-l\">O\u00f9 dormir<\/span><span class=\"va-gl-cell-v\">Un h\u00f4tel bien situ\u00e9 comme l&rsquo;HYB Eurocalas<\/span><\/div>\n<div class=\"va-gl-cell\"><span class=\"va-gl-cell-l\">Pour qui<\/span><span class=\"va-gl-cell-v\">En couple, en famille ou entre amis<\/span><\/div>\n<\/div>\n<\/div>\n<h2>Un s\u00e9jour idyllique \u00e0 Majorque<\/h2>\n<p>Majorque, la perle des Bal\u00e9ares, est une destination r\u00eav\u00e9e pour ceux qui cherchent \u00e0 allier d\u00e9tente et d\u00e9couverte. Au printemps, l&rsquo;\u00eele se pare de couleurs \u00e9clatantes et b\u00e9n\u00e9ficie d&rsquo;un climat agr\u00e9able, parfait pour explorer ses paysages vari\u00e9s. La formule tout compris, propos\u00e9e par des h\u00f4tels comme l&rsquo;HYB Eurocalas, vous permet de profiter de chaque instant sans vous soucier des d\u00e9tails logistiques.<br \/>\nLors de votre s\u00e9jour, vous aurez l&rsquo;opportunit\u00e9 de savourer une cuisine locale d\u00e9licieuse, tandis que les piscines de l&rsquo;h\u00f4tel vous invitent \u00e0 la relaxation. Avec un prix d&rsquo;appel tr\u00e8s attractif, votre r\u00eave de vacances devient enfin accessible. N&rsquo;attendez plus pour r\u00e9server votre escapade \u00e0 Majorque, car l&rsquo;\u00eele attire chaque ann\u00e9e de plus en plus de visiteurs.<\/p>\n<figure class=\"va-gl-quote\">Majorque au printemps, c&rsquo;est la M\u00e9diterran\u00e9e qui s&rsquo;\u00e9veille : les amandiers ont fleuri, la lumi\u00e8re est claire et la mer d\u00e9j\u00e0 invitante.<span>L&rsquo;esprit du voyage<\/span><\/figure>\n<h2>Les plaisirs de la gastronomie locale<\/h2>\n<p>La gastronomie majorquine est un v\u00e9ritable voyage des sens. Vous pourrez d\u00e9guster des plats typiques comme la \u00ab sobrassada \u00bb, une charcuterie parfum\u00e9e, et l&rsquo;\u00ab ensaimada \u00bb, une p\u00e2tisserie sucr\u00e9e en forme de spirale. Les restaurants locaux vous offrent une exp\u00e9rience culinaire authentique, mettant en avant des produits frais et des recettes traditionnelles.<br \/>\nLe tout compris permet de savourer les d\u00e9lices de la cuisine sans limiter vos envies. De plus, les bars de l&rsquo;h\u00f4tel sont \u00e0 votre disposition pour des cocktails rafra\u00eechissants au bord de la piscine. Comme l&rsquo;affirme un chef local, \u00ab la cuisine est le reflet de l&rsquo;\u00e2me d&rsquo;un pays \u00bb \u2014 et Majorque ne fait pas exception \u00e0 cette r\u00e8gle.<\/p>\n<div class=\"va-gl-cards\">\n<div class=\"va-gl-card\">\n<div class=\"va-gl-card-t\">La sobrassada<\/div>\n<div class=\"va-gl-card-d\">Charcuterie parfum\u00e9e embl\u00e9matique de l&rsquo;\u00eele, \u00e0 tartiner ou \u00e0 cuisiner. Une entr\u00e9e en mati\u00e8re id\u00e9ale dans la cuisine bal\u00e9are.<\/div>\n<div class=\"va-gl-card-tip\">\/\/ produit du terroir majorquin<\/div>\n<\/div>\n<div class=\"va-gl-card\">\n<div class=\"va-gl-card-t\">L&rsquo;ensaimada<\/div>\n<div class=\"va-gl-card-d\">P\u00e2tisserie sucr\u00e9e en forme de spirale, l\u00e9g\u00e8re et feuillet\u00e9e. Le r\u00e9flexe gourmand du petit-d\u00e9jeuner ou du go\u00fbter sur l&rsquo;\u00eele.<\/div>\n<div class=\"va-gl-card-tip\">\/\/ sp\u00e9cialit\u00e9 sucr\u00e9e locale<\/div>\n<\/div>\n<div class=\"va-gl-card\">\n<div class=\"va-gl-card-t\">Les tables locales<\/div>\n<div class=\"va-gl-card-d\">Restaurants qui misent sur les produits frais et les recettes traditionnelles, pour une exp\u00e9rience culinaire authentique.<\/div>\n<div class=\"va-gl-card-tip\">\/\/ cuisine de saison<\/div>\n<\/div>\n<\/div>\n<h2>Activit\u00e9s incontournables pour tous les go\u00fbts<\/h2>\n<p>Majorque est un v\u00e9ritable terrain de jeu pour les amateurs d&rsquo;activit\u00e9s en plein air. Que vous soyez passionn\u00e9 de randonn\u00e9e, de v\u00e9lo ou de sports nautiques, l&rsquo;\u00eele a de quoi vous s\u00e9duire. Les magnifiques paysages de la Serra de Tramuntana, class\u00e9e au patrimoine mondial de l&rsquo;UNESCO, vous attendent pour des randonn\u00e9es inoubliables.<br \/>\nPour les amateurs de plage, les criques cach\u00e9es et les eaux turquoise vous invitent \u00e0 la baignade et \u00e0 la d\u00e9tente. N&rsquo;oubliez pas de visiter les charmants villages comme Valldemossa et Dei\u00e0, o\u00f9 la culture et l&rsquo;histoire s&rsquo;entrelacent. Que vous soyez en couple, en famille ou entre amis, chaque moment pass\u00e9 \u00e0 Majorque sera une source de souvenirs inoubliables.<\/p>\n<div class=\"va-gl-cards\">\n<div class=\"va-gl-card\">\n<div class=\"va-gl-card-t\">Serra de Tramuntana<\/div>\n<div class=\"va-gl-card-d\">Massif class\u00e9 au patrimoine mondial de l&rsquo;UNESCO. Le terrain de jeu des randonneurs, entre cr\u00eates et villages perch\u00e9s.<\/div>\n<div class=\"va-gl-card-tip\">\/\/ randonn\u00e9e &amp; panoramas<\/div>\n<\/div>\n<div class=\"va-gl-card\">\n<div class=\"va-gl-card-t\">Criques &amp; eaux turquoise<\/div>\n<div class=\"va-gl-card-d\">Calanques cach\u00e9es et baignade dans une eau limpide. Le c\u0153ur baln\u00e9aire d&rsquo;un s\u00e9jour printanier au calme.<\/div>\n<div class=\"va-gl-card-tip\">\/\/ plage &amp; d\u00e9tente<\/div>\n<\/div>\n<div class=\"va-gl-card\">\n<div class=\"va-gl-card-t\">Valldemossa &amp; Dei\u00e0<\/div>\n<div class=\"va-gl-card-d\">Villages charmants o\u00f9 culture et histoire s&rsquo;entrelacent. L&rsquo;\u00e2me authentique de Majorque, loin des stations baln\u00e9aires.<\/div>\n<div class=\"va-gl-card-tip\">\/\/ villages de caract\u00e8re<\/div>\n<\/div>\n<\/div>\n<h3>Les activit\u00e9s \u00e0 ne pas manquer<\/h3>\n<ul>\n<li>D\u00e9couverte des plages paradisiaques<\/li>\n<li>Visites de sites historiques<\/li>\n<li>Randonn\u00e9es en montagne<\/li>\n<li>Sports nautiques vari\u00e9s<\/li>\n<li>D\u00e9gustation des sp\u00e9cialit\u00e9s locales<\/li>\n<\/ul>\n<p><iframe loading=\"lazy\" title=\"Visiter i\u0302le de Majorque:  TOP 5 (D\u00e9couvertes, meilleure paella de Majorque, ... )\" width=\"1200\" height=\"675\" src=\"https:\/\/www.youtube.com\/embed\/0Q3Rw3u9zlw?feature=oembed\" frameborder=\"0\" allow=\"accelerometer; autoplay; clipboard-write; encrypted-media; gyroscope; picture-in-picture; web-share\" referrerpolicy=\"strict-origin-when-cross-origin\" allowfullscreen><\/iframe><\/p>\n<h2>Les avantages d&rsquo;un s\u00e9jour tout compris<\/h2>\n<p>Opter pour un s\u00e9jour tout compris \u00e0 Majorque pr\u00e9sente de nombreux avantages. Vous b\u00e9n\u00e9ficiez d&rsquo;une planification simplifi\u00e9e, avec des vols, des transferts et des repas d\u00e9j\u00e0 inclus. Cela vous permet de vous concentrer sur l&rsquo;essentiel : profiter de vos vacances.<br \/>\nDe plus, cette formule vous offre une grande flexibilit\u00e9 pour d\u00e9couvrir l&rsquo;\u00eele \u00e0 votre rythme. En choisissant un h\u00f4tel bien situ\u00e9, comme l&rsquo;HYB Eurocalas, vous aurez acc\u00e8s \u00e0 toutes les commodit\u00e9s n\u00e9cessaires pour un s\u00e9jour r\u00e9ussi. Avec des animations et des activit\u00e9s propos\u00e9es sur place, vous ne manquerez jamais d&rsquo;options pour vous divertir.<\/p>\n<div class=\"va-gl-tablewrap\">\n<table class=\"va-gl-table\">\n<thead>\n<tr>\n<th>Ce qui change avec le tout compris<\/th>\n<th>Le b\u00e9n\u00e9fice pour vous<\/th>\n<\/tr>\n<\/thead>\n<tbody>\n<tr>\n<td>Vols &amp; transferts inclus<\/td>\n<td>Aucune logistique \u00e0 g\u00e9rer une fois sur place<\/td>\n<\/tr>\n<tr>\n<td>Repas &amp; cuisine locale<\/td>\n<td>Vous go\u00fbtez sans compter aux sp\u00e9cialit\u00e9s de l&rsquo;\u00eele<\/td>\n<\/tr>\n<tr>\n<td>Bars &amp; piscines de l&rsquo;h\u00f4tel<\/td>\n<td>D\u00e9tente imm\u00e9diate, cocktails au bord de l&rsquo;eau<\/td>\n<\/tr>\n<tr>\n<td>Animations sur place<\/td>\n<td>De quoi se divertir sans jamais chercher loin<\/td>\n<\/tr>\n<tr>\n<td>H\u00f4tel bien situ\u00e9<\/td>\n<td>L&rsquo;\u00eele \u00e0 votre rythme, au d\u00e9part d&rsquo;un point central<\/td>\n<\/tr>\n<\/tbody>\n<\/table>\n<\/div>\n<p>En somme, Majorque au printemps est une destination qui saura combler toutes vos attentes. Que vous soyez en qu\u00eate de d\u00e9tente, d&rsquo;aventure ou de d\u00e9couvertes culinaires, l&rsquo;\u00eele vous offre tout cela et bien plus encore. R\u00e9servez d\u00e8s maintenant votre s\u00e9jour pour vous \u00e9vader dans ce coin de paradis m\u00e9diterran\u00e9en.<\/p>\n<h3>Bien pr\u00e9parer son escapade<\/h3>\n<div class=\"va-gl-check\">\n<div class=\"va-gl-col go\">\n<div class=\"va-gl-col-h\">\u00c0 faire<\/div>\n<ul>\n<li>Choisir le printemps pour le climat et les couleurs<\/li>\n<li>Privil\u00e9gier un h\u00f4tel bien situ\u00e9 pour rayonner sur l&rsquo;\u00eele<\/li>\n<li>R\u00e9server en avance, l&rsquo;\u00eele attire de plus en plus de visiteurs<\/li>\n<li>M\u00ealer farniente, randonn\u00e9e et d\u00e9couverte des villages<\/li>\n<\/ul>\n<\/div>\n<div class=\"va-gl-col no\">\n<div class=\"va-gl-col-h\">\u00c0 \u00e9viter<\/div>\n<ul>\n<li>Rester cantonn\u00e9 \u00e0 la piscine sans explorer la Tramuntana<\/li>\n<li>Zapper la gastronomie locale au profit du buffet seul<\/li>\n<li>Sous-estimer le temps de trajet vers les criques cach\u00e9es<\/li>\n<li>Attendre la derni\u00e8re minute pour r\u00e9server au meilleur prix<\/li>\n<\/ul>\n<\/div>\n<\/div>\n<div class=\"va-gl-img\">\n<img decoding=\"async\" width=\"1024\" height=\"576\" src=\"https:\/\/voyage-aventure.com\/blog\/wp-content\/uploads\/2025\/02\/stability-decouvrez-majorque-au-printemps-une-escapade-tout-compris-a-ne-pas-manquer-1.png\" class=\"aligncenter\" alt=\"Illustration d\u00e9taill\u00e9e sur D\u00e9couvrez Majorque au printemps : une escapade tout compris \u00e0 ne pas manquer\" title=\"D\u00e9couvrez Majorque au printemps : une escapade tout compris \u00e0 ne pas manquer\" loading=\"lazy\" \/>\n<\/div>\n<div class=\"va-gl-retenir\">\n<div class=\"va-gl-retenir-h\">\u00c0 retenir<\/div>\n<ul>\n<li>Le printemps est la fen\u00eatre id\u00e9ale : climat doux, \u00eele fleurie, moins de monde.<\/li>\n<li>La formule tout compris simplifie tout \u2014 vols, transferts et repas inclus.<\/li>\n<li>C\u00f4t\u00e9 table : sobrassada et ensaimada, dans des restaurants aux produits frais.<\/li>\n<li>C\u00f4t\u00e9 nature : Serra de Tramuntana (UNESCO), criques turquoise, Valldemossa et Dei\u00e0.<\/li>\n<li>Un h\u00f4tel bien situ\u00e9 comme l&rsquo;HYB Eurocalas permet de rayonner \u00e0 son rythme.<\/li>\n<\/ul>\n<\/div>\n<div class=\"va-gl-faq\">\n<div class=\"va-gl-faq-h\">Questions fr\u00e9quentes<\/div>\n<details>\n<summary>Pourquoi visiter Majorque au printemps ?<\/summary>\n<div class=\"va-gl-faq-a\">Au printemps, l&rsquo;\u00eele se pare de couleurs \u00e9clatantes et profite d&rsquo;un climat agr\u00e9able, id\u00e9al pour explorer ses paysages vari\u00e9s sans la chaleur ni l&rsquo;affluence de l&rsquo;\u00e9t\u00e9. C&rsquo;est la saison parfaite pour allier d\u00e9tente et d\u00e9couverte.<\/div>\n<\/details>\n<details>\n<summary>Qu&rsquo;est-ce que la formule tout compris \u00e0 Majorque ?<\/summary>\n<div class=\"va-gl-faq-a\">Elle r\u00e9unit vols, transferts et repas d\u00e9j\u00e0 inclus, propos\u00e9e par des h\u00f4tels comme l&rsquo;HYB Eurocalas. Vous b\u00e9n\u00e9ficiez d&rsquo;une planification simplifi\u00e9e et vous concentrez sur l&rsquo;essentiel : profiter de vos vacances, avec animations et activit\u00e9s sur place.<\/div>\n<\/details>\n<details>\n<summary>Quelles sp\u00e9cialit\u00e9s go\u00fbter sur place ?<\/summary>\n<div class=\"va-gl-faq-a\">Deux incontournables : la \u00ab sobrassada \u00bb, une charcuterie parfum\u00e9e, et l&rsquo;\u00ab ensaimada \u00bb, une p\u00e2tisserie sucr\u00e9e en forme de spirale. Les restaurants locaux mettent en avant des produits frais et des recettes traditionnelles.<\/div>\n<\/details>\n<details>\n<summary>Quelles activit\u00e9s faire \u00e0 Majorque ?<\/summary>\n<div class=\"va-gl-faq-a\">Randonn\u00e9e dans la Serra de Tramuntana class\u00e9e \u00e0 l&rsquo;UNESCO, baignade dans les criques aux eaux turquoise, v\u00e9lo et sports nautiques, ou encore visite des villages de Valldemossa et Dei\u00e0. Il y en a pour tous les go\u00fbts, en couple, en famille ou entre amis.<\/div>\n<\/details>\n<\/div>\n<\/div>\n","protected":false},"excerpt":{"rendered":"","protected":false},"author":34,"featured_media":11577,"comment_status":"open","ping_status":"open","sticky":false,"template":"","format":"standard","meta":{"_acf_changed":false,"manual_indexmenow":false,"indexmenow_id_project":0,"footnotes":""},"categories":[1],"tags":[4542,3928,4530,4535,4528],"class_list":["post-11576","post","type-post","status-publish","format-standard","has-post-thumbnail","hentry","category-a-la-une","tag-activites-de-plein-air","tag-detente","tag-escapade-en-europe","tag-gastronomie-locale","tag-hebergement-abordable","generate-columns","tablet-grid-50","mobile-grid-100","grid-parent","grid-25"],"acf":[],"yoast_head":"<!-- This site is optimized with the Yoast SEO Premium plugin v21.3 (Yoast SEO v25.1) - https:\/\/yoast.com\/wordpress\/plugins\/seo\/ -->\n<title>D\u00e9couvrez Majorque au printemps : une escapade tout compris<\/title>\n<meta name=\"description\" content=\"Majorque au printemps, c&#039;est l&#039;\u00eele au sommet de sa forme : douceur m\u00e9diterran\u00e9enne, criques accessibles et villages fleuris, le tout sans la foule\" \/>\n<meta name=\"robots\" content=\"index, follow, max-snippet:-1, max-image-preview:large, max-video-preview:-1\" \/>\n<link rel=\"canonical\" href=\"https:\/\/voyage-aventure.com\/blog\/a-la-une\/decouvrez-majorque-au-printemps-une-escapade-tout-compris-a-ne-pas-manquer\/\" \/>\n<meta property=\"og:locale\" content=\"fr_FR\" \/>\n<meta property=\"og:type\" content=\"article\" \/>\n<meta property=\"og:title\" content=\"D\u00e9couvrez Majorque au printemps : une escapade tout compris\" \/>\n<meta property=\"og:description\" content=\"Majorque au printemps, c&#039;est l&#039;\u00eele au sommet de sa forme : douceur m\u00e9diterran\u00e9enne, criques accessibles et villages fleuris, le tout sans la foule\" \/>\n<meta property=\"og:url\" content=\"https:\/\/voyage-aventure.com\/blog\/a-la-une\/decouvrez-majorque-au-printemps-une-escapade-tout-compris-a-ne-pas-manquer\/\" \/>\n<meta property=\"og:site_name\" content=\"voyage-aventure\" \/>\n<meta property=\"og:image\" content=\"https:\/\/voyage-aventure.com\/blog\/wp-content\/uploads\/2025\/02\/stability-decouvrez-majorque-au-printemps-une-escapade-tout-compris-a-ne-pas-manquer.png\" \/>\n\t<meta property=\"og:image:width\" content=\"1024\" \/>\n\t<meta property=\"og:image:height\" content=\"576\" \/>\n\t<meta property=\"og:image:type\" content=\"image\/png\" \/>\n<meta name=\"author\" content=\"Camille Rouvray\" \/>\n<meta name=\"twitter:card\" content=\"summary_large_image\" \/>\n<script type=\"application\/ld+json\" class=\"yoast-schema-graph\">{\"@context\":\"https:\/\/schema.org\",\"@graph\":[{\"@type\":\"NewsArticle\",\"@id\":\"https:\/\/voyage-aventure.com\/blog\/a-la-une\/decouvrez-majorque-au-printemps-une-escapade-tout-compris-a-ne-pas-manquer\/#article\",\"isPartOf\":{\"@id\":\"https:\/\/voyage-aventure.com\/blog\/a-la-une\/decouvrez-majorque-au-printemps-une-escapade-tout-compris-a-ne-pas-manquer\/\"},\"author\":{\"name\":\"Camille Rouvray\",\"@id\":\"https:\/\/voyage-aventure.com\/blog\/#\/schema\/person\/3c864cdc320801e3db34b663e7e3f816\"},\"headline\":\"D\u00e9couvrez Majorque au printemps : une escapade tout compris \u00e0 ne pas manquer\",\"datePublished\":\"2026-06-16T14:43:53+00:00\",\"mainEntityOfPage\":{\"@id\":\"https:\/\/voyage-aventure.com\/blog\/a-la-une\/decouvrez-majorque-au-printemps-une-escapade-tout-compris-a-ne-pas-manquer\/\"},\"wordCount\":1383,\"commentCount\":29,\"publisher\":{\"@id\":\"https:\/\/voyage-aventure.com\/blog\/#organization\"},\"image\":{\"@id\":\"https:\/\/voyage-aventure.com\/blog\/a-la-une\/decouvrez-majorque-au-printemps-une-escapade-tout-compris-a-ne-pas-manquer\/#primaryimage\"},\"thumbnailUrl\":\"https:\/\/voyage-aventure.com\/blog\/wp-content\/uploads\/2025\/02\/stability-decouvrez-majorque-au-printemps-une-escapade-tout-compris-a-ne-pas-manquer.png\",\"keywords\":[\"Activit\u00e9s de Plein Air\",\"D\u00e9tente\",\"Escapade en Europe\",\"Gastronomie Locale\",\"H\u00e9bergement Abordable\"],\"articleSection\":[\"\u00c0 la une\"],\"inLanguage\":\"fr-FR\",\"potentialAction\":[{\"@type\":\"CommentAction\",\"name\":\"Comment\",\"target\":[\"https:\/\/voyage-aventure.com\/blog\/a-la-une\/decouvrez-majorque-au-printemps-une-escapade-tout-compris-a-ne-pas-manquer\/#respond\"]}]},{\"@type\":\"WebPage\",\"@id\":\"https:\/\/voyage-aventure.com\/blog\/a-la-une\/decouvrez-majorque-au-printemps-une-escapade-tout-compris-a-ne-pas-manquer\/\",\"url\":\"https:\/\/voyage-aventure.com\/blog\/a-la-une\/decouvrez-majorque-au-printemps-une-escapade-tout-compris-a-ne-pas-manquer\/\",\"name\":\"D\u00e9couvrez Majorque au printemps : une escapade tout compris\",\"isPartOf\":{\"@id\":\"https:\/\/voyage-aventure.com\/blog\/#website\"},\"primaryImageOfPage\":{\"@id\":\"https:\/\/voyage-aventure.com\/blog\/a-la-une\/decouvrez-majorque-au-printemps-une-escapade-tout-compris-a-ne-pas-manquer\/#primaryimage\"},\"image\":{\"@id\":\"https:\/\/voyage-aventure.com\/blog\/a-la-une\/decouvrez-majorque-au-printemps-une-escapade-tout-compris-a-ne-pas-manquer\/#primaryimage\"},\"thumbnailUrl\":\"https:\/\/voyage-aventure.com\/blog\/wp-content\/uploads\/2025\/02\/stability-decouvrez-majorque-au-printemps-une-escapade-tout-compris-a-ne-pas-manquer.png\",\"datePublished\":\"2026-06-16T14:43:53+00:00\",\"description\":\"Majorque au printemps, c'est l'\u00eele au sommet de sa forme : douceur m\u00e9diterran\u00e9enne, criques accessibles et villages fleuris, le tout sans la foule\",\"inLanguage\":\"fr-FR\",\"potentialAction\":[{\"@type\":\"ReadAction\",\"target\":[\"https:\/\/voyage-aventure.com\/blog\/a-la-une\/decouvrez-majorque-au-printemps-une-escapade-tout-compris-a-ne-pas-manquer\/\"]}]},{\"@type\":\"ImageObject\",\"inLanguage\":\"fr-FR\",\"@id\":\"https:\/\/voyage-aventure.com\/blog\/a-la-une\/decouvrez-majorque-au-printemps-une-escapade-tout-compris-a-ne-pas-manquer\/#primaryimage\",\"url\":\"https:\/\/voyage-aventure.com\/blog\/wp-content\/uploads\/2025\/02\/stability-decouvrez-majorque-au-printemps-une-escapade-tout-compris-a-ne-pas-manquer.png\",\"contentUrl\":\"https:\/\/voyage-aventure.com\/blog\/wp-content\/uploads\/2025\/02\/stability-decouvrez-majorque-au-printemps-une-escapade-tout-compris-a-ne-pas-manquer.png\",\"width\":1024,\"height\":576},{\"@type\":\"WebSite\",\"@id\":\"https:\/\/voyage-aventure.com\/blog\/#website\",\"url\":\"https:\/\/voyage-aventure.com\/blog\/\",\"name\":\"voyage-aventure.com\",\"description\":\"Votre passeport pour l\u2019inattendu.\",\"publisher\":{\"@id\":\"https:\/\/voyage-aventure.com\/blog\/#organization\"},\"alternateName\":\"Votre passeport pour l\u2019inattendu.\",\"potentialAction\":[{\"@type\":\"SearchAction\",\"target\":{\"@type\":\"EntryPoint\",\"urlTemplate\":\"https:\/\/voyage-aventure.com\/blog\/?s={search_term_string}\"},\"query-input\":{\"@type\":\"PropertyValueSpecification\",\"valueRequired\":true,\"valueName\":\"search_term_string\"}}],\"inLanguage\":\"fr-FR\"},{\"@type\":\"Organization\",\"@id\":\"https:\/\/voyage-aventure.com\/blog\/#organization\",\"name\":\"Foretsensations.fr\",\"url\":\"https:\/\/voyage-aventure.com\/blog\/\",\"logo\":{\"@type\":\"ImageObject\",\"inLanguage\":\"fr-FR\",\"@id\":\"https:\/\/voyage-aventure.com\/blog\/#\/schema\/logo\/image\/\",\"url\":\"https:\/\/voyage-aventure.com\/blog\/wp-content\/uploads\/2024\/12\/19.png\",\"contentUrl\":\"https:\/\/voyage-aventure.com\/blog\/wp-content\/uploads\/2024\/12\/19.png\",\"width\":512,\"height\":512,\"caption\":\"Foretsensations.fr\"},\"image\":{\"@id\":\"https:\/\/voyage-aventure.com\/blog\/#\/schema\/logo\/image\/\"}},{\"@type\":\"Person\",\"@id\":\"https:\/\/voyage-aventure.com\/blog\/#\/schema\/person\/3c864cdc320801e3db34b663e7e3f816\",\"name\":\"Camille Rouvray\",\"image\":{\"@type\":\"ImageObject\",\"inLanguage\":\"fr-FR\",\"@id\":\"https:\/\/voyage-aventure.com\/blog\/#\/schema\/person\/image\/\",\"url\":\"https:\/\/voyage-aventure.com\/blog\/wp-content\/uploads\/2026\/06\/persona_camille-r-96x96.jpg\",\"contentUrl\":\"https:\/\/voyage-aventure.com\/blog\/wp-content\/uploads\/2026\/06\/persona_camille-r-96x96.jpg\",\"caption\":\"Camille Rouvray\"},\"description\":\"Je voyage et j'\u00e9cris sur le voyage depuis une douzaine d'ann\u00e9es, d'abord en tant que routarde au long cours, puis comme r\u00e9dactrice sp\u00e9cialis\u00e9e. Mon terrain de pr\u00e9dilection, ce sont les circuits organis\u00e9s et l'art de bien pr\u00e9parer un itin\u00e9raire : choix de la saison, dur\u00e9e r\u00e9aliste des \u00e9tapes, budget jour par jour, logement et transport sur place. J'aime aussi raconter les p\u00e9pites urbaines, ces adresses qu'on ne trouve pas dans les guides classiques. Avant de publier un dossier destination, je croise toujours plusieurs sources, je v\u00e9rifie les tarifs et les formalit\u00e9s d'entr\u00e9e \u00e0 jour, et je teste moi-m\u00eame quand je le peux. Mon angle reste pratique avant tout : aider le lecteur \u00e0 partir l'esprit tranquille, sans mauvaise surprise une fois sur place. Je m'attache \u00e0 distinguer le coup de c\u0153ur sinc\u00e8re du simple argument marketing.\",\"sameAs\":[\"https:\/\/camillerouvray.fr\/\"],\"url\":\"https:\/\/voyage-aventure.com\/blog\/auteur\/noname\/\"}]}<\/script>\n<!-- \/ Yoast SEO Premium plugin. -->","yoast_head_json":{"title":"D\u00e9couvrez Majorque au printemps : une escapade tout compris","description":"Majorque au printemps, c'est l'\u00eele au sommet de sa forme : douceur m\u00e9diterran\u00e9enne, criques accessibles et villages fleuris, le tout sans la foule","robots":{"index":"index","follow":"follow","max-snippet":"max-snippet:-1","max-image-preview":"max-image-preview:large","max-video-preview":"max-video-preview:-1"},"canonical":"https:\/\/voyage-aventure.com\/blog\/a-la-une\/decouvrez-majorque-au-printemps-une-escapade-tout-compris-a-ne-pas-manquer\/","og_locale":"fr_FR","og_type":"article","og_title":"D\u00e9couvrez Majorque au printemps : une escapade tout compris","og_description":"Majorque au printemps, c'est l'\u00eele au sommet de sa forme : douceur m\u00e9diterran\u00e9enne, criques accessibles et villages fleuris, le tout sans la foule","og_url":"https:\/\/voyage-aventure.com\/blog\/a-la-une\/decouvrez-majorque-au-printemps-une-escapade-tout-compris-a-ne-pas-manquer\/","og_site_name":"voyage-aventure","og_image":[{"width":1024,"height":576,"url":"https:\/\/voyage-aventure.com\/blog\/wp-content\/uploads\/2025\/02\/stability-decouvrez-majorque-au-printemps-une-escapade-tout-compris-a-ne-pas-manquer.png","type":"image\/png"}],"author":"Camille Rouvray","twitter_card":"summary_large_image","schema":{"@context":"https:\/\/schema.org","@graph":[{"@type":"NewsArticle","@id":"https:\/\/voyage-aventure.com\/blog\/a-la-une\/decouvrez-majorque-au-printemps-une-escapade-tout-compris-a-ne-pas-manquer\/#article","isPartOf":{"@id":"https:\/\/voyage-aventure.com\/blog\/a-la-une\/decouvrez-majorque-au-printemps-une-escapade-tout-compris-a-ne-pas-manquer\/"},"author":{"name":"Camille Rouvray","@id":"https:\/\/voyage-aventure.com\/blog\/#\/schema\/person\/3c864cdc320801e3db34b663e7e3f816"},"headline":"D\u00e9couvrez Majorque au printemps : une escapade tout compris \u00e0 ne pas manquer","datePublished":"2026-06-16T14:43:53+00:00","mainEntityOfPage":{"@id":"https:\/\/voyage-aventure.com\/blog\/a-la-une\/decouvrez-majorque-au-printemps-une-escapade-tout-compris-a-ne-pas-manquer\/"},"wordCount":1383,"commentCount":29,"publisher":{"@id":"https:\/\/voyage-aventure.com\/blog\/#organization"},"image":{"@id":"https:\/\/voyage-aventure.com\/blog\/a-la-une\/decouvrez-majorque-au-printemps-une-escapade-tout-compris-a-ne-pas-manquer\/#primaryimage"},"thumbnailUrl":"https:\/\/voyage-aventure.com\/blog\/wp-content\/uploads\/2025\/02\/stability-decouvrez-majorque-au-printemps-une-escapade-tout-compris-a-ne-pas-manquer.png","keywords":["Activit\u00e9s de Plein Air","D\u00e9tente","Escapade en Europe","Gastronomie Locale","H\u00e9bergement Abordable"],"articleSection":["\u00c0 la une"],"inLanguage":"fr-FR","potentialAction":[{"@type":"CommentAction","name":"Comment","target":["https:\/\/voyage-aventure.com\/blog\/a-la-une\/decouvrez-majorque-au-printemps-une-escapade-tout-compris-a-ne-pas-manquer\/#respond"]}]},{"@type":"WebPage","@id":"https:\/\/voyage-aventure.com\/blog\/a-la-une\/decouvrez-majorque-au-printemps-une-escapade-tout-compris-a-ne-pas-manquer\/","url":"https:\/\/voyage-aventure.com\/blog\/a-la-une\/decouvrez-majorque-au-printemps-une-escapade-tout-compris-a-ne-pas-manquer\/","name":"D\u00e9couvrez Majorque au printemps : une escapade tout compris","isPartOf":{"@id":"https:\/\/voyage-aventure.com\/blog\/#website"},"primaryImageOfPage":{"@id":"https:\/\/voyage-aventure.com\/blog\/a-la-une\/decouvrez-majorque-au-printemps-une-escapade-tout-compris-a-ne-pas-manquer\/#primaryimage"},"image":{"@id":"https:\/\/voyage-aventure.com\/blog\/a-la-une\/decouvrez-majorque-au-printemps-une-escapade-tout-compris-a-ne-pas-manquer\/#primaryimage"},"thumbnailUrl":"https:\/\/voyage-aventure.com\/blog\/wp-content\/uploads\/2025\/02\/stability-decouvrez-majorque-au-printemps-une-escapade-tout-compris-a-ne-pas-manquer.png","datePublished":"2026-06-16T14:43:53+00:00","description":"Majorque au printemps, c'est l'\u00eele au sommet de sa forme : douceur m\u00e9diterran\u00e9enne, criques accessibles et villages fleuris, le tout sans la foule","inLanguage":"fr-FR","potentialAction":[{"@type":"ReadAction","target":["https:\/\/voyage-aventure.com\/blog\/a-la-une\/decouvrez-majorque-au-printemps-une-escapade-tout-compris-a-ne-pas-manquer\/"]}]},{"@type":"ImageObject","inLanguage":"fr-FR","@id":"https:\/\/voyage-aventure.com\/blog\/a-la-une\/decouvrez-majorque-au-printemps-une-escapade-tout-compris-a-ne-pas-manquer\/#primaryimage","url":"https:\/\/voyage-aventure.com\/blog\/wp-content\/uploads\/2025\/02\/stability-decouvrez-majorque-au-printemps-une-escapade-tout-compris-a-ne-pas-manquer.png","contentUrl":"https:\/\/voyage-aventure.com\/blog\/wp-content\/uploads\/2025\/02\/stability-decouvrez-majorque-au-printemps-une-escapade-tout-compris-a-ne-pas-manquer.png","width":1024,"height":576},{"@type":"WebSite","@id":"https:\/\/voyage-aventure.com\/blog\/#website","url":"https:\/\/voyage-aventure.com\/blog\/","name":"voyage-aventure.com","description":"Votre passeport pour l\u2019inattendu.","publisher":{"@id":"https:\/\/voyage-aventure.com\/blog\/#organization"},"alternateName":"Votre passeport pour l\u2019inattendu.","potentialAction":[{"@type":"SearchAction","target":{"@type":"EntryPoint","urlTemplate":"https:\/\/voyage-aventure.com\/blog\/?s={search_term_string}"},"query-input":{"@type":"PropertyValueSpecification","valueRequired":true,"valueName":"search_term_string"}}],"inLanguage":"fr-FR"},{"@type":"Organization","@id":"https:\/\/voyage-aventure.com\/blog\/#organization","name":"Foretsensations.fr","url":"https:\/\/voyage-aventure.com\/blog\/","logo":{"@type":"ImageObject","inLanguage":"fr-FR","@id":"https:\/\/voyage-aventure.com\/blog\/#\/schema\/logo\/image\/","url":"https:\/\/voyage-aventure.com\/blog\/wp-content\/uploads\/2024\/12\/19.png","contentUrl":"https:\/\/voyage-aventure.com\/blog\/wp-content\/uploads\/2024\/12\/19.png","width":512,"height":512,"caption":"Foretsensations.fr"},"image":{"@id":"https:\/\/voyage-aventure.com\/blog\/#\/schema\/logo\/image\/"}},{"@type":"Person","@id":"https:\/\/voyage-aventure.com\/blog\/#\/schema\/person\/3c864cdc320801e3db34b663e7e3f816","name":"Camille Rouvray","image":{"@type":"ImageObject","inLanguage":"fr-FR","@id":"https:\/\/voyage-aventure.com\/blog\/#\/schema\/person\/image\/","url":"https:\/\/voyage-aventure.com\/blog\/wp-content\/uploads\/2026\/06\/persona_camille-r-96x96.jpg","contentUrl":"https:\/\/voyage-aventure.com\/blog\/wp-content\/uploads\/2026\/06\/persona_camille-r-96x96.jpg","caption":"Camille Rouvray"},"description":"Je voyage et j'\u00e9cris sur le voyage depuis une douzaine d'ann\u00e9es, d'abord en tant que routarde au long cours, puis comme r\u00e9dactrice sp\u00e9cialis\u00e9e. Mon terrain de pr\u00e9dilection, ce sont les circuits organis\u00e9s et l'art de bien pr\u00e9parer un itin\u00e9raire : choix de la saison, dur\u00e9e r\u00e9aliste des \u00e9tapes, budget jour par jour, logement et transport sur place. J'aime aussi raconter les p\u00e9pites urbaines, ces adresses qu'on ne trouve pas dans les guides classiques. Avant de publier un dossier destination, je croise toujours plusieurs sources, je v\u00e9rifie les tarifs et les formalit\u00e9s d'entr\u00e9e \u00e0 jour, et je teste moi-m\u00eame quand je le peux. Mon angle reste pratique avant tout : aider le lecteur \u00e0 partir l'esprit tranquille, sans mauvaise surprise une fois sur place. Je m'attache \u00e0 distinguer le coup de c\u0153ur sinc\u00e8re du simple argument marketing.","sameAs":["https:\/\/camillerouvray.fr\/"],"url":"https:\/\/voyage-aventure.com\/blog\/auteur\/noname\/"}]}},"_links":{"self":[{"href":"https:\/\/voyage-aventure.com\/blog\/wp-json\/wp\/v2\/posts\/11576","targetHints":{"allow":["GET"]}}],"collection":[{"href":"https:\/\/voyage-aventure.com\/blog\/wp-json\/wp\/v2\/posts"}],"about":[{"href":"https:\/\/voyage-aventure.com\/blog\/wp-json\/wp\/v2\/types\/post"}],"author":[{"embeddable":true,"href":"https:\/\/voyage-aventure.com\/blog\/wp-json\/wp\/v2\/users\/34"}],"replies":[{"embeddable":true,"href":"https:\/\/voyage-aventure.com\/blog\/wp-json\/wp\/v2\/comments?post=11576"}],"version-history":[{"count":3,"href":"https:\/\/voyage-aventure.com\/blog\/wp-json\/wp\/v2\/posts\/11576\/revisions"}],"predecessor-version":[{"id":22623,"href":"https:\/\/voyage-aventure.com\/blog\/wp-json\/wp\/v2\/posts\/11576\/revisions\/22623"}],"wp:featuredmedia":[{"embeddable":true,"href":"https:\/\/voyage-aventure.com\/blog\/wp-json\/wp\/v2\/media\/11577"}],"wp:attachment":[{"href":"https:\/\/voyage-aventure.com\/blog\/wp-json\/wp\/v2\/media?parent=11576"}],"wp:term":[{"taxonomy":"category","embeddable":true,"href":"https:\/\/voyage-aventure.com\/blog\/wp-json\/wp\/v2\/categories?post=11576"},{"taxonomy":"post_tag","embeddable":true,"href":"https:\/\/voyage-aventure.com\/blog\/wp-json\/wp\/v2\/tags?post=11576"}],"curies":[{"name":"wp","href":"https:\/\/api.w.org\/{rel}","templated":true}]}}