{"id":11507,"date":"2025-02-24T00:52:52","date_gmt":"2025-02-23T23:52:52","guid":{"rendered":"https:\/\/voyage-aventure.com\/blog\/?p=11507"},"modified":"2025-02-21T12:53:52","modified_gmt":"2025-02-21T11:53:52","slug":"une-aventure-maritime-pour-des-jeunes-en-quete-despoir-a-travers-la-mediterranee","status":"publish","type":"post","link":"https:\/\/voyage-aventure.com\/blog\/destinations-aventure\/une-aventure-maritime-pour-des-jeunes-en-quete-despoir-a-travers-la-mediterranee\/","title":{"rendered":"Une aventure maritime pour des jeunes en qu\u00eate d&rsquo;espoir \u00e0 travers la M\u00e9diterran\u00e9e"},"content":{"rendered":"<p>Le Bel Espoir, un bateau-\u00e9cole, mettra \u00e0 l&rsquo;eau <strong>200 jeunes de diff\u00e9rentes croyances et cultures pour une travers\u00e9e de huit mois \u00e0 travers la M\u00e9diterran\u00e9e<\/strong>, informe COPE. Cette initiative, nomm\u00e9e MED25, est promue par les archidioc\u00e8ses de Barcelone et de Marseille pour \u201ccultiver des rencontres afin de briser les divisions,\u201d comme l\u2019a d\u00e9clar\u00e9 le Pape Fran\u00e7ois \u00e0 Marseille en 2023.<\/p>\n<p>Depuis le Moyen \u00c2ge, Barcelone est <strong>un port cl\u00e9 pour les p\u00e8lerins se rendant en Terre Sainte.<\/strong> Saint Ignace de Loyola lui-m\u00eame est parti de l\u00e0 pour sa qu\u00eate spirituelle avant d&rsquo;atteindre J\u00e9rusalem. Des si\u00e8cles plus tard, la ville poursuit cette tradition d&rsquo;ouverture et d&rsquo;hospitalit\u00e9, d\u00e9sormais \u00e0 travers une nouvelle g\u00e9n\u00e9ration d\u00e9sireuse de r\u00e9pandre l&rsquo;espoir dans un monde divis\u00e9.<\/p>\n<h2>Une navigation pour le dialogue<\/h2>\n<p>Les participants, divis\u00e9s en huit \u00e9quipes de 25, passeront chacun deux semaines \u00e0 bord du Bel Espoir, sous la direction de l\u2019association fran\u00e7aise Amis du Jeudi-Dimanche (AJD). \u00c0 chaque escale, ils participeront \u00e0 des s\u00e9minaires sur des enjeux cl\u00e9s de la M\u00e9diterran\u00e9e, notamment <strong>le dialogue interculturel, l&rsquo;environnement, la migration et les d\u00e9fis \u00e9conomiques.<\/strong><\/p>\n<p>Le premier tron\u00e7on du voyage les m\u00e8nera de Barcelone \u00e0 T\u00e9touan (Maroc). De l\u00e0, le navire fera escale dans 30 ports, dont Palerme, Naples, H\u00e9raklion, Istanbul et Beyrouth, favorisant les \u00e9changes et la fraternit\u00e9 en cours de route.<img decoding=\"async\" width=\"1024\" height=\"576\" src=\"https:\/\/voyage-aventure.com\/blog\/wp-content\/uploads\/2025\/02\/stability-une-aventure-maritime-pour-des-jeunes-en-quete-despoir-a-travers-la-mediterranee-1.png\" class=\"aligncenter\" alt=\"Illustration d\u00e9taill\u00e9e sur Une aventure maritime pour des jeunes en qu\u00eate d&#039;espoir \u00e0 travers la M\u00e9diterran\u00e9e\" title=\"Une aventure maritime pour des jeunes en qu\u00eate d&#039;espoir \u00e0 travers la M\u00e9diterran\u00e9e\" loading=\"lazy\" \/><\/p>\n<ul>\n<li>\u00c9changes interculturels<\/li>\n<li>Ateliers sur l&rsquo;environnement<\/li>\n<li>Discours sur la migration<\/li>\n<li>Analyse des d\u00e9fis \u00e9conomiques<\/li>\n<li>Rencontres avec des leaders communautaires<\/li>\n<\/ul>\n<p><iframe loading=\"lazy\" title=\"Macron recadre s\u00e8chement un jeune qui l&#039;avait appel\u00e9 &quot;Manu&quot;\" width=\"1200\" height=\"675\" src=\"https:\/\/www.youtube.com\/embed\/CkOOXvlUP3M?feature=oembed\" frameborder=\"0\" allow=\"accelerometer; autoplay; clipboard-write; encrypted-media; gyroscope; picture-in-picture; web-share\" referrerpolicy=\"strict-origin-when-cross-origin\" allowfullscreen><\/iframe><\/p>\n<h2>Une mission d&rsquo;unit\u00e9 pour le Jubil\u00e9 2025<\/h2>\n<p>Ce voyage n&rsquo;est pas seulement une aventure en mer \u2014 c&rsquo;est un symbole d&rsquo;espoir dans le cadre de l&rsquo;Ann\u00e9e du Jubil\u00e9 2025, dont le th\u00e8me est P\u00e8lerins d&rsquo;espoir. Le Jubil\u00e9, une tradition remontant \u00e0 la Bible h\u00e9bra\u00efque et raviv\u00e9e dans le christianisme, est un temps de renouvellement spirituel, de r\u00e9conciliation et de p\u00e8lerinage. Il appelle les croyants \u00e0 embrasser la mis\u00e9ricorde, \u00e0 combler les divisions et \u00e0 marcher ensemble dans la foi.<\/p>\n<p>Le Pape Fran\u00e7ois a soulign\u00e9 que ce Jubil\u00e9 devrait \u00eatre <strong>un moment pour raviver l&rsquo;espoir dans un monde fractur\u00e9<\/strong>, encourageant les actes de charit\u00e9 et les rencontres qui gu\u00e9rissent les divisions. Les jeunes \u00e0 bord du Bel Espoir incarneront cette mission, devenant des ambassadeurs du dialogue et de la paix tout en voguant sur des eaux qui, depuis des si\u00e8cles, connectent des peuples et des traditions divers.<\/p>\n<blockquote>\n<p>\u00ab\u00a0Le dialogue est le chemin vers la paix et la compr\u00e9hension.\u00a0\u00bb &#8211; Pape Fran\u00e7ois<\/p>\n<\/blockquote>\n<p>Barcelone, avec sa riche histoire de foi et sa connexion au monde, reste un phare pour ceux qui souhaitent franchir des fronti\u00e8res et b\u00e2tir des ponts. En cette \u00e9poque de division, ce navire nous rappelle que la M\u00e9diterran\u00e9e ne s\u00e9pare pas \u2014 elle unit.<\/p>\n","protected":false},"excerpt":{"rendered":"","protected":false},"author":34,"featured_media":11508,"comment_status":"open","ping_status":"open","sticky":false,"template":"","format":"standard","meta":{"_acf_changed":false,"manual_indexmenow":false,"indexmenow_id_project":0,"footnotes":""},"categories":[4520],"tags":[4527,5913,4769,4526,4551],"class_list":["post-11507","post","type-post","status-publish","format-standard","has-post-thumbnail","hentry","category-destinations-aventure","tag-decouverte-culturelle","tag-echanges-interculturels","tag-immersion-culturelle","tag-voyage-economique","tag-voyage-solidaire","generate-columns","tablet-grid-50","mobile-grid-100","grid-parent","grid-25"],"acf":[],"yoast_head":"<!-- This site is optimized with the Yoast SEO Premium plugin v21.3 (Yoast SEO v25.1) - https:\/\/yoast.com\/wordpress\/plugins\/seo\/ -->\n<title>Une aventure maritime pour des jeunes en qu\u00eate d&#039;espoir \u00e0<\/title>\n<meta name=\"description\" content=\"Le Bel Espoir, un bateau-\u00e9cole, mettra \u00e0 l&#039;eau 200 jeunes de diff\u00e9rentes croyances et cultures pour une travers\u00e9e de huit mois \u00e0 travers la M\u00e9diterran\u00e9e\" \/>\n<meta name=\"robots\" content=\"index, follow, max-snippet:-1, max-image-preview:large, max-video-preview:-1\" \/>\n<link rel=\"canonical\" href=\"https:\/\/voyage-aventure.com\/blog\/destinations-aventure\/une-aventure-maritime-pour-des-jeunes-en-quete-despoir-a-travers-la-mediterranee\/\" \/>\n<meta property=\"og:locale\" content=\"fr_FR\" \/>\n<meta property=\"og:type\" content=\"article\" \/>\n<meta property=\"og:title\" content=\"Une aventure maritime pour des jeunes en qu\u00eate d&#039;espoir \u00e0\" \/>\n<meta property=\"og:description\" content=\"Le Bel Espoir, un bateau-\u00e9cole, mettra \u00e0 l&#039;eau 200 jeunes de diff\u00e9rentes croyances et cultures pour une travers\u00e9e de huit mois \u00e0 travers la M\u00e9diterran\u00e9e\" \/>\n<meta property=\"og:url\" content=\"https:\/\/voyage-aventure.com\/blog\/destinations-aventure\/une-aventure-maritime-pour-des-jeunes-en-quete-despoir-a-travers-la-mediterranee\/\" \/>\n<meta property=\"og:site_name\" content=\"voyage-aventure\" \/>\n<meta property=\"og:image\" content=\"https:\/\/voyage-aventure.com\/blog\/wp-content\/uploads\/2025\/02\/stability-une-aventure-maritime-pour-des-jeunes-en-quete-despoir-a-travers-la-mediterranee.png\" \/>\n\t<meta property=\"og:image:width\" content=\"1024\" \/>\n\t<meta property=\"og:image:height\" content=\"576\" \/>\n\t<meta property=\"og:image:type\" content=\"image\/png\" \/>\n<meta name=\"author\" content=\"Camille Rouvray\" \/>\n<meta name=\"twitter:card\" content=\"summary_large_image\" \/>\n<script type=\"application\/ld+json\" class=\"yoast-schema-graph\">{\"@context\":\"https:\/\/schema.org\",\"@graph\":[{\"@type\":\"NewsArticle\",\"@id\":\"https:\/\/voyage-aventure.com\/blog\/destinations-aventure\/une-aventure-maritime-pour-des-jeunes-en-quete-despoir-a-travers-la-mediterranee\/#article\",\"isPartOf\":{\"@id\":\"https:\/\/voyage-aventure.com\/blog\/destinations-aventure\/une-aventure-maritime-pour-des-jeunes-en-quete-despoir-a-travers-la-mediterranee\/\"},\"author\":{\"name\":\"Camille Rouvray\",\"@id\":\"https:\/\/voyage-aventure.com\/blog\/#\/schema\/person\/3c864cdc320801e3db34b663e7e3f816\"},\"headline\":\"Une aventure maritime pour des jeunes en qu\u00eate d&rsquo;espoir \u00e0 travers la M\u00e9diterran\u00e9e\",\"datePublished\":\"2025-02-23T23:52:52+00:00\",\"mainEntityOfPage\":{\"@id\":\"https:\/\/voyage-aventure.com\/blog\/destinations-aventure\/une-aventure-maritime-pour-des-jeunes-en-quete-despoir-a-travers-la-mediterranee\/\"},\"wordCount\":503,\"commentCount\":18,\"publisher\":{\"@id\":\"https:\/\/voyage-aventure.com\/blog\/#organization\"},\"image\":{\"@id\":\"https:\/\/voyage-aventure.com\/blog\/destinations-aventure\/une-aventure-maritime-pour-des-jeunes-en-quete-despoir-a-travers-la-mediterranee\/#primaryimage\"},\"thumbnailUrl\":\"https:\/\/voyage-aventure.com\/blog\/wp-content\/uploads\/2025\/02\/stability-une-aventure-maritime-pour-des-jeunes-en-quete-despoir-a-travers-la-mediterranee.png\",\"keywords\":[\"D\u00e9couverte Culturelle\",\"\u00c9changes Interculturels\",\"Immersion Culturelle\",\"Voyage \u00c9conomique\",\"Voyage solidaire\"],\"articleSection\":[\"Destinations Aventure\"],\"inLanguage\":\"fr-FR\",\"potentialAction\":[{\"@type\":\"CommentAction\",\"name\":\"Comment\",\"target\":[\"https:\/\/voyage-aventure.com\/blog\/destinations-aventure\/une-aventure-maritime-pour-des-jeunes-en-quete-despoir-a-travers-la-mediterranee\/#respond\"]}]},{\"@type\":\"WebPage\",\"@id\":\"https:\/\/voyage-aventure.com\/blog\/destinations-aventure\/une-aventure-maritime-pour-des-jeunes-en-quete-despoir-a-travers-la-mediterranee\/\",\"url\":\"https:\/\/voyage-aventure.com\/blog\/destinations-aventure\/une-aventure-maritime-pour-des-jeunes-en-quete-despoir-a-travers-la-mediterranee\/\",\"name\":\"Une aventure maritime pour des jeunes en qu\u00eate d'espoir \u00e0\",\"isPartOf\":{\"@id\":\"https:\/\/voyage-aventure.com\/blog\/#website\"},\"primaryImageOfPage\":{\"@id\":\"https:\/\/voyage-aventure.com\/blog\/destinations-aventure\/une-aventure-maritime-pour-des-jeunes-en-quete-despoir-a-travers-la-mediterranee\/#primaryimage\"},\"image\":{\"@id\":\"https:\/\/voyage-aventure.com\/blog\/destinations-aventure\/une-aventure-maritime-pour-des-jeunes-en-quete-despoir-a-travers-la-mediterranee\/#primaryimage\"},\"thumbnailUrl\":\"https:\/\/voyage-aventure.com\/blog\/wp-content\/uploads\/2025\/02\/stability-une-aventure-maritime-pour-des-jeunes-en-quete-despoir-a-travers-la-mediterranee.png\",\"datePublished\":\"2025-02-23T23:52:52+00:00\",\"description\":\"Le Bel Espoir, un bateau-\u00e9cole, mettra \u00e0 l'eau 200 jeunes de diff\u00e9rentes croyances et cultures pour une travers\u00e9e de huit mois \u00e0 travers la M\u00e9diterran\u00e9e\",\"inLanguage\":\"fr-FR\",\"potentialAction\":[{\"@type\":\"ReadAction\",\"target\":[\"https:\/\/voyage-aventure.com\/blog\/destinations-aventure\/une-aventure-maritime-pour-des-jeunes-en-quete-despoir-a-travers-la-mediterranee\/\"]}]},{\"@type\":\"ImageObject\",\"inLanguage\":\"fr-FR\",\"@id\":\"https:\/\/voyage-aventure.com\/blog\/destinations-aventure\/une-aventure-maritime-pour-des-jeunes-en-quete-despoir-a-travers-la-mediterranee\/#primaryimage\",\"url\":\"https:\/\/voyage-aventure.com\/blog\/wp-content\/uploads\/2025\/02\/stability-une-aventure-maritime-pour-des-jeunes-en-quete-despoir-a-travers-la-mediterranee.png\",\"contentUrl\":\"https:\/\/voyage-aventure.com\/blog\/wp-content\/uploads\/2025\/02\/stability-une-aventure-maritime-pour-des-jeunes-en-quete-despoir-a-travers-la-mediterranee.png\",\"width\":1024,\"height\":576},{\"@type\":\"WebSite\",\"@id\":\"https:\/\/voyage-aventure.com\/blog\/#website\",\"url\":\"https:\/\/voyage-aventure.com\/blog\/\",\"name\":\"voyage-aventure.com\",\"description\":\"Votre passeport pour l\u2019inattendu.\",\"publisher\":{\"@id\":\"https:\/\/voyage-aventure.com\/blog\/#organization\"},\"alternateName\":\"Votre passeport pour l\u2019inattendu.\",\"potentialAction\":[{\"@type\":\"SearchAction\",\"target\":{\"@type\":\"EntryPoint\",\"urlTemplate\":\"https:\/\/voyage-aventure.com\/blog\/?s={search_term_string}\"},\"query-input\":{\"@type\":\"PropertyValueSpecification\",\"valueRequired\":true,\"valueName\":\"search_term_string\"}}],\"inLanguage\":\"fr-FR\"},{\"@type\":\"Organization\",\"@id\":\"https:\/\/voyage-aventure.com\/blog\/#organization\",\"name\":\"Foretsensations.fr\",\"url\":\"https:\/\/voyage-aventure.com\/blog\/\",\"logo\":{\"@type\":\"ImageObject\",\"inLanguage\":\"fr-FR\",\"@id\":\"https:\/\/voyage-aventure.com\/blog\/#\/schema\/logo\/image\/\",\"url\":\"https:\/\/voyage-aventure.com\/blog\/wp-content\/uploads\/2024\/12\/19.png\",\"contentUrl\":\"https:\/\/voyage-aventure.com\/blog\/wp-content\/uploads\/2024\/12\/19.png\",\"width\":512,\"height\":512,\"caption\":\"Foretsensations.fr\"},\"image\":{\"@id\":\"https:\/\/voyage-aventure.com\/blog\/#\/schema\/logo\/image\/\"}},{\"@type\":\"Person\",\"@id\":\"https:\/\/voyage-aventure.com\/blog\/#\/schema\/person\/3c864cdc320801e3db34b663e7e3f816\",\"name\":\"Camille Rouvray\",\"image\":{\"@type\":\"ImageObject\",\"inLanguage\":\"fr-FR\",\"@id\":\"https:\/\/voyage-aventure.com\/blog\/#\/schema\/person\/image\/\",\"url\":\"https:\/\/voyage-aventure.com\/blog\/wp-content\/uploads\/2026\/06\/persona_camille-r-96x96.jpg\",\"contentUrl\":\"https:\/\/voyage-aventure.com\/blog\/wp-content\/uploads\/2026\/06\/persona_camille-r-96x96.jpg\",\"caption\":\"Camille Rouvray\"},\"description\":\"Je voyage et j'\u00e9cris sur le voyage depuis une douzaine d'ann\u00e9es, d'abord en tant que routarde au long cours, puis comme r\u00e9dactrice sp\u00e9cialis\u00e9e. Mon terrain de pr\u00e9dilection, ce sont les circuits organis\u00e9s et l'art de bien pr\u00e9parer un itin\u00e9raire : choix de la saison, dur\u00e9e r\u00e9aliste des \u00e9tapes, budget jour par jour, logement et transport sur place. J'aime aussi raconter les p\u00e9pites urbaines, ces adresses qu'on ne trouve pas dans les guides classiques. Avant de publier un dossier destination, je croise toujours plusieurs sources, je v\u00e9rifie les tarifs et les formalit\u00e9s d'entr\u00e9e \u00e0 jour, et je teste moi-m\u00eame quand je le peux. Mon angle reste pratique avant tout : aider le lecteur \u00e0 partir l'esprit tranquille, sans mauvaise surprise une fois sur place. Je m'attache \u00e0 distinguer le coup de c\u0153ur sinc\u00e8re du simple argument marketing.\",\"sameAs\":[\"https:\/\/camillerouvray.fr\/\"],\"url\":\"https:\/\/voyage-aventure.com\/blog\/auteur\/noname\/\"}]}<\/script>\n<!-- \/ Yoast SEO Premium plugin. -->","yoast_head_json":{"title":"Une aventure maritime pour des jeunes en qu\u00eate d'espoir \u00e0","description":"Le Bel Espoir, un bateau-\u00e9cole, mettra \u00e0 l'eau 200 jeunes de diff\u00e9rentes croyances et cultures pour une travers\u00e9e de huit mois \u00e0 travers la M\u00e9diterran\u00e9e","robots":{"index":"index","follow":"follow","max-snippet":"max-snippet:-1","max-image-preview":"max-image-preview:large","max-video-preview":"max-video-preview:-1"},"canonical":"https:\/\/voyage-aventure.com\/blog\/destinations-aventure\/une-aventure-maritime-pour-des-jeunes-en-quete-despoir-a-travers-la-mediterranee\/","og_locale":"fr_FR","og_type":"article","og_title":"Une aventure maritime pour des jeunes en qu\u00eate d'espoir \u00e0","og_description":"Le Bel Espoir, un bateau-\u00e9cole, mettra \u00e0 l'eau 200 jeunes de diff\u00e9rentes croyances et cultures pour une travers\u00e9e de huit mois \u00e0 travers la M\u00e9diterran\u00e9e","og_url":"https:\/\/voyage-aventure.com\/blog\/destinations-aventure\/une-aventure-maritime-pour-des-jeunes-en-quete-despoir-a-travers-la-mediterranee\/","og_site_name":"voyage-aventure","og_image":[{"width":1024,"height":576,"url":"https:\/\/voyage-aventure.com\/blog\/wp-content\/uploads\/2025\/02\/stability-une-aventure-maritime-pour-des-jeunes-en-quete-despoir-a-travers-la-mediterranee.png","type":"image\/png"}],"author":"Camille Rouvray","twitter_card":"summary_large_image","schema":{"@context":"https:\/\/schema.org","@graph":[{"@type":"NewsArticle","@id":"https:\/\/voyage-aventure.com\/blog\/destinations-aventure\/une-aventure-maritime-pour-des-jeunes-en-quete-despoir-a-travers-la-mediterranee\/#article","isPartOf":{"@id":"https:\/\/voyage-aventure.com\/blog\/destinations-aventure\/une-aventure-maritime-pour-des-jeunes-en-quete-despoir-a-travers-la-mediterranee\/"},"author":{"name":"Camille Rouvray","@id":"https:\/\/voyage-aventure.com\/blog\/#\/schema\/person\/3c864cdc320801e3db34b663e7e3f816"},"headline":"Une aventure maritime pour des jeunes en qu\u00eate d&rsquo;espoir \u00e0 travers la M\u00e9diterran\u00e9e","datePublished":"2025-02-23T23:52:52+00:00","mainEntityOfPage":{"@id":"https:\/\/voyage-aventure.com\/blog\/destinations-aventure\/une-aventure-maritime-pour-des-jeunes-en-quete-despoir-a-travers-la-mediterranee\/"},"wordCount":503,"commentCount":18,"publisher":{"@id":"https:\/\/voyage-aventure.com\/blog\/#organization"},"image":{"@id":"https:\/\/voyage-aventure.com\/blog\/destinations-aventure\/une-aventure-maritime-pour-des-jeunes-en-quete-despoir-a-travers-la-mediterranee\/#primaryimage"},"thumbnailUrl":"https:\/\/voyage-aventure.com\/blog\/wp-content\/uploads\/2025\/02\/stability-une-aventure-maritime-pour-des-jeunes-en-quete-despoir-a-travers-la-mediterranee.png","keywords":["D\u00e9couverte Culturelle","\u00c9changes Interculturels","Immersion Culturelle","Voyage \u00c9conomique","Voyage solidaire"],"articleSection":["Destinations Aventure"],"inLanguage":"fr-FR","potentialAction":[{"@type":"CommentAction","name":"Comment","target":["https:\/\/voyage-aventure.com\/blog\/destinations-aventure\/une-aventure-maritime-pour-des-jeunes-en-quete-despoir-a-travers-la-mediterranee\/#respond"]}]},{"@type":"WebPage","@id":"https:\/\/voyage-aventure.com\/blog\/destinations-aventure\/une-aventure-maritime-pour-des-jeunes-en-quete-despoir-a-travers-la-mediterranee\/","url":"https:\/\/voyage-aventure.com\/blog\/destinations-aventure\/une-aventure-maritime-pour-des-jeunes-en-quete-despoir-a-travers-la-mediterranee\/","name":"Une aventure maritime pour des jeunes en qu\u00eate d'espoir \u00e0","isPartOf":{"@id":"https:\/\/voyage-aventure.com\/blog\/#website"},"primaryImageOfPage":{"@id":"https:\/\/voyage-aventure.com\/blog\/destinations-aventure\/une-aventure-maritime-pour-des-jeunes-en-quete-despoir-a-travers-la-mediterranee\/#primaryimage"},"image":{"@id":"https:\/\/voyage-aventure.com\/blog\/destinations-aventure\/une-aventure-maritime-pour-des-jeunes-en-quete-despoir-a-travers-la-mediterranee\/#primaryimage"},"thumbnailUrl":"https:\/\/voyage-aventure.com\/blog\/wp-content\/uploads\/2025\/02\/stability-une-aventure-maritime-pour-des-jeunes-en-quete-despoir-a-travers-la-mediterranee.png","datePublished":"2025-02-23T23:52:52+00:00","description":"Le Bel Espoir, un bateau-\u00e9cole, mettra \u00e0 l'eau 200 jeunes de diff\u00e9rentes croyances et cultures pour une travers\u00e9e de huit mois \u00e0 travers la M\u00e9diterran\u00e9e","inLanguage":"fr-FR","potentialAction":[{"@type":"ReadAction","target":["https:\/\/voyage-aventure.com\/blog\/destinations-aventure\/une-aventure-maritime-pour-des-jeunes-en-quete-despoir-a-travers-la-mediterranee\/"]}]},{"@type":"ImageObject","inLanguage":"fr-FR","@id":"https:\/\/voyage-aventure.com\/blog\/destinations-aventure\/une-aventure-maritime-pour-des-jeunes-en-quete-despoir-a-travers-la-mediterranee\/#primaryimage","url":"https:\/\/voyage-aventure.com\/blog\/wp-content\/uploads\/2025\/02\/stability-une-aventure-maritime-pour-des-jeunes-en-quete-despoir-a-travers-la-mediterranee.png","contentUrl":"https:\/\/voyage-aventure.com\/blog\/wp-content\/uploads\/2025\/02\/stability-une-aventure-maritime-pour-des-jeunes-en-quete-despoir-a-travers-la-mediterranee.png","width":1024,"height":576},{"@type":"WebSite","@id":"https:\/\/voyage-aventure.com\/blog\/#website","url":"https:\/\/voyage-aventure.com\/blog\/","name":"voyage-aventure.com","description":"Votre passeport pour l\u2019inattendu.","publisher":{"@id":"https:\/\/voyage-aventure.com\/blog\/#organization"},"alternateName":"Votre passeport pour l\u2019inattendu.","potentialAction":[{"@type":"SearchAction","target":{"@type":"EntryPoint","urlTemplate":"https:\/\/voyage-aventure.com\/blog\/?s={search_term_string}"},"query-input":{"@type":"PropertyValueSpecification","valueRequired":true,"valueName":"search_term_string"}}],"inLanguage":"fr-FR"},{"@type":"Organization","@id":"https:\/\/voyage-aventure.com\/blog\/#organization","name":"Foretsensations.fr","url":"https:\/\/voyage-aventure.com\/blog\/","logo":{"@type":"ImageObject","inLanguage":"fr-FR","@id":"https:\/\/voyage-aventure.com\/blog\/#\/schema\/logo\/image\/","url":"https:\/\/voyage-aventure.com\/blog\/wp-content\/uploads\/2024\/12\/19.png","contentUrl":"https:\/\/voyage-aventure.com\/blog\/wp-content\/uploads\/2024\/12\/19.png","width":512,"height":512,"caption":"Foretsensations.fr"},"image":{"@id":"https:\/\/voyage-aventure.com\/blog\/#\/schema\/logo\/image\/"}},{"@type":"Person","@id":"https:\/\/voyage-aventure.com\/blog\/#\/schema\/person\/3c864cdc320801e3db34b663e7e3f816","name":"Camille Rouvray","image":{"@type":"ImageObject","inLanguage":"fr-FR","@id":"https:\/\/voyage-aventure.com\/blog\/#\/schema\/person\/image\/","url":"https:\/\/voyage-aventure.com\/blog\/wp-content\/uploads\/2026\/06\/persona_camille-r-96x96.jpg","contentUrl":"https:\/\/voyage-aventure.com\/blog\/wp-content\/uploads\/2026\/06\/persona_camille-r-96x96.jpg","caption":"Camille Rouvray"},"description":"Je voyage et j'\u00e9cris sur le voyage depuis une douzaine d'ann\u00e9es, d'abord en tant que routarde au long cours, puis comme r\u00e9dactrice sp\u00e9cialis\u00e9e. Mon terrain de pr\u00e9dilection, ce sont les circuits organis\u00e9s et l'art de bien pr\u00e9parer un itin\u00e9raire : choix de la saison, dur\u00e9e r\u00e9aliste des \u00e9tapes, budget jour par jour, logement et transport sur place. J'aime aussi raconter les p\u00e9pites urbaines, ces adresses qu'on ne trouve pas dans les guides classiques. Avant de publier un dossier destination, je croise toujours plusieurs sources, je v\u00e9rifie les tarifs et les formalit\u00e9s d'entr\u00e9e \u00e0 jour, et je teste moi-m\u00eame quand je le peux. Mon angle reste pratique avant tout : aider le lecteur \u00e0 partir l'esprit tranquille, sans mauvaise surprise une fois sur place. Je m'attache \u00e0 distinguer le coup de c\u0153ur sinc\u00e8re du simple argument marketing.","sameAs":["https:\/\/camillerouvray.fr\/"],"url":"https:\/\/voyage-aventure.com\/blog\/auteur\/noname\/"}]}},"_links":{"self":[{"href":"https:\/\/voyage-aventure.com\/blog\/wp-json\/wp\/v2\/posts\/11507","targetHints":{"allow":["GET"]}}],"collection":[{"href":"https:\/\/voyage-aventure.com\/blog\/wp-json\/wp\/v2\/posts"}],"about":[{"href":"https:\/\/voyage-aventure.com\/blog\/wp-json\/wp\/v2\/types\/post"}],"author":[{"embeddable":true,"href":"https:\/\/voyage-aventure.com\/blog\/wp-json\/wp\/v2\/users\/34"}],"replies":[{"embeddable":true,"href":"https:\/\/voyage-aventure.com\/blog\/wp-json\/wp\/v2\/comments?post=11507"}],"version-history":[{"count":2,"href":"https:\/\/voyage-aventure.com\/blog\/wp-json\/wp\/v2\/posts\/11507\/revisions"}],"predecessor-version":[{"id":12534,"href":"https:\/\/voyage-aventure.com\/blog\/wp-json\/wp\/v2\/posts\/11507\/revisions\/12534"}],"wp:featuredmedia":[{"embeddable":true,"href":"https:\/\/voyage-aventure.com\/blog\/wp-json\/wp\/v2\/media\/11508"}],"wp:attachment":[{"href":"https:\/\/voyage-aventure.com\/blog\/wp-json\/wp\/v2\/media?parent=11507"}],"wp:term":[{"taxonomy":"category","embeddable":true,"href":"https:\/\/voyage-aventure.com\/blog\/wp-json\/wp\/v2\/categories?post=11507"},{"taxonomy":"post_tag","embeddable":true,"href":"https:\/\/voyage-aventure.com\/blog\/wp-json\/wp\/v2\/tags?post=11507"}],"curies":[{"name":"wp","href":"https:\/\/api.w.org\/{rel}","templated":true}]}}