{"id":11468,"date":"2025-02-21T11:50:40","date_gmt":"2025-02-21T10:50:40","guid":{"rendered":"https:\/\/voyage-aventure.com\/blog\/?p=11468"},"modified":"2025-02-21T11:49:05","modified_gmt":"2025-02-21T10:49:05","slug":"macron-et-starmer-offensive-diplomatique-en-vue-lors-de-leur-voyage-aux-etats-unis","status":"publish","type":"post","link":"https:\/\/voyage-aventure.com\/blog\/a-la-une\/macron-et-starmer-offensive-diplomatique-en-vue-lors-de-leur-voyage-aux-etats-unis\/","title":{"rendered":"Macron et Starmer : offensive diplomatique en vue lors de leur voyage aux \u00c9tats-Unis"},"content":{"rendered":"<h2>Un voyage strat\u00e9gique en terre am\u00e9ricaine<\/h2>\n<p>Cette visite vise \u00e0 renforcer les liens entre l&rsquo;Europe et l&rsquo;administration am\u00e9ricaine, notamment sur des enjeux majeurs comme la s\u00e9curit\u00e9 en Ukraine et les relations avec la Russie. Dans un contexte international tendu, leur approche commun\u00e9ment appel\u00e9e \u00ab\u00a0charm offensive\u00a0\u00bb pourrait influencer des d\u00e9cisions strat\u00e9giques importantes.<\/p>\n<p>Macron a d\u00e9j\u00e0 esquiss\u00e9 sa strat\u00e9gie lors d&rsquo;une session de questions-r\u00e9ponses sur les r\u00e9seaux sociaux. Il pr\u00e9voit de convaincre Donald Trump de ne pas c\u00e9der face \u00e0 Vladimir Poutine, en soulignant les dangers d&rsquo;une telle position pour la stabilit\u00e9 mondiale. \u00ab\u00a0Ce n&rsquo;est pas qui vous \u00eates, ce n&rsquo;est pas votre marque de fabrique\u00a0\u00bb, a-t-il affirm\u00e9, mettant en avant les implications d&rsquo;une approche faible vis-\u00e0-vis de la Russie.<\/p>\n<h2>Les d\u00e9fis de la diplomatie europ\u00e9enne<\/h2>\n<p>La t\u00e2che ne sera pas facile pour Macron et Starmer, d&rsquo;autant plus que d&rsquo;autres dirigeants europ\u00e9ens, comme Giorgia Meloni, envisagent \u00e9galement des discussions avec le pr\u00e9sident am\u00e9ricain. Leurs efforts visent \u00e0 garantir que l&rsquo;avenir de l&rsquo;Ukraine ne soit pas compromis par des n\u00e9gociations mal orient\u00e9es avec la Russie. Des pays d&rsquo;Europe centrale et orientale expriment des craintes croissantes sur la volont\u00e9 de Moscou de restaurer des \u00ab\u00a0sph\u00e8res d&rsquo;influence\u00a0\u00bb.<img decoding=\"async\" width=\"1024\" height=\"576\" src=\"https:\/\/voyage-aventure.com\/blog\/wp-content\/uploads\/2025\/02\/stability-macron-et-starmer-offensive-diplomatique-en-vue-lors-de-leur-voyage-aux-etats-unis-1.png\" class=\"aligncenter\" alt=\"Illustration d\u00e9taill\u00e9e sur Macron et Starmer : offensive diplomatique en vue lors de leur voyage aux \u00c9tats-Unis\" title=\"Macron et Starmer : offensive diplomatique en vue lors de leur voyage aux \u00c9tats-Unis\" loading=\"lazy\" \/><\/p>\n<p>Ces pr\u00e9occupations sont accentu\u00e9es par des demandes de retrait des troupes am\u00e9ricaines des pays membres de l&rsquo;OTAN, comme la Pologne et la Roumanie. Ces discussions, si elles ne sont pas g\u00e9r\u00e9es avec pr\u00e9caution, pourraient avoir des cons\u00e9quences significatives sur la s\u00e9curit\u00e9 de la r\u00e9gion. Dans ce contexte, le ministre polonais des Affaires \u00e9trang\u00e8res, Rados\u0142aw Sikorski, se pr\u00e9pare \u00e0 aborder ces questions lors d&rsquo;une rencontre avec le secr\u00e9taire d&rsquo;\u00c9tat am\u00e9ricain.<\/p>\n<p><iframe loading=\"lazy\" title=\"UK&#039;s Starmer and France&#039;s Macron Meet on Sidelines of EPC Summit\" width=\"1200\" height=\"675\" src=\"https:\/\/www.youtube.com\/embed\/4l3qVBh3fJ8?feature=oembed\" frameborder=\"0\" allow=\"accelerometer; autoplay; clipboard-write; encrypted-media; gyroscope; picture-in-picture; web-share\" referrerpolicy=\"strict-origin-when-cross-origin\" allowfullscreen><\/iframe><\/p>\n<h2>La situation politique en Allemagne : un facteur cl\u00e9<\/h2>\n<p>Alors que la diplomatie europ\u00e9enne se mobilise, l&rsquo;absence notable de repr\u00e9sentants allemands dans ces discussions soul\u00e8ve des questions. L&rsquo;Allemagne, dont les \u00e9lections f\u00e9d\u00e9rales approchent, pourrait voir ses choix politiques influencer la dynamique de la s\u00e9curit\u00e9 europ\u00e9enne. Plus d&rsquo;un quart des \u00e9lecteurs allemands ne se sont pas encore prononc\u00e9s, rendant le r\u00e9sultat des \u00e9lections incertain et potentiellement perturbateur.<\/p>\n<p>Dans un discours marquant en 2011, Sikorski avait exprim\u00e9 ses craintes face \u00e0 l&rsquo;inaction allemande, une inqui\u00e9tude qui pourrait r\u00e9sonner de nouveau aujourd&rsquo;hui. La capacit\u00e9 de l&rsquo;Allemagne post-\u00e9lectorale \u00e0 jouer un r\u00f4le actif dans la s\u00e9curit\u00e9 europ\u00e9enne sera scrut\u00e9e de pr\u00e8s. La question demeure : l&rsquo;Allemagne sera-t-elle \u00e0 la hauteur des d\u00e9fis actuels dans un environnement de s\u00e9curit\u00e9 en \u00e9volution rapide ?<\/p>\n<ul>\n<li>Macron et Starmer en visite aux \u00c9tats-Unis pour renforcer les liens europ\u00e9ens<\/li>\n<li>La s\u00e9curit\u00e9 en Ukraine et les relations avec la Russie au c\u0153ur des discussions<\/li>\n<li>Les inqui\u00e9tudes des pays d&rsquo;Europe centrale sur l&rsquo;influence russe<\/li>\n<li>Absence de repr\u00e9sentants allemands dans les n\u00e9gociations diplomatiques<\/li>\n<li>\u00c9lections f\u00e9d\u00e9rales allemandes : un tournant potentiel pour l&rsquo;Europe<\/li>\n<\/ul>\n<blockquote><p>\n    \u00ab\u00a0Nous ne devons pas accepter une approche faible face \u00e0 la Russie. Les cons\u00e9quences seraient trop graves.\u00a0\u00bb &#8211; Emmanuel Macron\n<\/p><\/blockquote>\n<p>Ce voyage repr\u00e9sente une occasion unique pour les dirigeants europ\u00e9ens de faire entendre leur voix sur la sc\u00e8ne mondiale. Alors que les tensions g\u00e9opolitiques persistent, la n\u00e9cessit\u00e9 d&rsquo;une strat\u00e9gie unifi\u00e9e et proactive est plus importante que jamais. Les enjeux sont \u00e9lev\u00e9s, et le succ\u00e8s de cette offensive diplomatique pourrait bien d\u00e9terminer l&rsquo;avenir des relations transatlantiques.<\/p>\n","protected":false},"excerpt":{"rendered":"","protected":false},"author":34,"featured_media":11469,"comment_status":"open","ping_status":"open","sticky":false,"template":"","format":"standard","meta":{"_acf_changed":false,"manual_indexmenow":false,"indexmenow_id_project":0,"footnotes":""},"categories":[1],"tags":[4639,5961,5688,3170,4635],"class_list":["post-11468","post","type-post","status-publish","format-standard","has-post-thumbnail","hentry","category-a-la-une","tag-aventure","tag-diplomatie-europeenne","tag-relations-internationales","tag-securite","tag-voyage","generate-columns","tablet-grid-50","mobile-grid-100","grid-parent","grid-25"],"acf":[],"yoast_head":"<!-- This site is optimized with the Yoast SEO Premium plugin v21.3 (Yoast SEO v25.1) - https:\/\/yoast.com\/wordpress\/plugins\/seo\/ -->\n<title>Macron et Starmer : offensive diplomatique en vue lors de<\/title>\n<meta name=\"description\" content=\"Cette visite vise \u00e0 renforcer les liens entre l&#039;Europe et l&#039;administration am\u00e9ricaine, notamment sur des enjeux majeurs comme la s\u00e9curit\u00e9 en Ukraine et\" \/>\n<meta name=\"robots\" content=\"index, follow, max-snippet:-1, max-image-preview:large, max-video-preview:-1\" \/>\n<link rel=\"canonical\" href=\"https:\/\/voyage-aventure.com\/blog\/a-la-une\/macron-et-starmer-offensive-diplomatique-en-vue-lors-de-leur-voyage-aux-etats-unis\/\" \/>\n<meta property=\"og:locale\" content=\"fr_FR\" \/>\n<meta property=\"og:type\" content=\"article\" \/>\n<meta property=\"og:title\" content=\"Macron et Starmer : offensive diplomatique en vue lors de\" \/>\n<meta property=\"og:description\" content=\"Cette visite vise \u00e0 renforcer les liens entre l&#039;Europe et l&#039;administration am\u00e9ricaine, notamment sur des enjeux majeurs comme la s\u00e9curit\u00e9 en Ukraine et\" \/>\n<meta property=\"og:url\" content=\"https:\/\/voyage-aventure.com\/blog\/a-la-une\/macron-et-starmer-offensive-diplomatique-en-vue-lors-de-leur-voyage-aux-etats-unis\/\" \/>\n<meta property=\"og:site_name\" content=\"voyage-aventure\" \/>\n<meta property=\"og:image\" content=\"https:\/\/voyage-aventure.com\/blog\/wp-content\/uploads\/2025\/02\/stability-macron-et-starmer-offensive-diplomatique-en-vue-lors-de-leur-voyage-aux-etats-unis.png\" \/>\n\t<meta property=\"og:image:width\" content=\"1024\" \/>\n\t<meta property=\"og:image:height\" content=\"576\" \/>\n\t<meta property=\"og:image:type\" content=\"image\/png\" \/>\n<meta name=\"author\" content=\"Camille Rouvray\" \/>\n<meta name=\"twitter:card\" content=\"summary_large_image\" \/>\n<script type=\"application\/ld+json\" class=\"yoast-schema-graph\">{\"@context\":\"https:\/\/schema.org\",\"@graph\":[{\"@type\":\"NewsArticle\",\"@id\":\"https:\/\/voyage-aventure.com\/blog\/a-la-une\/macron-et-starmer-offensive-diplomatique-en-vue-lors-de-leur-voyage-aux-etats-unis\/#article\",\"isPartOf\":{\"@id\":\"https:\/\/voyage-aventure.com\/blog\/a-la-une\/macron-et-starmer-offensive-diplomatique-en-vue-lors-de-leur-voyage-aux-etats-unis\/\"},\"author\":{\"name\":\"Camille Rouvray\",\"@id\":\"https:\/\/voyage-aventure.com\/blog\/#\/schema\/person\/3c864cdc320801e3db34b663e7e3f816\"},\"headline\":\"Macron et Starmer : offensive diplomatique en vue lors de leur voyage aux \u00c9tats-Unis\",\"datePublished\":\"2025-02-21T10:50:40+00:00\",\"mainEntityOfPage\":{\"@id\":\"https:\/\/voyage-aventure.com\/blog\/a-la-une\/macron-et-starmer-offensive-diplomatique-en-vue-lors-de-leur-voyage-aux-etats-unis\/\"},\"wordCount\":626,\"commentCount\":26,\"publisher\":{\"@id\":\"https:\/\/voyage-aventure.com\/blog\/#organization\"},\"image\":{\"@id\":\"https:\/\/voyage-aventure.com\/blog\/a-la-une\/macron-et-starmer-offensive-diplomatique-en-vue-lors-de-leur-voyage-aux-etats-unis\/#primaryimage\"},\"thumbnailUrl\":\"https:\/\/voyage-aventure.com\/blog\/wp-content\/uploads\/2025\/02\/stability-macron-et-starmer-offensive-diplomatique-en-vue-lors-de-leur-voyage-aux-etats-unis.png\",\"keywords\":[\"Aventure\",\"Diplomatie Europ\u00e9enne\",\"Relations Internationales\",\"S\u00e9curit\u00e9\",\"Voyage\"],\"articleSection\":[\"\u00c0 la une\"],\"inLanguage\":\"fr-FR\",\"potentialAction\":[{\"@type\":\"CommentAction\",\"name\":\"Comment\",\"target\":[\"https:\/\/voyage-aventure.com\/blog\/a-la-une\/macron-et-starmer-offensive-diplomatique-en-vue-lors-de-leur-voyage-aux-etats-unis\/#respond\"]}]},{\"@type\":\"WebPage\",\"@id\":\"https:\/\/voyage-aventure.com\/blog\/a-la-une\/macron-et-starmer-offensive-diplomatique-en-vue-lors-de-leur-voyage-aux-etats-unis\/\",\"url\":\"https:\/\/voyage-aventure.com\/blog\/a-la-une\/macron-et-starmer-offensive-diplomatique-en-vue-lors-de-leur-voyage-aux-etats-unis\/\",\"name\":\"Macron et Starmer : offensive diplomatique en vue lors de\",\"isPartOf\":{\"@id\":\"https:\/\/voyage-aventure.com\/blog\/#website\"},\"primaryImageOfPage\":{\"@id\":\"https:\/\/voyage-aventure.com\/blog\/a-la-une\/macron-et-starmer-offensive-diplomatique-en-vue-lors-de-leur-voyage-aux-etats-unis\/#primaryimage\"},\"image\":{\"@id\":\"https:\/\/voyage-aventure.com\/blog\/a-la-une\/macron-et-starmer-offensive-diplomatique-en-vue-lors-de-leur-voyage-aux-etats-unis\/#primaryimage\"},\"thumbnailUrl\":\"https:\/\/voyage-aventure.com\/blog\/wp-content\/uploads\/2025\/02\/stability-macron-et-starmer-offensive-diplomatique-en-vue-lors-de-leur-voyage-aux-etats-unis.png\",\"datePublished\":\"2025-02-21T10:50:40+00:00\",\"description\":\"Cette visite vise \u00e0 renforcer les liens entre l'Europe et l'administration am\u00e9ricaine, notamment sur des enjeux majeurs comme la s\u00e9curit\u00e9 en Ukraine et\",\"inLanguage\":\"fr-FR\",\"potentialAction\":[{\"@type\":\"ReadAction\",\"target\":[\"https:\/\/voyage-aventure.com\/blog\/a-la-une\/macron-et-starmer-offensive-diplomatique-en-vue-lors-de-leur-voyage-aux-etats-unis\/\"]}]},{\"@type\":\"ImageObject\",\"inLanguage\":\"fr-FR\",\"@id\":\"https:\/\/voyage-aventure.com\/blog\/a-la-une\/macron-et-starmer-offensive-diplomatique-en-vue-lors-de-leur-voyage-aux-etats-unis\/#primaryimage\",\"url\":\"https:\/\/voyage-aventure.com\/blog\/wp-content\/uploads\/2025\/02\/stability-macron-et-starmer-offensive-diplomatique-en-vue-lors-de-leur-voyage-aux-etats-unis.png\",\"contentUrl\":\"https:\/\/voyage-aventure.com\/blog\/wp-content\/uploads\/2025\/02\/stability-macron-et-starmer-offensive-diplomatique-en-vue-lors-de-leur-voyage-aux-etats-unis.png\",\"width\":1024,\"height\":576},{\"@type\":\"WebSite\",\"@id\":\"https:\/\/voyage-aventure.com\/blog\/#website\",\"url\":\"https:\/\/voyage-aventure.com\/blog\/\",\"name\":\"voyage-aventure.com\",\"description\":\"Votre passeport pour l\u2019inattendu.\",\"publisher\":{\"@id\":\"https:\/\/voyage-aventure.com\/blog\/#organization\"},\"alternateName\":\"Votre passeport pour l\u2019inattendu.\",\"potentialAction\":[{\"@type\":\"SearchAction\",\"target\":{\"@type\":\"EntryPoint\",\"urlTemplate\":\"https:\/\/voyage-aventure.com\/blog\/?s={search_term_string}\"},\"query-input\":{\"@type\":\"PropertyValueSpecification\",\"valueRequired\":true,\"valueName\":\"search_term_string\"}}],\"inLanguage\":\"fr-FR\"},{\"@type\":\"Organization\",\"@id\":\"https:\/\/voyage-aventure.com\/blog\/#organization\",\"name\":\"Foretsensations.fr\",\"url\":\"https:\/\/voyage-aventure.com\/blog\/\",\"logo\":{\"@type\":\"ImageObject\",\"inLanguage\":\"fr-FR\",\"@id\":\"https:\/\/voyage-aventure.com\/blog\/#\/schema\/logo\/image\/\",\"url\":\"https:\/\/voyage-aventure.com\/blog\/wp-content\/uploads\/2024\/12\/19.png\",\"contentUrl\":\"https:\/\/voyage-aventure.com\/blog\/wp-content\/uploads\/2024\/12\/19.png\",\"width\":512,\"height\":512,\"caption\":\"Foretsensations.fr\"},\"image\":{\"@id\":\"https:\/\/voyage-aventure.com\/blog\/#\/schema\/logo\/image\/\"}},{\"@type\":\"Person\",\"@id\":\"https:\/\/voyage-aventure.com\/blog\/#\/schema\/person\/3c864cdc320801e3db34b663e7e3f816\",\"name\":\"Camille Rouvray\",\"image\":{\"@type\":\"ImageObject\",\"inLanguage\":\"fr-FR\",\"@id\":\"https:\/\/voyage-aventure.com\/blog\/#\/schema\/person\/image\/\",\"url\":\"https:\/\/voyage-aventure.com\/blog\/wp-content\/uploads\/2026\/06\/persona_camille-r-96x96.jpg\",\"contentUrl\":\"https:\/\/voyage-aventure.com\/blog\/wp-content\/uploads\/2026\/06\/persona_camille-r-96x96.jpg\",\"caption\":\"Camille Rouvray\"},\"description\":\"Je voyage et j'\u00e9cris sur le voyage depuis une douzaine d'ann\u00e9es, d'abord en tant que routarde au long cours, puis comme r\u00e9dactrice sp\u00e9cialis\u00e9e. Mon terrain de pr\u00e9dilection, ce sont les circuits organis\u00e9s et l'art de bien pr\u00e9parer un itin\u00e9raire : choix de la saison, dur\u00e9e r\u00e9aliste des \u00e9tapes, budget jour par jour, logement et transport sur place. J'aime aussi raconter les p\u00e9pites urbaines, ces adresses qu'on ne trouve pas dans les guides classiques. Avant de publier un dossier destination, je croise toujours plusieurs sources, je v\u00e9rifie les tarifs et les formalit\u00e9s d'entr\u00e9e \u00e0 jour, et je teste moi-m\u00eame quand je le peux. Mon angle reste pratique avant tout : aider le lecteur \u00e0 partir l'esprit tranquille, sans mauvaise surprise une fois sur place. Je m'attache \u00e0 distinguer le coup de c\u0153ur sinc\u00e8re du simple argument marketing.\",\"sameAs\":[\"https:\/\/camillerouvray.fr\/\"],\"url\":\"https:\/\/voyage-aventure.com\/blog\/auteur\/noname\/\"}]}<\/script>\n<!-- \/ Yoast SEO Premium plugin. -->","yoast_head_json":{"title":"Macron et Starmer : offensive diplomatique en vue lors de","description":"Cette visite vise \u00e0 renforcer les liens entre l'Europe et l'administration am\u00e9ricaine, notamment sur des enjeux majeurs comme la s\u00e9curit\u00e9 en Ukraine et","robots":{"index":"index","follow":"follow","max-snippet":"max-snippet:-1","max-image-preview":"max-image-preview:large","max-video-preview":"max-video-preview:-1"},"canonical":"https:\/\/voyage-aventure.com\/blog\/a-la-une\/macron-et-starmer-offensive-diplomatique-en-vue-lors-de-leur-voyage-aux-etats-unis\/","og_locale":"fr_FR","og_type":"article","og_title":"Macron et Starmer : offensive diplomatique en vue lors de","og_description":"Cette visite vise \u00e0 renforcer les liens entre l'Europe et l'administration am\u00e9ricaine, notamment sur des enjeux majeurs comme la s\u00e9curit\u00e9 en Ukraine et","og_url":"https:\/\/voyage-aventure.com\/blog\/a-la-une\/macron-et-starmer-offensive-diplomatique-en-vue-lors-de-leur-voyage-aux-etats-unis\/","og_site_name":"voyage-aventure","og_image":[{"width":1024,"height":576,"url":"https:\/\/voyage-aventure.com\/blog\/wp-content\/uploads\/2025\/02\/stability-macron-et-starmer-offensive-diplomatique-en-vue-lors-de-leur-voyage-aux-etats-unis.png","type":"image\/png"}],"author":"Camille Rouvray","twitter_card":"summary_large_image","schema":{"@context":"https:\/\/schema.org","@graph":[{"@type":"NewsArticle","@id":"https:\/\/voyage-aventure.com\/blog\/a-la-une\/macron-et-starmer-offensive-diplomatique-en-vue-lors-de-leur-voyage-aux-etats-unis\/#article","isPartOf":{"@id":"https:\/\/voyage-aventure.com\/blog\/a-la-une\/macron-et-starmer-offensive-diplomatique-en-vue-lors-de-leur-voyage-aux-etats-unis\/"},"author":{"name":"Camille Rouvray","@id":"https:\/\/voyage-aventure.com\/blog\/#\/schema\/person\/3c864cdc320801e3db34b663e7e3f816"},"headline":"Macron et Starmer : offensive diplomatique en vue lors de leur voyage aux \u00c9tats-Unis","datePublished":"2025-02-21T10:50:40+00:00","mainEntityOfPage":{"@id":"https:\/\/voyage-aventure.com\/blog\/a-la-une\/macron-et-starmer-offensive-diplomatique-en-vue-lors-de-leur-voyage-aux-etats-unis\/"},"wordCount":626,"commentCount":26,"publisher":{"@id":"https:\/\/voyage-aventure.com\/blog\/#organization"},"image":{"@id":"https:\/\/voyage-aventure.com\/blog\/a-la-une\/macron-et-starmer-offensive-diplomatique-en-vue-lors-de-leur-voyage-aux-etats-unis\/#primaryimage"},"thumbnailUrl":"https:\/\/voyage-aventure.com\/blog\/wp-content\/uploads\/2025\/02\/stability-macron-et-starmer-offensive-diplomatique-en-vue-lors-de-leur-voyage-aux-etats-unis.png","keywords":["Aventure","Diplomatie Europ\u00e9enne","Relations Internationales","S\u00e9curit\u00e9","Voyage"],"articleSection":["\u00c0 la une"],"inLanguage":"fr-FR","potentialAction":[{"@type":"CommentAction","name":"Comment","target":["https:\/\/voyage-aventure.com\/blog\/a-la-une\/macron-et-starmer-offensive-diplomatique-en-vue-lors-de-leur-voyage-aux-etats-unis\/#respond"]}]},{"@type":"WebPage","@id":"https:\/\/voyage-aventure.com\/blog\/a-la-une\/macron-et-starmer-offensive-diplomatique-en-vue-lors-de-leur-voyage-aux-etats-unis\/","url":"https:\/\/voyage-aventure.com\/blog\/a-la-une\/macron-et-starmer-offensive-diplomatique-en-vue-lors-de-leur-voyage-aux-etats-unis\/","name":"Macron et Starmer : offensive diplomatique en vue lors de","isPartOf":{"@id":"https:\/\/voyage-aventure.com\/blog\/#website"},"primaryImageOfPage":{"@id":"https:\/\/voyage-aventure.com\/blog\/a-la-une\/macron-et-starmer-offensive-diplomatique-en-vue-lors-de-leur-voyage-aux-etats-unis\/#primaryimage"},"image":{"@id":"https:\/\/voyage-aventure.com\/blog\/a-la-une\/macron-et-starmer-offensive-diplomatique-en-vue-lors-de-leur-voyage-aux-etats-unis\/#primaryimage"},"thumbnailUrl":"https:\/\/voyage-aventure.com\/blog\/wp-content\/uploads\/2025\/02\/stability-macron-et-starmer-offensive-diplomatique-en-vue-lors-de-leur-voyage-aux-etats-unis.png","datePublished":"2025-02-21T10:50:40+00:00","description":"Cette visite vise \u00e0 renforcer les liens entre l'Europe et l'administration am\u00e9ricaine, notamment sur des enjeux majeurs comme la s\u00e9curit\u00e9 en Ukraine et","inLanguage":"fr-FR","potentialAction":[{"@type":"ReadAction","target":["https:\/\/voyage-aventure.com\/blog\/a-la-une\/macron-et-starmer-offensive-diplomatique-en-vue-lors-de-leur-voyage-aux-etats-unis\/"]}]},{"@type":"ImageObject","inLanguage":"fr-FR","@id":"https:\/\/voyage-aventure.com\/blog\/a-la-une\/macron-et-starmer-offensive-diplomatique-en-vue-lors-de-leur-voyage-aux-etats-unis\/#primaryimage","url":"https:\/\/voyage-aventure.com\/blog\/wp-content\/uploads\/2025\/02\/stability-macron-et-starmer-offensive-diplomatique-en-vue-lors-de-leur-voyage-aux-etats-unis.png","contentUrl":"https:\/\/voyage-aventure.com\/blog\/wp-content\/uploads\/2025\/02\/stability-macron-et-starmer-offensive-diplomatique-en-vue-lors-de-leur-voyage-aux-etats-unis.png","width":1024,"height":576},{"@type":"WebSite","@id":"https:\/\/voyage-aventure.com\/blog\/#website","url":"https:\/\/voyage-aventure.com\/blog\/","name":"voyage-aventure.com","description":"Votre passeport pour l\u2019inattendu.","publisher":{"@id":"https:\/\/voyage-aventure.com\/blog\/#organization"},"alternateName":"Votre passeport pour l\u2019inattendu.","potentialAction":[{"@type":"SearchAction","target":{"@type":"EntryPoint","urlTemplate":"https:\/\/voyage-aventure.com\/blog\/?s={search_term_string}"},"query-input":{"@type":"PropertyValueSpecification","valueRequired":true,"valueName":"search_term_string"}}],"inLanguage":"fr-FR"},{"@type":"Organization","@id":"https:\/\/voyage-aventure.com\/blog\/#organization","name":"Foretsensations.fr","url":"https:\/\/voyage-aventure.com\/blog\/","logo":{"@type":"ImageObject","inLanguage":"fr-FR","@id":"https:\/\/voyage-aventure.com\/blog\/#\/schema\/logo\/image\/","url":"https:\/\/voyage-aventure.com\/blog\/wp-content\/uploads\/2024\/12\/19.png","contentUrl":"https:\/\/voyage-aventure.com\/blog\/wp-content\/uploads\/2024\/12\/19.png","width":512,"height":512,"caption":"Foretsensations.fr"},"image":{"@id":"https:\/\/voyage-aventure.com\/blog\/#\/schema\/logo\/image\/"}},{"@type":"Person","@id":"https:\/\/voyage-aventure.com\/blog\/#\/schema\/person\/3c864cdc320801e3db34b663e7e3f816","name":"Camille Rouvray","image":{"@type":"ImageObject","inLanguage":"fr-FR","@id":"https:\/\/voyage-aventure.com\/blog\/#\/schema\/person\/image\/","url":"https:\/\/voyage-aventure.com\/blog\/wp-content\/uploads\/2026\/06\/persona_camille-r-96x96.jpg","contentUrl":"https:\/\/voyage-aventure.com\/blog\/wp-content\/uploads\/2026\/06\/persona_camille-r-96x96.jpg","caption":"Camille Rouvray"},"description":"Je voyage et j'\u00e9cris sur le voyage depuis une douzaine d'ann\u00e9es, d'abord en tant que routarde au long cours, puis comme r\u00e9dactrice sp\u00e9cialis\u00e9e. Mon terrain de pr\u00e9dilection, ce sont les circuits organis\u00e9s et l'art de bien pr\u00e9parer un itin\u00e9raire : choix de la saison, dur\u00e9e r\u00e9aliste des \u00e9tapes, budget jour par jour, logement et transport sur place. J'aime aussi raconter les p\u00e9pites urbaines, ces adresses qu'on ne trouve pas dans les guides classiques. Avant de publier un dossier destination, je croise toujours plusieurs sources, je v\u00e9rifie les tarifs et les formalit\u00e9s d'entr\u00e9e \u00e0 jour, et je teste moi-m\u00eame quand je le peux. Mon angle reste pratique avant tout : aider le lecteur \u00e0 partir l'esprit tranquille, sans mauvaise surprise une fois sur place. Je m'attache \u00e0 distinguer le coup de c\u0153ur sinc\u00e8re du simple argument marketing.","sameAs":["https:\/\/camillerouvray.fr\/"],"url":"https:\/\/voyage-aventure.com\/blog\/auteur\/noname\/"}]}},"_links":{"self":[{"href":"https:\/\/voyage-aventure.com\/blog\/wp-json\/wp\/v2\/posts\/11468","targetHints":{"allow":["GET"]}}],"collection":[{"href":"https:\/\/voyage-aventure.com\/blog\/wp-json\/wp\/v2\/posts"}],"about":[{"href":"https:\/\/voyage-aventure.com\/blog\/wp-json\/wp\/v2\/types\/post"}],"author":[{"embeddable":true,"href":"https:\/\/voyage-aventure.com\/blog\/wp-json\/wp\/v2\/users\/34"}],"replies":[{"embeddable":true,"href":"https:\/\/voyage-aventure.com\/blog\/wp-json\/wp\/v2\/comments?post=11468"}],"version-history":[{"count":2,"href":"https:\/\/voyage-aventure.com\/blog\/wp-json\/wp\/v2\/posts\/11468\/revisions"}],"predecessor-version":[{"id":11472,"href":"https:\/\/voyage-aventure.com\/blog\/wp-json\/wp\/v2\/posts\/11468\/revisions\/11472"}],"wp:featuredmedia":[{"embeddable":true,"href":"https:\/\/voyage-aventure.com\/blog\/wp-json\/wp\/v2\/media\/11469"}],"wp:attachment":[{"href":"https:\/\/voyage-aventure.com\/blog\/wp-json\/wp\/v2\/media?parent=11468"}],"wp:term":[{"taxonomy":"category","embeddable":true,"href":"https:\/\/voyage-aventure.com\/blog\/wp-json\/wp\/v2\/categories?post=11468"},{"taxonomy":"post_tag","embeddable":true,"href":"https:\/\/voyage-aventure.com\/blog\/wp-json\/wp\/v2\/tags?post=11468"}],"curies":[{"name":"wp","href":"https:\/\/api.w.org\/{rel}","templated":true}]}}