{"id":11459,"date":"2026-09-01T10:04:37","date_gmt":"2026-09-01T08:04:37","guid":{"rendered":"https:\/\/voyage-aventure.com\/blog\/?p=11459"},"modified":"2026-09-01T10:04:37","modified_gmt":"2026-09-01T08:04:37","slug":"devenez-ambassadeur-du-ferry-et-voyagez-gratuitement-a-travers-leurope","status":"publish","type":"post","link":"https:\/\/voyage-aventure.com\/blog\/a-la-une\/devenez-ambassadeur-du-ferry-et-voyagez-gratuitement-a-travers-leurope\/","title":{"rendered":"Devenez ambassadeur du ferry et voyagez gratuitement \u00e0 travers l&rsquo;Europe"},"content":{"rendered":"<link rel=\"stylesheet\" href=\"https:\/\/fonts.googleapis.com\/css2?family=Newsreader:ital,opsz,wght@0,6..72,500;0,6..72,700;1,6..72,500&#038;family=Inter:wght@400;500;600&#038;family=JetBrains+Mono:wght@500&#038;display=swap\">\n<style>\n.va-actu-wrap{font-family:\"Inter\",Helvetica,Arial,sans-serif;font-size:17px;line-height:1.65;color:#1b2733}\n.va-actu-wrap h2{font-family:\"Newsreader\",\"Inter\",serif;font-weight:700;font-size:clamp(24px,3.2vw,33px);line-height:1.2;letter-spacing:-.01em;color:#10243a;margin:48px 0 14px}\n.va-actu-wrap h3{font-family:\"Newsreader\",\"Inter\",serif;font-weight:700;font-size:20px;color:#10243a;margin:26px 0 8px}\n.va-actu-wrap p{margin:0 0 16px}\n.va-actu-kicker{font-family:\"JetBrains Mono\",\"Inter\",monospace;font-size:11px;font-weight:500;letter-spacing:.14em;text-transform:uppercase;color:#0E6BA8;margin-bottom:8px}\n.va-actu-status{display:inline-flex;align-items:center;gap:9px;font-family:\"JetBrains Mono\",\"Inter\",monospace;font-size:12px;font-weight:500;letter-spacing:.06em;text-transform:uppercase;color:#8a3b12;background:#fdf1e6;border:1px solid #f0c9a4;border-left:4px solid #d2691e;border-radius:8px;padding:11px 16px;margin:0 0 22px}\n.va-actu-ess{background:#f2f7fb;border:1px solid #d5e5f1;border-left:5px solid #0E6BA8;border-radius:14px;padding:24px 26px;margin:26px 0;box-shadow:0 1px 2px rgba(16,24,40,.05),0 12px 28px -18px rgba(16,36,58,.28)}\n.va-actu-ess h3{margin:0 0 12px;font-size:21px}\n.va-actu-ess ul{margin:0;padding-left:0;list-style:none}\n.va-actu-ess li{position:relative;padding-left:26px;margin:0 0 11px;font-size:16.5px}\n.va-actu-ess li:last-child{margin-bottom:0}\n.va-actu-ess li::before{content:\"\u2192\";position:absolute;left:0;top:0;color:#0E6BA8;font-weight:700}\n.va-actu-ess strong{color:#10243a}\n.va-actu-grid{display:grid;grid-template-columns:repeat(auto-fit,minmax(215px,1fr));gap:20px;margin:28px 0}\n.va-actu-card{background:#fff;border:1px solid #e2e8ef;border-top:3px solid #0E6BA8;border-radius:12px;padding:22px 22px 20px;transition:.25s ease}\n.va-actu-card:hover{transform:translateY(-3px);box-shadow:0 1px 2px rgba(16,24,40,.05),0 16px 32px -18px rgba(16,36,58,.35);border-color:#c8d8e6}\n.va-actu-card .va-actu-lbl{font-family:\"JetBrains Mono\",\"Inter\",monospace;font-size:11px;letter-spacing:.1em;text-transform:uppercase;color:#0E6BA8;margin-bottom:7px}\n.va-actu-card .va-actu-val{font-family:\"Newsreader\",\"Inter\",serif;font-size:26px;font-weight:700;color:#10243a;line-height:1.15;margin-bottom:6px}\n.va-actu-card .va-actu-txt{font-size:15px;color:#4a5a6a;line-height:1.55}\n.va-actu-tl{margin:28px 0;border-left:2px solid #d5e5f1;padding-left:22px}\n.va-actu-tl .va-actu-step{position:relative;margin-bottom:20px}\n.va-actu-tl .va-actu-step:last-child{margin-bottom:0}\n.va-actu-tl .va-actu-step::before{content:\"\u25c6\";position:absolute;left:-31px;top:1px;color:#0E6BA8;font-size:13px;background:#fff;line-height:1}\n.va-actu-tl .va-actu-date{font-family:\"JetBrains Mono\",\"Inter\",monospace;font-size:12px;letter-spacing:.06em;color:#0E6BA8;margin-bottom:3px}\n.va-actu-tl .va-actu-txt{font-size:16px;color:#2b3a49}\n.va-actu-quote{font-family:\"Newsreader\",\"Inter\",serif;font-style:italic;font-size:clamp(20px,2.6vw,26px);line-height:1.4;color:#10243a;border-left:5px solid #0E6BA8;padding:6px 0 6px 24px;margin:36px 0}\n.va-actu-quote .va-actu-sig{display:block;font-family:\"JetBrains Mono\",\"Inter\",monospace;font-style:normal;font-size:12px;letter-spacing:.1em;text-transform:uppercase;color:#0E6BA8;margin-top:12px}\n.va-actu-retain{background:#10243a;color:#eef3f9;border-radius:14px;padding:26px 28px;margin:40px 0;box-shadow:0 18px 34px -20px rgba(16,36,58,.6)}\n.va-actu-retain h3,.va-actu-retain div,.va-actu-retain li,.va-actu-retain span{color:#eef3f9!important}\n.va-actu-retain strong,.va-actu-retain b{color:#ffffff!important}\n.va-actu-retain h3{margin:0 0 14px;font-size:21px}\n.va-actu-retain ul{margin:0;padding-left:0;list-style:none}\n.va-actu-retain li{position:relative;padding-left:26px;margin:0 0 10px;font-size:16.5px}\n.va-actu-retain li:last-child{margin-bottom:0}\n.va-actu-retain li::before{content:\"\u2713\";position:absolute;left:0;top:0;color:#7fc4f0!important;font-weight:700}\n.va-actu-faq{margin:34px 0}\n.va-actu-faq details{border:1px solid #e2e8ef;border-radius:12px;padding:0;margin-bottom:12px;background:#fff;transition:.25s ease}\n.va-actu-faq details:hover{border-color:#0E6BA8;box-shadow:0 10px 24px -18px rgba(16,36,58,.45)}\n.va-actu-faq summary{cursor:pointer;list-style:none;font-family:\"Newsreader\",\"Inter\",serif;font-weight:700;font-size:18px;color:#10243a;padding:16px 20px;position:relative}\n.va-actu-faq summary::-webkit-details-marker{display:none}\n.va-actu-faq summary::before{content:\"+\";color:#0E6BA8;font-weight:700;margin-right:10px}\n.va-actu-faq details[open] summary::before{content:\"\u2013\"}\n.va-actu-faq .va-actu-ans{padding:0 20px 18px;font-size:16px;color:#3c4b5b;line-height:1.62}\n.va-actu-src{font-size:14.5px;color:#5a6b7c;border-top:1px solid #e2e8ef;padding-top:16px;margin-top:34px}\n.va-actu-src a{color:#0E6BA8;text-decoration:underline;text-underline-offset:3px}\n@media(max-width:640px){.va-actu-grid{grid-template-columns:1fr}}\n<\/style>\n<div class=\"va-actu-wrap\">\n<div class=\"va-actu-kicker\">F\u00e4hrbotschafter 2025 \u00b7 Op\u00e9ration termin\u00e9e<\/div>\n<div class=\"va-actu-status\"><span aria-hidden=\"true\">\u23f1<\/span> Candidatures closes depuis le 31 mars 2025 \u2014 laur\u00e9ate d\u00e9sign\u00e9e le 26 mai 2025<\/div>\n<\/div>\n<p>Un an de travers\u00e9es offertes en Europe contre quelques publications : l&rsquo;op\u00e9ration a bien exist\u00e9. Lanc\u00e9e fin janvier 2025 par le VFF, la f\u00e9d\u00e9ration allemande de la navigation et du tourisme par ferry, elle cherchait le tout premier \u00ab ambassadeur du ferry \u00bb. Elle est aujourd&rsquo;hui close \u2014 voici ce qu&rsquo;elle contenait r\u00e9ellement.<\/p>\n<div class=\"va-actu-wrap\">\n<div class=\"va-actu-ess\">\n<h3>L&rsquo;essentiel<\/h3>\n<ul>\n<li><strong>Quoi<\/strong> \u2014 un an de travers\u00e9es gratuites sur le r\u00e9seau de dix compagnies europ\u00e9ennes, pour une dotation annonc\u00e9e \u00e0 plus de 10 000 euros.<\/li>\n<li><strong>Qui et quand<\/strong> \u2014 campagne lanc\u00e9e le 30 janvier 2025 par le Verband der F\u00e4hrschifffahrt und F\u00e4hrtouristik (VFF) ; cl\u00f4ture des candidatures le 31 mars 2025.<\/li>\n<li><strong>Pourquoi \u00e7a compte<\/strong> \u2014 c&rsquo;est termin\u00e9 : la laur\u00e9ate a \u00e9t\u00e9 annonc\u00e9e le 26 mai 2025 et aucune nouvelle \u00e9dition n&rsquo;a suivi.<\/li>\n<\/ul>\n<\/div>\n<\/div>\n<h2>Un voyage \u00e0 travers l&rsquo;Europe<\/h2>\n<p>Le r\u00f4le couvrait bien toute l&rsquo;Europe. La dotation r\u00e9unissait une vingtaine de travers\u00e9es \u2014 le VFF parlait de \u00ab pr\u00e8s de 30 \u00bb, le d\u00e9compte d\u00e9taill\u00e9 publi\u00e9 \u00e0 l&rsquo;\u00e9poque en recensait environ 26, plus une mini-croisi\u00e8re \u2014 auxquelles s&rsquo;ajoutaient des bons pour l&rsquo;h\u00e9bergement, le carburant et des visites touristiques, pour plus de 10 000 euros au total.<\/p>\n<p>Les destinations annonc\u00e9es ne relevaient pas du fantasme : un aller-retour vers la Corse, la Sardaigne et les Bal\u00e9ares avec Corsica Ferries, et une mini-croisi\u00e8re de Kiel \u00e0 Oslo pour deux personnes avec Color Line. Dix compagnies europ\u00e9ennes s&rsquo;\u00e9taient associ\u00e9es pour remettre le ferry en avant comme voyage flexible et moins \u00e9metteur.<img decoding=\"async\" width=\"1024\" height=\"576\" src=\"https:\/\/voyage-aventure.com\/blog\/wp-content\/uploads\/2025\/02\/stability-devenez-ambassadeur-du-ferry-et-voyagez-gratuitement-a-travers-leurope-1.png\" class=\"aligncenter\" alt=\"Ferry en mer illustrant la campagne d'ambassadeur du ferry lanc\u00e9e par le VFF en 2025\" title=\"Devenez ambassadeur du ferry et voyagez gratuitement \u00e0 travers l&#039;Europe\" loading=\"lazy\" \/><\/p>\n<div class=\"va-actu-wrap\">\n<div class=\"va-actu-grid\">\n<div class=\"va-actu-card\">\n<div class=\"va-actu-lbl\">Dotation<\/div>\n<div class=\"va-actu-val\">10 000 \u20ac+<\/div>\n<div class=\"va-actu-txt\">Valeur totale annonc\u00e9e par le VFF : travers\u00e9es, h\u00e9bergement, carburant et visites.<\/div>\n<\/p><\/div>\n<div class=\"va-actu-card\">\n<div class=\"va-actu-lbl\">Compagnies<\/div>\n<div class=\"va-actu-val\">10<\/div>\n<div class=\"va-actu-txt\">R\u00e9seau ouvert au laur\u00e9at, en mer du Nord, en mer Baltique et en M\u00e9diterran\u00e9e.<\/div>\n<\/p><\/div>\n<div class=\"va-actu-card\">\n<div class=\"va-actu-lbl\">Candidatures<\/div>\n<div class=\"va-actu-val\">\u2248 300<\/div>\n<div class=\"va-actu-txt\">Re\u00e7ues entre le lancement de janvier et la cl\u00f4ture du 31 mars 2025.<\/div>\n<\/p><\/div>\n<\/div>\n<\/div>\n<h2>Les conditions qu&rsquo;il fallait remplir<\/h2>\n<p>Le VFF ne cherchait ni influenceur professionnel ni blogueur voyage install\u00e9. Le communiqu\u00e9 insistait sur l&rsquo;authenticit\u00e9 : des personnalit\u00e9s cr\u00e9atives et passionn\u00e9es de voyage, ind\u00e9pendamment de la taille de leur audience. La seule modalit\u00e9 document\u00e9e par la f\u00e9d\u00e9ration \u00e9tait la publication d&rsquo;un court contenu sur les r\u00e9seaux sociaux, \u00e9valu\u00e9 par un jury.<\/p>\n<p>Aucune r\u00e9mun\u00e9ration en argent n&rsquo;\u00e9tait pr\u00e9vue : la contrepartie \u00e9tait la dotation en travers\u00e9es et en bons. Plusieurs des voyages propos\u00e9s \u00e9taient dimensionn\u00e9s pour deux \u00e0 quatre personnes, certains enfants compris \u2014 de quoi partir accompagn\u00e9 sur une partie du programme.<\/p>\n<h2>Comment on postulait<\/h2>\n<p>Les candidatures passaient par la page d\u00e9di\u00e9e ouverte par le VFF, avec une date limite au 31 mars 2025. Cette page n&rsquo;est plus en ligne : la f\u00e9d\u00e9ration a referm\u00e9 le dispositif apr\u00e8s la d\u00e9signation de sa laur\u00e9ate. Toute page qui pr\u00e9tendrait encore recueillir des candidatures pour cette \u00e9dition est donc \u00e0 consid\u00e9rer avec la plus grande m\u00e9fiance.<\/p>\n<blockquote class=\"va-actu-quote\"><p>\u00ab Voyager, c&rsquo;est d\u00e9couvrir que tout le monde a tort sur les autres pays. \u00bb<span class=\"va-actu-sig\">Aldous Huxley<\/span><\/p><\/blockquote>\n<h2>Contexte : qui est le VFF<\/h2>\n<p>Le Verband der F\u00e4hrschifffahrt und F\u00e4hrtouristik e.V. f\u00e9d\u00e8re les compagnies de ferry allemandes, les op\u00e9rateurs internationaux repr\u00e9sent\u00e9s en Allemagne et leurs partenaires touristiques. Fond\u00e9e en 1995 par quinze compagnies, elle en regroupe aujourd&rsquo;hui une soixantaine ; son secr\u00e9tariat, \u00e0 Hambourg, est dirig\u00e9 par Steffen Schiemann. Une organisation bien identifi\u00e9e du secteur, pas un interm\u00e9diaire mont\u00e9 pour l&rsquo;occasion.<\/p>\n<h2>Ce que \u00e7a change aujourd&rsquo;hui<\/h2>\n<p>Le 26 mai 2025, le VFF a d\u00e9sign\u00e9 la premi\u00e8re ambassadrice du ferry d&rsquo;Allemagne : Svea Landschoof, 31 ans, photographe et conceptrice m\u00e9dia, n\u00e9e \u00e0 Flensbourg et install\u00e9e en Su\u00e8de. Retenue par le jury parmi environ 300 candidatures, elle parcourt depuis le r\u00e9seau des dix compagnies partenaires en mettant en avant les trajets combin\u00e9s train-ferry.<\/p>\n<p>Pour qui d\u00e9couvre cet article aujourd&rsquo;hui, la conclusion est simple : l&rsquo;\u00e9dition 2025 appartient au pass\u00e9 et rien ne permet d&rsquo;affirmer qu&rsquo;une suite est programm\u00e9e. Une \u00e9ventuelle nouvelle \u00e9dition serait annonc\u00e9e sur le site officiel de la f\u00e9d\u00e9ration.<\/p>\n<div class=\"va-actu-wrap\">\n<div class=\"va-actu-tl\">\n<div class=\"va-actu-step\">\n<div class=\"va-actu-date\">30 janvier 2025<\/div>\n<div class=\"va-actu-txt\">Le VFF lance l&rsquo;appel \u00e0 candidatures pour son premier ambassadeur du ferry.<\/div>\n<\/p><\/div>\n<div class=\"va-actu-step\">\n<div class=\"va-actu-date\">31 mars 2025<\/div>\n<div class=\"va-actu-txt\">Cl\u00f4ture des candidatures.<\/div>\n<\/p><\/div>\n<div class=\"va-actu-step\">\n<div class=\"va-actu-date\">26 mai 2025<\/div>\n<div class=\"va-actu-txt\">Svea Landschoof est d\u00e9sign\u00e9e premi\u00e8re ambassadrice du ferry.<\/div>\n<\/p><\/div>\n<\/div>\n<div class=\"va-actu-retain\">\n<h3>\u00c0 retenir<\/h3>\n<ul>\n<li>L&rsquo;op\u00e9ration \u00e9tait <strong>r\u00e9elle<\/strong> et port\u00e9e par une f\u00e9d\u00e9ration professionnelle identifi\u00e9e, le VFF.<\/li>\n<li>Elle est <strong>close<\/strong> : candidatures termin\u00e9es le 31 mars 2025, laur\u00e9ate annonc\u00e9e le 26 mai 2025.<\/li>\n<li>La dotation portait sur une vingtaine de travers\u00e9es et des bons, pour <strong>plus de 10 000 euros<\/strong>, sans r\u00e9mun\u00e9ration en argent.<\/li>\n<li>Aucune nouvelle \u00e9dition n&rsquo;a \u00e9t\u00e9 annonc\u00e9e : se r\u00e9f\u00e9rer au <strong>site officiel du VFF<\/strong>, jamais \u00e0 un interm\u00e9diaire.<\/li>\n<\/ul>\n<\/div>\n<div class=\"va-actu-faq\">\n<details>\n<summary>Peut-on encore postuler pour devenir ambassadeur du ferry ?<\/summary>\n<div class=\"va-actu-ans\">Non. Les candidatures \u00e9taient closes le 31 mars 2025 et la laur\u00e9ate a \u00e9t\u00e9 d\u00e9sign\u00e9e le 26 mai 2025. La page de candidature ouverte par le VFF n&rsquo;est plus accessible.<\/div>\n<\/details>\n<details>\n<summary>Qui a \u00e9t\u00e9 choisi comme ambassadeur du ferry ?<\/summary>\n<div class=\"va-actu-ans\">Svea Landschoof, 31 ans, photographe et conceptrice m\u00e9dia, n\u00e9e \u00e0 Flensbourg et install\u00e9e en Su\u00e8de, retenue parmi environ 300 candidatures.<\/div>\n<\/details>\n<details>\n<summary>L&rsquo;op\u00e9ration \u00e9tait-elle r\u00e9mun\u00e9r\u00e9e ?<\/summary>\n<div class=\"va-actu-ans\">Non, pas en argent. La contrepartie annonc\u00e9e \u00e9tait une dotation de plus de 10 000 euros en travers\u00e9es et en bons pour l&rsquo;h\u00e9bergement, le carburant et des visites.<\/div>\n<\/details>\n<details>\n<summary>Une nouvelle \u00e9dition est-elle pr\u00e9vue ?<\/summary>\n<div class=\"va-actu-ans\">Aucune nouvelle \u00e9dition n&rsquo;a \u00e9t\u00e9 annonc\u00e9e \u00e0 ce jour. Le site officiel de la f\u00e9d\u00e9ration reste la seule source \u00e0 consulter ; toute plateforme tierce promettant des inscriptions doit \u00eatre tenue pour suspecte.<\/div>\n<\/details>\n<\/div>\n<div class=\"va-actu-src\">Source officielle : <a href=\"https:\/\/www.faehrverband.com\/\" target=\"_blank\" rel=\"noopener nofollow\">Verband der F\u00e4hrschifffahrt und F\u00e4hrtouristik e.V. (VFF)<\/a> \u2014 communiqu\u00e9s du 30 janvier et du 26 mai 2025.<\/div>\n<\/div>\n","protected":false},"excerpt":{"rendered":"","protected":false},"author":34,"featured_media":11460,"comment_status":"open","ping_status":"open","sticky":false,"template":"","format":"standard","meta":{"_acf_changed":false,"manual_indexmenow":false,"indexmenow_id_project":0,"footnotes":""},"categories":[1],"tags":[4538,4639,4527,4530,4526],"class_list":["post-11459","post","type-post","status-publish","format-standard","has-post-thumbnail","hentry","category-a-la-une","tag-activites-variees","tag-aventure","tag-decouverte-culturelle","tag-escapade-en-europe","tag-voyage-economique","generate-columns","tablet-grid-50","mobile-grid-100","grid-parent","grid-25"],"acf":[],"yoast_head":"<!-- This site is optimized with the Yoast SEO Premium plugin v21.3 (Yoast SEO v25.1) - https:\/\/yoast.com\/wordpress\/plugins\/seo\/ -->\n<title>Devenez ambassadeur du ferry et voyagez gratuitement \u00e0<\/title>\n<meta name=\"description\" content=\"C&#039;est exactement ce que propose l&#039;association de la navigation et du tourisme par ferry (VFF) en recherchant des candidats pour devenir ambassadeurs du\" \/>\n<meta name=\"robots\" content=\"index, follow, max-snippet:-1, max-image-preview:large, max-video-preview:-1\" \/>\n<link rel=\"canonical\" href=\"https:\/\/voyage-aventure.com\/blog\/a-la-une\/devenez-ambassadeur-du-ferry-et-voyagez-gratuitement-a-travers-leurope\/\" \/>\n<meta property=\"og:locale\" content=\"fr_FR\" \/>\n<meta property=\"og:type\" content=\"article\" \/>\n<meta property=\"og:title\" content=\"Devenez ambassadeur du ferry et voyagez gratuitement \u00e0\" \/>\n<meta property=\"og:description\" content=\"C&#039;est exactement ce que propose l&#039;association de la navigation et du tourisme par ferry (VFF) en recherchant des candidats pour devenir ambassadeurs du\" \/>\n<meta property=\"og:url\" content=\"https:\/\/voyage-aventure.com\/blog\/a-la-une\/devenez-ambassadeur-du-ferry-et-voyagez-gratuitement-a-travers-leurope\/\" \/>\n<meta property=\"og:site_name\" content=\"voyage-aventure\" \/>\n<meta property=\"og:image\" content=\"https:\/\/voyage-aventure.com\/blog\/wp-content\/uploads\/2025\/02\/stability-devenez-ambassadeur-du-ferry-et-voyagez-gratuitement-a-travers-leurope.png\" \/>\n\t<meta property=\"og:image:width\" content=\"1024\" \/>\n\t<meta property=\"og:image:height\" content=\"576\" \/>\n\t<meta property=\"og:image:type\" content=\"image\/png\" \/>\n<meta name=\"author\" content=\"Camille Rouvray\" \/>\n<meta name=\"twitter:card\" content=\"summary_large_image\" \/>\n<script type=\"application\/ld+json\" class=\"yoast-schema-graph\">{\"@context\":\"https:\/\/schema.org\",\"@graph\":[{\"@type\":\"NewsArticle\",\"@id\":\"https:\/\/voyage-aventure.com\/blog\/a-la-une\/devenez-ambassadeur-du-ferry-et-voyagez-gratuitement-a-travers-leurope\/#article\",\"isPartOf\":{\"@id\":\"https:\/\/voyage-aventure.com\/blog\/a-la-une\/devenez-ambassadeur-du-ferry-et-voyagez-gratuitement-a-travers-leurope\/\"},\"author\":{\"name\":\"Camille Rouvray\",\"@id\":\"https:\/\/voyage-aventure.com\/blog\/#\/schema\/person\/3c864cdc320801e3db34b663e7e3f816\"},\"headline\":\"Devenez ambassadeur du ferry et voyagez gratuitement \u00e0 travers l&rsquo;Europe\",\"datePublished\":\"2026-09-01T08:04:37+00:00\",\"mainEntityOfPage\":{\"@id\":\"https:\/\/voyage-aventure.com\/blog\/a-la-une\/devenez-ambassadeur-du-ferry-et-voyagez-gratuitement-a-travers-leurope\/\"},\"wordCount\":976,\"commentCount\":22,\"publisher\":{\"@id\":\"https:\/\/voyage-aventure.com\/blog\/#organization\"},\"image\":{\"@id\":\"https:\/\/voyage-aventure.com\/blog\/a-la-une\/devenez-ambassadeur-du-ferry-et-voyagez-gratuitement-a-travers-leurope\/#primaryimage\"},\"thumbnailUrl\":\"https:\/\/voyage-aventure.com\/blog\/wp-content\/uploads\/2025\/02\/stability-devenez-ambassadeur-du-ferry-et-voyagez-gratuitement-a-travers-leurope.png\",\"keywords\":[\"Activit\u00e9s Vari\u00e9es\",\"Aventure\",\"D\u00e9couverte Culturelle\",\"Escapade en Europe\",\"Voyage \u00c9conomique\"],\"articleSection\":[\"\u00c0 la une\"],\"inLanguage\":\"fr-FR\",\"potentialAction\":[{\"@type\":\"CommentAction\",\"name\":\"Comment\",\"target\":[\"https:\/\/voyage-aventure.com\/blog\/a-la-une\/devenez-ambassadeur-du-ferry-et-voyagez-gratuitement-a-travers-leurope\/#respond\"]}]},{\"@type\":\"WebPage\",\"@id\":\"https:\/\/voyage-aventure.com\/blog\/a-la-une\/devenez-ambassadeur-du-ferry-et-voyagez-gratuitement-a-travers-leurope\/\",\"url\":\"https:\/\/voyage-aventure.com\/blog\/a-la-une\/devenez-ambassadeur-du-ferry-et-voyagez-gratuitement-a-travers-leurope\/\",\"name\":\"Devenez ambassadeur du ferry et voyagez gratuitement \u00e0\",\"isPartOf\":{\"@id\":\"https:\/\/voyage-aventure.com\/blog\/#website\"},\"primaryImageOfPage\":{\"@id\":\"https:\/\/voyage-aventure.com\/blog\/a-la-une\/devenez-ambassadeur-du-ferry-et-voyagez-gratuitement-a-travers-leurope\/#primaryimage\"},\"image\":{\"@id\":\"https:\/\/voyage-aventure.com\/blog\/a-la-une\/devenez-ambassadeur-du-ferry-et-voyagez-gratuitement-a-travers-leurope\/#primaryimage\"},\"thumbnailUrl\":\"https:\/\/voyage-aventure.com\/blog\/wp-content\/uploads\/2025\/02\/stability-devenez-ambassadeur-du-ferry-et-voyagez-gratuitement-a-travers-leurope.png\",\"datePublished\":\"2026-09-01T08:04:37+00:00\",\"description\":\"C'est exactement ce que propose l'association de la navigation et du tourisme par ferry (VFF) en recherchant des candidats pour devenir ambassadeurs du\",\"inLanguage\":\"fr-FR\",\"potentialAction\":[{\"@type\":\"ReadAction\",\"target\":[\"https:\/\/voyage-aventure.com\/blog\/a-la-une\/devenez-ambassadeur-du-ferry-et-voyagez-gratuitement-a-travers-leurope\/\"]}]},{\"@type\":\"ImageObject\",\"inLanguage\":\"fr-FR\",\"@id\":\"https:\/\/voyage-aventure.com\/blog\/a-la-une\/devenez-ambassadeur-du-ferry-et-voyagez-gratuitement-a-travers-leurope\/#primaryimage\",\"url\":\"https:\/\/voyage-aventure.com\/blog\/wp-content\/uploads\/2025\/02\/stability-devenez-ambassadeur-du-ferry-et-voyagez-gratuitement-a-travers-leurope.png\",\"contentUrl\":\"https:\/\/voyage-aventure.com\/blog\/wp-content\/uploads\/2025\/02\/stability-devenez-ambassadeur-du-ferry-et-voyagez-gratuitement-a-travers-leurope.png\",\"width\":1024,\"height\":576},{\"@type\":\"WebSite\",\"@id\":\"https:\/\/voyage-aventure.com\/blog\/#website\",\"url\":\"https:\/\/voyage-aventure.com\/blog\/\",\"name\":\"voyage-aventure.com\",\"description\":\"Votre passeport pour l\u2019inattendu.\",\"publisher\":{\"@id\":\"https:\/\/voyage-aventure.com\/blog\/#organization\"},\"alternateName\":\"Votre passeport pour l\u2019inattendu.\",\"potentialAction\":[{\"@type\":\"SearchAction\",\"target\":{\"@type\":\"EntryPoint\",\"urlTemplate\":\"https:\/\/voyage-aventure.com\/blog\/?s={search_term_string}\"},\"query-input\":{\"@type\":\"PropertyValueSpecification\",\"valueRequired\":true,\"valueName\":\"search_term_string\"}}],\"inLanguage\":\"fr-FR\"},{\"@type\":\"Organization\",\"@id\":\"https:\/\/voyage-aventure.com\/blog\/#organization\",\"name\":\"Foretsensations.fr\",\"url\":\"https:\/\/voyage-aventure.com\/blog\/\",\"logo\":{\"@type\":\"ImageObject\",\"inLanguage\":\"fr-FR\",\"@id\":\"https:\/\/voyage-aventure.com\/blog\/#\/schema\/logo\/image\/\",\"url\":\"https:\/\/voyage-aventure.com\/blog\/wp-content\/uploads\/2024\/12\/19.png\",\"contentUrl\":\"https:\/\/voyage-aventure.com\/blog\/wp-content\/uploads\/2024\/12\/19.png\",\"width\":512,\"height\":512,\"caption\":\"Foretsensations.fr\"},\"image\":{\"@id\":\"https:\/\/voyage-aventure.com\/blog\/#\/schema\/logo\/image\/\"}},{\"@type\":\"Person\",\"@id\":\"https:\/\/voyage-aventure.com\/blog\/#\/schema\/person\/3c864cdc320801e3db34b663e7e3f816\",\"name\":\"Camille Rouvray\",\"image\":{\"@type\":\"ImageObject\",\"inLanguage\":\"fr-FR\",\"@id\":\"https:\/\/voyage-aventure.com\/blog\/#\/schema\/person\/image\/\",\"url\":\"https:\/\/voyage-aventure.com\/blog\/wp-content\/uploads\/2026\/06\/persona_camille-r-96x96.jpg\",\"contentUrl\":\"https:\/\/voyage-aventure.com\/blog\/wp-content\/uploads\/2026\/06\/persona_camille-r-96x96.jpg\",\"caption\":\"Camille Rouvray\"},\"description\":\"Je voyage et j'\u00e9cris sur le voyage depuis une douzaine d'ann\u00e9es, d'abord en tant que routarde au long cours, puis comme r\u00e9dactrice sp\u00e9cialis\u00e9e. Mon terrain de pr\u00e9dilection, ce sont les circuits organis\u00e9s et l'art de bien pr\u00e9parer un itin\u00e9raire : choix de la saison, dur\u00e9e r\u00e9aliste des \u00e9tapes, budget jour par jour, logement et transport sur place. J'aime aussi raconter les p\u00e9pites urbaines, ces adresses qu'on ne trouve pas dans les guides classiques. Avant de publier un dossier destination, je croise toujours plusieurs sources, je v\u00e9rifie les tarifs et les formalit\u00e9s d'entr\u00e9e \u00e0 jour, et je teste moi-m\u00eame quand je le peux. Mon angle reste pratique avant tout : aider le lecteur \u00e0 partir l'esprit tranquille, sans mauvaise surprise une fois sur place. Je m'attache \u00e0 distinguer le coup de c\u0153ur sinc\u00e8re du simple argument marketing.\",\"sameAs\":[\"https:\/\/camillerouvray.fr\/\"],\"url\":\"https:\/\/voyage-aventure.com\/blog\/auteur\/noname\/\"}]}<\/script>\n<!-- \/ Yoast SEO Premium plugin. -->","yoast_head_json":{"title":"Devenez ambassadeur du ferry et voyagez gratuitement \u00e0","description":"C'est exactement ce que propose l'association de la navigation et du tourisme par ferry (VFF) en recherchant des candidats pour devenir ambassadeurs du","robots":{"index":"index","follow":"follow","max-snippet":"max-snippet:-1","max-image-preview":"max-image-preview:large","max-video-preview":"max-video-preview:-1"},"canonical":"https:\/\/voyage-aventure.com\/blog\/a-la-une\/devenez-ambassadeur-du-ferry-et-voyagez-gratuitement-a-travers-leurope\/","og_locale":"fr_FR","og_type":"article","og_title":"Devenez ambassadeur du ferry et voyagez gratuitement \u00e0","og_description":"C'est exactement ce que propose l'association de la navigation et du tourisme par ferry (VFF) en recherchant des candidats pour devenir ambassadeurs du","og_url":"https:\/\/voyage-aventure.com\/blog\/a-la-une\/devenez-ambassadeur-du-ferry-et-voyagez-gratuitement-a-travers-leurope\/","og_site_name":"voyage-aventure","og_image":[{"width":1024,"height":576,"url":"https:\/\/voyage-aventure.com\/blog\/wp-content\/uploads\/2025\/02\/stability-devenez-ambassadeur-du-ferry-et-voyagez-gratuitement-a-travers-leurope.png","type":"image\/png"}],"author":"Camille Rouvray","twitter_card":"summary_large_image","schema":{"@context":"https:\/\/schema.org","@graph":[{"@type":"NewsArticle","@id":"https:\/\/voyage-aventure.com\/blog\/a-la-une\/devenez-ambassadeur-du-ferry-et-voyagez-gratuitement-a-travers-leurope\/#article","isPartOf":{"@id":"https:\/\/voyage-aventure.com\/blog\/a-la-une\/devenez-ambassadeur-du-ferry-et-voyagez-gratuitement-a-travers-leurope\/"},"author":{"name":"Camille Rouvray","@id":"https:\/\/voyage-aventure.com\/blog\/#\/schema\/person\/3c864cdc320801e3db34b663e7e3f816"},"headline":"Devenez ambassadeur du ferry et voyagez gratuitement \u00e0 travers l&rsquo;Europe","datePublished":"2026-09-01T08:04:37+00:00","mainEntityOfPage":{"@id":"https:\/\/voyage-aventure.com\/blog\/a-la-une\/devenez-ambassadeur-du-ferry-et-voyagez-gratuitement-a-travers-leurope\/"},"wordCount":976,"commentCount":22,"publisher":{"@id":"https:\/\/voyage-aventure.com\/blog\/#organization"},"image":{"@id":"https:\/\/voyage-aventure.com\/blog\/a-la-une\/devenez-ambassadeur-du-ferry-et-voyagez-gratuitement-a-travers-leurope\/#primaryimage"},"thumbnailUrl":"https:\/\/voyage-aventure.com\/blog\/wp-content\/uploads\/2025\/02\/stability-devenez-ambassadeur-du-ferry-et-voyagez-gratuitement-a-travers-leurope.png","keywords":["Activit\u00e9s Vari\u00e9es","Aventure","D\u00e9couverte Culturelle","Escapade en Europe","Voyage \u00c9conomique"],"articleSection":["\u00c0 la une"],"inLanguage":"fr-FR","potentialAction":[{"@type":"CommentAction","name":"Comment","target":["https:\/\/voyage-aventure.com\/blog\/a-la-une\/devenez-ambassadeur-du-ferry-et-voyagez-gratuitement-a-travers-leurope\/#respond"]}]},{"@type":"WebPage","@id":"https:\/\/voyage-aventure.com\/blog\/a-la-une\/devenez-ambassadeur-du-ferry-et-voyagez-gratuitement-a-travers-leurope\/","url":"https:\/\/voyage-aventure.com\/blog\/a-la-une\/devenez-ambassadeur-du-ferry-et-voyagez-gratuitement-a-travers-leurope\/","name":"Devenez ambassadeur du ferry et voyagez gratuitement \u00e0","isPartOf":{"@id":"https:\/\/voyage-aventure.com\/blog\/#website"},"primaryImageOfPage":{"@id":"https:\/\/voyage-aventure.com\/blog\/a-la-une\/devenez-ambassadeur-du-ferry-et-voyagez-gratuitement-a-travers-leurope\/#primaryimage"},"image":{"@id":"https:\/\/voyage-aventure.com\/blog\/a-la-une\/devenez-ambassadeur-du-ferry-et-voyagez-gratuitement-a-travers-leurope\/#primaryimage"},"thumbnailUrl":"https:\/\/voyage-aventure.com\/blog\/wp-content\/uploads\/2025\/02\/stability-devenez-ambassadeur-du-ferry-et-voyagez-gratuitement-a-travers-leurope.png","datePublished":"2026-09-01T08:04:37+00:00","description":"C'est exactement ce que propose l'association de la navigation et du tourisme par ferry (VFF) en recherchant des candidats pour devenir ambassadeurs du","inLanguage":"fr-FR","potentialAction":[{"@type":"ReadAction","target":["https:\/\/voyage-aventure.com\/blog\/a-la-une\/devenez-ambassadeur-du-ferry-et-voyagez-gratuitement-a-travers-leurope\/"]}]},{"@type":"ImageObject","inLanguage":"fr-FR","@id":"https:\/\/voyage-aventure.com\/blog\/a-la-une\/devenez-ambassadeur-du-ferry-et-voyagez-gratuitement-a-travers-leurope\/#primaryimage","url":"https:\/\/voyage-aventure.com\/blog\/wp-content\/uploads\/2025\/02\/stability-devenez-ambassadeur-du-ferry-et-voyagez-gratuitement-a-travers-leurope.png","contentUrl":"https:\/\/voyage-aventure.com\/blog\/wp-content\/uploads\/2025\/02\/stability-devenez-ambassadeur-du-ferry-et-voyagez-gratuitement-a-travers-leurope.png","width":1024,"height":576},{"@type":"WebSite","@id":"https:\/\/voyage-aventure.com\/blog\/#website","url":"https:\/\/voyage-aventure.com\/blog\/","name":"voyage-aventure.com","description":"Votre passeport pour l\u2019inattendu.","publisher":{"@id":"https:\/\/voyage-aventure.com\/blog\/#organization"},"alternateName":"Votre passeport pour l\u2019inattendu.","potentialAction":[{"@type":"SearchAction","target":{"@type":"EntryPoint","urlTemplate":"https:\/\/voyage-aventure.com\/blog\/?s={search_term_string}"},"query-input":{"@type":"PropertyValueSpecification","valueRequired":true,"valueName":"search_term_string"}}],"inLanguage":"fr-FR"},{"@type":"Organization","@id":"https:\/\/voyage-aventure.com\/blog\/#organization","name":"Foretsensations.fr","url":"https:\/\/voyage-aventure.com\/blog\/","logo":{"@type":"ImageObject","inLanguage":"fr-FR","@id":"https:\/\/voyage-aventure.com\/blog\/#\/schema\/logo\/image\/","url":"https:\/\/voyage-aventure.com\/blog\/wp-content\/uploads\/2024\/12\/19.png","contentUrl":"https:\/\/voyage-aventure.com\/blog\/wp-content\/uploads\/2024\/12\/19.png","width":512,"height":512,"caption":"Foretsensations.fr"},"image":{"@id":"https:\/\/voyage-aventure.com\/blog\/#\/schema\/logo\/image\/"}},{"@type":"Person","@id":"https:\/\/voyage-aventure.com\/blog\/#\/schema\/person\/3c864cdc320801e3db34b663e7e3f816","name":"Camille Rouvray","image":{"@type":"ImageObject","inLanguage":"fr-FR","@id":"https:\/\/voyage-aventure.com\/blog\/#\/schema\/person\/image\/","url":"https:\/\/voyage-aventure.com\/blog\/wp-content\/uploads\/2026\/06\/persona_camille-r-96x96.jpg","contentUrl":"https:\/\/voyage-aventure.com\/blog\/wp-content\/uploads\/2026\/06\/persona_camille-r-96x96.jpg","caption":"Camille Rouvray"},"description":"Je voyage et j'\u00e9cris sur le voyage depuis une douzaine d'ann\u00e9es, d'abord en tant que routarde au long cours, puis comme r\u00e9dactrice sp\u00e9cialis\u00e9e. Mon terrain de pr\u00e9dilection, ce sont les circuits organis\u00e9s et l'art de bien pr\u00e9parer un itin\u00e9raire : choix de la saison, dur\u00e9e r\u00e9aliste des \u00e9tapes, budget jour par jour, logement et transport sur place. J'aime aussi raconter les p\u00e9pites urbaines, ces adresses qu'on ne trouve pas dans les guides classiques. Avant de publier un dossier destination, je croise toujours plusieurs sources, je v\u00e9rifie les tarifs et les formalit\u00e9s d'entr\u00e9e \u00e0 jour, et je teste moi-m\u00eame quand je le peux. Mon angle reste pratique avant tout : aider le lecteur \u00e0 partir l'esprit tranquille, sans mauvaise surprise une fois sur place. Je m'attache \u00e0 distinguer le coup de c\u0153ur sinc\u00e8re du simple argument marketing.","sameAs":["https:\/\/camillerouvray.fr\/"],"url":"https:\/\/voyage-aventure.com\/blog\/auteur\/noname\/"}]}},"_links":{"self":[{"href":"https:\/\/voyage-aventure.com\/blog\/wp-json\/wp\/v2\/posts\/11459","targetHints":{"allow":["GET"]}}],"collection":[{"href":"https:\/\/voyage-aventure.com\/blog\/wp-json\/wp\/v2\/posts"}],"about":[{"href":"https:\/\/voyage-aventure.com\/blog\/wp-json\/wp\/v2\/types\/post"}],"author":[{"embeddable":true,"href":"https:\/\/voyage-aventure.com\/blog\/wp-json\/wp\/v2\/users\/34"}],"replies":[{"embeddable":true,"href":"https:\/\/voyage-aventure.com\/blog\/wp-json\/wp\/v2\/comments?post=11459"}],"version-history":[{"count":3,"href":"https:\/\/voyage-aventure.com\/blog\/wp-json\/wp\/v2\/posts\/11459\/revisions"}],"predecessor-version":[{"id":23255,"href":"https:\/\/voyage-aventure.com\/blog\/wp-json\/wp\/v2\/posts\/11459\/revisions\/23255"}],"wp:featuredmedia":[{"embeddable":true,"href":"https:\/\/voyage-aventure.com\/blog\/wp-json\/wp\/v2\/media\/11460"}],"wp:attachment":[{"href":"https:\/\/voyage-aventure.com\/blog\/wp-json\/wp\/v2\/media?parent=11459"}],"wp:term":[{"taxonomy":"category","embeddable":true,"href":"https:\/\/voyage-aventure.com\/blog\/wp-json\/wp\/v2\/categories?post=11459"},{"taxonomy":"post_tag","embeddable":true,"href":"https:\/\/voyage-aventure.com\/blog\/wp-json\/wp\/v2\/tags?post=11459"}],"curies":[{"name":"wp","href":"https:\/\/api.w.org\/{rel}","templated":true}]}}