{"id":11441,"date":"2025-02-21T10:45:40","date_gmt":"2025-02-21T09:45:40","guid":{"rendered":"https:\/\/voyage-aventure.com\/blog\/a-la-une\/voyage-perturbe-en-belgique-que-faire-face-aux-greves-de-train-de-neuf-jours\/"},"modified":"2025-02-21T10:45:09","modified_gmt":"2025-02-21T09:45:09","slug":"voyage-perturbe-en-belgique-que-faire-face-aux-greves-de-train-de-neuf-jours","status":"publish","type":"post","link":"https:\/\/voyage-aventure.com\/blog\/a-la-une\/voyage-perturbe-en-belgique-que-faire-face-aux-greves-de-train-de-neuf-jours\/","title":{"rendered":"Voyage perturb\u00e9 en Belgique : que faire face aux gr\u00e8ves de train de neuf jours ?"},"content":{"rendered":"<\/p>\n<p data--styled=\"true\">ADVERTISEMENT<\/p>\n<p>Ce matin, la Belgique est d\u00e9j\u00e0 confront\u00e9e \u00e0 d&rsquo;importantes perturbations de voyage avec le d\u00e9but d&rsquo;une gr\u00e8ve de train de neuf jours.<\/p>\n<p>Cette gr\u00e8ve nationale des chemins de fer a officiellement d\u00e9but\u00e9 aujourd&rsquo;hui (vendredi 21 f\u00e9vrier) \u00e0 22 heures et se poursuivra jusqu&rsquo;\u00e0 22 heures le 2 mars.<\/p>\n<p>Pour aggraver la situation, les travailleurs des a\u00e9roports continueront de faire gr\u00e8ve le 13 de chaque mois jusqu&rsquo;\u00e0 nouvel ordre. Le transport \u00e0 travers la Belgique devrait \u00eatre affect\u00e9 par d&rsquo;autres gr\u00e8ves et manifestations massives qui pourraient durer jusqu&rsquo;au printemps.<\/p>\n<p>Voici quelques conseils pour naviguer dans cette p\u00e9riode de perturbations de voyage en Belgique.<\/p>\n<h2>Une gr\u00e8ve ferroviaire nationale du 21 f\u00e9vrier au 2 mars<\/h2>\n<p>Les voyageurs doivent s&rsquo;attendre \u00e0 des perturbations majeures dans des villes comme Bruxelles, Anvers et Bruges, non seulement pour les trains, mais aussi pour d&rsquo;autres transports publics tels que les bus, les tramways et le m\u00e9tro.<\/p>\n<p>La Soci\u00e9t\u00e9 Nationale des Chemins de fer Belges (SNCB) a d\u00e9clar\u00e9 : \u00ab Nous comprenons et regrettons que cette gr\u00e8ve puisse interf\u00e9rer avec vos voyages \u00bb, ajoutant que \u00ab pour g\u00e9rer le nombre limit\u00e9 de trains en circulation, nous mettrons en place un service alternatif en fonction de la disponibilit\u00e9 du personnel \u00bb.<img decoding=\"async\" width=\"1024\" height=\"576\" src=\"https:\/\/voyage-aventure.com\/blog\/wp-content\/uploads\/2025\/02\/stability-voyage-perturbe-en-belgique-que-faire-face-aux-greves-de-train-de-neuf-jours-1.png\" class=\"aligncenter\" alt=\"Illustration d\u00e9taill\u00e9e sur Voyage perturb\u00e9 en Belgique : que faire face aux gr\u00e8ves de train de neuf jours ?\" title=\"Voyage perturb\u00e9 en Belgique : que faire face aux gr\u00e8ves de train de neuf jours ?\" loading=\"lazy\" \/><\/p>\n<p>La plupart des employ\u00e9s de la SNCB et ceux travaillant sur l&rsquo;infrastructure ferroviaire pour Infrabel et HR-Rail seront en gr\u00e8ve, ce qui pourrait immobiliser presque enti\u00e8rement le r\u00e9seau ferroviaire belge.<\/p>\n<p>La SNCB recommande aux voyageurs de v\u00e9rifier r\u00e9guli\u00e8rement les mises \u00e0 jour via le <strong>planificateur de voyages sur son site web<\/strong> ou l&rsquo;application mobile SNCB.<\/p>\n<h2>Les usagers d\u00e9j\u00e0 m\u00e9contents des retards et annulations<\/h2>\n<p>Les effets des gr\u00e8ves ferroviaires se font d\u00e9j\u00e0 sentir chez les usagers. De nombreux t\u00e9moins font \u00e9tat de retards et d&rsquo;annulations fr\u00e9quents, provoquant frustration et d\u00e9sespoir.<\/p>\n<blockquote><p>\u00ab La SNCB ose faire gr\u00e8ve pendant dix jours et complique encore plus la vie des gens \u00bb, a d\u00e9clar\u00e9 un usager sur les r\u00e9seaux sociaux.<\/p><\/blockquote>\n<p>Un autre utilisateur a exprim\u00e9 son indignation en \u00e9crivant : \u00ab Que se passe-t-il avec les chemins de fer belges ! Comment cela ne peut-il pas \u00eatre r\u00e9solu depuis si longtemps ? \u00bb<\/p>\n<p><iframe loading=\"lazy\" title=\"Trains : Perturbations sur le trafic belge\" width=\"1200\" height=\"675\" src=\"https:\/\/www.youtube.com\/embed\/BbepBh9magQ?feature=oembed\" frameborder=\"0\" allow=\"accelerometer; autoplay; clipboard-write; encrypted-media; gyroscope; picture-in-picture; web-share\" referrerpolicy=\"strict-origin-when-cross-origin\" allowfullscreen><\/iframe><\/p>\n<h2>Une gr\u00e8ve nationale apr\u00e8s des manifestations massives \u00e0 Bruxelles<\/h2>\n<p>Une partie des Belges s&rsquo;oppose \u00e0 la nouvelle coalition gouvernementale, s&rsquo;exprimant dans les rues pour faire entendre leur voix. Les estimations indiquent qu&rsquo;environ 50 000 personnes ont manifest\u00e9 \u00e0 Bruxelles hier, selon des responsables syndicaux.<\/p>\n<p>Ces manifestations visent \u00e0 aborder les \u00ab d\u00e9s\u00e9quilibres \u00bb concernant les services publics et le pouvoir d&rsquo;achat dans l&rsquo;agenda du gouvernement de coalition. Les pr\u00e9occupations portent sur la r\u00e9duction des services publics, des mesures plus strictes concernant les allocations ch\u00f4mage, la r\u00e9forme des retraites et la flexibilit\u00e9 au travail.<\/p>\n<h2>Pourquoi autant de gr\u00e8ves en Belgique ?<\/h2>\n<p>La majorit\u00e9 des gr\u00e8ves ciblent les nouvelles politiques gouvernementales. Bien que des n\u00e9gociations avec les syndicats soient en cours, les tensions demeurent \u00e9lev\u00e9es.<\/p>\n<p>Les raisons principales des actions industrielles dans le secteur ferroviaire sont les r\u00e9formes des retraites, les changements dans le droit du travail et les coupes budg\u00e9taires \u00e0 la SNCB. Les gr\u00e8ves co\u00efncident \u00e9galement avec les vacances scolaires dans l&rsquo;enseignement francophone.<\/p>\n<h2>Les passagers sont-ils en droit de demander une compensation pendant une gr\u00e8ve ?<\/h2>\n<p>Les conditions normales de remboursement ou d&rsquo;\u00e9change de votre <strong>billet<\/strong> restent inchang\u00e9es, m\u00eame en cas de gr\u00e8ve, car la l\u00e9gislation europ\u00e9enne impose aux compagnies de transport de faire parvenir les voyageurs \u00e0 leur destination finale ou de les rembourser.<\/p>\n<p>Si vous d\u00e9cidez de voyager malgr\u00e9 un retard, vous pourriez \u00eatre \u00e9ligible \u00e0 un remboursement partiel ou total, selon le temps de retard. Si votre <strong>train<\/strong> accuse plus de 60 minutes de retard, vous pouvez choisir de ne pas voyager et obtenir un remboursement complet.<\/p>\n<p>Pour plus d&rsquo;informations sur la mani\u00e8re de r\u00e9clamer un remboursement, consultez la page d\u00e9di\u00e9e de la SNCB.<\/p>\n<p data--styled=\"true\">ADVERTISEMENT<\/p>\n<p>Cet article aborde les gr\u00e8ves en Belgique sous un angle engageant et informatif, tout en respectant les instructions fournies.<\/p>\n","protected":false},"excerpt":{"rendered":"","protected":false},"author":34,"featured_media":11442,"comment_status":"open","ping_status":"open","sticky":false,"template":"","format":"standard","meta":{"_acf_changed":false,"manual_indexmenow":false,"indexmenow_id_project":0,"footnotes":""},"categories":[1],"tags":[4620,4646,4680,3170,4635],"class_list":["post-11441","post","type-post","status-publish","format-standard","has-post-thumbnail","hentry","category-a-la-une","tag-annulation-de-voyage","tag-assistance","tag-conseils","tag-securite","tag-voyage","generate-columns","tablet-grid-50","mobile-grid-100","grid-parent","grid-25"],"acf":[],"yoast_head":"<!-- This site is optimized with the Yoast SEO Premium plugin v21.3 (Yoast SEO v25.1) - https:\/\/yoast.com\/wordpress\/plugins\/seo\/ -->\n<title>Voyage perturb\u00e9 en Belgique : que faire face aux gr\u00e8ves de<\/title>\n<meta name=\"description\" content=\"Ce matin, la Belgique est d\u00e9j\u00e0 confront\u00e9e \u00e0 d&#039;importantes perturbations de voyage avec le d\u00e9but d&#039;une gr\u00e8ve de train de neuf jours\" \/>\n<meta name=\"robots\" content=\"index, follow, max-snippet:-1, max-image-preview:large, max-video-preview:-1\" \/>\n<link rel=\"canonical\" href=\"https:\/\/voyage-aventure.com\/blog\/a-la-une\/voyage-perturbe-en-belgique-que-faire-face-aux-greves-de-train-de-neuf-jours\/\" \/>\n<meta property=\"og:locale\" content=\"fr_FR\" \/>\n<meta property=\"og:type\" content=\"article\" \/>\n<meta property=\"og:title\" content=\"Voyage perturb\u00e9 en Belgique : que faire face aux gr\u00e8ves de\" \/>\n<meta property=\"og:description\" content=\"Ce matin, la Belgique est d\u00e9j\u00e0 confront\u00e9e \u00e0 d&#039;importantes perturbations de voyage avec le d\u00e9but d&#039;une gr\u00e8ve de train de neuf jours\" \/>\n<meta property=\"og:url\" content=\"https:\/\/voyage-aventure.com\/blog\/a-la-une\/voyage-perturbe-en-belgique-que-faire-face-aux-greves-de-train-de-neuf-jours\/\" \/>\n<meta property=\"og:site_name\" content=\"voyage-aventure\" \/>\n<meta property=\"og:image\" content=\"https:\/\/voyage-aventure.com\/blog\/wp-content\/uploads\/2025\/02\/stability-voyage-perturbe-en-belgique-que-faire-face-aux-greves-de-train-de-neuf-jours.png\" \/>\n\t<meta property=\"og:image:width\" content=\"1024\" \/>\n\t<meta property=\"og:image:height\" content=\"576\" \/>\n\t<meta property=\"og:image:type\" content=\"image\/png\" \/>\n<meta name=\"author\" content=\"Camille Rouvray\" \/>\n<meta name=\"twitter:card\" content=\"summary_large_image\" \/>\n<script type=\"application\/ld+json\" class=\"yoast-schema-graph\">{\"@context\":\"https:\/\/schema.org\",\"@graph\":[{\"@type\":\"NewsArticle\",\"@id\":\"https:\/\/voyage-aventure.com\/blog\/a-la-une\/voyage-perturbe-en-belgique-que-faire-face-aux-greves-de-train-de-neuf-jours\/#article\",\"isPartOf\":{\"@id\":\"https:\/\/voyage-aventure.com\/blog\/a-la-une\/voyage-perturbe-en-belgique-que-faire-face-aux-greves-de-train-de-neuf-jours\/\"},\"author\":{\"name\":\"Camille Rouvray\",\"@id\":\"https:\/\/voyage-aventure.com\/blog\/#\/schema\/person\/3c864cdc320801e3db34b663e7e3f816\"},\"headline\":\"Voyage perturb\u00e9 en Belgique : que faire face aux gr\u00e8ves de train de neuf jours ?\",\"datePublished\":\"2025-02-21T09:45:40+00:00\",\"mainEntityOfPage\":{\"@id\":\"https:\/\/voyage-aventure.com\/blog\/a-la-une\/voyage-perturbe-en-belgique-que-faire-face-aux-greves-de-train-de-neuf-jours\/\"},\"wordCount\":712,\"commentCount\":27,\"publisher\":{\"@id\":\"https:\/\/voyage-aventure.com\/blog\/#organization\"},\"image\":{\"@id\":\"https:\/\/voyage-aventure.com\/blog\/a-la-une\/voyage-perturbe-en-belgique-que-faire-face-aux-greves-de-train-de-neuf-jours\/#primaryimage\"},\"thumbnailUrl\":\"https:\/\/voyage-aventure.com\/blog\/wp-content\/uploads\/2025\/02\/stability-voyage-perturbe-en-belgique-que-faire-face-aux-greves-de-train-de-neuf-jours.png\",\"keywords\":[\"Annulation de Voyage\",\"Assistance\",\"Conseils\",\"S\u00e9curit\u00e9\",\"Voyage\"],\"articleSection\":[\"\u00c0 la une\"],\"inLanguage\":\"fr-FR\",\"potentialAction\":[{\"@type\":\"CommentAction\",\"name\":\"Comment\",\"target\":[\"https:\/\/voyage-aventure.com\/blog\/a-la-une\/voyage-perturbe-en-belgique-que-faire-face-aux-greves-de-train-de-neuf-jours\/#respond\"]}]},{\"@type\":\"WebPage\",\"@id\":\"https:\/\/voyage-aventure.com\/blog\/a-la-une\/voyage-perturbe-en-belgique-que-faire-face-aux-greves-de-train-de-neuf-jours\/\",\"url\":\"https:\/\/voyage-aventure.com\/blog\/a-la-une\/voyage-perturbe-en-belgique-que-faire-face-aux-greves-de-train-de-neuf-jours\/\",\"name\":\"Voyage perturb\u00e9 en Belgique : que faire face aux gr\u00e8ves de\",\"isPartOf\":{\"@id\":\"https:\/\/voyage-aventure.com\/blog\/#website\"},\"primaryImageOfPage\":{\"@id\":\"https:\/\/voyage-aventure.com\/blog\/a-la-une\/voyage-perturbe-en-belgique-que-faire-face-aux-greves-de-train-de-neuf-jours\/#primaryimage\"},\"image\":{\"@id\":\"https:\/\/voyage-aventure.com\/blog\/a-la-une\/voyage-perturbe-en-belgique-que-faire-face-aux-greves-de-train-de-neuf-jours\/#primaryimage\"},\"thumbnailUrl\":\"https:\/\/voyage-aventure.com\/blog\/wp-content\/uploads\/2025\/02\/stability-voyage-perturbe-en-belgique-que-faire-face-aux-greves-de-train-de-neuf-jours.png\",\"datePublished\":\"2025-02-21T09:45:40+00:00\",\"description\":\"Ce matin, la Belgique est d\u00e9j\u00e0 confront\u00e9e \u00e0 d'importantes perturbations de voyage avec le d\u00e9but d'une gr\u00e8ve de train de neuf jours\",\"inLanguage\":\"fr-FR\",\"potentialAction\":[{\"@type\":\"ReadAction\",\"target\":[\"https:\/\/voyage-aventure.com\/blog\/a-la-une\/voyage-perturbe-en-belgique-que-faire-face-aux-greves-de-train-de-neuf-jours\/\"]}]},{\"@type\":\"ImageObject\",\"inLanguage\":\"fr-FR\",\"@id\":\"https:\/\/voyage-aventure.com\/blog\/a-la-une\/voyage-perturbe-en-belgique-que-faire-face-aux-greves-de-train-de-neuf-jours\/#primaryimage\",\"url\":\"https:\/\/voyage-aventure.com\/blog\/wp-content\/uploads\/2025\/02\/stability-voyage-perturbe-en-belgique-que-faire-face-aux-greves-de-train-de-neuf-jours.png\",\"contentUrl\":\"https:\/\/voyage-aventure.com\/blog\/wp-content\/uploads\/2025\/02\/stability-voyage-perturbe-en-belgique-que-faire-face-aux-greves-de-train-de-neuf-jours.png\",\"width\":1024,\"height\":576},{\"@type\":\"WebSite\",\"@id\":\"https:\/\/voyage-aventure.com\/blog\/#website\",\"url\":\"https:\/\/voyage-aventure.com\/blog\/\",\"name\":\"voyage-aventure.com\",\"description\":\"Votre passeport pour l\u2019inattendu.\",\"publisher\":{\"@id\":\"https:\/\/voyage-aventure.com\/blog\/#organization\"},\"alternateName\":\"Votre passeport pour l\u2019inattendu.\",\"potentialAction\":[{\"@type\":\"SearchAction\",\"target\":{\"@type\":\"EntryPoint\",\"urlTemplate\":\"https:\/\/voyage-aventure.com\/blog\/?s={search_term_string}\"},\"query-input\":{\"@type\":\"PropertyValueSpecification\",\"valueRequired\":true,\"valueName\":\"search_term_string\"}}],\"inLanguage\":\"fr-FR\"},{\"@type\":\"Organization\",\"@id\":\"https:\/\/voyage-aventure.com\/blog\/#organization\",\"name\":\"Foretsensations.fr\",\"url\":\"https:\/\/voyage-aventure.com\/blog\/\",\"logo\":{\"@type\":\"ImageObject\",\"inLanguage\":\"fr-FR\",\"@id\":\"https:\/\/voyage-aventure.com\/blog\/#\/schema\/logo\/image\/\",\"url\":\"https:\/\/voyage-aventure.com\/blog\/wp-content\/uploads\/2024\/12\/19.png\",\"contentUrl\":\"https:\/\/voyage-aventure.com\/blog\/wp-content\/uploads\/2024\/12\/19.png\",\"width\":512,\"height\":512,\"caption\":\"Foretsensations.fr\"},\"image\":{\"@id\":\"https:\/\/voyage-aventure.com\/blog\/#\/schema\/logo\/image\/\"}},{\"@type\":\"Person\",\"@id\":\"https:\/\/voyage-aventure.com\/blog\/#\/schema\/person\/3c864cdc320801e3db34b663e7e3f816\",\"name\":\"Camille Rouvray\",\"image\":{\"@type\":\"ImageObject\",\"inLanguage\":\"fr-FR\",\"@id\":\"https:\/\/voyage-aventure.com\/blog\/#\/schema\/person\/image\/\",\"url\":\"https:\/\/voyage-aventure.com\/blog\/wp-content\/uploads\/2026\/06\/persona_camille-r-96x96.jpg\",\"contentUrl\":\"https:\/\/voyage-aventure.com\/blog\/wp-content\/uploads\/2026\/06\/persona_camille-r-96x96.jpg\",\"caption\":\"Camille Rouvray\"},\"description\":\"Je voyage et j'\u00e9cris sur le voyage depuis une douzaine d'ann\u00e9es, d'abord en tant que routarde au long cours, puis comme r\u00e9dactrice sp\u00e9cialis\u00e9e. Mon terrain de pr\u00e9dilection, ce sont les circuits organis\u00e9s et l'art de bien pr\u00e9parer un itin\u00e9raire : choix de la saison, dur\u00e9e r\u00e9aliste des \u00e9tapes, budget jour par jour, logement et transport sur place. J'aime aussi raconter les p\u00e9pites urbaines, ces adresses qu'on ne trouve pas dans les guides classiques. Avant de publier un dossier destination, je croise toujours plusieurs sources, je v\u00e9rifie les tarifs et les formalit\u00e9s d'entr\u00e9e \u00e0 jour, et je teste moi-m\u00eame quand je le peux. Mon angle reste pratique avant tout : aider le lecteur \u00e0 partir l'esprit tranquille, sans mauvaise surprise une fois sur place. Je m'attache \u00e0 distinguer le coup de c\u0153ur sinc\u00e8re du simple argument marketing.\",\"sameAs\":[\"https:\/\/camillerouvray.fr\/\"],\"url\":\"https:\/\/voyage-aventure.com\/blog\/auteur\/noname\/\"}]}<\/script>\n<!-- \/ Yoast SEO Premium plugin. -->","yoast_head_json":{"title":"Voyage perturb\u00e9 en Belgique : que faire face aux gr\u00e8ves de","description":"Ce matin, la Belgique est d\u00e9j\u00e0 confront\u00e9e \u00e0 d'importantes perturbations de voyage avec le d\u00e9but d'une gr\u00e8ve de train de neuf jours","robots":{"index":"index","follow":"follow","max-snippet":"max-snippet:-1","max-image-preview":"max-image-preview:large","max-video-preview":"max-video-preview:-1"},"canonical":"https:\/\/voyage-aventure.com\/blog\/a-la-une\/voyage-perturbe-en-belgique-que-faire-face-aux-greves-de-train-de-neuf-jours\/","og_locale":"fr_FR","og_type":"article","og_title":"Voyage perturb\u00e9 en Belgique : que faire face aux gr\u00e8ves de","og_description":"Ce matin, la Belgique est d\u00e9j\u00e0 confront\u00e9e \u00e0 d'importantes perturbations de voyage avec le d\u00e9but d'une gr\u00e8ve de train de neuf jours","og_url":"https:\/\/voyage-aventure.com\/blog\/a-la-une\/voyage-perturbe-en-belgique-que-faire-face-aux-greves-de-train-de-neuf-jours\/","og_site_name":"voyage-aventure","og_image":[{"width":1024,"height":576,"url":"https:\/\/voyage-aventure.com\/blog\/wp-content\/uploads\/2025\/02\/stability-voyage-perturbe-en-belgique-que-faire-face-aux-greves-de-train-de-neuf-jours.png","type":"image\/png"}],"author":"Camille Rouvray","twitter_card":"summary_large_image","schema":{"@context":"https:\/\/schema.org","@graph":[{"@type":"NewsArticle","@id":"https:\/\/voyage-aventure.com\/blog\/a-la-une\/voyage-perturbe-en-belgique-que-faire-face-aux-greves-de-train-de-neuf-jours\/#article","isPartOf":{"@id":"https:\/\/voyage-aventure.com\/blog\/a-la-une\/voyage-perturbe-en-belgique-que-faire-face-aux-greves-de-train-de-neuf-jours\/"},"author":{"name":"Camille Rouvray","@id":"https:\/\/voyage-aventure.com\/blog\/#\/schema\/person\/3c864cdc320801e3db34b663e7e3f816"},"headline":"Voyage perturb\u00e9 en Belgique : que faire face aux gr\u00e8ves de train de neuf jours ?","datePublished":"2025-02-21T09:45:40+00:00","mainEntityOfPage":{"@id":"https:\/\/voyage-aventure.com\/blog\/a-la-une\/voyage-perturbe-en-belgique-que-faire-face-aux-greves-de-train-de-neuf-jours\/"},"wordCount":712,"commentCount":27,"publisher":{"@id":"https:\/\/voyage-aventure.com\/blog\/#organization"},"image":{"@id":"https:\/\/voyage-aventure.com\/blog\/a-la-une\/voyage-perturbe-en-belgique-que-faire-face-aux-greves-de-train-de-neuf-jours\/#primaryimage"},"thumbnailUrl":"https:\/\/voyage-aventure.com\/blog\/wp-content\/uploads\/2025\/02\/stability-voyage-perturbe-en-belgique-que-faire-face-aux-greves-de-train-de-neuf-jours.png","keywords":["Annulation de Voyage","Assistance","Conseils","S\u00e9curit\u00e9","Voyage"],"articleSection":["\u00c0 la une"],"inLanguage":"fr-FR","potentialAction":[{"@type":"CommentAction","name":"Comment","target":["https:\/\/voyage-aventure.com\/blog\/a-la-une\/voyage-perturbe-en-belgique-que-faire-face-aux-greves-de-train-de-neuf-jours\/#respond"]}]},{"@type":"WebPage","@id":"https:\/\/voyage-aventure.com\/blog\/a-la-une\/voyage-perturbe-en-belgique-que-faire-face-aux-greves-de-train-de-neuf-jours\/","url":"https:\/\/voyage-aventure.com\/blog\/a-la-une\/voyage-perturbe-en-belgique-que-faire-face-aux-greves-de-train-de-neuf-jours\/","name":"Voyage perturb\u00e9 en Belgique : que faire face aux gr\u00e8ves de","isPartOf":{"@id":"https:\/\/voyage-aventure.com\/blog\/#website"},"primaryImageOfPage":{"@id":"https:\/\/voyage-aventure.com\/blog\/a-la-une\/voyage-perturbe-en-belgique-que-faire-face-aux-greves-de-train-de-neuf-jours\/#primaryimage"},"image":{"@id":"https:\/\/voyage-aventure.com\/blog\/a-la-une\/voyage-perturbe-en-belgique-que-faire-face-aux-greves-de-train-de-neuf-jours\/#primaryimage"},"thumbnailUrl":"https:\/\/voyage-aventure.com\/blog\/wp-content\/uploads\/2025\/02\/stability-voyage-perturbe-en-belgique-que-faire-face-aux-greves-de-train-de-neuf-jours.png","datePublished":"2025-02-21T09:45:40+00:00","description":"Ce matin, la Belgique est d\u00e9j\u00e0 confront\u00e9e \u00e0 d'importantes perturbations de voyage avec le d\u00e9but d'une gr\u00e8ve de train de neuf jours","inLanguage":"fr-FR","potentialAction":[{"@type":"ReadAction","target":["https:\/\/voyage-aventure.com\/blog\/a-la-une\/voyage-perturbe-en-belgique-que-faire-face-aux-greves-de-train-de-neuf-jours\/"]}]},{"@type":"ImageObject","inLanguage":"fr-FR","@id":"https:\/\/voyage-aventure.com\/blog\/a-la-une\/voyage-perturbe-en-belgique-que-faire-face-aux-greves-de-train-de-neuf-jours\/#primaryimage","url":"https:\/\/voyage-aventure.com\/blog\/wp-content\/uploads\/2025\/02\/stability-voyage-perturbe-en-belgique-que-faire-face-aux-greves-de-train-de-neuf-jours.png","contentUrl":"https:\/\/voyage-aventure.com\/blog\/wp-content\/uploads\/2025\/02\/stability-voyage-perturbe-en-belgique-que-faire-face-aux-greves-de-train-de-neuf-jours.png","width":1024,"height":576},{"@type":"WebSite","@id":"https:\/\/voyage-aventure.com\/blog\/#website","url":"https:\/\/voyage-aventure.com\/blog\/","name":"voyage-aventure.com","description":"Votre passeport pour l\u2019inattendu.","publisher":{"@id":"https:\/\/voyage-aventure.com\/blog\/#organization"},"alternateName":"Votre passeport pour l\u2019inattendu.","potentialAction":[{"@type":"SearchAction","target":{"@type":"EntryPoint","urlTemplate":"https:\/\/voyage-aventure.com\/blog\/?s={search_term_string}"},"query-input":{"@type":"PropertyValueSpecification","valueRequired":true,"valueName":"search_term_string"}}],"inLanguage":"fr-FR"},{"@type":"Organization","@id":"https:\/\/voyage-aventure.com\/blog\/#organization","name":"Foretsensations.fr","url":"https:\/\/voyage-aventure.com\/blog\/","logo":{"@type":"ImageObject","inLanguage":"fr-FR","@id":"https:\/\/voyage-aventure.com\/blog\/#\/schema\/logo\/image\/","url":"https:\/\/voyage-aventure.com\/blog\/wp-content\/uploads\/2024\/12\/19.png","contentUrl":"https:\/\/voyage-aventure.com\/blog\/wp-content\/uploads\/2024\/12\/19.png","width":512,"height":512,"caption":"Foretsensations.fr"},"image":{"@id":"https:\/\/voyage-aventure.com\/blog\/#\/schema\/logo\/image\/"}},{"@type":"Person","@id":"https:\/\/voyage-aventure.com\/blog\/#\/schema\/person\/3c864cdc320801e3db34b663e7e3f816","name":"Camille Rouvray","image":{"@type":"ImageObject","inLanguage":"fr-FR","@id":"https:\/\/voyage-aventure.com\/blog\/#\/schema\/person\/image\/","url":"https:\/\/voyage-aventure.com\/blog\/wp-content\/uploads\/2026\/06\/persona_camille-r-96x96.jpg","contentUrl":"https:\/\/voyage-aventure.com\/blog\/wp-content\/uploads\/2026\/06\/persona_camille-r-96x96.jpg","caption":"Camille Rouvray"},"description":"Je voyage et j'\u00e9cris sur le voyage depuis une douzaine d'ann\u00e9es, d'abord en tant que routarde au long cours, puis comme r\u00e9dactrice sp\u00e9cialis\u00e9e. Mon terrain de pr\u00e9dilection, ce sont les circuits organis\u00e9s et l'art de bien pr\u00e9parer un itin\u00e9raire : choix de la saison, dur\u00e9e r\u00e9aliste des \u00e9tapes, budget jour par jour, logement et transport sur place. J'aime aussi raconter les p\u00e9pites urbaines, ces adresses qu'on ne trouve pas dans les guides classiques. Avant de publier un dossier destination, je croise toujours plusieurs sources, je v\u00e9rifie les tarifs et les formalit\u00e9s d'entr\u00e9e \u00e0 jour, et je teste moi-m\u00eame quand je le peux. Mon angle reste pratique avant tout : aider le lecteur \u00e0 partir l'esprit tranquille, sans mauvaise surprise une fois sur place. Je m'attache \u00e0 distinguer le coup de c\u0153ur sinc\u00e8re du simple argument marketing.","sameAs":["https:\/\/camillerouvray.fr\/"],"url":"https:\/\/voyage-aventure.com\/blog\/auteur\/noname\/"}]}},"_links":{"self":[{"href":"https:\/\/voyage-aventure.com\/blog\/wp-json\/wp\/v2\/posts\/11441","targetHints":{"allow":["GET"]}}],"collection":[{"href":"https:\/\/voyage-aventure.com\/blog\/wp-json\/wp\/v2\/posts"}],"about":[{"href":"https:\/\/voyage-aventure.com\/blog\/wp-json\/wp\/v2\/types\/post"}],"author":[{"embeddable":true,"href":"https:\/\/voyage-aventure.com\/blog\/wp-json\/wp\/v2\/users\/34"}],"replies":[{"embeddable":true,"href":"https:\/\/voyage-aventure.com\/blog\/wp-json\/wp\/v2\/comments?post=11441"}],"version-history":[{"count":1,"href":"https:\/\/voyage-aventure.com\/blog\/wp-json\/wp\/v2\/posts\/11441\/revisions"}],"predecessor-version":[{"id":11445,"href":"https:\/\/voyage-aventure.com\/blog\/wp-json\/wp\/v2\/posts\/11441\/revisions\/11445"}],"wp:featuredmedia":[{"embeddable":true,"href":"https:\/\/voyage-aventure.com\/blog\/wp-json\/wp\/v2\/media\/11442"}],"wp:attachment":[{"href":"https:\/\/voyage-aventure.com\/blog\/wp-json\/wp\/v2\/media?parent=11441"}],"wp:term":[{"taxonomy":"category","embeddable":true,"href":"https:\/\/voyage-aventure.com\/blog\/wp-json\/wp\/v2\/categories?post=11441"},{"taxonomy":"post_tag","embeddable":true,"href":"https:\/\/voyage-aventure.com\/blog\/wp-json\/wp\/v2\/tags?post=11441"}],"curies":[{"name":"wp","href":"https:\/\/api.w.org\/{rel}","templated":true}]}}