{"id":11373,"date":"2025-02-21T05:41:48","date_gmt":"2025-02-21T04:41:48","guid":{"rendered":"https:\/\/voyage-aventure.com\/blog\/?p=11373"},"modified":"2025-02-21T04:52:51","modified_gmt":"2025-02-21T03:52:51","slug":"preparez-vous-pour-un-vendredi-glacial-des-impacts-mineurs-sur-les-routes-a-prevoir","status":"publish","type":"post","link":"https:\/\/voyage-aventure.com\/blog\/a-la-une\/preparez-vous-pour-un-vendredi-glacial-des-impacts-mineurs-sur-les-routes-a-prevoir\/","title":{"rendered":"Pr\u00e9parez-vous pour un vendredi glacial : des impacts mineurs sur les routes \u00e0 pr\u00e9voir"},"content":{"rendered":"<h2>Des temp\u00e9ratures glaciales pour commencer le week-end<\/h2>\n<p>Le vendredi s&rsquo;annonce particuli\u00e8rement froid avec des temp\u00e9ratures qui plongeront dans les 20 degr\u00e9s Fahrenheit. Les habitants doivent se pr\u00e9parer \u00e0 un gel s\u00e9v\u00e8re, surtout en matin\u00e9e. Assurez-vous que toutes vos mesures de protection contre le froid sont en place pour prot\u00e9ger vos plantes et vos tuyaux.<\/p>\n<p>Les pr\u00e9visions indiquent que les temp\u00e9ratures resteront bien en dessous de z\u00e9ro tout au long de la journ\u00e9e. Les cieux gris et nuageux emp\u00eacheront une remont\u00e9e des temp\u00e9ratures, contrairement \u00e0 ce que nous avons connu jeudi. Il est donc essentiel de rester vigilant et de prendre des pr\u00e9cautions si vous devez sortir.<\/p>\n<p><iframe loading=\"lazy\" title=\"T\u00e9moignage d&#039;un p\u00e8re fumeur de cannabis\" width=\"1200\" height=\"675\" src=\"https:\/\/www.youtube.com\/embed\/NSu24xnEr1c?feature=oembed\" frameborder=\"0\" allow=\"accelerometer; autoplay; clipboard-write; encrypted-media; gyroscope; picture-in-picture; web-share\" referrerpolicy=\"strict-origin-when-cross-origin\" allowfullscreen><\/iframe><\/p>\n<h2>Risques de pr\u00e9cipitations et leur impact potentiel<\/h2>\n<p>Un syst\u00e8me de basse pression \u00e0 l&rsquo;ouest pourrait apporter des ingr\u00e9dients favorables \u00e0 des pr\u00e9cipitations l\u00e9g\u00e8res. Avec des temp\u00e9ratures proches du point de cong\u00e9lation, il existe une tr\u00e8s faible probabilit\u00e9 de bruine glaciale ou de pluie entre vendredi soir et samedi matin. Bien que les accumulations de glace soient minimes, il est prudent d&rsquo;\u00eatre conscient des conditions routi\u00e8res.<\/p>\n<p>La s\u00e9curit\u00e9 sur les routes doit \u00eatre notre priorit\u00e9, surtout dans les zones susceptibles d&rsquo;\u00eatre affect\u00e9es par des plaques de glace. Les ponts et les passages sur\u00e9lev\u00e9s sont particuli\u00e8rement vuln\u00e9rables \u00e0 la formation de glace, car l&rsquo;air froid les refroidit \u00e0 la fois par le dessus et par le dessous. Cela signifie qu&rsquo;une attention particuli\u00e8re est n\u00e9cessaire lorsque vous conduisez, surtout dans les r\u00e9gions du nord-ouest de la vall\u00e9e de Brazos.<\/p>\n<h2>Conseils pour naviguer dans des conditions hivernales<\/h2>\n<p>Pour garder votre s\u00e9curit\u00e9 en premier plan, voici quelques conseils pratiques \u00e0 suivre : <\/p>\n<ul>\n<li>V\u00e9rifiez l&rsquo;\u00e9tat des routes avant de sortir.<\/li>\n<li>\u00c9vitez les man\u0153uvres brusques au volant.<\/li>\n<li>Gardez une distance de s\u00e9curit\u00e9 avec les autres v\u00e9hicules.<\/li>\n<li>Assurez-vous que votre v\u00e9hicule est \u00e9quip\u00e9 pour les conditions hivernales.<\/li>\n<li>Restez inform\u00e9 gr\u00e2ce aux mises \u00e0 jour m\u00e9t\u00e9orologiques.<\/li>\n<\/ul>\n<p>En suivant ces conseils, vous r\u00e9duisez les risques d&rsquo;accidents et restez en s\u00e9curit\u00e9 sur les routes. <\/p>\n<blockquote><p>\u00ab Il est crucial de rester vigilant pendant ces p\u00e9riodes de conditions m\u00e9t\u00e9orologiques difficiles. \u00bb &#8211; \u00c9quipe m\u00e9t\u00e9orologique de KBTX<\/p><\/blockquote>\n<p>Avec l&rsquo;arriv\u00e9e des temp\u00e9ratures plus douces pr\u00e9vues pour le reste du week-end, la pluie devrait remplacer la glace, apportant un soulagement tant attendu. Cependant, la prudence reste de mise alors que nous nous acclimatons \u00e0 ces fluctuations de temp\u00e9rature. Restez \u00e0 l&rsquo;aff\u00fbt des mises \u00e0 jour et pr\u00e9parez-vous \u00e0 un week-end plus cl\u00e9ment, mais pas sans une vigilance continue sur les routes.<img decoding=\"async\" width=\"1024\" height=\"576\" src=\"https:\/\/voyage-aventure.com\/blog\/wp-content\/uploads\/2025\/02\/stability-preparez-vous-pour-un-vendredi-glacial-des-impacts-mineurs-sur-les-routes-a-prevoir-1.png\" class=\"aligncenter\" alt=\"Illustration d\u00e9taill\u00e9e sur Pr\u00e9parez-vous pour un vendredi glacial : des impacts mineurs sur les routes \u00e0 pr\u00e9voir\" title=\"Pr\u00e9parez-vous pour un vendredi glacial : des impacts mineurs sur les routes \u00e0 pr\u00e9voir\" loading=\"lazy\" \/><\/p>\n","protected":false},"excerpt":{"rendered":"","protected":false},"author":34,"featured_media":11374,"comment_status":"open","ping_status":"open","sticky":false,"template":"","format":"standard","meta":{"_acf_changed":false,"manual_indexmenow":false,"indexmenow_id_project":0,"footnotes":""},"categories":[1],"tags":[3726,4680,4713,3170,4635],"class_list":["post-11373","post","type-post","status-publish","format-standard","has-post-thumbnail","hentry","category-a-la-une","tag-conditions-meteorologiques","tag-conseils","tag-preparation","tag-securite","tag-voyage","generate-columns","tablet-grid-50","mobile-grid-100","grid-parent","grid-25"],"acf":[],"yoast_head":"<!-- This site is optimized with the Yoast SEO Premium plugin v21.3 (Yoast SEO v25.1) - https:\/\/yoast.com\/wordpress\/plugins\/seo\/ -->\n<title>Pr\u00e9parez-vous pour un vendredi glacial : des impacts<\/title>\n<meta name=\"description\" content=\"Des temp\u00e9ratures glaciales pour commencer le week-end Le vendredi s&#039;annonce particuli\u00e8rement froid avec des temp\u00e9ratures qui plongeront dans les 20 degr\u00e9s\" \/>\n<meta name=\"robots\" content=\"index, follow, max-snippet:-1, max-image-preview:large, max-video-preview:-1\" \/>\n<link rel=\"canonical\" href=\"https:\/\/voyage-aventure.com\/blog\/a-la-une\/preparez-vous-pour-un-vendredi-glacial-des-impacts-mineurs-sur-les-routes-a-prevoir\/\" \/>\n<meta property=\"og:locale\" content=\"fr_FR\" \/>\n<meta property=\"og:type\" content=\"article\" \/>\n<meta property=\"og:title\" content=\"Pr\u00e9parez-vous pour un vendredi glacial : des impacts\" \/>\n<meta property=\"og:description\" content=\"Des temp\u00e9ratures glaciales pour commencer le week-end Le vendredi s&#039;annonce particuli\u00e8rement froid avec des temp\u00e9ratures qui plongeront dans les 20 degr\u00e9s\" \/>\n<meta property=\"og:url\" content=\"https:\/\/voyage-aventure.com\/blog\/a-la-une\/preparez-vous-pour-un-vendredi-glacial-des-impacts-mineurs-sur-les-routes-a-prevoir\/\" \/>\n<meta property=\"og:site_name\" content=\"voyage-aventure\" \/>\n<meta property=\"og:image\" content=\"https:\/\/voyage-aventure.com\/blog\/wp-content\/uploads\/2025\/02\/stability-preparez-vous-pour-un-vendredi-glacial-des-impacts-mineurs-sur-les-routes-a-prevoir.png\" \/>\n\t<meta property=\"og:image:width\" content=\"1024\" \/>\n\t<meta property=\"og:image:height\" content=\"576\" \/>\n\t<meta property=\"og:image:type\" content=\"image\/png\" \/>\n<meta name=\"author\" content=\"Camille Rouvray\" \/>\n<meta name=\"twitter:card\" content=\"summary_large_image\" \/>\n<script type=\"application\/ld+json\" class=\"yoast-schema-graph\">{\"@context\":\"https:\/\/schema.org\",\"@graph\":[{\"@type\":\"NewsArticle\",\"@id\":\"https:\/\/voyage-aventure.com\/blog\/a-la-une\/preparez-vous-pour-un-vendredi-glacial-des-impacts-mineurs-sur-les-routes-a-prevoir\/#article\",\"isPartOf\":{\"@id\":\"https:\/\/voyage-aventure.com\/blog\/a-la-une\/preparez-vous-pour-un-vendredi-glacial-des-impacts-mineurs-sur-les-routes-a-prevoir\/\"},\"author\":{\"name\":\"Camille Rouvray\",\"@id\":\"https:\/\/voyage-aventure.com\/blog\/#\/schema\/person\/3c864cdc320801e3db34b663e7e3f816\"},\"headline\":\"Pr\u00e9parez-vous pour un vendredi glacial : des impacts mineurs sur les routes \u00e0 pr\u00e9voir\",\"datePublished\":\"2025-02-21T04:41:48+00:00\",\"mainEntityOfPage\":{\"@id\":\"https:\/\/voyage-aventure.com\/blog\/a-la-une\/preparez-vous-pour-un-vendredi-glacial-des-impacts-mineurs-sur-les-routes-a-prevoir\/\"},\"wordCount\":475,\"commentCount\":26,\"publisher\":{\"@id\":\"https:\/\/voyage-aventure.com\/blog\/#organization\"},\"image\":{\"@id\":\"https:\/\/voyage-aventure.com\/blog\/a-la-une\/preparez-vous-pour-un-vendredi-glacial-des-impacts-mineurs-sur-les-routes-a-prevoir\/#primaryimage\"},\"thumbnailUrl\":\"https:\/\/voyage-aventure.com\/blog\/wp-content\/uploads\/2025\/02\/stability-preparez-vous-pour-un-vendredi-glacial-des-impacts-mineurs-sur-les-routes-a-prevoir.png\",\"keywords\":[\"Conditions M\u00e9t\u00e9orologiques\",\"Conseils\",\"Pr\u00e9paration\",\"S\u00e9curit\u00e9\",\"Voyage\"],\"articleSection\":[\"\u00c0 la une\"],\"inLanguage\":\"fr-FR\",\"potentialAction\":[{\"@type\":\"CommentAction\",\"name\":\"Comment\",\"target\":[\"https:\/\/voyage-aventure.com\/blog\/a-la-une\/preparez-vous-pour-un-vendredi-glacial-des-impacts-mineurs-sur-les-routes-a-prevoir\/#respond\"]}]},{\"@type\":\"WebPage\",\"@id\":\"https:\/\/voyage-aventure.com\/blog\/a-la-une\/preparez-vous-pour-un-vendredi-glacial-des-impacts-mineurs-sur-les-routes-a-prevoir\/\",\"url\":\"https:\/\/voyage-aventure.com\/blog\/a-la-une\/preparez-vous-pour-un-vendredi-glacial-des-impacts-mineurs-sur-les-routes-a-prevoir\/\",\"name\":\"Pr\u00e9parez-vous pour un vendredi glacial : des impacts\",\"isPartOf\":{\"@id\":\"https:\/\/voyage-aventure.com\/blog\/#website\"},\"primaryImageOfPage\":{\"@id\":\"https:\/\/voyage-aventure.com\/blog\/a-la-une\/preparez-vous-pour-un-vendredi-glacial-des-impacts-mineurs-sur-les-routes-a-prevoir\/#primaryimage\"},\"image\":{\"@id\":\"https:\/\/voyage-aventure.com\/blog\/a-la-une\/preparez-vous-pour-un-vendredi-glacial-des-impacts-mineurs-sur-les-routes-a-prevoir\/#primaryimage\"},\"thumbnailUrl\":\"https:\/\/voyage-aventure.com\/blog\/wp-content\/uploads\/2025\/02\/stability-preparez-vous-pour-un-vendredi-glacial-des-impacts-mineurs-sur-les-routes-a-prevoir.png\",\"datePublished\":\"2025-02-21T04:41:48+00:00\",\"description\":\"Des temp\u00e9ratures glaciales pour commencer le week-end Le vendredi s'annonce particuli\u00e8rement froid avec des temp\u00e9ratures qui plongeront dans les 20 degr\u00e9s\",\"inLanguage\":\"fr-FR\",\"potentialAction\":[{\"@type\":\"ReadAction\",\"target\":[\"https:\/\/voyage-aventure.com\/blog\/a-la-une\/preparez-vous-pour-un-vendredi-glacial-des-impacts-mineurs-sur-les-routes-a-prevoir\/\"]}]},{\"@type\":\"ImageObject\",\"inLanguage\":\"fr-FR\",\"@id\":\"https:\/\/voyage-aventure.com\/blog\/a-la-une\/preparez-vous-pour-un-vendredi-glacial-des-impacts-mineurs-sur-les-routes-a-prevoir\/#primaryimage\",\"url\":\"https:\/\/voyage-aventure.com\/blog\/wp-content\/uploads\/2025\/02\/stability-preparez-vous-pour-un-vendredi-glacial-des-impacts-mineurs-sur-les-routes-a-prevoir.png\",\"contentUrl\":\"https:\/\/voyage-aventure.com\/blog\/wp-content\/uploads\/2025\/02\/stability-preparez-vous-pour-un-vendredi-glacial-des-impacts-mineurs-sur-les-routes-a-prevoir.png\",\"width\":1024,\"height\":576},{\"@type\":\"WebSite\",\"@id\":\"https:\/\/voyage-aventure.com\/blog\/#website\",\"url\":\"https:\/\/voyage-aventure.com\/blog\/\",\"name\":\"voyage-aventure.com\",\"description\":\"Votre passeport pour l\u2019inattendu.\",\"publisher\":{\"@id\":\"https:\/\/voyage-aventure.com\/blog\/#organization\"},\"alternateName\":\"Votre passeport pour l\u2019inattendu.\",\"potentialAction\":[{\"@type\":\"SearchAction\",\"target\":{\"@type\":\"EntryPoint\",\"urlTemplate\":\"https:\/\/voyage-aventure.com\/blog\/?s={search_term_string}\"},\"query-input\":{\"@type\":\"PropertyValueSpecification\",\"valueRequired\":true,\"valueName\":\"search_term_string\"}}],\"inLanguage\":\"fr-FR\"},{\"@type\":\"Organization\",\"@id\":\"https:\/\/voyage-aventure.com\/blog\/#organization\",\"name\":\"Foretsensations.fr\",\"url\":\"https:\/\/voyage-aventure.com\/blog\/\",\"logo\":{\"@type\":\"ImageObject\",\"inLanguage\":\"fr-FR\",\"@id\":\"https:\/\/voyage-aventure.com\/blog\/#\/schema\/logo\/image\/\",\"url\":\"https:\/\/voyage-aventure.com\/blog\/wp-content\/uploads\/2024\/12\/19.png\",\"contentUrl\":\"https:\/\/voyage-aventure.com\/blog\/wp-content\/uploads\/2024\/12\/19.png\",\"width\":512,\"height\":512,\"caption\":\"Foretsensations.fr\"},\"image\":{\"@id\":\"https:\/\/voyage-aventure.com\/blog\/#\/schema\/logo\/image\/\"}},{\"@type\":\"Person\",\"@id\":\"https:\/\/voyage-aventure.com\/blog\/#\/schema\/person\/3c864cdc320801e3db34b663e7e3f816\",\"name\":\"Camille Rouvray\",\"image\":{\"@type\":\"ImageObject\",\"inLanguage\":\"fr-FR\",\"@id\":\"https:\/\/voyage-aventure.com\/blog\/#\/schema\/person\/image\/\",\"url\":\"https:\/\/voyage-aventure.com\/blog\/wp-content\/uploads\/2026\/06\/persona_camille-r-96x96.jpg\",\"contentUrl\":\"https:\/\/voyage-aventure.com\/blog\/wp-content\/uploads\/2026\/06\/persona_camille-r-96x96.jpg\",\"caption\":\"Camille Rouvray\"},\"description\":\"Je voyage et j'\u00e9cris sur le voyage depuis une douzaine d'ann\u00e9es, d'abord en tant que routarde au long cours, puis comme r\u00e9dactrice sp\u00e9cialis\u00e9e. Mon terrain de pr\u00e9dilection, ce sont les circuits organis\u00e9s et l'art de bien pr\u00e9parer un itin\u00e9raire : choix de la saison, dur\u00e9e r\u00e9aliste des \u00e9tapes, budget jour par jour, logement et transport sur place. J'aime aussi raconter les p\u00e9pites urbaines, ces adresses qu'on ne trouve pas dans les guides classiques. Avant de publier un dossier destination, je croise toujours plusieurs sources, je v\u00e9rifie les tarifs et les formalit\u00e9s d'entr\u00e9e \u00e0 jour, et je teste moi-m\u00eame quand je le peux. Mon angle reste pratique avant tout : aider le lecteur \u00e0 partir l'esprit tranquille, sans mauvaise surprise une fois sur place. Je m'attache \u00e0 distinguer le coup de c\u0153ur sinc\u00e8re du simple argument marketing.\",\"sameAs\":[\"https:\/\/camillerouvray.fr\/\"],\"url\":\"https:\/\/voyage-aventure.com\/blog\/auteur\/noname\/\"}]}<\/script>\n<!-- \/ Yoast SEO Premium plugin. -->","yoast_head_json":{"title":"Pr\u00e9parez-vous pour un vendredi glacial : des impacts","description":"Des temp\u00e9ratures glaciales pour commencer le week-end Le vendredi s'annonce particuli\u00e8rement froid avec des temp\u00e9ratures qui plongeront dans les 20 degr\u00e9s","robots":{"index":"index","follow":"follow","max-snippet":"max-snippet:-1","max-image-preview":"max-image-preview:large","max-video-preview":"max-video-preview:-1"},"canonical":"https:\/\/voyage-aventure.com\/blog\/a-la-une\/preparez-vous-pour-un-vendredi-glacial-des-impacts-mineurs-sur-les-routes-a-prevoir\/","og_locale":"fr_FR","og_type":"article","og_title":"Pr\u00e9parez-vous pour un vendredi glacial : des impacts","og_description":"Des temp\u00e9ratures glaciales pour commencer le week-end Le vendredi s'annonce particuli\u00e8rement froid avec des temp\u00e9ratures qui plongeront dans les 20 degr\u00e9s","og_url":"https:\/\/voyage-aventure.com\/blog\/a-la-une\/preparez-vous-pour-un-vendredi-glacial-des-impacts-mineurs-sur-les-routes-a-prevoir\/","og_site_name":"voyage-aventure","og_image":[{"width":1024,"height":576,"url":"https:\/\/voyage-aventure.com\/blog\/wp-content\/uploads\/2025\/02\/stability-preparez-vous-pour-un-vendredi-glacial-des-impacts-mineurs-sur-les-routes-a-prevoir.png","type":"image\/png"}],"author":"Camille Rouvray","twitter_card":"summary_large_image","schema":{"@context":"https:\/\/schema.org","@graph":[{"@type":"NewsArticle","@id":"https:\/\/voyage-aventure.com\/blog\/a-la-une\/preparez-vous-pour-un-vendredi-glacial-des-impacts-mineurs-sur-les-routes-a-prevoir\/#article","isPartOf":{"@id":"https:\/\/voyage-aventure.com\/blog\/a-la-une\/preparez-vous-pour-un-vendredi-glacial-des-impacts-mineurs-sur-les-routes-a-prevoir\/"},"author":{"name":"Camille Rouvray","@id":"https:\/\/voyage-aventure.com\/blog\/#\/schema\/person\/3c864cdc320801e3db34b663e7e3f816"},"headline":"Pr\u00e9parez-vous pour un vendredi glacial : des impacts mineurs sur les routes \u00e0 pr\u00e9voir","datePublished":"2025-02-21T04:41:48+00:00","mainEntityOfPage":{"@id":"https:\/\/voyage-aventure.com\/blog\/a-la-une\/preparez-vous-pour-un-vendredi-glacial-des-impacts-mineurs-sur-les-routes-a-prevoir\/"},"wordCount":475,"commentCount":26,"publisher":{"@id":"https:\/\/voyage-aventure.com\/blog\/#organization"},"image":{"@id":"https:\/\/voyage-aventure.com\/blog\/a-la-une\/preparez-vous-pour-un-vendredi-glacial-des-impacts-mineurs-sur-les-routes-a-prevoir\/#primaryimage"},"thumbnailUrl":"https:\/\/voyage-aventure.com\/blog\/wp-content\/uploads\/2025\/02\/stability-preparez-vous-pour-un-vendredi-glacial-des-impacts-mineurs-sur-les-routes-a-prevoir.png","keywords":["Conditions M\u00e9t\u00e9orologiques","Conseils","Pr\u00e9paration","S\u00e9curit\u00e9","Voyage"],"articleSection":["\u00c0 la une"],"inLanguage":"fr-FR","potentialAction":[{"@type":"CommentAction","name":"Comment","target":["https:\/\/voyage-aventure.com\/blog\/a-la-une\/preparez-vous-pour-un-vendredi-glacial-des-impacts-mineurs-sur-les-routes-a-prevoir\/#respond"]}]},{"@type":"WebPage","@id":"https:\/\/voyage-aventure.com\/blog\/a-la-une\/preparez-vous-pour-un-vendredi-glacial-des-impacts-mineurs-sur-les-routes-a-prevoir\/","url":"https:\/\/voyage-aventure.com\/blog\/a-la-une\/preparez-vous-pour-un-vendredi-glacial-des-impacts-mineurs-sur-les-routes-a-prevoir\/","name":"Pr\u00e9parez-vous pour un vendredi glacial : des impacts","isPartOf":{"@id":"https:\/\/voyage-aventure.com\/blog\/#website"},"primaryImageOfPage":{"@id":"https:\/\/voyage-aventure.com\/blog\/a-la-une\/preparez-vous-pour-un-vendredi-glacial-des-impacts-mineurs-sur-les-routes-a-prevoir\/#primaryimage"},"image":{"@id":"https:\/\/voyage-aventure.com\/blog\/a-la-une\/preparez-vous-pour-un-vendredi-glacial-des-impacts-mineurs-sur-les-routes-a-prevoir\/#primaryimage"},"thumbnailUrl":"https:\/\/voyage-aventure.com\/blog\/wp-content\/uploads\/2025\/02\/stability-preparez-vous-pour-un-vendredi-glacial-des-impacts-mineurs-sur-les-routes-a-prevoir.png","datePublished":"2025-02-21T04:41:48+00:00","description":"Des temp\u00e9ratures glaciales pour commencer le week-end Le vendredi s'annonce particuli\u00e8rement froid avec des temp\u00e9ratures qui plongeront dans les 20 degr\u00e9s","inLanguage":"fr-FR","potentialAction":[{"@type":"ReadAction","target":["https:\/\/voyage-aventure.com\/blog\/a-la-une\/preparez-vous-pour-un-vendredi-glacial-des-impacts-mineurs-sur-les-routes-a-prevoir\/"]}]},{"@type":"ImageObject","inLanguage":"fr-FR","@id":"https:\/\/voyage-aventure.com\/blog\/a-la-une\/preparez-vous-pour-un-vendredi-glacial-des-impacts-mineurs-sur-les-routes-a-prevoir\/#primaryimage","url":"https:\/\/voyage-aventure.com\/blog\/wp-content\/uploads\/2025\/02\/stability-preparez-vous-pour-un-vendredi-glacial-des-impacts-mineurs-sur-les-routes-a-prevoir.png","contentUrl":"https:\/\/voyage-aventure.com\/blog\/wp-content\/uploads\/2025\/02\/stability-preparez-vous-pour-un-vendredi-glacial-des-impacts-mineurs-sur-les-routes-a-prevoir.png","width":1024,"height":576},{"@type":"WebSite","@id":"https:\/\/voyage-aventure.com\/blog\/#website","url":"https:\/\/voyage-aventure.com\/blog\/","name":"voyage-aventure.com","description":"Votre passeport pour l\u2019inattendu.","publisher":{"@id":"https:\/\/voyage-aventure.com\/blog\/#organization"},"alternateName":"Votre passeport pour l\u2019inattendu.","potentialAction":[{"@type":"SearchAction","target":{"@type":"EntryPoint","urlTemplate":"https:\/\/voyage-aventure.com\/blog\/?s={search_term_string}"},"query-input":{"@type":"PropertyValueSpecification","valueRequired":true,"valueName":"search_term_string"}}],"inLanguage":"fr-FR"},{"@type":"Organization","@id":"https:\/\/voyage-aventure.com\/blog\/#organization","name":"Foretsensations.fr","url":"https:\/\/voyage-aventure.com\/blog\/","logo":{"@type":"ImageObject","inLanguage":"fr-FR","@id":"https:\/\/voyage-aventure.com\/blog\/#\/schema\/logo\/image\/","url":"https:\/\/voyage-aventure.com\/blog\/wp-content\/uploads\/2024\/12\/19.png","contentUrl":"https:\/\/voyage-aventure.com\/blog\/wp-content\/uploads\/2024\/12\/19.png","width":512,"height":512,"caption":"Foretsensations.fr"},"image":{"@id":"https:\/\/voyage-aventure.com\/blog\/#\/schema\/logo\/image\/"}},{"@type":"Person","@id":"https:\/\/voyage-aventure.com\/blog\/#\/schema\/person\/3c864cdc320801e3db34b663e7e3f816","name":"Camille Rouvray","image":{"@type":"ImageObject","inLanguage":"fr-FR","@id":"https:\/\/voyage-aventure.com\/blog\/#\/schema\/person\/image\/","url":"https:\/\/voyage-aventure.com\/blog\/wp-content\/uploads\/2026\/06\/persona_camille-r-96x96.jpg","contentUrl":"https:\/\/voyage-aventure.com\/blog\/wp-content\/uploads\/2026\/06\/persona_camille-r-96x96.jpg","caption":"Camille Rouvray"},"description":"Je voyage et j'\u00e9cris sur le voyage depuis une douzaine d'ann\u00e9es, d'abord en tant que routarde au long cours, puis comme r\u00e9dactrice sp\u00e9cialis\u00e9e. Mon terrain de pr\u00e9dilection, ce sont les circuits organis\u00e9s et l'art de bien pr\u00e9parer un itin\u00e9raire : choix de la saison, dur\u00e9e r\u00e9aliste des \u00e9tapes, budget jour par jour, logement et transport sur place. J'aime aussi raconter les p\u00e9pites urbaines, ces adresses qu'on ne trouve pas dans les guides classiques. Avant de publier un dossier destination, je croise toujours plusieurs sources, je v\u00e9rifie les tarifs et les formalit\u00e9s d'entr\u00e9e \u00e0 jour, et je teste moi-m\u00eame quand je le peux. Mon angle reste pratique avant tout : aider le lecteur \u00e0 partir l'esprit tranquille, sans mauvaise surprise une fois sur place. Je m'attache \u00e0 distinguer le coup de c\u0153ur sinc\u00e8re du simple argument marketing.","sameAs":["https:\/\/camillerouvray.fr\/"],"url":"https:\/\/voyage-aventure.com\/blog\/auteur\/noname\/"}]}},"_links":{"self":[{"href":"https:\/\/voyage-aventure.com\/blog\/wp-json\/wp\/v2\/posts\/11373","targetHints":{"allow":["GET"]}}],"collection":[{"href":"https:\/\/voyage-aventure.com\/blog\/wp-json\/wp\/v2\/posts"}],"about":[{"href":"https:\/\/voyage-aventure.com\/blog\/wp-json\/wp\/v2\/types\/post"}],"author":[{"embeddable":true,"href":"https:\/\/voyage-aventure.com\/blog\/wp-json\/wp\/v2\/users\/34"}],"replies":[{"embeddable":true,"href":"https:\/\/voyage-aventure.com\/blog\/wp-json\/wp\/v2\/comments?post=11373"}],"version-history":[{"count":1,"href":"https:\/\/voyage-aventure.com\/blog\/wp-json\/wp\/v2\/posts\/11373\/revisions"}],"predecessor-version":[{"id":11376,"href":"https:\/\/voyage-aventure.com\/blog\/wp-json\/wp\/v2\/posts\/11373\/revisions\/11376"}],"wp:featuredmedia":[{"embeddable":true,"href":"https:\/\/voyage-aventure.com\/blog\/wp-json\/wp\/v2\/media\/11374"}],"wp:attachment":[{"href":"https:\/\/voyage-aventure.com\/blog\/wp-json\/wp\/v2\/media?parent=11373"}],"wp:term":[{"taxonomy":"category","embeddable":true,"href":"https:\/\/voyage-aventure.com\/blog\/wp-json\/wp\/v2\/categories?post=11373"},{"taxonomy":"post_tag","embeddable":true,"href":"https:\/\/voyage-aventure.com\/blog\/wp-json\/wp\/v2\/tags?post=11373"}],"curies":[{"name":"wp","href":"https:\/\/api.w.org\/{rel}","templated":true}]}}