{"id":11369,"date":"2025-02-23T13:12:43","date_gmt":"2025-02-23T12:12:43","guid":{"rendered":"https:\/\/voyage-aventure.com\/blog\/?p=11369"},"modified":"2025-02-21T04:22:52","modified_gmt":"2025-02-21T03:22:52","slug":"un-temps-plus-doux-se-profile-apres-le-froid-preparez-vous-a-un-week-end-agreable","status":"publish","type":"post","link":"https:\/\/voyage-aventure.com\/blog\/destinations-aventure\/un-temps-plus-doux-se-profile-apres-le-froid-preparez-vous-a-un-week-end-agreable\/","title":{"rendered":"Un temps plus doux se profile apr\u00e8s le froid : pr\u00e9parez-vous \u00e0 un week-end agr\u00e9able"},"content":{"rendered":"<h2>Le retour des temp\u00e9ratures plus douces<\/h2>\n<p>Apr\u00e8s une p\u00e9riode de froid intense, le temps commence enfin \u00e0 se radoucir. La temp\u00e9rature, qui \u00e9tait tomb\u00e9e bien en dessous de z\u00e9ro, va progressivement remonter gr\u00e2ce \u00e0 un changement dans les conditions m\u00e9t\u00e9orologiques. Ce week-end, les pr\u00e9visions annoncent des temp\u00e9ratures atteignant les 30 degr\u00e9s Fahrenheit, offrant une pause bienvenue apr\u00e8s les frimas de ces derniers jours.<\/p>\n<p>Ce r\u00e9chauffement est d\u00fb \u00e0 un d\u00e9placement des vents vers le sud-ouest, ce qui va apporter une masse d&rsquo;air plus temp\u00e9r\u00e9e. Les cieux clairs et les vents l\u00e9gers vont contribuer \u00e0 un r\u00e9chauffement rapide d\u00e8s vendredi matin. Bien que nous soyons encore confront\u00e9s \u00e0 une nuit fra\u00eeche, l&rsquo;arriv\u00e9e du week-end s&rsquo;annonce sous des auspices beaucoup plus agr\u00e9ables.<\/p>\n<h2>Un week-end ensoleill\u00e9 et prometteur<\/h2>\n<p>Le samedi et le dimanche s&rsquo;annoncent principalement ensoleill\u00e9s, avec des temp\u00e9ratures maximales flirtant avec les 40 degr\u00e9s. Ce changement de temps est id\u00e9al pour profiter des activit\u00e9s de plein air, que ce soit une promenade ou un pique-nique en famille. Les conditions s\u00e8ches et ensoleill\u00e9es offrent une belle occasion de sortir et d&rsquo;appr\u00e9cier les premiers signes du printemps.<\/p>\n<p>Cependant, il est important de rester vigilant face \u00e0 la baisse des temp\u00e9ratures nocturnes. Malgr\u00e9 la douceur des journ\u00e9es, les nuits peuvent encore \u00eatre fra\u00eeches, alors n&rsquo;oubliez pas de vous habiller en cons\u00e9quence. Ce contraste entre le jour et la nuit est typique de cette p\u00e9riode de transition.<\/p>\n<p><iframe loading=\"lazy\" title=\"L&#039;AVION QUI S&#039;EST E\u0301CRASE\u0301 AU BRE\u0301SIL AVAIT A\u0300 BORD DES ME\u0301DECINS AVEC LE REME\u0300DE CONTRE LE CANC...\" width=\"1200\" height=\"675\" src=\"https:\/\/www.youtube.com\/embed\/Zwa1Eyzq48c?feature=oembed\" frameborder=\"0\" allow=\"accelerometer; autoplay; clipboard-write; encrypted-media; gyroscope; picture-in-picture; web-share\" referrerpolicy=\"strict-origin-when-cross-origin\" allowfullscreen><\/iframe><\/p>\n<h2>Anticiper les pr\u00e9cipitations de la semaine prochaine<\/h2>\n<p>Alors que le week-end sera agr\u00e9able, la semaine suivante pourrait apporter quelques surprises. Les pr\u00e9visions indiquent la possibilit\u00e9 de pr\u00e9cipitations \u00e0 partir de lundi, avec une nouvelle perturbation qui pourrait traverser la r\u00e9gion. Cela signifie que bien que nous profitons d&rsquo;un temps plus cl\u00e9ment, nous devons nous pr\u00e9parer \u00e0 une ambiance plus humide d\u00e8s le d\u00e9but de la semaine.<\/p>\n<p>Les temp\u00e9ratures pourraient monter jusqu&rsquo;aux 40 degr\u00e9s en milieu de semaine, mais il semble que ce r\u00e9chauffement soit temporaire. Apr\u00e8s le passage de ces syst\u00e8mes, une l\u00e9g\u00e8re baisse des temp\u00e9ratures est anticip\u00e9e, nous ramenant dans les 30 degr\u00e9s. Cela souligne la nature changeante de notre climat en cette saison, o\u00f9 chaque jour peut apporter son lot de surprises.<\/p>\n<blockquote><p>\n\u00ab\u00a0Chaque saison a sa beaut\u00e9, mais la transition entre l&rsquo;hiver et le printemps est souvent la plus fascinante.\u00a0\u00bb &#8211; Anonyme\n<\/p><\/blockquote>\n<ul>\n<li>Pr\u00e9parez-vous \u00e0 des temp\u00e9ratures plus douces ce week-end.<\/li>\n<li>Profitez des journ\u00e9es ensoleill\u00e9es pour des activit\u00e9s de plein air.<\/li>\n<li>Restez attentifs aux changements de temps en d\u00e9but de semaine.<\/li>\n<li>Habillez-vous chaudement lors des nuits fra\u00eeches.<\/li>\n<li>Anticipez quelques pr\u00e9cipitations lundi et mercredi.<\/li>\n<\/ul>\n<p>En conclusion, apr\u00e8s une p\u00e9riode de froid s\u00e9v\u00e8re, le retour de conditions plus cl\u00e9mentes apporte une note d&rsquo;optimisme. Ce week-end, profitez du beau temps pour vous ressourcer en plein air. Gardez un \u0153il sur les pr\u00e9visions pour anticiper les changements \u00e0 venir tout en savourant cette douceur printani\u00e8re qui s&rsquo;installe progressivement.<br \/>\n<img decoding=\"async\" width=\"1024\" height=\"576\" src=\"https:\/\/voyage-aventure.com\/blog\/wp-content\/uploads\/2025\/02\/stability-un-temps-plus-doux-se-profile-apres-le-froid-preparez-vous-a-un-week-end-agreable-1.png\" class=\"aligncenter\" alt=\"Illustration d\u00e9taill\u00e9e sur Un temps plus doux se profile apr\u00e8s le froid : pr\u00e9parez-vous \u00e0 un week-end agr\u00e9able\" title=\"Un temps plus doux se profile apr\u00e8s le froid : pr\u00e9parez-vous \u00e0 un week-end agr\u00e9able\" loading=\"lazy\" \/><\/p>\n","protected":false},"excerpt":{"rendered":"","protected":false},"author":34,"featured_media":11370,"comment_status":"open","ping_status":"open","sticky":false,"template":"","format":"standard","meta":{"_acf_changed":false,"manual_indexmenow":false,"indexmenow_id_project":0,"footnotes":""},"categories":[4520],"tags":[4542,3726,3928,3800,4713],"class_list":["post-11369","post","type-post","status-publish","format-standard","has-post-thumbnail","hentry","category-destinations-aventure","tag-activites-de-plein-air","tag-conditions-meteorologiques","tag-detente","tag-emotions","tag-preparation","generate-columns","tablet-grid-50","mobile-grid-100","grid-parent","grid-25"],"acf":[],"yoast_head":"<!-- This site is optimized with the Yoast SEO Premium plugin v21.3 (Yoast SEO v25.1) - https:\/\/yoast.com\/wordpress\/plugins\/seo\/ -->\n<title>Un temps plus doux se profile apr\u00e8s le froid<\/title>\n<meta name=\"description\" content=\"Apr\u00e8s une p\u00e9riode de froid intense, le temps commence enfin \u00e0 se radoucir. La temp\u00e9rature, qui \u00e9tait tomb\u00e9e bien en dessous de z\u00e9ro, va progressivement\" \/>\n<meta name=\"robots\" content=\"index, follow, max-snippet:-1, max-image-preview:large, max-video-preview:-1\" \/>\n<link rel=\"canonical\" href=\"https:\/\/voyage-aventure.com\/blog\/destinations-aventure\/un-temps-plus-doux-se-profile-apres-le-froid-preparez-vous-a-un-week-end-agreable\/\" \/>\n<meta property=\"og:locale\" content=\"fr_FR\" \/>\n<meta property=\"og:type\" content=\"article\" \/>\n<meta property=\"og:title\" content=\"Un temps plus doux se profile apr\u00e8s le froid\" \/>\n<meta property=\"og:description\" content=\"Apr\u00e8s une p\u00e9riode de froid intense, le temps commence enfin \u00e0 se radoucir. La temp\u00e9rature, qui \u00e9tait tomb\u00e9e bien en dessous de z\u00e9ro, va progressivement\" \/>\n<meta property=\"og:url\" content=\"https:\/\/voyage-aventure.com\/blog\/destinations-aventure\/un-temps-plus-doux-se-profile-apres-le-froid-preparez-vous-a-un-week-end-agreable\/\" \/>\n<meta property=\"og:site_name\" content=\"voyage-aventure\" \/>\n<meta property=\"og:image\" content=\"https:\/\/voyage-aventure.com\/blog\/wp-content\/uploads\/2025\/02\/stability-un-temps-plus-doux-se-profile-apres-le-froid-preparez-vous-a-un-week-end-agreable.png\" \/>\n\t<meta property=\"og:image:width\" content=\"1024\" \/>\n\t<meta property=\"og:image:height\" content=\"576\" \/>\n\t<meta property=\"og:image:type\" content=\"image\/png\" \/>\n<meta name=\"author\" content=\"Camille Rouvray\" \/>\n<meta name=\"twitter:card\" content=\"summary_large_image\" \/>\n<script type=\"application\/ld+json\" class=\"yoast-schema-graph\">{\"@context\":\"https:\/\/schema.org\",\"@graph\":[{\"@type\":\"NewsArticle\",\"@id\":\"https:\/\/voyage-aventure.com\/blog\/destinations-aventure\/un-temps-plus-doux-se-profile-apres-le-froid-preparez-vous-a-un-week-end-agreable\/#article\",\"isPartOf\":{\"@id\":\"https:\/\/voyage-aventure.com\/blog\/destinations-aventure\/un-temps-plus-doux-se-profile-apres-le-froid-preparez-vous-a-un-week-end-agreable\/\"},\"author\":{\"name\":\"Camille Rouvray\",\"@id\":\"https:\/\/voyage-aventure.com\/blog\/#\/schema\/person\/3c864cdc320801e3db34b663e7e3f816\"},\"headline\":\"Un temps plus doux se profile apr\u00e8s le froid : pr\u00e9parez-vous \u00e0 un week-end agr\u00e9able\",\"datePublished\":\"2025-02-23T12:12:43+00:00\",\"mainEntityOfPage\":{\"@id\":\"https:\/\/voyage-aventure.com\/blog\/destinations-aventure\/un-temps-plus-doux-se-profile-apres-le-froid-preparez-vous-a-un-week-end-agreable\/\"},\"wordCount\":556,\"commentCount\":22,\"publisher\":{\"@id\":\"https:\/\/voyage-aventure.com\/blog\/#organization\"},\"image\":{\"@id\":\"https:\/\/voyage-aventure.com\/blog\/destinations-aventure\/un-temps-plus-doux-se-profile-apres-le-froid-preparez-vous-a-un-week-end-agreable\/#primaryimage\"},\"thumbnailUrl\":\"https:\/\/voyage-aventure.com\/blog\/wp-content\/uploads\/2025\/02\/stability-un-temps-plus-doux-se-profile-apres-le-froid-preparez-vous-a-un-week-end-agreable.png\",\"keywords\":[\"Activit\u00e9s de Plein Air\",\"Conditions M\u00e9t\u00e9orologiques\",\"D\u00e9tente\",\"\u00c9motions\",\"Pr\u00e9paration\"],\"articleSection\":[\"Destinations Aventure\"],\"inLanguage\":\"fr-FR\",\"potentialAction\":[{\"@type\":\"CommentAction\",\"name\":\"Comment\",\"target\":[\"https:\/\/voyage-aventure.com\/blog\/destinations-aventure\/un-temps-plus-doux-se-profile-apres-le-froid-preparez-vous-a-un-week-end-agreable\/#respond\"]}]},{\"@type\":\"WebPage\",\"@id\":\"https:\/\/voyage-aventure.com\/blog\/destinations-aventure\/un-temps-plus-doux-se-profile-apres-le-froid-preparez-vous-a-un-week-end-agreable\/\",\"url\":\"https:\/\/voyage-aventure.com\/blog\/destinations-aventure\/un-temps-plus-doux-se-profile-apres-le-froid-preparez-vous-a-un-week-end-agreable\/\",\"name\":\"Un temps plus doux se profile apr\u00e8s le froid\",\"isPartOf\":{\"@id\":\"https:\/\/voyage-aventure.com\/blog\/#website\"},\"primaryImageOfPage\":{\"@id\":\"https:\/\/voyage-aventure.com\/blog\/destinations-aventure\/un-temps-plus-doux-se-profile-apres-le-froid-preparez-vous-a-un-week-end-agreable\/#primaryimage\"},\"image\":{\"@id\":\"https:\/\/voyage-aventure.com\/blog\/destinations-aventure\/un-temps-plus-doux-se-profile-apres-le-froid-preparez-vous-a-un-week-end-agreable\/#primaryimage\"},\"thumbnailUrl\":\"https:\/\/voyage-aventure.com\/blog\/wp-content\/uploads\/2025\/02\/stability-un-temps-plus-doux-se-profile-apres-le-froid-preparez-vous-a-un-week-end-agreable.png\",\"datePublished\":\"2025-02-23T12:12:43+00:00\",\"description\":\"Apr\u00e8s une p\u00e9riode de froid intense, le temps commence enfin \u00e0 se radoucir. La temp\u00e9rature, qui \u00e9tait tomb\u00e9e bien en dessous de z\u00e9ro, va progressivement\",\"inLanguage\":\"fr-FR\",\"potentialAction\":[{\"@type\":\"ReadAction\",\"target\":[\"https:\/\/voyage-aventure.com\/blog\/destinations-aventure\/un-temps-plus-doux-se-profile-apres-le-froid-preparez-vous-a-un-week-end-agreable\/\"]}]},{\"@type\":\"ImageObject\",\"inLanguage\":\"fr-FR\",\"@id\":\"https:\/\/voyage-aventure.com\/blog\/destinations-aventure\/un-temps-plus-doux-se-profile-apres-le-froid-preparez-vous-a-un-week-end-agreable\/#primaryimage\",\"url\":\"https:\/\/voyage-aventure.com\/blog\/wp-content\/uploads\/2025\/02\/stability-un-temps-plus-doux-se-profile-apres-le-froid-preparez-vous-a-un-week-end-agreable.png\",\"contentUrl\":\"https:\/\/voyage-aventure.com\/blog\/wp-content\/uploads\/2025\/02\/stability-un-temps-plus-doux-se-profile-apres-le-froid-preparez-vous-a-un-week-end-agreable.png\",\"width\":1024,\"height\":576},{\"@type\":\"WebSite\",\"@id\":\"https:\/\/voyage-aventure.com\/blog\/#website\",\"url\":\"https:\/\/voyage-aventure.com\/blog\/\",\"name\":\"voyage-aventure.com\",\"description\":\"Votre passeport pour l\u2019inattendu.\",\"publisher\":{\"@id\":\"https:\/\/voyage-aventure.com\/blog\/#organization\"},\"alternateName\":\"Votre passeport pour l\u2019inattendu.\",\"potentialAction\":[{\"@type\":\"SearchAction\",\"target\":{\"@type\":\"EntryPoint\",\"urlTemplate\":\"https:\/\/voyage-aventure.com\/blog\/?s={search_term_string}\"},\"query-input\":{\"@type\":\"PropertyValueSpecification\",\"valueRequired\":true,\"valueName\":\"search_term_string\"}}],\"inLanguage\":\"fr-FR\"},{\"@type\":\"Organization\",\"@id\":\"https:\/\/voyage-aventure.com\/blog\/#organization\",\"name\":\"Foretsensations.fr\",\"url\":\"https:\/\/voyage-aventure.com\/blog\/\",\"logo\":{\"@type\":\"ImageObject\",\"inLanguage\":\"fr-FR\",\"@id\":\"https:\/\/voyage-aventure.com\/blog\/#\/schema\/logo\/image\/\",\"url\":\"https:\/\/voyage-aventure.com\/blog\/wp-content\/uploads\/2024\/12\/19.png\",\"contentUrl\":\"https:\/\/voyage-aventure.com\/blog\/wp-content\/uploads\/2024\/12\/19.png\",\"width\":512,\"height\":512,\"caption\":\"Foretsensations.fr\"},\"image\":{\"@id\":\"https:\/\/voyage-aventure.com\/blog\/#\/schema\/logo\/image\/\"}},{\"@type\":\"Person\",\"@id\":\"https:\/\/voyage-aventure.com\/blog\/#\/schema\/person\/3c864cdc320801e3db34b663e7e3f816\",\"name\":\"Camille Rouvray\",\"image\":{\"@type\":\"ImageObject\",\"inLanguage\":\"fr-FR\",\"@id\":\"https:\/\/voyage-aventure.com\/blog\/#\/schema\/person\/image\/\",\"url\":\"https:\/\/voyage-aventure.com\/blog\/wp-content\/uploads\/2026\/06\/persona_camille-r-96x96.jpg\",\"contentUrl\":\"https:\/\/voyage-aventure.com\/blog\/wp-content\/uploads\/2026\/06\/persona_camille-r-96x96.jpg\",\"caption\":\"Camille Rouvray\"},\"description\":\"Je voyage et j'\u00e9cris sur le voyage depuis une douzaine d'ann\u00e9es, d'abord en tant que routarde au long cours, puis comme r\u00e9dactrice sp\u00e9cialis\u00e9e. Mon terrain de pr\u00e9dilection, ce sont les circuits organis\u00e9s et l'art de bien pr\u00e9parer un itin\u00e9raire : choix de la saison, dur\u00e9e r\u00e9aliste des \u00e9tapes, budget jour par jour, logement et transport sur place. J'aime aussi raconter les p\u00e9pites urbaines, ces adresses qu'on ne trouve pas dans les guides classiques. Avant de publier un dossier destination, je croise toujours plusieurs sources, je v\u00e9rifie les tarifs et les formalit\u00e9s d'entr\u00e9e \u00e0 jour, et je teste moi-m\u00eame quand je le peux. Mon angle reste pratique avant tout : aider le lecteur \u00e0 partir l'esprit tranquille, sans mauvaise surprise une fois sur place. Je m'attache \u00e0 distinguer le coup de c\u0153ur sinc\u00e8re du simple argument marketing.\",\"sameAs\":[\"https:\/\/camillerouvray.fr\/\"],\"url\":\"https:\/\/voyage-aventure.com\/blog\/auteur\/noname\/\"}]}<\/script>\n<!-- \/ Yoast SEO Premium plugin. -->","yoast_head_json":{"title":"Un temps plus doux se profile apr\u00e8s le froid","description":"Apr\u00e8s une p\u00e9riode de froid intense, le temps commence enfin \u00e0 se radoucir. La temp\u00e9rature, qui \u00e9tait tomb\u00e9e bien en dessous de z\u00e9ro, va progressivement","robots":{"index":"index","follow":"follow","max-snippet":"max-snippet:-1","max-image-preview":"max-image-preview:large","max-video-preview":"max-video-preview:-1"},"canonical":"https:\/\/voyage-aventure.com\/blog\/destinations-aventure\/un-temps-plus-doux-se-profile-apres-le-froid-preparez-vous-a-un-week-end-agreable\/","og_locale":"fr_FR","og_type":"article","og_title":"Un temps plus doux se profile apr\u00e8s le froid","og_description":"Apr\u00e8s une p\u00e9riode de froid intense, le temps commence enfin \u00e0 se radoucir. La temp\u00e9rature, qui \u00e9tait tomb\u00e9e bien en dessous de z\u00e9ro, va progressivement","og_url":"https:\/\/voyage-aventure.com\/blog\/destinations-aventure\/un-temps-plus-doux-se-profile-apres-le-froid-preparez-vous-a-un-week-end-agreable\/","og_site_name":"voyage-aventure","og_image":[{"width":1024,"height":576,"url":"https:\/\/voyage-aventure.com\/blog\/wp-content\/uploads\/2025\/02\/stability-un-temps-plus-doux-se-profile-apres-le-froid-preparez-vous-a-un-week-end-agreable.png","type":"image\/png"}],"author":"Camille Rouvray","twitter_card":"summary_large_image","schema":{"@context":"https:\/\/schema.org","@graph":[{"@type":"NewsArticle","@id":"https:\/\/voyage-aventure.com\/blog\/destinations-aventure\/un-temps-plus-doux-se-profile-apres-le-froid-preparez-vous-a-un-week-end-agreable\/#article","isPartOf":{"@id":"https:\/\/voyage-aventure.com\/blog\/destinations-aventure\/un-temps-plus-doux-se-profile-apres-le-froid-preparez-vous-a-un-week-end-agreable\/"},"author":{"name":"Camille Rouvray","@id":"https:\/\/voyage-aventure.com\/blog\/#\/schema\/person\/3c864cdc320801e3db34b663e7e3f816"},"headline":"Un temps plus doux se profile apr\u00e8s le froid : pr\u00e9parez-vous \u00e0 un week-end agr\u00e9able","datePublished":"2025-02-23T12:12:43+00:00","mainEntityOfPage":{"@id":"https:\/\/voyage-aventure.com\/blog\/destinations-aventure\/un-temps-plus-doux-se-profile-apres-le-froid-preparez-vous-a-un-week-end-agreable\/"},"wordCount":556,"commentCount":22,"publisher":{"@id":"https:\/\/voyage-aventure.com\/blog\/#organization"},"image":{"@id":"https:\/\/voyage-aventure.com\/blog\/destinations-aventure\/un-temps-plus-doux-se-profile-apres-le-froid-preparez-vous-a-un-week-end-agreable\/#primaryimage"},"thumbnailUrl":"https:\/\/voyage-aventure.com\/blog\/wp-content\/uploads\/2025\/02\/stability-un-temps-plus-doux-se-profile-apres-le-froid-preparez-vous-a-un-week-end-agreable.png","keywords":["Activit\u00e9s de Plein Air","Conditions M\u00e9t\u00e9orologiques","D\u00e9tente","\u00c9motions","Pr\u00e9paration"],"articleSection":["Destinations Aventure"],"inLanguage":"fr-FR","potentialAction":[{"@type":"CommentAction","name":"Comment","target":["https:\/\/voyage-aventure.com\/blog\/destinations-aventure\/un-temps-plus-doux-se-profile-apres-le-froid-preparez-vous-a-un-week-end-agreable\/#respond"]}]},{"@type":"WebPage","@id":"https:\/\/voyage-aventure.com\/blog\/destinations-aventure\/un-temps-plus-doux-se-profile-apres-le-froid-preparez-vous-a-un-week-end-agreable\/","url":"https:\/\/voyage-aventure.com\/blog\/destinations-aventure\/un-temps-plus-doux-se-profile-apres-le-froid-preparez-vous-a-un-week-end-agreable\/","name":"Un temps plus doux se profile apr\u00e8s le froid","isPartOf":{"@id":"https:\/\/voyage-aventure.com\/blog\/#website"},"primaryImageOfPage":{"@id":"https:\/\/voyage-aventure.com\/blog\/destinations-aventure\/un-temps-plus-doux-se-profile-apres-le-froid-preparez-vous-a-un-week-end-agreable\/#primaryimage"},"image":{"@id":"https:\/\/voyage-aventure.com\/blog\/destinations-aventure\/un-temps-plus-doux-se-profile-apres-le-froid-preparez-vous-a-un-week-end-agreable\/#primaryimage"},"thumbnailUrl":"https:\/\/voyage-aventure.com\/blog\/wp-content\/uploads\/2025\/02\/stability-un-temps-plus-doux-se-profile-apres-le-froid-preparez-vous-a-un-week-end-agreable.png","datePublished":"2025-02-23T12:12:43+00:00","description":"Apr\u00e8s une p\u00e9riode de froid intense, le temps commence enfin \u00e0 se radoucir. La temp\u00e9rature, qui \u00e9tait tomb\u00e9e bien en dessous de z\u00e9ro, va progressivement","inLanguage":"fr-FR","potentialAction":[{"@type":"ReadAction","target":["https:\/\/voyage-aventure.com\/blog\/destinations-aventure\/un-temps-plus-doux-se-profile-apres-le-froid-preparez-vous-a-un-week-end-agreable\/"]}]},{"@type":"ImageObject","inLanguage":"fr-FR","@id":"https:\/\/voyage-aventure.com\/blog\/destinations-aventure\/un-temps-plus-doux-se-profile-apres-le-froid-preparez-vous-a-un-week-end-agreable\/#primaryimage","url":"https:\/\/voyage-aventure.com\/blog\/wp-content\/uploads\/2025\/02\/stability-un-temps-plus-doux-se-profile-apres-le-froid-preparez-vous-a-un-week-end-agreable.png","contentUrl":"https:\/\/voyage-aventure.com\/blog\/wp-content\/uploads\/2025\/02\/stability-un-temps-plus-doux-se-profile-apres-le-froid-preparez-vous-a-un-week-end-agreable.png","width":1024,"height":576},{"@type":"WebSite","@id":"https:\/\/voyage-aventure.com\/blog\/#website","url":"https:\/\/voyage-aventure.com\/blog\/","name":"voyage-aventure.com","description":"Votre passeport pour l\u2019inattendu.","publisher":{"@id":"https:\/\/voyage-aventure.com\/blog\/#organization"},"alternateName":"Votre passeport pour l\u2019inattendu.","potentialAction":[{"@type":"SearchAction","target":{"@type":"EntryPoint","urlTemplate":"https:\/\/voyage-aventure.com\/blog\/?s={search_term_string}"},"query-input":{"@type":"PropertyValueSpecification","valueRequired":true,"valueName":"search_term_string"}}],"inLanguage":"fr-FR"},{"@type":"Organization","@id":"https:\/\/voyage-aventure.com\/blog\/#organization","name":"Foretsensations.fr","url":"https:\/\/voyage-aventure.com\/blog\/","logo":{"@type":"ImageObject","inLanguage":"fr-FR","@id":"https:\/\/voyage-aventure.com\/blog\/#\/schema\/logo\/image\/","url":"https:\/\/voyage-aventure.com\/blog\/wp-content\/uploads\/2024\/12\/19.png","contentUrl":"https:\/\/voyage-aventure.com\/blog\/wp-content\/uploads\/2024\/12\/19.png","width":512,"height":512,"caption":"Foretsensations.fr"},"image":{"@id":"https:\/\/voyage-aventure.com\/blog\/#\/schema\/logo\/image\/"}},{"@type":"Person","@id":"https:\/\/voyage-aventure.com\/blog\/#\/schema\/person\/3c864cdc320801e3db34b663e7e3f816","name":"Camille Rouvray","image":{"@type":"ImageObject","inLanguage":"fr-FR","@id":"https:\/\/voyage-aventure.com\/blog\/#\/schema\/person\/image\/","url":"https:\/\/voyage-aventure.com\/blog\/wp-content\/uploads\/2026\/06\/persona_camille-r-96x96.jpg","contentUrl":"https:\/\/voyage-aventure.com\/blog\/wp-content\/uploads\/2026\/06\/persona_camille-r-96x96.jpg","caption":"Camille Rouvray"},"description":"Je voyage et j'\u00e9cris sur le voyage depuis une douzaine d'ann\u00e9es, d'abord en tant que routarde au long cours, puis comme r\u00e9dactrice sp\u00e9cialis\u00e9e. Mon terrain de pr\u00e9dilection, ce sont les circuits organis\u00e9s et l'art de bien pr\u00e9parer un itin\u00e9raire : choix de la saison, dur\u00e9e r\u00e9aliste des \u00e9tapes, budget jour par jour, logement et transport sur place. J'aime aussi raconter les p\u00e9pites urbaines, ces adresses qu'on ne trouve pas dans les guides classiques. Avant de publier un dossier destination, je croise toujours plusieurs sources, je v\u00e9rifie les tarifs et les formalit\u00e9s d'entr\u00e9e \u00e0 jour, et je teste moi-m\u00eame quand je le peux. Mon angle reste pratique avant tout : aider le lecteur \u00e0 partir l'esprit tranquille, sans mauvaise surprise une fois sur place. Je m'attache \u00e0 distinguer le coup de c\u0153ur sinc\u00e8re du simple argument marketing.","sameAs":["https:\/\/camillerouvray.fr\/"],"url":"https:\/\/voyage-aventure.com\/blog\/auteur\/noname\/"}]}},"_links":{"self":[{"href":"https:\/\/voyage-aventure.com\/blog\/wp-json\/wp\/v2\/posts\/11369","targetHints":{"allow":["GET"]}}],"collection":[{"href":"https:\/\/voyage-aventure.com\/blog\/wp-json\/wp\/v2\/posts"}],"about":[{"href":"https:\/\/voyage-aventure.com\/blog\/wp-json\/wp\/v2\/types\/post"}],"author":[{"embeddable":true,"href":"https:\/\/voyage-aventure.com\/blog\/wp-json\/wp\/v2\/users\/34"}],"replies":[{"embeddable":true,"href":"https:\/\/voyage-aventure.com\/blog\/wp-json\/wp\/v2\/comments?post=11369"}],"version-history":[{"count":1,"href":"https:\/\/voyage-aventure.com\/blog\/wp-json\/wp\/v2\/posts\/11369\/revisions"}],"predecessor-version":[{"id":11372,"href":"https:\/\/voyage-aventure.com\/blog\/wp-json\/wp\/v2\/posts\/11369\/revisions\/11372"}],"wp:featuredmedia":[{"embeddable":true,"href":"https:\/\/voyage-aventure.com\/blog\/wp-json\/wp\/v2\/media\/11370"}],"wp:attachment":[{"href":"https:\/\/voyage-aventure.com\/blog\/wp-json\/wp\/v2\/media?parent=11369"}],"wp:term":[{"taxonomy":"category","embeddable":true,"href":"https:\/\/voyage-aventure.com\/blog\/wp-json\/wp\/v2\/categories?post=11369"},{"taxonomy":"post_tag","embeddable":true,"href":"https:\/\/voyage-aventure.com\/blog\/wp-json\/wp\/v2\/tags?post=11369"}],"curies":[{"name":"wp","href":"https:\/\/api.w.org\/{rel}","templated":true}]}}