{"id":11342,"date":"2026-06-16T16:41:40","date_gmt":"2026-06-16T14:41:40","guid":{"rendered":"https:\/\/voyage-aventure.com\/blog\/?p=11342"},"modified":"2026-06-16T16:41:40","modified_gmt":"2026-06-16T14:41:40","slug":"preparez-vous-pour-la-ceremonie-internationale-ajustez-vos-plans-de-voyage-ce-week-end","status":"publish","type":"post","link":"https:\/\/voyage-aventure.com\/blog\/a-la-une\/preparez-vous-pour-la-ceremonie-internationale-ajustez-vos-plans-de-voyage-ce-week-end\/","title":{"rendered":"Pr\u00e9parez-vous pour la c\u00e9r\u00e9monie internationale : ajustez vos plans de voyage ce week-end"},"content":{"rendered":"<link rel=\"preconnect\" href=\"https:\/\/fonts.googleapis.com\"><link rel=\"preconnect\" href=\"https:\/\/fonts.gstatic.com\" crossorigin><link href=\"https:\/\/fonts.googleapis.com\/css2?family=Newsreader:ital,opsz,wght@0,6..72,500;0,6..72,600;0,6..72,700;1,6..72,500;1,6..72,600&#038;family=Inter:wght@400;500;600&#038;family=JetBrains+Mono:wght@500&#038;display=swap\" rel=\"stylesheet\">\n<style>\n.va-ceremonie-root{font-family:'Inter',-apple-system,BlinkMacSystemFont,'Segoe UI',Roboto,sans-serif;color:#23262e;}\n.va-ceremonie-root h2{font-family:'Newsreader',Georgia,serif;font-weight:700;font-size:27px;line-height:1.2;letter-spacing:-0.01em;color:#1a1d24;margin:46px 0 14px;}\n.va-ceremonie-dateline{display:inline-flex;align-items:center;gap:10px;font-family:'JetBrains Mono',monospace;font-size:12px;font-weight:500;letter-spacing:1.5px;text-transform:uppercase;color:#2E3A56;border:1px solid #d7dbe4;border-radius:4px;padding:7px 13px;margin:6px 0 22px;}\n.va-ceremonie-dateline span{width:7px;height:7px;border-radius:50%;background:#2E3A56;}\n.va-ceremonie-brief{background:#f4f6fa;border:1px solid #e0e4ee;border-left:5px solid #2E3A56;border-radius:0 8px 8px 0;padding:24px 28px 26px;margin:26px 0 36px;}\n.va-ceremonie-brief .va-ceremonie-klabel{font-family:'JetBrains Mono',monospace;font-size:11px;font-weight:500;text-transform:uppercase;letter-spacing:2.4px;color:#2E3A56;margin-bottom:16px;}\n.va-ceremonie-brief .va-ceremonie-grid{display:grid;grid-template-columns:repeat(auto-fit,minmax(220px,1fr));gap:12px;}\n.va-ceremonie-brief .va-ceremonie-item{display:flex;gap:13px;align-items:flex-start;background:#fff;border:1px solid #e4e8f1;border-top:3px solid #2E3A56;border-radius:7px;padding:15px 16px;transition:transform .18s ease,box-shadow .18s ease;}\n.va-ceremonie-brief .va-ceremonie-item:hover{transform:translateY(-3px);box-shadow:0 8px 22px rgba(46,58,86,.13);}\n.va-ceremonie-brief .va-ceremonie-tag{font-family:'JetBrains Mono',monospace;font-size:10px;font-weight:500;text-transform:uppercase;letter-spacing:1.6px;color:#2E3A56;display:block;margin-bottom:5px;}\n.va-ceremonie-brief .va-ceremonie-txt{font-size:14.5px;line-height:1.55;color:#2c303a;}\n.va-ceremonie-options{display:grid;grid-template-columns:repeat(auto-fit,minmax(230px,1fr));gap:14px;margin:28px 0;}\n.va-ceremonie-card{background:#fff;border:1px solid #e4e8f1;border-top:3px solid #2E3A56;border-radius:8px;padding:19px 20px 18px;box-shadow:0 2px 10px rgba(30,34,44,.05);transition:transform .18s ease,box-shadow .18s ease;}\n.va-ceremonie-card:hover{transform:translateY(-3px);box-shadow:0 10px 26px rgba(46,58,86,.14);}\n.va-ceremonie-card .va-ceremonie-num{font-family:'Newsreader',Georgia,serif;font-weight:700;font-size:20px;color:#2E3A56;}\n.va-ceremonie-card .va-ceremonie-cardttl{font-size:15.5px;font-weight:600;color:#1a1d24;margin:9px 0 5px;letter-spacing:-0.005em;}\n.va-ceremonie-card .va-ceremonie-cardtxt{font-size:13.5px;line-height:1.55;color:#4a4f5b;}\n.va-ceremonie-quote{margin:40px auto;padding:26px 24px;text-align:center;border-top:1px solid #2E3A56;border-bottom:1px solid #2E3A56;max-width:660px;position:relative;}\n.va-ceremonie-quote .va-ceremonie-mark{position:absolute;top:-22px;left:50%;transform:translateX(-50%);background:#fff;padding:0 14px;font-family:'Newsreader',Georgia,serif;font-size:52px;line-height:1;color:#2E3A56;}\n.va-ceremonie-quote blockquote{margin:0;padding:0;font-family:'Newsreader',Georgia,serif;font-style:italic;font-weight:600;font-size:23px;line-height:1.45;color:#1a1d24;}\n.va-ceremonie-quote .va-ceremonie-cite{margin-top:13px;font-family:'JetBrains Mono',monospace;font-size:11px;text-transform:uppercase;letter-spacing:1.8px;color:#5a6172;}\n.va-ceremonie-retenir{background:#1a1d24;border-radius:9px;padding:26px 28px 28px;margin:40px 0;}\n.va-ceremonie-retenir .va-ceremonie-kicker{font-family:'JetBrains Mono',monospace;font-size:11px;font-weight:500;text-transform:uppercase;letter-spacing:2.4px;color:#9aa6c4;margin-bottom:16px;}\n.va-ceremonie-retenir .va-ceremonie-list{display:flex;flex-direction:column;gap:11px;}\n.va-ceremonie-retenir .va-ceremonie-line{display:flex;gap:13px;align-items:flex-start;}\n.va-ceremonie-retenir .va-ceremonie-dot{flex:0 0 22px;width:22px;height:22px;border-radius:50%;background:#2E3A56;color:#fff;font-family:'JetBrains Mono',monospace;font-size:11px;font-weight:500;display:inline-flex;align-items:center;justify-content:center;}\n.va-ceremonie-retenir .va-ceremonie-linetxt{font-size:14.5px;line-height:1.55;color:#e6e9f2;}\n.va-ceremonie-root ul{font-size:15px;line-height:1.7;color:#2c303a;}\n.va-ceremonie-root blockquote{border-left:4px solid #2E3A56;margin:24px 0;padding:6px 0 6px 20px;font-family:'Newsreader',Georgia,serif;font-style:italic;font-size:17px;color:#2c303a;}\n\/*RENDERFIX2*\/.va-ceremonie-dateline span{color:#eef3f9!important}.va-ceremonie-dateline span p,.va-ceremonie-dateline span li,.va-ceremonie-dateline span strong,.va-ceremonie-dateline span em,.va-ceremonie-dateline span a,.va-ceremonie-dateline span span,.va-ceremonie-dateline span b,.va-ceremonie-dateline span td,.va-ceremonie-dateline span th,.va-ceremonie-dateline span h2,.va-ceremonie-dateline span h3,.va-ceremonie-dateline span h4{color:#eef3f9!important}.va-ceremonie-dateline span strong,.va-ceremonie-dateline span b{color:#ffffff!important}.va-ceremonie-retenir{color:#eef3f9!important}.va-ceremonie-retenir p,.va-ceremonie-retenir li,.va-ceremonie-retenir strong,.va-ceremonie-retenir em,.va-ceremonie-retenir a,.va-ceremonie-retenir span,.va-ceremonie-retenir b,.va-ceremonie-retenir td,.va-ceremonie-retenir th,.va-ceremonie-retenir h2,.va-ceremonie-retenir h3,.va-ceremonie-retenir h4{color:#eef3f9!important}.va-ceremonie-retenir strong,.va-ceremonie-retenir b{color:#ffffff!important}.va-ceremonie-retenir .va-ceremonie-dot{color:#eef3f9!important}.va-ceremonie-retenir .va-ceremonie-dot p,.va-ceremonie-retenir .va-ceremonie-dot li,.va-ceremonie-retenir .va-ceremonie-dot strong,.va-ceremonie-retenir .va-ceremonie-dot em,.va-ceremonie-retenir .va-ceremonie-dot a,.va-ceremonie-retenir .va-ceremonie-dot span,.va-ceremonie-retenir .va-ceremonie-dot b,.va-ceremonie-retenir .va-ceremonie-dot td,.va-ceremonie-retenir .va-ceremonie-dot th,.va-ceremonie-retenir .va-ceremonie-dot h2,.va-ceremonie-retenir .va-ceremonie-dot h3,.va-ceremonie-retenir .va-ceremonie-dot h4{color:#eef3f9!important}.va-ceremonie-retenir .va-ceremonie-dot strong,.va-ceremonie-retenir .va-ceremonie-dot b{color:#ffffff!important}<\/style>\n<div class=\"va-ceremonie-root\">\n<div class=\"va-ceremonie-dateline\"><span><\/span>Actualit\u00e9 &middot; Fronti\u00e8re USA-Mexique &middot; F\u00e9vrier 2025<\/div>\n<div class=\"va-ceremonie-brief\">\n<div class=\"va-ceremonie-kicker va-ceremonie-klabel\">En bref<\/div>\n<div class=\"va-ceremonie-grid\">\n<div class=\"va-ceremonie-item\">\n<div><span class=\"va-ceremonie-tag\">Quoi<\/span><span class=\"va-ceremonie-txt\">Une c\u00e9r\u00e9monie internationale \u00e0 Laredo a entra\u00een\u00e9 la fermeture temporaire de passages frontaliers, perturbant la travers\u00e9e USA-Mexique le temps d&rsquo;une matin\u00e9e.<\/span><\/div>\n<\/div>\n<div class=\"va-ceremonie-item\">\n<div><span class=\"va-ceremonie-tag\">O\u00f9 &amp; quand<\/span><span class=\"va-ceremonie-txt\">\u00c0 Laredo, le samedi matin de ce week-end de f\u00e9vrier 2025 : voies nord et sud du Pont Deux ferm\u00e9es d\u00e8s 5 heures, r\u00e9ouverture pr\u00e9vue \u00e0 9 heures.<\/span><\/div>\n<\/div>\n<div class=\"va-ceremonie-item\">\n<div><span class=\"va-ceremonie-tag\">Impact d\u00e9placements<\/span><span class=\"va-ceremonie-txt\">Le CBP recommandait d&rsquo;anticiper et d&#8217;emprunter des passages alternatifs : Pont de la Solidarit\u00e9 de Columbia (6 h), Pont Un pour SENTRI, voies pi\u00e9tonnes au Pont Un.<\/span><\/div>\n<\/div>\n<\/div>\n<\/div>\n<h2>Importance de la c\u00e9r\u00e9monie internationale<\/h2>\n<p>La c\u00e9r\u00e9monie internationale qui s&rsquo;est d\u00e9roul\u00e9e ce samedi matin \u00e0 Laredo a \u00e9t\u00e9 un \u00e9v\u00e9nement marquant pour les communaut\u00e9s des deux c\u00f4t\u00e9s de la fronti\u00e8re. Elle symbolisait l&rsquo;unit\u00e9 et la collaboration entre les \u00c9tats-Unis et le Mexique, renfor\u00e7ant les liens d\u00e9j\u00e0 solides entre ces deux nations. Les repr\u00e9sentants des deux pays \u00e9taient pr\u00e9sents pour c\u00e9l\u00e9brer cette coop\u00e9ration, offrant une occasion unique de promouvoir l&rsquo;amiti\u00e9 et la compr\u00e9hension mutuelle.<br \/>\nLes rituels comme celui-ci jouent un r\u00f4le essentiel dans la consolidation de la paix et de la prosp\u00e9rit\u00e9 des r\u00e9gions frontali\u00e8res. Ils permettent de rappeler aux citoyens l&rsquo;importance de travailler ensemble pour surmonter les d\u00e9fis et b\u00e2tir un avenir meilleur. En prenant part \u00e0 cet \u00e9v\u00e9nement, les participants ont montr\u00e9 leur engagement envers une relation harmonieuse entre les deux pays.<\/p>\n<h2>Ajustements n\u00e9cessaires pour le passage des fronti\u00e8res<\/h2>\n<p>Les autorit\u00e9s de la douane et de la protection des fronti\u00e8res (CBP) ont conseill\u00e9 au public d&rsquo;ajuster ses plans de voyage en raison de la fermeture temporaire de certains passages. \u00c0 partir de 5 heures du matin, les voies nord et sud du Pont Deux ont \u00e9t\u00e9 ferm\u00e9es pour faciliter les pr\u00e9paratifs de la c\u00e9r\u00e9monie. Les voyageurs devaient donc pr\u00e9voir des alternatives pour \u00e9viter des d\u00e9sagr\u00e9ments lors de leurs d\u00e9placements.<br \/>\nPour ceux qui devaient traverser la fronti\u00e8re, plusieurs options ont \u00e9t\u00e9 mises \u00e0 disposition. Le Pont de la Solidarit\u00e9 de Columbia a ouvert ses portes \u00e0 6 heures du matin, tandis que ceux qui participaient au programme SENTRI pouvaient emprunter le Pont Un. Les pi\u00e9tons avaient \u00e9galement la possibilit\u00e9 d&rsquo;utiliser les voies pi\u00e9tonnes au Pont Un, offrant ainsi une certaine flexibilit\u00e9 pour le passage.<\/p>\n<div class=\"va-ceremonie-quote\">\n<div class=\"va-ceremonie-mark\">&laquo;<\/div>\n<blockquote><p>Nous encourageons tous les voyageurs \u00e0 planifier \u00e0 l&rsquo;avance et \u00e0 envisager des alternatives pour traverser la fronti\u00e8re.<\/p><\/blockquote>\n<div class=\"va-ceremonie-cite\">&mdash; Repr\u00e9sentant du CBP<\/div>\n<\/div>\n<p><iframe loading=\"lazy\" title=\"Cr\u00e9er un calendrier \u00e9ditorial \u00e0 haut potentiel R.O.I.\" width=\"1200\" height=\"675\" src=\"https:\/\/www.youtube.com\/embed\/3-1ByVpOZuc?feature=oembed\" frameborder=\"0\" allow=\"accelerometer; autoplay; clipboard-write; encrypted-media; gyroscope; picture-in-picture; web-share\" referrerpolicy=\"strict-origin-when-cross-origin\" allowfullscreen><\/iframe><\/p>\n<h2>Alternatives de passage pour le public<\/h2>\n<p>Il \u00e9tait crucial pour les voyageurs d&rsquo;\u00eatre bien inform\u00e9s des options disponibles afin de minimiser les d\u00e9sagr\u00e9ments. En anticipant ces fermetures, les usagers ont pu mieux planifier leurs trajets et \u00e9viter des retards. Cela permettait non seulement de faciliter le passage, mais aussi de garantir la s\u00e9curit\u00e9 de tous les participants \u00e0 la c\u00e9r\u00e9monie.<br \/>\nVoici les options de passage qui avaient \u00e9t\u00e9 communiqu\u00e9es :<\/p>\n<div class=\"va-ceremonie-options\">\n<div class=\"va-ceremonie-card\">\n<div class=\"va-ceremonie-num\">01<\/div>\n<div class=\"va-ceremonie-cardttl\">Pont de la Solidarit\u00e9 de Columbia<\/div>\n<div class=\"va-ceremonie-cardtxt\">Ouverture \u00e0 6 heures du matin, alternative principale pendant la fermeture du Pont Deux.<\/div>\n<\/div>\n<div class=\"va-ceremonie-card\">\n<div class=\"va-ceremonie-num\">02<\/div>\n<div class=\"va-ceremonie-cardttl\">Pont Un &middot; programme SENTRI<\/div>\n<div class=\"va-ceremonie-cardtxt\">R\u00e9serv\u00e9 aux membres inscrits au programme SENTRI pour un passage acc\u00e9l\u00e9r\u00e9.<\/div>\n<\/div>\n<div class=\"va-ceremonie-card\">\n<div class=\"va-ceremonie-num\">03<\/div>\n<div class=\"va-ceremonie-cardttl\">Voies pi\u00e9tonnes au Pont Un<\/div>\n<div class=\"va-ceremonie-cardtxt\">Option d\u00e9di\u00e9e aux pi\u00e9tons souhaitant traverser \u00e0 pied pendant les fermetures.<\/div>\n<\/div>\n<\/div>\n<ul>\n<li>Pont de la Solidarit\u00e9 de Columbia, ouverture \u00e0 6 heures<\/li>\n<li>Pont Un, pour les membres du programme SENTRI<\/li>\n<li>Voies pi\u00e9tonnes au Pont Un pour les pi\u00e9tons<\/li>\n<\/ul>\n<p>La r\u00e9ouverture du Pont Deux \u00e9tait pr\u00e9vue pour 9 heures du matin, ce qui devait permettre aux usagers de reprendre leurs trajets habituels. Les autorit\u00e9s de CBP se sont efforc\u00e9es de minimiser les inconv\u00e9nients li\u00e9s \u00e0 ces fermetures et ont assur\u00e9 que la s\u00e9curit\u00e9 restait leur priorit\u00e9. Il \u00e9tait essentiel pour le public de rester inform\u00e9 et de suivre les mises \u00e0 jour officielles sur les conditions de circulation, en se r\u00e9f\u00e9rant aux communications du CBP et aux informations trafic locales.<br \/>\nLa c\u00e9r\u00e9monie internationale \u00e9tait plus qu&rsquo;un simple \u00e9v\u00e9nement : une c\u00e9l\u00e9bration de la coop\u00e9ration et de l&rsquo;harmonie entre deux nations. En prenant le temps de s&rsquo;adapter aux changements de circulation, le public a montr\u00e9 son respect pour cet \u00e9v\u00e9nement significatif. Les ajustements temporaires dans les plans de voyage ont contribu\u00e9 \u00e0 faire de cette c\u00e9r\u00e9monie un moment marquant.<\/p>\n<div class=\"va-ceremonie-retenir\">\n<div class=\"va-ceremonie-kicker\">Ce qu&rsquo;il faut retenir<\/div>\n<div class=\"va-ceremonie-list\">\n<div class=\"va-ceremonie-line\"><span class=\"va-ceremonie-dot\">1<\/span><span class=\"va-ceremonie-linetxt\">Un samedi matin de f\u00e9vrier 2025, une c\u00e9r\u00e9monie internationale \u00e0 Laredo a ferm\u00e9 temporairement le Pont Deux (voies nord et sud) d\u00e8s 5 heures.<\/span><\/div>\n<div class=\"va-ceremonie-line\"><span class=\"va-ceremonie-dot\">2<\/span><span class=\"va-ceremonie-linetxt\">Trois alternatives \u00e9taient ouvertes : Pont de la Solidarit\u00e9 de Columbia (6 h), Pont Un pour les membres SENTRI, et voies pi\u00e9tonnes au Pont Un.<\/span><\/div>\n<div class=\"va-ceremonie-line\"><span class=\"va-ceremonie-dot\">3<\/span><span class=\"va-ceremonie-linetxt\">La r\u00e9ouverture du Pont Deux \u00e9tait pr\u00e9vue \u00e0 9 heures ; le CBP invitait \u00e0 anticiper les trajets et \u00e0 suivre les infos officielles.<\/span><\/div>\n<\/div>\n<\/div>\n<p><img width=\"1024\" height=\"576\" src=\"https:\/\/voyage-aventure.com\/blog\/wp-content\/uploads\/2025\/02\/stability-preparez-vous-pour-la-ceremonie-internationale-ajustez-vos-plans-de-voyage-ce-week-end-1.png\" class=\"aligncenter\" alt=\"Illustration d\u00e9taill\u00e9e sur Pr\u00e9parez-vous pour la c\u00e9r\u00e9monie internationale : ajustez vos plans de voyage ce week-end\" title=\"Pr\u00e9parez-vous pour la c\u00e9r\u00e9monie internationale : ajustez vos plans de voyage ce week-end\" decoding=\"async\" loading=\"lazy\" \/>\n<\/div>\n","protected":false},"excerpt":{"rendered":"","protected":false},"author":34,"featured_media":11343,"comment_status":"open","ping_status":"open","sticky":false,"template":"","format":"standard","meta":{"_acf_changed":false,"manual_indexmenow":false,"indexmenow_id_project":0,"footnotes":""},"categories":[1],"tags":[4527,4713,5688,3170,4526],"class_list":["post-11342","post","type-post","status-publish","format-standard","has-post-thumbnail","hentry","category-a-la-une","tag-decouverte-culturelle","tag-preparation","tag-relations-internationales","tag-securite","tag-voyage-economique","generate-columns","tablet-grid-50","mobile-grid-100","grid-parent","grid-25"],"acf":[],"yoast_head":"<!-- This site is optimized with the Yoast SEO Premium plugin v21.3 (Yoast SEO v25.1) - https:\/\/yoast.com\/wordpress\/plugins\/seo\/ -->\n<title>Pr\u00e9parez-vous pour la c\u00e9r\u00e9monie internationale : ajustez<\/title>\n<meta name=\"description\" content=\"QuoiUne c\u00e9r\u00e9monie internationale \u00e0 Laredo a entra\u00een\u00e9 la fermeture temporaire de passages frontaliers, perturbant la travers\u00e9e USA-Mexique le temps d&#039;une\" \/>\n<meta name=\"robots\" content=\"index, follow, max-snippet:-1, max-image-preview:large, max-video-preview:-1\" \/>\n<link rel=\"canonical\" href=\"https:\/\/voyage-aventure.com\/blog\/a-la-une\/preparez-vous-pour-la-ceremonie-internationale-ajustez-vos-plans-de-voyage-ce-week-end\/\" \/>\n<meta property=\"og:locale\" content=\"fr_FR\" \/>\n<meta property=\"og:type\" content=\"article\" \/>\n<meta property=\"og:title\" content=\"Pr\u00e9parez-vous pour la c\u00e9r\u00e9monie internationale : ajustez\" \/>\n<meta property=\"og:description\" content=\"QuoiUne c\u00e9r\u00e9monie internationale \u00e0 Laredo a entra\u00een\u00e9 la fermeture temporaire de passages frontaliers, perturbant la travers\u00e9e USA-Mexique le temps d&#039;une\" \/>\n<meta property=\"og:url\" content=\"https:\/\/voyage-aventure.com\/blog\/a-la-une\/preparez-vous-pour-la-ceremonie-internationale-ajustez-vos-plans-de-voyage-ce-week-end\/\" \/>\n<meta property=\"og:site_name\" content=\"voyage-aventure\" \/>\n<meta property=\"og:image\" content=\"https:\/\/voyage-aventure.com\/blog\/wp-content\/uploads\/2025\/02\/stability-preparez-vous-pour-la-ceremonie-internationale-ajustez-vos-plans-de-voyage-ce-week-end.png\" \/>\n\t<meta property=\"og:image:width\" content=\"1024\" \/>\n\t<meta property=\"og:image:height\" content=\"576\" \/>\n\t<meta property=\"og:image:type\" content=\"image\/png\" \/>\n<meta name=\"author\" content=\"Camille Rouvray\" \/>\n<meta name=\"twitter:card\" content=\"summary_large_image\" \/>\n<script type=\"application\/ld+json\" class=\"yoast-schema-graph\">{\"@context\":\"https:\/\/schema.org\",\"@graph\":[{\"@type\":\"NewsArticle\",\"@id\":\"https:\/\/voyage-aventure.com\/blog\/a-la-une\/preparez-vous-pour-la-ceremonie-internationale-ajustez-vos-plans-de-voyage-ce-week-end\/#article\",\"isPartOf\":{\"@id\":\"https:\/\/voyage-aventure.com\/blog\/a-la-une\/preparez-vous-pour-la-ceremonie-internationale-ajustez-vos-plans-de-voyage-ce-week-end\/\"},\"author\":{\"name\":\"Camille Rouvray\",\"@id\":\"https:\/\/voyage-aventure.com\/blog\/#\/schema\/person\/3c864cdc320801e3db34b663e7e3f816\"},\"headline\":\"Pr\u00e9parez-vous pour la c\u00e9r\u00e9monie internationale : ajustez vos plans de voyage ce week-end\",\"datePublished\":\"2026-06-16T14:41:40+00:00\",\"mainEntityOfPage\":{\"@id\":\"https:\/\/voyage-aventure.com\/blog\/a-la-une\/preparez-vous-pour-la-ceremonie-internationale-ajustez-vos-plans-de-voyage-ce-week-end\/\"},\"wordCount\":843,\"commentCount\":24,\"publisher\":{\"@id\":\"https:\/\/voyage-aventure.com\/blog\/#organization\"},\"image\":{\"@id\":\"https:\/\/voyage-aventure.com\/blog\/a-la-une\/preparez-vous-pour-la-ceremonie-internationale-ajustez-vos-plans-de-voyage-ce-week-end\/#primaryimage\"},\"thumbnailUrl\":\"https:\/\/voyage-aventure.com\/blog\/wp-content\/uploads\/2025\/02\/stability-preparez-vous-pour-la-ceremonie-internationale-ajustez-vos-plans-de-voyage-ce-week-end.png\",\"keywords\":[\"D\u00e9couverte Culturelle\",\"Pr\u00e9paration\",\"Relations Internationales\",\"S\u00e9curit\u00e9\",\"Voyage \u00c9conomique\"],\"articleSection\":[\"\u00c0 la une\"],\"inLanguage\":\"fr-FR\",\"potentialAction\":[{\"@type\":\"CommentAction\",\"name\":\"Comment\",\"target\":[\"https:\/\/voyage-aventure.com\/blog\/a-la-une\/preparez-vous-pour-la-ceremonie-internationale-ajustez-vos-plans-de-voyage-ce-week-end\/#respond\"]}]},{\"@type\":\"WebPage\",\"@id\":\"https:\/\/voyage-aventure.com\/blog\/a-la-une\/preparez-vous-pour-la-ceremonie-internationale-ajustez-vos-plans-de-voyage-ce-week-end\/\",\"url\":\"https:\/\/voyage-aventure.com\/blog\/a-la-une\/preparez-vous-pour-la-ceremonie-internationale-ajustez-vos-plans-de-voyage-ce-week-end\/\",\"name\":\"Pr\u00e9parez-vous pour la c\u00e9r\u00e9monie internationale : ajustez\",\"isPartOf\":{\"@id\":\"https:\/\/voyage-aventure.com\/blog\/#website\"},\"primaryImageOfPage\":{\"@id\":\"https:\/\/voyage-aventure.com\/blog\/a-la-une\/preparez-vous-pour-la-ceremonie-internationale-ajustez-vos-plans-de-voyage-ce-week-end\/#primaryimage\"},\"image\":{\"@id\":\"https:\/\/voyage-aventure.com\/blog\/a-la-une\/preparez-vous-pour-la-ceremonie-internationale-ajustez-vos-plans-de-voyage-ce-week-end\/#primaryimage\"},\"thumbnailUrl\":\"https:\/\/voyage-aventure.com\/blog\/wp-content\/uploads\/2025\/02\/stability-preparez-vous-pour-la-ceremonie-internationale-ajustez-vos-plans-de-voyage-ce-week-end.png\",\"datePublished\":\"2026-06-16T14:41:40+00:00\",\"description\":\"QuoiUne c\u00e9r\u00e9monie internationale \u00e0 Laredo a entra\u00een\u00e9 la fermeture temporaire de passages frontaliers, perturbant la travers\u00e9e USA-Mexique le temps d'une\",\"inLanguage\":\"fr-FR\",\"potentialAction\":[{\"@type\":\"ReadAction\",\"target\":[\"https:\/\/voyage-aventure.com\/blog\/a-la-une\/preparez-vous-pour-la-ceremonie-internationale-ajustez-vos-plans-de-voyage-ce-week-end\/\"]}]},{\"@type\":\"ImageObject\",\"inLanguage\":\"fr-FR\",\"@id\":\"https:\/\/voyage-aventure.com\/blog\/a-la-une\/preparez-vous-pour-la-ceremonie-internationale-ajustez-vos-plans-de-voyage-ce-week-end\/#primaryimage\",\"url\":\"https:\/\/voyage-aventure.com\/blog\/wp-content\/uploads\/2025\/02\/stability-preparez-vous-pour-la-ceremonie-internationale-ajustez-vos-plans-de-voyage-ce-week-end.png\",\"contentUrl\":\"https:\/\/voyage-aventure.com\/blog\/wp-content\/uploads\/2025\/02\/stability-preparez-vous-pour-la-ceremonie-internationale-ajustez-vos-plans-de-voyage-ce-week-end.png\",\"width\":1024,\"height\":576},{\"@type\":\"WebSite\",\"@id\":\"https:\/\/voyage-aventure.com\/blog\/#website\",\"url\":\"https:\/\/voyage-aventure.com\/blog\/\",\"name\":\"voyage-aventure.com\",\"description\":\"Votre passeport pour l\u2019inattendu.\",\"publisher\":{\"@id\":\"https:\/\/voyage-aventure.com\/blog\/#organization\"},\"alternateName\":\"Votre passeport pour l\u2019inattendu.\",\"potentialAction\":[{\"@type\":\"SearchAction\",\"target\":{\"@type\":\"EntryPoint\",\"urlTemplate\":\"https:\/\/voyage-aventure.com\/blog\/?s={search_term_string}\"},\"query-input\":{\"@type\":\"PropertyValueSpecification\",\"valueRequired\":true,\"valueName\":\"search_term_string\"}}],\"inLanguage\":\"fr-FR\"},{\"@type\":\"Organization\",\"@id\":\"https:\/\/voyage-aventure.com\/blog\/#organization\",\"name\":\"Foretsensations.fr\",\"url\":\"https:\/\/voyage-aventure.com\/blog\/\",\"logo\":{\"@type\":\"ImageObject\",\"inLanguage\":\"fr-FR\",\"@id\":\"https:\/\/voyage-aventure.com\/blog\/#\/schema\/logo\/image\/\",\"url\":\"https:\/\/voyage-aventure.com\/blog\/wp-content\/uploads\/2024\/12\/19.png\",\"contentUrl\":\"https:\/\/voyage-aventure.com\/blog\/wp-content\/uploads\/2024\/12\/19.png\",\"width\":512,\"height\":512,\"caption\":\"Foretsensations.fr\"},\"image\":{\"@id\":\"https:\/\/voyage-aventure.com\/blog\/#\/schema\/logo\/image\/\"}},{\"@type\":\"Person\",\"@id\":\"https:\/\/voyage-aventure.com\/blog\/#\/schema\/person\/3c864cdc320801e3db34b663e7e3f816\",\"name\":\"Camille Rouvray\",\"image\":{\"@type\":\"ImageObject\",\"inLanguage\":\"fr-FR\",\"@id\":\"https:\/\/voyage-aventure.com\/blog\/#\/schema\/person\/image\/\",\"url\":\"https:\/\/voyage-aventure.com\/blog\/wp-content\/uploads\/2026\/06\/persona_camille-r-96x96.jpg\",\"contentUrl\":\"https:\/\/voyage-aventure.com\/blog\/wp-content\/uploads\/2026\/06\/persona_camille-r-96x96.jpg\",\"caption\":\"Camille Rouvray\"},\"description\":\"Je voyage et j'\u00e9cris sur le voyage depuis une douzaine d'ann\u00e9es, d'abord en tant que routarde au long cours, puis comme r\u00e9dactrice sp\u00e9cialis\u00e9e. Mon terrain de pr\u00e9dilection, ce sont les circuits organis\u00e9s et l'art de bien pr\u00e9parer un itin\u00e9raire : choix de la saison, dur\u00e9e r\u00e9aliste des \u00e9tapes, budget jour par jour, logement et transport sur place. J'aime aussi raconter les p\u00e9pites urbaines, ces adresses qu'on ne trouve pas dans les guides classiques. Avant de publier un dossier destination, je croise toujours plusieurs sources, je v\u00e9rifie les tarifs et les formalit\u00e9s d'entr\u00e9e \u00e0 jour, et je teste moi-m\u00eame quand je le peux. Mon angle reste pratique avant tout : aider le lecteur \u00e0 partir l'esprit tranquille, sans mauvaise surprise une fois sur place. Je m'attache \u00e0 distinguer le coup de c\u0153ur sinc\u00e8re du simple argument marketing.\",\"sameAs\":[\"https:\/\/camillerouvray.fr\/\"],\"url\":\"https:\/\/voyage-aventure.com\/blog\/auteur\/noname\/\"}]}<\/script>\n<!-- \/ Yoast SEO Premium plugin. -->","yoast_head_json":{"title":"Pr\u00e9parez-vous pour la c\u00e9r\u00e9monie internationale : ajustez","description":"QuoiUne c\u00e9r\u00e9monie internationale \u00e0 Laredo a entra\u00een\u00e9 la fermeture temporaire de passages frontaliers, perturbant la travers\u00e9e USA-Mexique le temps d'une","robots":{"index":"index","follow":"follow","max-snippet":"max-snippet:-1","max-image-preview":"max-image-preview:large","max-video-preview":"max-video-preview:-1"},"canonical":"https:\/\/voyage-aventure.com\/blog\/a-la-une\/preparez-vous-pour-la-ceremonie-internationale-ajustez-vos-plans-de-voyage-ce-week-end\/","og_locale":"fr_FR","og_type":"article","og_title":"Pr\u00e9parez-vous pour la c\u00e9r\u00e9monie internationale : ajustez","og_description":"QuoiUne c\u00e9r\u00e9monie internationale \u00e0 Laredo a entra\u00een\u00e9 la fermeture temporaire de passages frontaliers, perturbant la travers\u00e9e USA-Mexique le temps d'une","og_url":"https:\/\/voyage-aventure.com\/blog\/a-la-une\/preparez-vous-pour-la-ceremonie-internationale-ajustez-vos-plans-de-voyage-ce-week-end\/","og_site_name":"voyage-aventure","og_image":[{"width":1024,"height":576,"url":"https:\/\/voyage-aventure.com\/blog\/wp-content\/uploads\/2025\/02\/stability-preparez-vous-pour-la-ceremonie-internationale-ajustez-vos-plans-de-voyage-ce-week-end.png","type":"image\/png"}],"author":"Camille Rouvray","twitter_card":"summary_large_image","schema":{"@context":"https:\/\/schema.org","@graph":[{"@type":"NewsArticle","@id":"https:\/\/voyage-aventure.com\/blog\/a-la-une\/preparez-vous-pour-la-ceremonie-internationale-ajustez-vos-plans-de-voyage-ce-week-end\/#article","isPartOf":{"@id":"https:\/\/voyage-aventure.com\/blog\/a-la-une\/preparez-vous-pour-la-ceremonie-internationale-ajustez-vos-plans-de-voyage-ce-week-end\/"},"author":{"name":"Camille Rouvray","@id":"https:\/\/voyage-aventure.com\/blog\/#\/schema\/person\/3c864cdc320801e3db34b663e7e3f816"},"headline":"Pr\u00e9parez-vous pour la c\u00e9r\u00e9monie internationale : ajustez vos plans de voyage ce week-end","datePublished":"2026-06-16T14:41:40+00:00","mainEntityOfPage":{"@id":"https:\/\/voyage-aventure.com\/blog\/a-la-une\/preparez-vous-pour-la-ceremonie-internationale-ajustez-vos-plans-de-voyage-ce-week-end\/"},"wordCount":843,"commentCount":24,"publisher":{"@id":"https:\/\/voyage-aventure.com\/blog\/#organization"},"image":{"@id":"https:\/\/voyage-aventure.com\/blog\/a-la-une\/preparez-vous-pour-la-ceremonie-internationale-ajustez-vos-plans-de-voyage-ce-week-end\/#primaryimage"},"thumbnailUrl":"https:\/\/voyage-aventure.com\/blog\/wp-content\/uploads\/2025\/02\/stability-preparez-vous-pour-la-ceremonie-internationale-ajustez-vos-plans-de-voyage-ce-week-end.png","keywords":["D\u00e9couverte Culturelle","Pr\u00e9paration","Relations Internationales","S\u00e9curit\u00e9","Voyage \u00c9conomique"],"articleSection":["\u00c0 la une"],"inLanguage":"fr-FR","potentialAction":[{"@type":"CommentAction","name":"Comment","target":["https:\/\/voyage-aventure.com\/blog\/a-la-une\/preparez-vous-pour-la-ceremonie-internationale-ajustez-vos-plans-de-voyage-ce-week-end\/#respond"]}]},{"@type":"WebPage","@id":"https:\/\/voyage-aventure.com\/blog\/a-la-une\/preparez-vous-pour-la-ceremonie-internationale-ajustez-vos-plans-de-voyage-ce-week-end\/","url":"https:\/\/voyage-aventure.com\/blog\/a-la-une\/preparez-vous-pour-la-ceremonie-internationale-ajustez-vos-plans-de-voyage-ce-week-end\/","name":"Pr\u00e9parez-vous pour la c\u00e9r\u00e9monie internationale : ajustez","isPartOf":{"@id":"https:\/\/voyage-aventure.com\/blog\/#website"},"primaryImageOfPage":{"@id":"https:\/\/voyage-aventure.com\/blog\/a-la-une\/preparez-vous-pour-la-ceremonie-internationale-ajustez-vos-plans-de-voyage-ce-week-end\/#primaryimage"},"image":{"@id":"https:\/\/voyage-aventure.com\/blog\/a-la-une\/preparez-vous-pour-la-ceremonie-internationale-ajustez-vos-plans-de-voyage-ce-week-end\/#primaryimage"},"thumbnailUrl":"https:\/\/voyage-aventure.com\/blog\/wp-content\/uploads\/2025\/02\/stability-preparez-vous-pour-la-ceremonie-internationale-ajustez-vos-plans-de-voyage-ce-week-end.png","datePublished":"2026-06-16T14:41:40+00:00","description":"QuoiUne c\u00e9r\u00e9monie internationale \u00e0 Laredo a entra\u00een\u00e9 la fermeture temporaire de passages frontaliers, perturbant la travers\u00e9e USA-Mexique le temps d'une","inLanguage":"fr-FR","potentialAction":[{"@type":"ReadAction","target":["https:\/\/voyage-aventure.com\/blog\/a-la-une\/preparez-vous-pour-la-ceremonie-internationale-ajustez-vos-plans-de-voyage-ce-week-end\/"]}]},{"@type":"ImageObject","inLanguage":"fr-FR","@id":"https:\/\/voyage-aventure.com\/blog\/a-la-une\/preparez-vous-pour-la-ceremonie-internationale-ajustez-vos-plans-de-voyage-ce-week-end\/#primaryimage","url":"https:\/\/voyage-aventure.com\/blog\/wp-content\/uploads\/2025\/02\/stability-preparez-vous-pour-la-ceremonie-internationale-ajustez-vos-plans-de-voyage-ce-week-end.png","contentUrl":"https:\/\/voyage-aventure.com\/blog\/wp-content\/uploads\/2025\/02\/stability-preparez-vous-pour-la-ceremonie-internationale-ajustez-vos-plans-de-voyage-ce-week-end.png","width":1024,"height":576},{"@type":"WebSite","@id":"https:\/\/voyage-aventure.com\/blog\/#website","url":"https:\/\/voyage-aventure.com\/blog\/","name":"voyage-aventure.com","description":"Votre passeport pour l\u2019inattendu.","publisher":{"@id":"https:\/\/voyage-aventure.com\/blog\/#organization"},"alternateName":"Votre passeport pour l\u2019inattendu.","potentialAction":[{"@type":"SearchAction","target":{"@type":"EntryPoint","urlTemplate":"https:\/\/voyage-aventure.com\/blog\/?s={search_term_string}"},"query-input":{"@type":"PropertyValueSpecification","valueRequired":true,"valueName":"search_term_string"}}],"inLanguage":"fr-FR"},{"@type":"Organization","@id":"https:\/\/voyage-aventure.com\/blog\/#organization","name":"Foretsensations.fr","url":"https:\/\/voyage-aventure.com\/blog\/","logo":{"@type":"ImageObject","inLanguage":"fr-FR","@id":"https:\/\/voyage-aventure.com\/blog\/#\/schema\/logo\/image\/","url":"https:\/\/voyage-aventure.com\/blog\/wp-content\/uploads\/2024\/12\/19.png","contentUrl":"https:\/\/voyage-aventure.com\/blog\/wp-content\/uploads\/2024\/12\/19.png","width":512,"height":512,"caption":"Foretsensations.fr"},"image":{"@id":"https:\/\/voyage-aventure.com\/blog\/#\/schema\/logo\/image\/"}},{"@type":"Person","@id":"https:\/\/voyage-aventure.com\/blog\/#\/schema\/person\/3c864cdc320801e3db34b663e7e3f816","name":"Camille Rouvray","image":{"@type":"ImageObject","inLanguage":"fr-FR","@id":"https:\/\/voyage-aventure.com\/blog\/#\/schema\/person\/image\/","url":"https:\/\/voyage-aventure.com\/blog\/wp-content\/uploads\/2026\/06\/persona_camille-r-96x96.jpg","contentUrl":"https:\/\/voyage-aventure.com\/blog\/wp-content\/uploads\/2026\/06\/persona_camille-r-96x96.jpg","caption":"Camille Rouvray"},"description":"Je voyage et j'\u00e9cris sur le voyage depuis une douzaine d'ann\u00e9es, d'abord en tant que routarde au long cours, puis comme r\u00e9dactrice sp\u00e9cialis\u00e9e. Mon terrain de pr\u00e9dilection, ce sont les circuits organis\u00e9s et l'art de bien pr\u00e9parer un itin\u00e9raire : choix de la saison, dur\u00e9e r\u00e9aliste des \u00e9tapes, budget jour par jour, logement et transport sur place. J'aime aussi raconter les p\u00e9pites urbaines, ces adresses qu'on ne trouve pas dans les guides classiques. Avant de publier un dossier destination, je croise toujours plusieurs sources, je v\u00e9rifie les tarifs et les formalit\u00e9s d'entr\u00e9e \u00e0 jour, et je teste moi-m\u00eame quand je le peux. Mon angle reste pratique avant tout : aider le lecteur \u00e0 partir l'esprit tranquille, sans mauvaise surprise une fois sur place. Je m'attache \u00e0 distinguer le coup de c\u0153ur sinc\u00e8re du simple argument marketing.","sameAs":["https:\/\/camillerouvray.fr\/"],"url":"https:\/\/voyage-aventure.com\/blog\/auteur\/noname\/"}]}},"_links":{"self":[{"href":"https:\/\/voyage-aventure.com\/blog\/wp-json\/wp\/v2\/posts\/11342","targetHints":{"allow":["GET"]}}],"collection":[{"href":"https:\/\/voyage-aventure.com\/blog\/wp-json\/wp\/v2\/posts"}],"about":[{"href":"https:\/\/voyage-aventure.com\/blog\/wp-json\/wp\/v2\/types\/post"}],"author":[{"embeddable":true,"href":"https:\/\/voyage-aventure.com\/blog\/wp-json\/wp\/v2\/users\/34"}],"replies":[{"embeddable":true,"href":"https:\/\/voyage-aventure.com\/blog\/wp-json\/wp\/v2\/comments?post=11342"}],"version-history":[{"count":3,"href":"https:\/\/voyage-aventure.com\/blog\/wp-json\/wp\/v2\/posts\/11342\/revisions"}],"predecessor-version":[{"id":22609,"href":"https:\/\/voyage-aventure.com\/blog\/wp-json\/wp\/v2\/posts\/11342\/revisions\/22609"}],"wp:featuredmedia":[{"embeddable":true,"href":"https:\/\/voyage-aventure.com\/blog\/wp-json\/wp\/v2\/media\/11343"}],"wp:attachment":[{"href":"https:\/\/voyage-aventure.com\/blog\/wp-json\/wp\/v2\/media?parent=11342"}],"wp:term":[{"taxonomy":"category","embeddable":true,"href":"https:\/\/voyage-aventure.com\/blog\/wp-json\/wp\/v2\/categories?post=11342"},{"taxonomy":"post_tag","embeddable":true,"href":"https:\/\/voyage-aventure.com\/blog\/wp-json\/wp\/v2\/tags?post=11342"}],"curies":[{"name":"wp","href":"https:\/\/api.w.org\/{rel}","templated":true}]}}