{"id":11278,"date":"2026-06-16T16:41:01","date_gmt":"2026-06-16T14:41:01","guid":{"rendered":"https:\/\/voyage-aventure.com\/blog\/?p=11278"},"modified":"2026-06-16T16:41:01","modified_gmt":"2026-06-16T14:41:01","slug":"decouvrez-le-premier-vol-dune-voiture-volante-electrique-revolutionnaire","status":"publish","type":"post","link":"https:\/\/voyage-aventure.com\/blog\/destinations-aventure\/decouvrez-le-premier-vol-dune-voiture-volante-electrique-revolutionnaire\/","title":{"rendered":"D\u00e9couvrez le premier vol d&rsquo;une voiture volante \u00e9lectrique r\u00e9volutionnaire"},"content":{"rendered":"<link rel=\"stylesheet\" href=\"https:\/\/fonts.googleapis.com\/css2?family=Inter+Tight:wght@500;600;700;800&#038;family=Inter:wght@400;500;600&#038;family=IBM+Plex+Mono:wght@500&#038;display=swap\" \/>\n<style>\n.va-flyingcar-wrap{font-family:\"Inter\",\"Helvetica Neue\",Arial,sans-serif;color:#16202E;line-height:1.65;font-size:17px;}\n.va-flyingcar-wrap h2{font-family:\"Inter Tight\",\"Inter\",sans-serif;font-weight:800;letter-spacing:-.02em;font-size:clamp(24px,3.2vw,33px);line-height:1.18;color:#101826;margin:48px 0 16px;}\n.va-flyingcar-wrap h3{font-family:\"Inter Tight\",\"Inter\",sans-serif;font-weight:700;letter-spacing:-.01em;font-size:20px;color:#101826;margin:26px 0 10px;}\n.va-flyingcar-wrap p{margin:0 0 18px;}\n.va-flyingcar-wrap img{border-radius:12px;box-shadow:0 1px 2px rgba(16,24,40,.05),0 14px 32px -18px rgba(16,24,40,.22);}\n.va-flyingcar-dateline{font-family:\"IBM Plex Mono\",monospace;font-size:12px;font-weight:500;letter-spacing:.06em;text-transform:uppercase;color:#2563D9;display:flex;align-items:center;gap:10px;margin:0 0 14px;}\n.va-flyingcar-dateline span{height:1px;flex:1;background:linear-gradient(90deg,#2563D9,transparent);}\n.va-flyingcar-lead{font-size:20px;line-height:1.5;color:#2A3646;font-weight:500;margin:0 0 28px;}\n.va-flyingcar-essential{background:#F4F7FF;border:1px solid #DCE6FF;border-left:5px solid #2563D9;border-radius:14px;padding:24px 26px;margin:0 0 40px;}\n.va-flyingcar-essential .va-flyingcar-eyebrow{font-family:\"IBM Plex Mono\",monospace;font-size:11px;font-weight:500;letter-spacing:.12em;text-transform:uppercase;color:#2563D9;margin-bottom:14px;}\n.va-flyingcar-erow{display:flex;gap:14px;align-items:flex-start;padding:11px 0;border-top:1px solid #DCE6FF;}\n.va-flyingcar-erow:first-of-type{border-top:none;}\n.va-flyingcar-ekey{font-family:\"Inter Tight\",sans-serif;font-weight:700;color:#101826;min-width:74px;font-size:14px;letter-spacing:.02em;text-transform:uppercase;padding-top:1px;}\n.va-flyingcar-eval{color:#2A3646;flex:1;}\n.va-flyingcar-grid{display:grid;grid-template-columns:repeat(auto-fit,minmax(230px,1fr));gap:20px;margin:24px 0 8px;}\n.va-flyingcar-card{background:#fff;border:1px solid #E3E9F2;border-top:3px solid #2563D9;border-radius:12px;padding:22px 22px 24px;transition:.25s ease;}\n.va-flyingcar-card:hover{transform:translateY(-3px);box-shadow:0 1px 2px rgba(16,24,40,.05),0 16px 34px -18px rgba(37,99,217,.35);border-color:#C7D6F5;}\n.va-flyingcar-cardttl{font-family:\"Inter Tight\",sans-serif;font-weight:700;font-size:17px;color:#101826;margin-bottom:8px;}\n.va-flyingcar-cardtxt{color:#46566B;font-size:15.5px;line-height:1.58;}\n.va-flyingcar-pull{border-left:4px solid #2563D9;padding:6px 0 6px 24px;margin:30px 0;font-family:\"Inter Tight\",sans-serif;font-weight:600;font-size:22px;line-height:1.4;color:#101826;letter-spacing:-.01em;}\n.va-flyingcar-pull .va-flyingcar-who{display:block;margin-top:12px;font-family:\"IBM Plex Mono\",monospace;font-size:12px;font-weight:500;letter-spacing:.04em;color:#2563D9;text-transform:uppercase;}\n.va-flyingcar-specs{list-style:none;padding:0;margin:18px 0 6px;display:grid;grid-template-columns:repeat(auto-fit,minmax(250px,1fr));gap:12px;}\n.va-flyingcar-specs li{background:#F8FAFE;border:1px solid #E3E9F2;border-radius:10px;padding:13px 16px 13px 40px;position:relative;color:#2A3646;font-size:15.5px;}\n.va-flyingcar-specs li::before{content:\"\";position:absolute;left:15px;top:50%;transform:translateY(-50%);width:8px;height:8px;border-radius:50%;background:#2563D9;}\n.va-flyingcar-keep{background:#101826;border-radius:16px;padding:26px 28px 28px;margin:44px 0;color:#E7ECF4;}\n.va-flyingcar-keep .va-flyingcar-eyebrow{font-family:\"IBM Plex Mono\",monospace;font-size:11px;font-weight:500;letter-spacing:.12em;text-transform:uppercase;color:#7FA6FF;margin-bottom:16px;}\n.va-flyingcar-keep ul{list-style:none;padding:0;margin:0;}\n.va-flyingcar-keep li{position:relative;padding:9px 0 9px 28px;border-top:1px solid #2A3646;font-size:16px;line-height:1.5;}\n.va-flyingcar-keep li:first-child{border-top:none;}\n.va-flyingcar-keep li::before{content:\"\u2192\";position:absolute;left:0;top:9px;color:#2563D9;font-weight:700;}\n.va-flyingcar-faq{margin:36px 0 8px;}\n.va-flyingcar-faq details{border:1px solid #E3E9F2;border-radius:12px;padding:0;margin:0 0 12px;background:#fff;transition:.25s ease;}\n.va-flyingcar-faq details[open]{border-color:#C7D6F5;box-shadow:0 12px 28px -20px rgba(37,99,217,.4);}\n.va-flyingcar-faq summary{cursor:pointer;list-style:none;padding:17px 20px;font-family:\"Inter Tight\",sans-serif;font-weight:700;font-size:16.5px;color:#101826;display:flex;justify-content:space-between;align-items:center;gap:14px;}\n.va-flyingcar-faq summary::-webkit-details-marker{display:none;}\n.va-flyingcar-faq summary::after{content:\"+\";color:#2563D9;font-size:22px;font-weight:600;line-height:1;}\n.va-flyingcar-faq details[open] summary::after{content:\"\u2212\";}\n.va-flyingcar-faq .va-flyingcar-ans{padding:0 20px 18px;color:#46566B;font-size:15.5px;line-height:1.62;}\n@media(max-width:640px){.va-flyingcar-wrap{font-size:16px;}.va-flyingcar-lead{font-size:18px;}}\n\/*RENDERFIX2*\/.va-flyingcar-dateline span{color:#eef3f9!important}.va-flyingcar-dateline span p,.va-flyingcar-dateline span li,.va-flyingcar-dateline span strong,.va-flyingcar-dateline span em,.va-flyingcar-dateline span a,.va-flyingcar-dateline span span,.va-flyingcar-dateline span b,.va-flyingcar-dateline span td,.va-flyingcar-dateline span th,.va-flyingcar-dateline span h2,.va-flyingcar-dateline span h3,.va-flyingcar-dateline span h4{color:#eef3f9!important}.va-flyingcar-dateline span strong,.va-flyingcar-dateline span b{color:#ffffff!important}.va-flyingcar-specs li::before{color:#eef3f9!important}.va-flyingcar-specs li::before p,.va-flyingcar-specs li::before li,.va-flyingcar-specs li::before strong,.va-flyingcar-specs li::before em,.va-flyingcar-specs li::before a,.va-flyingcar-specs li::before span,.va-flyingcar-specs li::before b,.va-flyingcar-specs li::before td,.va-flyingcar-specs li::before th,.va-flyingcar-specs li::before h2,.va-flyingcar-specs li::before h3,.va-flyingcar-specs li::before h4{color:#eef3f9!important}.va-flyingcar-specs li::before strong,.va-flyingcar-specs li::before b{color:#ffffff!important}.va-flyingcar-keep{color:#eef3f9!important}.va-flyingcar-keep p,.va-flyingcar-keep li,.va-flyingcar-keep strong,.va-flyingcar-keep em,.va-flyingcar-keep a,.va-flyingcar-keep span,.va-flyingcar-keep b,.va-flyingcar-keep td,.va-flyingcar-keep th,.va-flyingcar-keep h2,.va-flyingcar-keep h3,.va-flyingcar-keep h4{color:#eef3f9!important}.va-flyingcar-keep strong,.va-flyingcar-keep b{color:#ffffff!important}<\/style>\n<div class=\"va-flyingcar-wrap\">\n<div class=\"va-flyingcar-dateline\">San Mateo, Californie \u00b7 F\u00e9vrier 2025 <span><\/span><\/div>\n<p class=\"va-flyingcar-lead\">Alef Aeronautics affirme avoir r\u00e9alis\u00e9 le premier vol document\u00e9 d&rsquo;une voiture volante 100 % \u00e9lectrique. Une d\u00e9monstration men\u00e9e en Californie qui marque une \u00e9tape concr\u00e8te pour une cat\u00e9gorie de mobilit\u00e9 longtemps rest\u00e9e th\u00e9orique.<\/p>\n<div class=\"va-flyingcar-essential\">\n<div class=\"va-flyingcar-eyebrow\">L&rsquo;essentiel<\/div>\n<div class=\"va-flyingcar-erow\">\n<div class=\"va-flyingcar-ekey\">Quoi<\/div>\n<div class=\"va-flyingcar-eval\">Le premier vol pr\u00e9sent\u00e9 comme document\u00e9 et v\u00e9rifiable d&rsquo;une voiture volante \u00e9lectrique, l&rsquo;Alef Model A, capable de d\u00e9collage et d&rsquo;atterrissage verticaux.<\/div>\n<\/div>\n<div class=\"va-flyingcar-erow\">\n<div class=\"va-flyingcar-ekey\">Qui<\/div>\n<div class=\"va-flyingcar-eval\">Alef Aeronautics, dont le PDG Jim Dukhovny a partag\u00e9 la r\u00e9alisation sur LinkedIn.<\/div>\n<\/div>\n<div class=\"va-flyingcar-erow\">\n<div class=\"va-flyingcar-ekey\">Quand<\/div>\n<div class=\"va-flyingcar-eval\">D\u00e9monstration tenue \u00e0 San Mateo, en Californie, en f\u00e9vrier 2025.<\/div>\n<\/div>\n<\/div>\n<h2>Un moment historique pour l&rsquo;aviation automobile<\/h2>\n<p>Ce v\u00e9hicule r\u00e9volutionnaire, capable de d\u00e9collage et d&rsquo;atterrissage verticaux, marque une avanc\u00e9e majeure dans le domaine des transports. La d\u00e9monstration a eu lieu \u00e0 San Mateo, en Californie, et a \u00e9t\u00e9 salu\u00e9e par des experts et des passionn\u00e9s de technologie.<\/p>\n<p>Jim Dukhovny, le PDG d&rsquo;Alef Aeronautics, a partag\u00e9 cette r\u00e9alisation sur LinkedIn, affirmant qu&rsquo;il s&rsquo;agit du \u00ab premier vol document\u00e9 et v\u00e9rifiable d&rsquo;une voiture volante \u00bb. Les images montrent le v\u00e9hicule prenant son envol, une \u00e9tape cruciale pour le d\u00e9veloppement futur de cette nouvelle cat\u00e9gorie de transport. Cet \u00e9v\u00e9nement n&rsquo;est pas seulement un exploit technologique, mais il ouvre \u00e9galement la voie \u00e0 une nouvelle fa\u00e7on de penser la mobilit\u00e9 urbaine.<\/p>\n<p><iframe loading=\"lazy\" title=\"D\u00e9couvrez le Premier V\u00e9hicule Volant Modulaire du Monde en Action ! R\u00e9volution A\u00e9rienne en Cours\" width=\"1200\" height=\"675\" src=\"https:\/\/www.youtube.com\/embed\/FA1EOZVLFMY?feature=oembed\" frameborder=\"0\" allow=\"accelerometer; autoplay; clipboard-write; encrypted-media; gyroscope; picture-in-picture; web-share\" referrerpolicy=\"strict-origin-when-cross-origin\" allowfullscreen><\/iframe><\/p>\n<h2>Des caract\u00e9ristiques de s\u00e9curit\u00e9 impressionnantes<\/h2>\n<p>L&rsquo;Alef Model A se distingue par son design qui \u00e9vite les h\u00e9lices expos\u00e9es, un choix d\u00e9lib\u00e9r\u00e9 pour renforcer la s\u00e9curit\u00e9 des utilisateurs. Avec une autonomie de conduite de 320 kilom\u00e8tres et une capacit\u00e9 de vol de 180 kilom\u00e8tres, ce v\u00e9hicule est con\u00e7u pour \u00eatre \u00e0 la fois pratique et s\u00e9curis\u00e9. Les ing\u00e9nieurs ont int\u00e9gr\u00e9 un syst\u00e8me de d\u00e9tection et d&rsquo;\u00e9vitement d&rsquo;obstacles, garantissant une exp\u00e9rience de vol sereine.<img decoding=\"async\" width=\"1024\" height=\"576\" src=\"https:\/\/voyage-aventure.com\/blog\/wp-content\/uploads\/2025\/02\/stability-decouvrez-le-premier-vol-dune-voiture-volante-electrique-revolutionnaire-1.png\" class=\"aligncenter\" alt=\"Illustration d\u00e9taill\u00e9e sur D\u00e9couvrez le premier vol d&#039;une voiture volante \u00e9lectrique r\u00e9volutionnaire\" title=\"D\u00e9couvrez le premier vol d&#039;une voiture volante \u00e9lectrique r\u00e9volutionnaire\" loading=\"lazy\" \/><\/p>\n<p>De plus, le v\u00e9hicule est \u00e9quip\u00e9 de plusieurs syst\u00e8mes de redondance pour ses composants critiques, assurant ainsi une s\u00e9curit\u00e9 accrue. La conception du cockpit, avec son syst\u00e8me de stabilisation, permet de maintenir un vol stable.<\/p>\n<div class=\"va-flyingcar-pull\">\u00ab Nous sommes obs\u00e9d\u00e9s par la s\u00e9curit\u00e9 et avons voulu nous assurer que la voiture est suffisamment s\u00fbre pour les consommateurs avant de la pr\u00e9senter publiquement. \u00bb<span class=\"va-flyingcar-who\">Jim Dukhovny, PDG d&rsquo;Alef Aeronautics<\/span><\/div>\n<h3>Les choix techniques mis en avant<\/h3>\n<div class=\"va-flyingcar-grid\">\n<div class=\"va-flyingcar-card\">\n<div class=\"va-flyingcar-cardttl\">Aucune h\u00e9lice expos\u00e9e<\/div>\n<div class=\"va-flyingcar-cardtxt\">Un design pens\u00e9 pour limiter les risques pour les utilisateurs et les personnes autour du v\u00e9hicule.<\/div>\n<\/div>\n<div class=\"va-flyingcar-card\">\n<div class=\"va-flyingcar-cardttl\">D\u00e9tection d&rsquo;obstacles<\/div>\n<div class=\"va-flyingcar-cardtxt\">Un syst\u00e8me de d\u00e9tection et d&rsquo;\u00e9vitement embarqu\u00e9, cens\u00e9 s\u00e9curiser la phase de vol.<\/div>\n<\/div>\n<div class=\"va-flyingcar-card\">\n<div class=\"va-flyingcar-cardttl\">Redondances critiques<\/div>\n<div class=\"va-flyingcar-cardtxt\">Plusieurs syst\u00e8mes de secours sur les composants critiques, plus un cockpit \u00e0 stabilisation.<\/div>\n<\/div>\n<\/div>\n<h2>Une vision d&rsquo;avenir durable<\/h2>\n<p>Le mod\u00e8le Alef A est enti\u00e8rement \u00e9lectrique et utilise moins d&rsquo;\u00e9nergie par trajet que de nombreuses voitures \u00e9lectriques existantes, y compris les taxis a\u00e9riens eVTOL. Cette technologie promet de transformer le paysage des transports urbains en offrant une alternative \u00e9cologique et efficace aux automobiles traditionnelles. En outre, le d\u00e9veloppement de mod\u00e8les futurs, comme l&rsquo;Alef Model Z, viserait \u00e0 int\u00e9grer des fonctionnalit\u00e9s de vol autonome.<\/p>\n<p>Avec une vision \u00e0 long terme, Alef Aeronautics indique vouloir lancer des v\u00e9hicules capables de transporter jusqu&rsquo;\u00e0 quatre personnes d&rsquo;ici 2035. Ces avanc\u00e9es pourraient permettre de r\u00e9duire les embouteillages et de faciliter les d\u00e9placements en milieu urbain. La promesse d&rsquo;une mobilit\u00e9 a\u00e9rienne accessible et durable deviendrait ainsi de plus en plus r\u00e9aliste pour les ann\u00e9es \u00e0 venir.<\/p>\n<ul class=\"va-flyingcar-specs\">\n<li>D\u00e9collage et atterrissage verticaux<\/li>\n<li>100% \u00e9lectrique avec faible consommation d&rsquo;\u00e9nergie<\/li>\n<li>Syst\u00e8me de d\u00e9tection et d&rsquo;\u00e9vitement d&rsquo;obstacles<\/li>\n<li>Conception s\u00e9curis\u00e9e sans h\u00e9lices expos\u00e9es<\/li>\n<li>Production envisag\u00e9e pour 2035 avec des capacit\u00e9s autonomes<\/li>\n<\/ul>\n<p>La premi\u00e8re d\u00e9monstration de l&rsquo;Alef Model A repr\u00e9sente un tournant dans l&rsquo;aviation personnelle. En combinant innovation et s\u00e9curit\u00e9, Alef Aeronautics pose les fondations d&rsquo;un futur o\u00f9 les voitures volantes pourraient devenir une r\u00e9alit\u00e9 quotidienne. La route vers cette nouvelle fronti\u00e8re de la mobilit\u00e9 est encore sem\u00e9e d&#8217;emb\u00fbches, mais les progr\u00e8s r\u00e9alis\u00e9s jusqu&rsquo;\u00e0 pr\u00e9sent sont prometteurs et stimulent l&rsquo;imagination de millions de personnes \u00e0 travers le monde.<\/p>\n<div class=\"va-flyingcar-keep\">\n<div class=\"va-flyingcar-eyebrow\">Ce qu&rsquo;il faut retenir<\/div>\n<ul>\n<li>Alef Aeronautics pr\u00e9sente, en f\u00e9vrier 2025, ce qu&rsquo;elle d\u00e9crit comme le premier vol document\u00e9 d&rsquo;une voiture volante \u00e9lectrique \u00e0 San Mateo.<\/li>\n<li>L&rsquo;Alef Model A annonce 320 km d&rsquo;autonomie en conduite et 180 km en vol, sans h\u00e9lices expos\u00e9es.<\/li>\n<li>Le constructeur met en avant d\u00e9tection d&rsquo;obstacles, redondances et cockpit stabilis\u00e9 pour la s\u00e9curit\u00e9.<\/li>\n<li>Des mod\u00e8les futurs (Model Z, v\u00e9hicules jusqu&rsquo;\u00e0 quatre places vis\u00e9s d&rsquo;ici 2035) sont \u00e9voqu\u00e9s comme perspectives, pas comme produits livr\u00e9s.<\/li>\n<\/ul>\n<\/div>\n<div class=\"va-flyingcar-faq\">\n<details>\n<summary>Qui a r\u00e9alis\u00e9 ce premier vol ?<\/summary>\n<div class=\"va-flyingcar-ans\">Alef Aeronautics. Son PDG, Jim Dukhovny, a partag\u00e9 la d\u00e9monstration sur LinkedIn en la pr\u00e9sentant comme le \u00ab premier vol document\u00e9 et v\u00e9rifiable d&rsquo;une voiture volante \u00bb.<\/div>\n<\/details>\n<details>\n<summary>Quelles sont les autonomies annonc\u00e9es pour l&rsquo;Alef Model A ?<\/summary>\n<div class=\"va-flyingcar-ans\">Le constructeur communique une autonomie de conduite de 320 kilom\u00e8tres et une capacit\u00e9 de vol de 180 kilom\u00e8tres, pour un v\u00e9hicule enti\u00e8rement \u00e9lectrique.<\/div>\n<\/details>\n<details>\n<summary>Quand a eu lieu la d\u00e9monstration ?<\/summary>\n<div class=\"va-flyingcar-ans\">La d\u00e9monstration s&rsquo;est tenue \u00e0 San Mateo, en Californie, en f\u00e9vrier 2025.<\/div>\n<\/details>\n<details>\n<summary>Quels sont les projets futurs \u00e9voqu\u00e9s ?<\/summary>\n<div class=\"va-flyingcar-ans\">Alef Aeronautics \u00e9voque un Model Z int\u00e9grant des fonctionnalit\u00e9s de vol autonome, ainsi que des v\u00e9hicules capables de transporter jusqu&rsquo;\u00e0 quatre personnes d&rsquo;ici 2035. Ces \u00e9l\u00e9ments restent des perspectives annonc\u00e9es.<\/div>\n<\/details>\n<\/div>\n<\/div>\n","protected":false},"excerpt":{"rendered":"","protected":false},"author":34,"featured_media":11279,"comment_status":"open","ping_status":"open","sticky":false,"template":"","format":"standard","meta":{"_acf_changed":false,"manual_indexmenow":false,"indexmenow_id_project":0,"footnotes":""},"categories":[4520],"tags":[5908,5769,2286,3170,5940],"class_list":["post-11278","post","type-post","status-publish","format-standard","has-post-thumbnail","hentry","category-destinations-aventure","tag-aviation","tag-innovation-technologique","tag-mobilite-durable","tag-securite","tag-voiture-volante","generate-columns","tablet-grid-50","mobile-grid-100","grid-parent","grid-25"],"acf":[],"yoast_head":"<!-- This site is optimized with the Yoast SEO Premium plugin v21.3 (Yoast SEO v25.1) - https:\/\/yoast.com\/wordpress\/plugins\/seo\/ -->\n<title>D\u00e9couvrez le premier vol d&#039;une voiture volante \u00e9lectrique<\/title>\n<meta name=\"description\" content=\"Alef Aeronautics affirme avoir r\u00e9alis\u00e9 le premier vol document\u00e9 d&#039;une voiture volante 100 % \u00e9lectrique. Une d\u00e9monstration men\u00e9e en Californie qui marque\" \/>\n<meta name=\"robots\" content=\"index, follow, max-snippet:-1, max-image-preview:large, max-video-preview:-1\" \/>\n<link rel=\"canonical\" href=\"https:\/\/voyage-aventure.com\/blog\/destinations-aventure\/decouvrez-le-premier-vol-dune-voiture-volante-electrique-revolutionnaire\/\" \/>\n<meta property=\"og:locale\" content=\"fr_FR\" \/>\n<meta property=\"og:type\" content=\"article\" \/>\n<meta property=\"og:title\" content=\"D\u00e9couvrez le premier vol d&#039;une voiture volante \u00e9lectrique\" \/>\n<meta property=\"og:description\" content=\"Alef Aeronautics affirme avoir r\u00e9alis\u00e9 le premier vol document\u00e9 d&#039;une voiture volante 100 % \u00e9lectrique. Une d\u00e9monstration men\u00e9e en Californie qui marque\" \/>\n<meta property=\"og:url\" content=\"https:\/\/voyage-aventure.com\/blog\/destinations-aventure\/decouvrez-le-premier-vol-dune-voiture-volante-electrique-revolutionnaire\/\" \/>\n<meta property=\"og:site_name\" content=\"voyage-aventure\" \/>\n<meta property=\"og:image\" content=\"https:\/\/voyage-aventure.com\/blog\/wp-content\/uploads\/2025\/02\/stability-decouvrez-le-premier-vol-dune-voiture-volante-electrique-revolutionnaire.png\" \/>\n\t<meta property=\"og:image:width\" content=\"1024\" \/>\n\t<meta property=\"og:image:height\" content=\"576\" \/>\n\t<meta property=\"og:image:type\" content=\"image\/png\" \/>\n<meta name=\"author\" content=\"Camille Rouvray\" \/>\n<meta name=\"twitter:card\" content=\"summary_large_image\" \/>\n<script type=\"application\/ld+json\" class=\"yoast-schema-graph\">{\"@context\":\"https:\/\/schema.org\",\"@graph\":[{\"@type\":\"NewsArticle\",\"@id\":\"https:\/\/voyage-aventure.com\/blog\/destinations-aventure\/decouvrez-le-premier-vol-dune-voiture-volante-electrique-revolutionnaire\/#article\",\"isPartOf\":{\"@id\":\"https:\/\/voyage-aventure.com\/blog\/destinations-aventure\/decouvrez-le-premier-vol-dune-voiture-volante-electrique-revolutionnaire\/\"},\"author\":{\"name\":\"Camille Rouvray\",\"@id\":\"https:\/\/voyage-aventure.com\/blog\/#\/schema\/person\/3c864cdc320801e3db34b663e7e3f816\"},\"headline\":\"D\u00e9couvrez le premier vol d&rsquo;une voiture volante \u00e9lectrique r\u00e9volutionnaire\",\"datePublished\":\"2026-06-16T14:41:01+00:00\",\"mainEntityOfPage\":{\"@id\":\"https:\/\/voyage-aventure.com\/blog\/destinations-aventure\/decouvrez-le-premier-vol-dune-voiture-volante-electrique-revolutionnaire\/\"},\"wordCount\":963,\"commentCount\":23,\"publisher\":{\"@id\":\"https:\/\/voyage-aventure.com\/blog\/#organization\"},\"image\":{\"@id\":\"https:\/\/voyage-aventure.com\/blog\/destinations-aventure\/decouvrez-le-premier-vol-dune-voiture-volante-electrique-revolutionnaire\/#primaryimage\"},\"thumbnailUrl\":\"https:\/\/voyage-aventure.com\/blog\/wp-content\/uploads\/2025\/02\/stability-decouvrez-le-premier-vol-dune-voiture-volante-electrique-revolutionnaire.png\",\"keywords\":[\"Aviation\",\"Innovation Technologique\",\"Mobilit\u00e9 Durable\",\"S\u00e9curit\u00e9\",\"Voiture Volante\"],\"articleSection\":[\"Destinations Aventure\"],\"inLanguage\":\"fr-FR\",\"potentialAction\":[{\"@type\":\"CommentAction\",\"name\":\"Comment\",\"target\":[\"https:\/\/voyage-aventure.com\/blog\/destinations-aventure\/decouvrez-le-premier-vol-dune-voiture-volante-electrique-revolutionnaire\/#respond\"]}]},{\"@type\":\"WebPage\",\"@id\":\"https:\/\/voyage-aventure.com\/blog\/destinations-aventure\/decouvrez-le-premier-vol-dune-voiture-volante-electrique-revolutionnaire\/\",\"url\":\"https:\/\/voyage-aventure.com\/blog\/destinations-aventure\/decouvrez-le-premier-vol-dune-voiture-volante-electrique-revolutionnaire\/\",\"name\":\"D\u00e9couvrez le premier vol d'une voiture volante \u00e9lectrique\",\"isPartOf\":{\"@id\":\"https:\/\/voyage-aventure.com\/blog\/#website\"},\"primaryImageOfPage\":{\"@id\":\"https:\/\/voyage-aventure.com\/blog\/destinations-aventure\/decouvrez-le-premier-vol-dune-voiture-volante-electrique-revolutionnaire\/#primaryimage\"},\"image\":{\"@id\":\"https:\/\/voyage-aventure.com\/blog\/destinations-aventure\/decouvrez-le-premier-vol-dune-voiture-volante-electrique-revolutionnaire\/#primaryimage\"},\"thumbnailUrl\":\"https:\/\/voyage-aventure.com\/blog\/wp-content\/uploads\/2025\/02\/stability-decouvrez-le-premier-vol-dune-voiture-volante-electrique-revolutionnaire.png\",\"datePublished\":\"2026-06-16T14:41:01+00:00\",\"description\":\"Alef Aeronautics affirme avoir r\u00e9alis\u00e9 le premier vol document\u00e9 d'une voiture volante 100 % \u00e9lectrique. Une d\u00e9monstration men\u00e9e en Californie qui marque\",\"inLanguage\":\"fr-FR\",\"potentialAction\":[{\"@type\":\"ReadAction\",\"target\":[\"https:\/\/voyage-aventure.com\/blog\/destinations-aventure\/decouvrez-le-premier-vol-dune-voiture-volante-electrique-revolutionnaire\/\"]}]},{\"@type\":\"ImageObject\",\"inLanguage\":\"fr-FR\",\"@id\":\"https:\/\/voyage-aventure.com\/blog\/destinations-aventure\/decouvrez-le-premier-vol-dune-voiture-volante-electrique-revolutionnaire\/#primaryimage\",\"url\":\"https:\/\/voyage-aventure.com\/blog\/wp-content\/uploads\/2025\/02\/stability-decouvrez-le-premier-vol-dune-voiture-volante-electrique-revolutionnaire.png\",\"contentUrl\":\"https:\/\/voyage-aventure.com\/blog\/wp-content\/uploads\/2025\/02\/stability-decouvrez-le-premier-vol-dune-voiture-volante-electrique-revolutionnaire.png\",\"width\":1024,\"height\":576},{\"@type\":\"WebSite\",\"@id\":\"https:\/\/voyage-aventure.com\/blog\/#website\",\"url\":\"https:\/\/voyage-aventure.com\/blog\/\",\"name\":\"voyage-aventure.com\",\"description\":\"Votre passeport pour l\u2019inattendu.\",\"publisher\":{\"@id\":\"https:\/\/voyage-aventure.com\/blog\/#organization\"},\"alternateName\":\"Votre passeport pour l\u2019inattendu.\",\"potentialAction\":[{\"@type\":\"SearchAction\",\"target\":{\"@type\":\"EntryPoint\",\"urlTemplate\":\"https:\/\/voyage-aventure.com\/blog\/?s={search_term_string}\"},\"query-input\":{\"@type\":\"PropertyValueSpecification\",\"valueRequired\":true,\"valueName\":\"search_term_string\"}}],\"inLanguage\":\"fr-FR\"},{\"@type\":\"Organization\",\"@id\":\"https:\/\/voyage-aventure.com\/blog\/#organization\",\"name\":\"Foretsensations.fr\",\"url\":\"https:\/\/voyage-aventure.com\/blog\/\",\"logo\":{\"@type\":\"ImageObject\",\"inLanguage\":\"fr-FR\",\"@id\":\"https:\/\/voyage-aventure.com\/blog\/#\/schema\/logo\/image\/\",\"url\":\"https:\/\/voyage-aventure.com\/blog\/wp-content\/uploads\/2024\/12\/19.png\",\"contentUrl\":\"https:\/\/voyage-aventure.com\/blog\/wp-content\/uploads\/2024\/12\/19.png\",\"width\":512,\"height\":512,\"caption\":\"Foretsensations.fr\"},\"image\":{\"@id\":\"https:\/\/voyage-aventure.com\/blog\/#\/schema\/logo\/image\/\"}},{\"@type\":\"Person\",\"@id\":\"https:\/\/voyage-aventure.com\/blog\/#\/schema\/person\/3c864cdc320801e3db34b663e7e3f816\",\"name\":\"Camille Rouvray\",\"image\":{\"@type\":\"ImageObject\",\"inLanguage\":\"fr-FR\",\"@id\":\"https:\/\/voyage-aventure.com\/blog\/#\/schema\/person\/image\/\",\"url\":\"https:\/\/voyage-aventure.com\/blog\/wp-content\/uploads\/2026\/06\/persona_camille-r-96x96.jpg\",\"contentUrl\":\"https:\/\/voyage-aventure.com\/blog\/wp-content\/uploads\/2026\/06\/persona_camille-r-96x96.jpg\",\"caption\":\"Camille Rouvray\"},\"description\":\"Je voyage et j'\u00e9cris sur le voyage depuis une douzaine d'ann\u00e9es, d'abord en tant que routarde au long cours, puis comme r\u00e9dactrice sp\u00e9cialis\u00e9e. Mon terrain de pr\u00e9dilection, ce sont les circuits organis\u00e9s et l'art de bien pr\u00e9parer un itin\u00e9raire : choix de la saison, dur\u00e9e r\u00e9aliste des \u00e9tapes, budget jour par jour, logement et transport sur place. J'aime aussi raconter les p\u00e9pites urbaines, ces adresses qu'on ne trouve pas dans les guides classiques. Avant de publier un dossier destination, je croise toujours plusieurs sources, je v\u00e9rifie les tarifs et les formalit\u00e9s d'entr\u00e9e \u00e0 jour, et je teste moi-m\u00eame quand je le peux. Mon angle reste pratique avant tout : aider le lecteur \u00e0 partir l'esprit tranquille, sans mauvaise surprise une fois sur place. Je m'attache \u00e0 distinguer le coup de c\u0153ur sinc\u00e8re du simple argument marketing.\",\"sameAs\":[\"https:\/\/camillerouvray.fr\/\"],\"url\":\"https:\/\/voyage-aventure.com\/blog\/auteur\/noname\/\"}]}<\/script>\n<!-- \/ Yoast SEO Premium plugin. -->","yoast_head_json":{"title":"D\u00e9couvrez le premier vol d'une voiture volante \u00e9lectrique","description":"Alef Aeronautics affirme avoir r\u00e9alis\u00e9 le premier vol document\u00e9 d'une voiture volante 100 % \u00e9lectrique. Une d\u00e9monstration men\u00e9e en Californie qui marque","robots":{"index":"index","follow":"follow","max-snippet":"max-snippet:-1","max-image-preview":"max-image-preview:large","max-video-preview":"max-video-preview:-1"},"canonical":"https:\/\/voyage-aventure.com\/blog\/destinations-aventure\/decouvrez-le-premier-vol-dune-voiture-volante-electrique-revolutionnaire\/","og_locale":"fr_FR","og_type":"article","og_title":"D\u00e9couvrez le premier vol d'une voiture volante \u00e9lectrique","og_description":"Alef Aeronautics affirme avoir r\u00e9alis\u00e9 le premier vol document\u00e9 d'une voiture volante 100 % \u00e9lectrique. Une d\u00e9monstration men\u00e9e en Californie qui marque","og_url":"https:\/\/voyage-aventure.com\/blog\/destinations-aventure\/decouvrez-le-premier-vol-dune-voiture-volante-electrique-revolutionnaire\/","og_site_name":"voyage-aventure","og_image":[{"width":1024,"height":576,"url":"https:\/\/voyage-aventure.com\/blog\/wp-content\/uploads\/2025\/02\/stability-decouvrez-le-premier-vol-dune-voiture-volante-electrique-revolutionnaire.png","type":"image\/png"}],"author":"Camille Rouvray","twitter_card":"summary_large_image","schema":{"@context":"https:\/\/schema.org","@graph":[{"@type":"NewsArticle","@id":"https:\/\/voyage-aventure.com\/blog\/destinations-aventure\/decouvrez-le-premier-vol-dune-voiture-volante-electrique-revolutionnaire\/#article","isPartOf":{"@id":"https:\/\/voyage-aventure.com\/blog\/destinations-aventure\/decouvrez-le-premier-vol-dune-voiture-volante-electrique-revolutionnaire\/"},"author":{"name":"Camille Rouvray","@id":"https:\/\/voyage-aventure.com\/blog\/#\/schema\/person\/3c864cdc320801e3db34b663e7e3f816"},"headline":"D\u00e9couvrez le premier vol d&rsquo;une voiture volante \u00e9lectrique r\u00e9volutionnaire","datePublished":"2026-06-16T14:41:01+00:00","mainEntityOfPage":{"@id":"https:\/\/voyage-aventure.com\/blog\/destinations-aventure\/decouvrez-le-premier-vol-dune-voiture-volante-electrique-revolutionnaire\/"},"wordCount":963,"commentCount":23,"publisher":{"@id":"https:\/\/voyage-aventure.com\/blog\/#organization"},"image":{"@id":"https:\/\/voyage-aventure.com\/blog\/destinations-aventure\/decouvrez-le-premier-vol-dune-voiture-volante-electrique-revolutionnaire\/#primaryimage"},"thumbnailUrl":"https:\/\/voyage-aventure.com\/blog\/wp-content\/uploads\/2025\/02\/stability-decouvrez-le-premier-vol-dune-voiture-volante-electrique-revolutionnaire.png","keywords":["Aviation","Innovation Technologique","Mobilit\u00e9 Durable","S\u00e9curit\u00e9","Voiture Volante"],"articleSection":["Destinations Aventure"],"inLanguage":"fr-FR","potentialAction":[{"@type":"CommentAction","name":"Comment","target":["https:\/\/voyage-aventure.com\/blog\/destinations-aventure\/decouvrez-le-premier-vol-dune-voiture-volante-electrique-revolutionnaire\/#respond"]}]},{"@type":"WebPage","@id":"https:\/\/voyage-aventure.com\/blog\/destinations-aventure\/decouvrez-le-premier-vol-dune-voiture-volante-electrique-revolutionnaire\/","url":"https:\/\/voyage-aventure.com\/blog\/destinations-aventure\/decouvrez-le-premier-vol-dune-voiture-volante-electrique-revolutionnaire\/","name":"D\u00e9couvrez le premier vol d'une voiture volante \u00e9lectrique","isPartOf":{"@id":"https:\/\/voyage-aventure.com\/blog\/#website"},"primaryImageOfPage":{"@id":"https:\/\/voyage-aventure.com\/blog\/destinations-aventure\/decouvrez-le-premier-vol-dune-voiture-volante-electrique-revolutionnaire\/#primaryimage"},"image":{"@id":"https:\/\/voyage-aventure.com\/blog\/destinations-aventure\/decouvrez-le-premier-vol-dune-voiture-volante-electrique-revolutionnaire\/#primaryimage"},"thumbnailUrl":"https:\/\/voyage-aventure.com\/blog\/wp-content\/uploads\/2025\/02\/stability-decouvrez-le-premier-vol-dune-voiture-volante-electrique-revolutionnaire.png","datePublished":"2026-06-16T14:41:01+00:00","description":"Alef Aeronautics affirme avoir r\u00e9alis\u00e9 le premier vol document\u00e9 d'une voiture volante 100 % \u00e9lectrique. Une d\u00e9monstration men\u00e9e en Californie qui marque","inLanguage":"fr-FR","potentialAction":[{"@type":"ReadAction","target":["https:\/\/voyage-aventure.com\/blog\/destinations-aventure\/decouvrez-le-premier-vol-dune-voiture-volante-electrique-revolutionnaire\/"]}]},{"@type":"ImageObject","inLanguage":"fr-FR","@id":"https:\/\/voyage-aventure.com\/blog\/destinations-aventure\/decouvrez-le-premier-vol-dune-voiture-volante-electrique-revolutionnaire\/#primaryimage","url":"https:\/\/voyage-aventure.com\/blog\/wp-content\/uploads\/2025\/02\/stability-decouvrez-le-premier-vol-dune-voiture-volante-electrique-revolutionnaire.png","contentUrl":"https:\/\/voyage-aventure.com\/blog\/wp-content\/uploads\/2025\/02\/stability-decouvrez-le-premier-vol-dune-voiture-volante-electrique-revolutionnaire.png","width":1024,"height":576},{"@type":"WebSite","@id":"https:\/\/voyage-aventure.com\/blog\/#website","url":"https:\/\/voyage-aventure.com\/blog\/","name":"voyage-aventure.com","description":"Votre passeport pour l\u2019inattendu.","publisher":{"@id":"https:\/\/voyage-aventure.com\/blog\/#organization"},"alternateName":"Votre passeport pour l\u2019inattendu.","potentialAction":[{"@type":"SearchAction","target":{"@type":"EntryPoint","urlTemplate":"https:\/\/voyage-aventure.com\/blog\/?s={search_term_string}"},"query-input":{"@type":"PropertyValueSpecification","valueRequired":true,"valueName":"search_term_string"}}],"inLanguage":"fr-FR"},{"@type":"Organization","@id":"https:\/\/voyage-aventure.com\/blog\/#organization","name":"Foretsensations.fr","url":"https:\/\/voyage-aventure.com\/blog\/","logo":{"@type":"ImageObject","inLanguage":"fr-FR","@id":"https:\/\/voyage-aventure.com\/blog\/#\/schema\/logo\/image\/","url":"https:\/\/voyage-aventure.com\/blog\/wp-content\/uploads\/2024\/12\/19.png","contentUrl":"https:\/\/voyage-aventure.com\/blog\/wp-content\/uploads\/2024\/12\/19.png","width":512,"height":512,"caption":"Foretsensations.fr"},"image":{"@id":"https:\/\/voyage-aventure.com\/blog\/#\/schema\/logo\/image\/"}},{"@type":"Person","@id":"https:\/\/voyage-aventure.com\/blog\/#\/schema\/person\/3c864cdc320801e3db34b663e7e3f816","name":"Camille Rouvray","image":{"@type":"ImageObject","inLanguage":"fr-FR","@id":"https:\/\/voyage-aventure.com\/blog\/#\/schema\/person\/image\/","url":"https:\/\/voyage-aventure.com\/blog\/wp-content\/uploads\/2026\/06\/persona_camille-r-96x96.jpg","contentUrl":"https:\/\/voyage-aventure.com\/blog\/wp-content\/uploads\/2026\/06\/persona_camille-r-96x96.jpg","caption":"Camille Rouvray"},"description":"Je voyage et j'\u00e9cris sur le voyage depuis une douzaine d'ann\u00e9es, d'abord en tant que routarde au long cours, puis comme r\u00e9dactrice sp\u00e9cialis\u00e9e. Mon terrain de pr\u00e9dilection, ce sont les circuits organis\u00e9s et l'art de bien pr\u00e9parer un itin\u00e9raire : choix de la saison, dur\u00e9e r\u00e9aliste des \u00e9tapes, budget jour par jour, logement et transport sur place. J'aime aussi raconter les p\u00e9pites urbaines, ces adresses qu'on ne trouve pas dans les guides classiques. Avant de publier un dossier destination, je croise toujours plusieurs sources, je v\u00e9rifie les tarifs et les formalit\u00e9s d'entr\u00e9e \u00e0 jour, et je teste moi-m\u00eame quand je le peux. Mon angle reste pratique avant tout : aider le lecteur \u00e0 partir l'esprit tranquille, sans mauvaise surprise une fois sur place. Je m'attache \u00e0 distinguer le coup de c\u0153ur sinc\u00e8re du simple argument marketing.","sameAs":["https:\/\/camillerouvray.fr\/"],"url":"https:\/\/voyage-aventure.com\/blog\/auteur\/noname\/"}]}},"_links":{"self":[{"href":"https:\/\/voyage-aventure.com\/blog\/wp-json\/wp\/v2\/posts\/11278","targetHints":{"allow":["GET"]}}],"collection":[{"href":"https:\/\/voyage-aventure.com\/blog\/wp-json\/wp\/v2\/posts"}],"about":[{"href":"https:\/\/voyage-aventure.com\/blog\/wp-json\/wp\/v2\/types\/post"}],"author":[{"embeddable":true,"href":"https:\/\/voyage-aventure.com\/blog\/wp-json\/wp\/v2\/users\/34"}],"replies":[{"embeddable":true,"href":"https:\/\/voyage-aventure.com\/blog\/wp-json\/wp\/v2\/comments?post=11278"}],"version-history":[{"count":4,"href":"https:\/\/voyage-aventure.com\/blog\/wp-json\/wp\/v2\/posts\/11278\/revisions"}],"predecessor-version":[{"id":22605,"href":"https:\/\/voyage-aventure.com\/blog\/wp-json\/wp\/v2\/posts\/11278\/revisions\/22605"}],"wp:featuredmedia":[{"embeddable":true,"href":"https:\/\/voyage-aventure.com\/blog\/wp-json\/wp\/v2\/media\/11279"}],"wp:attachment":[{"href":"https:\/\/voyage-aventure.com\/blog\/wp-json\/wp\/v2\/media?parent=11278"}],"wp:term":[{"taxonomy":"category","embeddable":true,"href":"https:\/\/voyage-aventure.com\/blog\/wp-json\/wp\/v2\/categories?post=11278"},{"taxonomy":"post_tag","embeddable":true,"href":"https:\/\/voyage-aventure.com\/blog\/wp-json\/wp\/v2\/tags?post=11278"}],"curies":[{"name":"wp","href":"https:\/\/api.w.org\/{rel}","templated":true}]}}