{"id":11244,"date":"2026-06-16T16:40:42","date_gmt":"2026-06-16T14:40:42","guid":{"rendered":"https:\/\/voyage-aventure.com\/blog\/a-la-une\/la-confiance-des-americains-en-matiere-de-voyages-aeriens-seffondre-apres-des-accidents-tragiques\/"},"modified":"2026-06-16T16:40:42","modified_gmt":"2026-06-16T14:40:42","slug":"la-confiance-des-americains-en-matiere-de-voyages-aeriens-seffondre-apres-des-accidents-tragiques","status":"publish","type":"post","link":"https:\/\/voyage-aventure.com\/blog\/a-la-une\/la-confiance-des-americains-en-matiere-de-voyages-aeriens-seffondre-apres-des-accidents-tragiques\/","title":{"rendered":"la confiance des am\u00e9ricains en mati\u00e8re de voyages a\u00e9riens s&rsquo;effondre apr\u00e8s des accidents tragiques"},"content":{"rendered":"<link rel=\"stylesheet\" href=\"https:\/\/fonts.googleapis.com\/css2?family=Newsreader:ital,opsz,wght@0,6..72,500;0,6..72,600;0,6..72,700;1,6..72,500;1,6..72,600&#038;family=Inter:wght@400;500;600&#038;family=JetBrains+Mono:wght@500&#038;display=swap\">\n<style>\n.va-aerien-wrap{font-family:'Inter',system-ui,sans-serif;color:#1f2a33;line-height:1.65;font-size:17px;max-width:760px;margin:0 auto}\n.va-aerien-wrap h2{font-family:'Newsreader',Georgia,serif;font-weight:700;color:#15212b;font-size:clamp(24px,3.2vw,32px);letter-spacing:-.01em;line-height:1.2;margin:48px 0 16px}\n.va-aerien-wrap h3{font-family:'Newsreader',Georgia,serif;font-weight:600;color:#15212b;font-size:20px;margin:26px 0 10px}\n.va-aerien-wrap p{margin:0 0 18px}\n.va-aerien-dateline{font-family:'JetBrains Mono',monospace;font-size:12.5px;letter-spacing:.06em;text-transform:uppercase;color:#5a6b78;margin:0 0 14px;display:flex;align-items:center;gap:10px;flex-wrap:wrap}\n.va-aerien-dateline .va-aerien-tag{background:#1f3a4d;color:#eaf1f5;padding:3px 9px;border-radius:3px;font-weight:500}\n.va-aerien-chapo{font-family:'Newsreader',Georgia,serif;font-size:21px;line-height:1.5;color:#2a3a45;font-weight:500;border-left:4px solid #2f6f8f;padding:4px 0 4px 20px;margin:0 0 30px}\n.va-aerien-essentiel{background:#f3f7f9;border:1px solid #d9e4ea;border-top:3px solid #2f6f8f;border-radius:8px;padding:24px 26px;margin:0 0 34px}\n.va-aerien-essentiel .va-aerien-ekick{font-family:'JetBrains Mono',monospace;font-size:11.5px;letter-spacing:.12em;text-transform:uppercase;color:#2f6f8f;font-weight:500;margin-bottom:14px}\n.va-aerien-essentiel ul{margin:0;padding:0;list-style:none}\n.va-aerien-essentiel li{position:relative;padding:0 0 0 26px;margin:0 0 12px;font-size:16px;line-height:1.55}\n.va-aerien-essentiel li:last-child{margin-bottom:0}\n.va-aerien-essentiel li::before{content:\"\";position:absolute;left:4px;top:9px;width:7px;height:7px;border-radius:50%;background:#2f6f8f}\n.va-aerien-essentiel li strong{color:#15212b;font-weight:600}\n.va-aerien-wrap img{max-width:100%;height:auto;border-radius:8px;margin:8px 0 6px;box-shadow:0 1px 2px rgba(16,24,40,.05),0 12px 28px -16px rgba(16,24,40,.22)}\n.va-aerien-fig{margin:30px 0;font-size:13px;color:#6a7984;line-height:1.5}\n.va-aerien-quote{font-family:'Newsreader',Georgia,serif;font-style:italic;font-size:22px;line-height:1.45;color:#1f3a4d;border-left:5px solid #2f6f8f;background:#f7fafb;padding:22px 26px;border-radius:0 8px 8px 0;margin:34px 0}\n.va-aerien-source{display:flex;gap:14px;background:#fbfcfd;border:1px solid #dde6ec;border-radius:8px;padding:20px 24px;margin:34px 0;align-items:flex-start}\n.va-aerien-source .va-aerien-sicon{flex:0 0 auto;width:38px;height:38px;border-radius:8px;background:#1f3a4d;color:#eaf1f5;font-family:'Newsreader',serif;font-weight:700;font-size:20px;display:flex;align-items:center;justify-content:center}\n.va-aerien-source .va-aerien-sbody{flex:1}\n.va-aerien-source .va-aerien-stitle{font-weight:600;color:#15212b;margin-bottom:5px;font-size:15.5px}\n.va-aerien-source .va-aerien-stxt{font-size:14.5px;color:#43525d;line-height:1.55}\n.va-aerien-retenir{background:#15212b;color:#dbe6ec;border-radius:10px;padding:26px 28px;margin:38px 0}\n.va-aerien-retenir .va-aerien-rkick{font-family:'JetBrains Mono',monospace;font-size:11.5px;letter-spacing:.12em;text-transform:uppercase;color:#7fb4cd;margin-bottom:16px}\n.va-aerien-retenir ul{margin:0;padding:0;list-style:none}\n.va-aerien-retenir li{position:relative;padding:0 0 0 24px;margin:0 0 12px;font-size:15.5px;line-height:1.55}\n.va-aerien-retenir li:last-child{margin-bottom:0}\n.va-aerien-retenir li::before{content:\"\u2014\";position:absolute;left:0;top:0;color:#7fb4cd;font-weight:600}\n.va-aerien-faq{margin:38px 0 10px}\n.va-aerien-faq details{border:1px solid #dde6ec;border-radius:8px;padding:0;margin:0 0 12px;background:#fff;transition:.25s ease}\n.va-aerien-faq details:hover{border-color:#9fc1d3;box-shadow:0 8px 22px -14px rgba(16,24,40,.25)}\n.va-aerien-faq summary{cursor:pointer;list-style:none;padding:16px 20px;font-family:'Newsreader',Georgia,serif;font-weight:600;font-size:17.5px;color:#15212b;position:relative;padding-right:42px}\n.va-aerien-faq summary::-webkit-details-marker{display:none}\n.va-aerien-faq summary::after{content:\"+\";position:absolute;right:20px;top:50%;transform:translateY(-50%);color:#2f6f8f;font-size:22px;font-weight:500;line-height:1}\n.va-aerien-faq details[open] summary::after{content:\"\u2013\"}\n.va-aerien-faq .va-aerien-ans{padding:0 20px 18px;font-size:15.5px;color:#3a4853;line-height:1.6}\n.va-aerien-wrap a{color:#2f6f8f;text-decoration:underline;text-underline-offset:2px}\n@media(max-width:640px){.va-aerien-wrap{font-size:16px}.va-aerien-chapo{font-size:19px}}\n\/*RENDERFIX2*\/.va-aerien-dateline .va-aerien-tag{color:#eef3f9!important}.va-aerien-dateline .va-aerien-tag p,.va-aerien-dateline .va-aerien-tag li,.va-aerien-dateline .va-aerien-tag strong,.va-aerien-dateline .va-aerien-tag em,.va-aerien-dateline .va-aerien-tag a,.va-aerien-dateline .va-aerien-tag span,.va-aerien-dateline .va-aerien-tag b,.va-aerien-dateline .va-aerien-tag td,.va-aerien-dateline .va-aerien-tag th,.va-aerien-dateline .va-aerien-tag h2,.va-aerien-dateline .va-aerien-tag h3,.va-aerien-dateline .va-aerien-tag h4{color:#eef3f9!important}.va-aerien-dateline .va-aerien-tag strong,.va-aerien-dateline .va-aerien-tag b{color:#ffffff!important}.va-aerien-essentiel li::before{color:#eef3f9!important}.va-aerien-essentiel li::before p,.va-aerien-essentiel li::before li,.va-aerien-essentiel li::before strong,.va-aerien-essentiel li::before em,.va-aerien-essentiel li::before a,.va-aerien-essentiel li::before span,.va-aerien-essentiel li::before b,.va-aerien-essentiel li::before td,.va-aerien-essentiel li::before th,.va-aerien-essentiel li::before h2,.va-aerien-essentiel li::before h3,.va-aerien-essentiel li::before h4{color:#eef3f9!important}.va-aerien-essentiel li::before strong,.va-aerien-essentiel li::before b{color:#ffffff!important}.va-aerien-source .va-aerien-sicon{color:#eef3f9!important}.va-aerien-source .va-aerien-sicon p,.va-aerien-source .va-aerien-sicon li,.va-aerien-source .va-aerien-sicon strong,.va-aerien-source .va-aerien-sicon em,.va-aerien-source .va-aerien-sicon a,.va-aerien-source .va-aerien-sicon span,.va-aerien-source .va-aerien-sicon b,.va-aerien-source .va-aerien-sicon td,.va-aerien-source .va-aerien-sicon th,.va-aerien-source .va-aerien-sicon h2,.va-aerien-source .va-aerien-sicon h3,.va-aerien-source .va-aerien-sicon h4{color:#eef3f9!important}.va-aerien-source .va-aerien-sicon strong,.va-aerien-source .va-aerien-sicon b{color:#ffffff!important}.va-aerien-retenir{color:#eef3f9!important}.va-aerien-retenir p,.va-aerien-retenir li,.va-aerien-retenir strong,.va-aerien-retenir em,.va-aerien-retenir a,.va-aerien-retenir span,.va-aerien-retenir b,.va-aerien-retenir td,.va-aerien-retenir th,.va-aerien-retenir h2,.va-aerien-retenir h3,.va-aerien-retenir h4{color:#eef3f9!important}.va-aerien-retenir strong,.va-aerien-retenir b{color:#ffffff!important}<\/style>\n<div class=\"va-aerien-wrap\">\n<div class=\"va-aerien-dateline\"><span class=\"va-aerien-tag\">Aviation<\/span> \u00c9tats-Unis &middot; 20 f\u00e9vrier 2025 &middot; S\u00e9curit\u00e9 a\u00e9rienne<\/div>\n<div class=\"va-aerien-chapo\">La confiance des Am\u00e9ricains envers le transport a\u00e9rien recule nettement apr\u00e8s une s\u00e9rie d&rsquo;accidents survenus d\u00e9but 2025. Selon un sondage r\u00e9cent, la part de personnes jugeant l&rsquo;aviation s\u00fbre passe de 71&nbsp;% \u00e0 64&nbsp;%, un mouvement que les acteurs du secteur entendent corriger par plus de transparence.<\/div>\n<div class=\"va-aerien-essentiel\">\n<div class=\"va-aerien-ekick\">L&rsquo;essentiel<\/div>\n<ul>\n<li><strong>Quoi&nbsp;:<\/strong> un sondage montre une baisse de la confiance du public am\u00e9ricain dans la s\u00e9curit\u00e9 des voyages a\u00e9riens.<\/li>\n<li><strong>Quand&nbsp;:<\/strong> d\u00e9but 2025, apr\u00e8s plusieurs accidents survenus dans les premi\u00e8res semaines de l&rsquo;ann\u00e9e.<\/li>\n<li><strong>Pourquoi \u00e7a compte&nbsp;:<\/strong> cette perception pourrait peser sur les r\u00e9servations et la fr\u00e9quentation des vols.<\/li>\n<\/ul>\n<\/div>\n<h2>La chute de la confiance en l&rsquo;aviation<\/h2>\n<p>Selon un sondage r\u00e9cent, seulement 64&nbsp;% des r\u00e9pondants estiment que l&rsquo;aviation est tr\u00e8s ou plut\u00f4t s\u00fbre, une baisse par rapport \u00e0 71&nbsp;% l&rsquo;ann\u00e9e pr\u00e9c\u00e9dente. Cette \u00e9volution est suivie de pr\u00e8s par les professionnels du secteur, qui rappellent l&rsquo;importance de pr\u00e9server la confiance du public dans les voyages a\u00e9riens.<\/p>\n<p>Le sondage indique aussi qu&rsquo;environ 20&nbsp;% des Am\u00e9ricains jugent les avions tr\u00e8s ou plut\u00f4t peu s\u00fbrs, soit une hausse de 12&nbsp;% par rapport \u00e0 2024. Cette perception pourrait avoir des r\u00e9percussions sur l&rsquo;industrie a\u00e9ronautique, notamment en mati\u00e8re de r\u00e9servations et de fr\u00e9quentation des vols. Les compagnies a\u00e9riennes cherchent donc \u00e0 rassurer les passagers.<\/p>\n<h2>Accidents a\u00e9riens r\u00e9cents et leurs cons\u00e9quences<\/h2>\n<p>Une s\u00e9rie d&rsquo;accidents a marqu\u00e9 les premi\u00e8res semaines de 2025, accentuant l&rsquo;inqui\u00e9tude du public. Le 30 janvier, une collision entre un avion American Airlines et un h\u00e9licopt\u00e8re militaire a entra\u00een\u00e9 la mort de 67 personnes, l&rsquo;accident a\u00e9rien le plus meurtrier aux \u00c9tats-Unis depuis 2009. Cet \u00e9v\u00e9nement a suscit\u00e9 de nombreuses interrogations sur les op\u00e9rations a\u00e9ronautiques.<\/p>\n<p>Le lendemain, un jet m\u00e9dical transportant une enfant et sa m\u00e8re s&rsquo;est \u00e9cras\u00e9 dans un quartier de Philadelphie, faisant sept morts. Cette succession d&rsquo;accidents s&rsquo;est accompagn\u00e9e d&rsquo;une hausse des recherches en ligne sur la s\u00e9curit\u00e9 des vols, avec des questions comme \u00ab&nbsp;Est-il s\u00fbr de voler&nbsp;?&nbsp;\u00bb et \u00ab&nbsp;Combien d&rsquo;accidents d&rsquo;avion en 2025&nbsp;?&nbsp;\u00bb devenant fr\u00e9quentes.<\/p>\n<div class=\"va-aerien-fig\"><img decoding=\"async\" width=\"1024\" height=\"576\" src=\"https:\/\/voyage-aventure.com\/blog\/wp-content\/uploads\/2025\/02\/stability-la-confiance-des-americains-en-matiere-de-voyages-aeriens-seffondre-apres-des-accidents-tragiques-1.png\" class=\"aligncenter\" alt=\"Illustration d\u00e9taill\u00e9e sur la confiance des am\u00e9ricains en mati\u00e8re de voyages a\u00e9riens s&#039;effondre apr\u00e8s des accidents tragiques\" title=\"la confiance des am\u00e9ricains en mati\u00e8re de voyages a\u00e9riens s&#039;effondre apr\u00e8s des accidents tragiques\" loading=\"lazy\" \/>\u00c9volution de la perception du public am\u00e9ricain sur la s\u00e9curit\u00e9 des voyages a\u00e9riens d\u00e9but 2025.<\/div>\n<p><iframe loading=\"lazy\" title=\"Ce pilote crash volontairement un Airbus A320 - Crash A\u00e9rien - Alpes  Documentaire Complet  - GPN\" width=\"1200\" height=\"675\" src=\"https:\/\/www.youtube.com\/embed\/7x4srZsgUZc?feature=oembed\" frameborder=\"0\" allow=\"accelerometer; autoplay; clipboard-write; encrypted-media; gyroscope; picture-in-picture; web-share\" referrerpolicy=\"strict-origin-when-cross-origin\" allowfullscreen><\/iframe><\/p>\n<h2>Impact sur la confiance envers les pilotes et les autorit\u00e9s<\/h2>\n<p>Le sondage r\u00e9v\u00e8le \u00e9galement une baisse de la confiance envers les pilotes et les agences gouvernementales. En 2024, 45&nbsp;% des Am\u00e9ricains exprimaient une grande confiance envers les pilotes&nbsp;; ce chiffre s&rsquo;\u00e9tablit \u00e0 41&nbsp;% cette ann\u00e9e. La confiance envers les agences gouvernementales passe de 20&nbsp;% l&rsquo;ann\u00e9e pr\u00e9c\u00e9dente \u00e0 13&nbsp;%.<\/p>\n<p>Les contr\u00f4leurs a\u00e9riens connaissent une tendance comparable&nbsp;: la confiance \u00e0 leur \u00e9gard recule de 40&nbsp;% \u00e0 35&nbsp;% en l&rsquo;espace d&rsquo;un an. Ces chiffres traduisent un climat de d\u00e9fiance que les acteurs du secteur souhaitent enrayer en consolidant les dispositifs de s\u00e9curit\u00e9 et l&rsquo;information du public.<\/p>\n<div class=\"va-aerien-quote\">Plusieurs centaines de travailleurs ont re\u00e7u des avis de licenciement, ce qui soul\u00e8ve des questions sur la maintenance des infrastructures critiques.<\/div>\n<p>Alors que le gouvernement, sous l&rsquo;administration Trump, engage une r\u00e9duction du personnel de la Federal Aviation Administration (FAA), les interrogations sur l&rsquo;organisation de la s\u00e9curit\u00e9 a\u00e9rienne se multiplient. Le syndicat des professionnels de la s\u00e9curit\u00e9 a\u00e9rienne a indiqu\u00e9 que ces licenciements pourraient peser sur la capacit\u00e9 de l&rsquo;agence \u00e0 maintenir ses standards. Le contexte appelle des r\u00e9ponses claires pour entretenir la confiance du public.<\/p>\n<div class=\"va-aerien-source\">\n<div class=\"va-aerien-sicon\">i<\/div>\n<div class=\"va-aerien-sbody\">\n<div class=\"va-aerien-stitle\">O\u00f9 trouver une information fiable<\/div>\n<div class=\"va-aerien-stxt\">Pour \u00e9valuer la s\u00e9curit\u00e9 d&rsquo;un vol, les sources de r\u00e9f\u00e9rence restent les autorit\u00e9s de l&rsquo;aviation civile, les bureaux d&rsquo;enqu\u00eate sur les accidents et les communications officielles des compagnies. Le transport a\u00e9rien demeure l&rsquo;un des modes de d\u00e9placement les plus encadr\u00e9s et les plus contr\u00f4l\u00e9s, chaque incident faisant l&rsquo;objet d&rsquo;enqu\u00eates d\u00e9di\u00e9es.<\/div>\n<\/div>\n<\/div>\n<div class=\"va-aerien-retenir\">\n<div class=\"va-aerien-rkick\">\u00c0 retenir<\/div>\n<ul>\n<li>La part d&rsquo;Am\u00e9ricains jugeant l&rsquo;aviation s\u00fbre recule de 71&nbsp;% \u00e0 64&nbsp;%.<\/li>\n<li>Environ 20&nbsp;% estiment les avions peu s\u00fbrs, soit 12&nbsp;% de plus qu&rsquo;en 2024.<\/li>\n<li>Une s\u00e9rie d&rsquo;accidents a marqu\u00e9 les premi\u00e8res semaines de 2025.<\/li>\n<li>La confiance envers pilotes, agences et contr\u00f4leurs est en baisse sur un an.<\/li>\n<li>Les recherches en ligne sur la s\u00e9curit\u00e9 des vols ont augment\u00e9.<\/li>\n<\/ul>\n<\/div>\n<div class=\"va-aerien-faq\">\n<details>\n<summary>Pourquoi la confiance des Am\u00e9ricains dans l&rsquo;aviation a-t-elle baiss\u00e9&nbsp;?<\/summary>\n<div class=\"va-aerien-ans\">La baisse fait suite \u00e0 une s\u00e9rie d&rsquo;accidents survenus d\u00e9but 2025, qui a marqu\u00e9 l&rsquo;opinion. Le sondage cit\u00e9 enregistre un recul de la part de r\u00e9pondants jugeant l&rsquo;aviation s\u00fbre, de 71&nbsp;% \u00e0 64&nbsp;%.<\/div>\n<\/details>\n<details>\n<summary>Quels accidents sont mentionn\u00e9s dans cet article&nbsp;?<\/summary>\n<div class=\"va-aerien-ans\">Le 30 janvier, une collision entre un avion American Airlines et un h\u00e9licopt\u00e8re militaire a fait 67 morts. Le lendemain, un jet m\u00e9dical s&rsquo;est \u00e9cras\u00e9 dans un quartier de Philadelphie, faisant sept morts.<\/div>\n<\/details>\n<details>\n<summary>O\u00f9 s&rsquo;informer sur la s\u00e9curit\u00e9 a\u00e9rienne&nbsp;?<\/summary>\n<div class=\"va-aerien-ans\">Les sources les plus fiables restent les autorit\u00e9s de l&rsquo;aviation civile, les bureaux d&rsquo;enqu\u00eate sur les accidents et les communications officielles des compagnies, qui publient les conclusions des enqu\u00eates en cours.<\/div>\n<\/details>\n<\/div>\n<\/div>\n","protected":false},"excerpt":{"rendered":"","protected":false},"author":34,"featured_media":11248,"comment_status":"open","ping_status":"open","sticky":false,"template":"","format":"standard","meta":{"_acf_changed":false,"manual_indexmenow":false,"indexmenow_id_project":0,"footnotes":""},"categories":[1],"tags":[5906,5908,5110,4713,3170],"class_list":["post-11244","post","type-post","status-publish","format-standard","has-post-thumbnail","hentry","category-a-la-une","tag-accidents-aeriens","tag-aviation","tag-confiance","tag-preparation","tag-securite","generate-columns","tablet-grid-50","mobile-grid-100","grid-parent","grid-25"],"acf":[],"yoast_head":"<!-- This site is optimized with the Yoast SEO Premium plugin v21.3 (Yoast SEO v25.1) - https:\/\/yoast.com\/wordpress\/plugins\/seo\/ -->\n<title>la confiance des am\u00e9ricains en mati\u00e8re de voyages a\u00e9riens<\/title>\n<meta name=\"description\" content=\"Aviation \u00c9tats-Unis \u00b7 20 f\u00e9vrier 2025 \u00b7 S\u00e9curit\u00e9 a\u00e9rienne La confiance des Am\u00e9ricains envers le transport a\u00e9rien recule nettement apr\u00e8s une s\u00e9rie\" \/>\n<meta name=\"robots\" content=\"index, follow, max-snippet:-1, max-image-preview:large, max-video-preview:-1\" \/>\n<link rel=\"canonical\" href=\"https:\/\/voyage-aventure.com\/blog\/a-la-une\/la-confiance-des-americains-en-matiere-de-voyages-aeriens-seffondre-apres-des-accidents-tragiques\/\" \/>\n<meta property=\"og:locale\" content=\"fr_FR\" \/>\n<meta property=\"og:type\" content=\"article\" \/>\n<meta property=\"og:title\" content=\"la confiance des am\u00e9ricains en mati\u00e8re de voyages a\u00e9riens\" \/>\n<meta property=\"og:description\" content=\"Aviation \u00c9tats-Unis \u00b7 20 f\u00e9vrier 2025 \u00b7 S\u00e9curit\u00e9 a\u00e9rienne La confiance des Am\u00e9ricains envers le transport a\u00e9rien recule nettement apr\u00e8s une s\u00e9rie\" \/>\n<meta property=\"og:url\" content=\"https:\/\/voyage-aventure.com\/blog\/a-la-une\/la-confiance-des-americains-en-matiere-de-voyages-aeriens-seffondre-apres-des-accidents-tragiques\/\" \/>\n<meta property=\"og:site_name\" content=\"voyage-aventure\" \/>\n<meta property=\"og:image\" content=\"https:\/\/voyage-aventure.com\/blog\/wp-content\/uploads\/2025\/02\/stability-la-confiance-des-americains-en-matiere-de-voyages-aeriens-seffondre-apres-des-accidents-tragiques.png\" \/>\n\t<meta property=\"og:image:width\" content=\"1024\" \/>\n\t<meta property=\"og:image:height\" content=\"576\" \/>\n\t<meta property=\"og:image:type\" content=\"image\/png\" \/>\n<meta name=\"author\" content=\"Camille Rouvray\" \/>\n<meta name=\"twitter:card\" content=\"summary_large_image\" \/>\n<script type=\"application\/ld+json\" class=\"yoast-schema-graph\">{\"@context\":\"https:\/\/schema.org\",\"@graph\":[{\"@type\":\"NewsArticle\",\"@id\":\"https:\/\/voyage-aventure.com\/blog\/a-la-une\/la-confiance-des-americains-en-matiere-de-voyages-aeriens-seffondre-apres-des-accidents-tragiques\/#article\",\"isPartOf\":{\"@id\":\"https:\/\/voyage-aventure.com\/blog\/a-la-une\/la-confiance-des-americains-en-matiere-de-voyages-aeriens-seffondre-apres-des-accidents-tragiques\/\"},\"author\":{\"name\":\"Camille Rouvray\",\"@id\":\"https:\/\/voyage-aventure.com\/blog\/#\/schema\/person\/3c864cdc320801e3db34b663e7e3f816\"},\"headline\":\"la confiance des am\u00e9ricains en mati\u00e8re de voyages a\u00e9riens s&rsquo;effondre apr\u00e8s des accidents tragiques\",\"datePublished\":\"2026-06-16T14:40:42+00:00\",\"mainEntityOfPage\":{\"@id\":\"https:\/\/voyage-aventure.com\/blog\/a-la-une\/la-confiance-des-americains-en-matiere-de-voyages-aeriens-seffondre-apres-des-accidents-tragiques\/\"},\"wordCount\":932,\"commentCount\":25,\"publisher\":{\"@id\":\"https:\/\/voyage-aventure.com\/blog\/#organization\"},\"image\":{\"@id\":\"https:\/\/voyage-aventure.com\/blog\/a-la-une\/la-confiance-des-americains-en-matiere-de-voyages-aeriens-seffondre-apres-des-accidents-tragiques\/#primaryimage\"},\"thumbnailUrl\":\"https:\/\/voyage-aventure.com\/blog\/wp-content\/uploads\/2025\/02\/stability-la-confiance-des-americains-en-matiere-de-voyages-aeriens-seffondre-apres-des-accidents-tragiques.png\",\"keywords\":[\"Accidents A\u00e9riens\",\"Aviation\",\"Confiance\",\"Pr\u00e9paration\",\"S\u00e9curit\u00e9\"],\"articleSection\":[\"\u00c0 la une\"],\"inLanguage\":\"fr-FR\",\"potentialAction\":[{\"@type\":\"CommentAction\",\"name\":\"Comment\",\"target\":[\"https:\/\/voyage-aventure.com\/blog\/a-la-une\/la-confiance-des-americains-en-matiere-de-voyages-aeriens-seffondre-apres-des-accidents-tragiques\/#respond\"]}]},{\"@type\":\"WebPage\",\"@id\":\"https:\/\/voyage-aventure.com\/blog\/a-la-une\/la-confiance-des-americains-en-matiere-de-voyages-aeriens-seffondre-apres-des-accidents-tragiques\/\",\"url\":\"https:\/\/voyage-aventure.com\/blog\/a-la-une\/la-confiance-des-americains-en-matiere-de-voyages-aeriens-seffondre-apres-des-accidents-tragiques\/\",\"name\":\"la confiance des am\u00e9ricains en mati\u00e8re de voyages a\u00e9riens\",\"isPartOf\":{\"@id\":\"https:\/\/voyage-aventure.com\/blog\/#website\"},\"primaryImageOfPage\":{\"@id\":\"https:\/\/voyage-aventure.com\/blog\/a-la-une\/la-confiance-des-americains-en-matiere-de-voyages-aeriens-seffondre-apres-des-accidents-tragiques\/#primaryimage\"},\"image\":{\"@id\":\"https:\/\/voyage-aventure.com\/blog\/a-la-une\/la-confiance-des-americains-en-matiere-de-voyages-aeriens-seffondre-apres-des-accidents-tragiques\/#primaryimage\"},\"thumbnailUrl\":\"https:\/\/voyage-aventure.com\/blog\/wp-content\/uploads\/2025\/02\/stability-la-confiance-des-americains-en-matiere-de-voyages-aeriens-seffondre-apres-des-accidents-tragiques.png\",\"datePublished\":\"2026-06-16T14:40:42+00:00\",\"description\":\"Aviation \u00c9tats-Unis \u00b7 20 f\u00e9vrier 2025 \u00b7 S\u00e9curit\u00e9 a\u00e9rienne La confiance des Am\u00e9ricains envers le transport a\u00e9rien recule nettement apr\u00e8s une s\u00e9rie\",\"inLanguage\":\"fr-FR\",\"potentialAction\":[{\"@type\":\"ReadAction\",\"target\":[\"https:\/\/voyage-aventure.com\/blog\/a-la-une\/la-confiance-des-americains-en-matiere-de-voyages-aeriens-seffondre-apres-des-accidents-tragiques\/\"]}]},{\"@type\":\"ImageObject\",\"inLanguage\":\"fr-FR\",\"@id\":\"https:\/\/voyage-aventure.com\/blog\/a-la-une\/la-confiance-des-americains-en-matiere-de-voyages-aeriens-seffondre-apres-des-accidents-tragiques\/#primaryimage\",\"url\":\"https:\/\/voyage-aventure.com\/blog\/wp-content\/uploads\/2025\/02\/stability-la-confiance-des-americains-en-matiere-de-voyages-aeriens-seffondre-apres-des-accidents-tragiques.png\",\"contentUrl\":\"https:\/\/voyage-aventure.com\/blog\/wp-content\/uploads\/2025\/02\/stability-la-confiance-des-americains-en-matiere-de-voyages-aeriens-seffondre-apres-des-accidents-tragiques.png\",\"width\":1024,\"height\":576},{\"@type\":\"WebSite\",\"@id\":\"https:\/\/voyage-aventure.com\/blog\/#website\",\"url\":\"https:\/\/voyage-aventure.com\/blog\/\",\"name\":\"voyage-aventure.com\",\"description\":\"Votre passeport pour l\u2019inattendu.\",\"publisher\":{\"@id\":\"https:\/\/voyage-aventure.com\/blog\/#organization\"},\"alternateName\":\"Votre passeport pour l\u2019inattendu.\",\"potentialAction\":[{\"@type\":\"SearchAction\",\"target\":{\"@type\":\"EntryPoint\",\"urlTemplate\":\"https:\/\/voyage-aventure.com\/blog\/?s={search_term_string}\"},\"query-input\":{\"@type\":\"PropertyValueSpecification\",\"valueRequired\":true,\"valueName\":\"search_term_string\"}}],\"inLanguage\":\"fr-FR\"},{\"@type\":\"Organization\",\"@id\":\"https:\/\/voyage-aventure.com\/blog\/#organization\",\"name\":\"Foretsensations.fr\",\"url\":\"https:\/\/voyage-aventure.com\/blog\/\",\"logo\":{\"@type\":\"ImageObject\",\"inLanguage\":\"fr-FR\",\"@id\":\"https:\/\/voyage-aventure.com\/blog\/#\/schema\/logo\/image\/\",\"url\":\"https:\/\/voyage-aventure.com\/blog\/wp-content\/uploads\/2024\/12\/19.png\",\"contentUrl\":\"https:\/\/voyage-aventure.com\/blog\/wp-content\/uploads\/2024\/12\/19.png\",\"width\":512,\"height\":512,\"caption\":\"Foretsensations.fr\"},\"image\":{\"@id\":\"https:\/\/voyage-aventure.com\/blog\/#\/schema\/logo\/image\/\"}},{\"@type\":\"Person\",\"@id\":\"https:\/\/voyage-aventure.com\/blog\/#\/schema\/person\/3c864cdc320801e3db34b663e7e3f816\",\"name\":\"Camille Rouvray\",\"image\":{\"@type\":\"ImageObject\",\"inLanguage\":\"fr-FR\",\"@id\":\"https:\/\/voyage-aventure.com\/blog\/#\/schema\/person\/image\/\",\"url\":\"https:\/\/voyage-aventure.com\/blog\/wp-content\/uploads\/2026\/06\/persona_camille-r-96x96.jpg\",\"contentUrl\":\"https:\/\/voyage-aventure.com\/blog\/wp-content\/uploads\/2026\/06\/persona_camille-r-96x96.jpg\",\"caption\":\"Camille Rouvray\"},\"description\":\"Je voyage et j'\u00e9cris sur le voyage depuis une douzaine d'ann\u00e9es, d'abord en tant que routarde au long cours, puis comme r\u00e9dactrice sp\u00e9cialis\u00e9e. Mon terrain de pr\u00e9dilection, ce sont les circuits organis\u00e9s et l'art de bien pr\u00e9parer un itin\u00e9raire : choix de la saison, dur\u00e9e r\u00e9aliste des \u00e9tapes, budget jour par jour, logement et transport sur place. J'aime aussi raconter les p\u00e9pites urbaines, ces adresses qu'on ne trouve pas dans les guides classiques. Avant de publier un dossier destination, je croise toujours plusieurs sources, je v\u00e9rifie les tarifs et les formalit\u00e9s d'entr\u00e9e \u00e0 jour, et je teste moi-m\u00eame quand je le peux. Mon angle reste pratique avant tout : aider le lecteur \u00e0 partir l'esprit tranquille, sans mauvaise surprise une fois sur place. Je m'attache \u00e0 distinguer le coup de c\u0153ur sinc\u00e8re du simple argument marketing.\",\"sameAs\":[\"https:\/\/camillerouvray.fr\/\"],\"url\":\"https:\/\/voyage-aventure.com\/blog\/auteur\/noname\/\"}]}<\/script>\n<!-- \/ Yoast SEO Premium plugin. -->","yoast_head_json":{"title":"la confiance des am\u00e9ricains en mati\u00e8re de voyages a\u00e9riens","description":"Aviation \u00c9tats-Unis \u00b7 20 f\u00e9vrier 2025 \u00b7 S\u00e9curit\u00e9 a\u00e9rienne La confiance des Am\u00e9ricains envers le transport a\u00e9rien recule nettement apr\u00e8s une s\u00e9rie","robots":{"index":"index","follow":"follow","max-snippet":"max-snippet:-1","max-image-preview":"max-image-preview:large","max-video-preview":"max-video-preview:-1"},"canonical":"https:\/\/voyage-aventure.com\/blog\/a-la-une\/la-confiance-des-americains-en-matiere-de-voyages-aeriens-seffondre-apres-des-accidents-tragiques\/","og_locale":"fr_FR","og_type":"article","og_title":"la confiance des am\u00e9ricains en mati\u00e8re de voyages a\u00e9riens","og_description":"Aviation \u00c9tats-Unis \u00b7 20 f\u00e9vrier 2025 \u00b7 S\u00e9curit\u00e9 a\u00e9rienne La confiance des Am\u00e9ricains envers le transport a\u00e9rien recule nettement apr\u00e8s une s\u00e9rie","og_url":"https:\/\/voyage-aventure.com\/blog\/a-la-une\/la-confiance-des-americains-en-matiere-de-voyages-aeriens-seffondre-apres-des-accidents-tragiques\/","og_site_name":"voyage-aventure","og_image":[{"width":1024,"height":576,"url":"https:\/\/voyage-aventure.com\/blog\/wp-content\/uploads\/2025\/02\/stability-la-confiance-des-americains-en-matiere-de-voyages-aeriens-seffondre-apres-des-accidents-tragiques.png","type":"image\/png"}],"author":"Camille Rouvray","twitter_card":"summary_large_image","schema":{"@context":"https:\/\/schema.org","@graph":[{"@type":"NewsArticle","@id":"https:\/\/voyage-aventure.com\/blog\/a-la-une\/la-confiance-des-americains-en-matiere-de-voyages-aeriens-seffondre-apres-des-accidents-tragiques\/#article","isPartOf":{"@id":"https:\/\/voyage-aventure.com\/blog\/a-la-une\/la-confiance-des-americains-en-matiere-de-voyages-aeriens-seffondre-apres-des-accidents-tragiques\/"},"author":{"name":"Camille Rouvray","@id":"https:\/\/voyage-aventure.com\/blog\/#\/schema\/person\/3c864cdc320801e3db34b663e7e3f816"},"headline":"la confiance des am\u00e9ricains en mati\u00e8re de voyages a\u00e9riens s&rsquo;effondre apr\u00e8s des accidents tragiques","datePublished":"2026-06-16T14:40:42+00:00","mainEntityOfPage":{"@id":"https:\/\/voyage-aventure.com\/blog\/a-la-une\/la-confiance-des-americains-en-matiere-de-voyages-aeriens-seffondre-apres-des-accidents-tragiques\/"},"wordCount":932,"commentCount":25,"publisher":{"@id":"https:\/\/voyage-aventure.com\/blog\/#organization"},"image":{"@id":"https:\/\/voyage-aventure.com\/blog\/a-la-une\/la-confiance-des-americains-en-matiere-de-voyages-aeriens-seffondre-apres-des-accidents-tragiques\/#primaryimage"},"thumbnailUrl":"https:\/\/voyage-aventure.com\/blog\/wp-content\/uploads\/2025\/02\/stability-la-confiance-des-americains-en-matiere-de-voyages-aeriens-seffondre-apres-des-accidents-tragiques.png","keywords":["Accidents A\u00e9riens","Aviation","Confiance","Pr\u00e9paration","S\u00e9curit\u00e9"],"articleSection":["\u00c0 la une"],"inLanguage":"fr-FR","potentialAction":[{"@type":"CommentAction","name":"Comment","target":["https:\/\/voyage-aventure.com\/blog\/a-la-une\/la-confiance-des-americains-en-matiere-de-voyages-aeriens-seffondre-apres-des-accidents-tragiques\/#respond"]}]},{"@type":"WebPage","@id":"https:\/\/voyage-aventure.com\/blog\/a-la-une\/la-confiance-des-americains-en-matiere-de-voyages-aeriens-seffondre-apres-des-accidents-tragiques\/","url":"https:\/\/voyage-aventure.com\/blog\/a-la-une\/la-confiance-des-americains-en-matiere-de-voyages-aeriens-seffondre-apres-des-accidents-tragiques\/","name":"la confiance des am\u00e9ricains en mati\u00e8re de voyages a\u00e9riens","isPartOf":{"@id":"https:\/\/voyage-aventure.com\/blog\/#website"},"primaryImageOfPage":{"@id":"https:\/\/voyage-aventure.com\/blog\/a-la-une\/la-confiance-des-americains-en-matiere-de-voyages-aeriens-seffondre-apres-des-accidents-tragiques\/#primaryimage"},"image":{"@id":"https:\/\/voyage-aventure.com\/blog\/a-la-une\/la-confiance-des-americains-en-matiere-de-voyages-aeriens-seffondre-apres-des-accidents-tragiques\/#primaryimage"},"thumbnailUrl":"https:\/\/voyage-aventure.com\/blog\/wp-content\/uploads\/2025\/02\/stability-la-confiance-des-americains-en-matiere-de-voyages-aeriens-seffondre-apres-des-accidents-tragiques.png","datePublished":"2026-06-16T14:40:42+00:00","description":"Aviation \u00c9tats-Unis \u00b7 20 f\u00e9vrier 2025 \u00b7 S\u00e9curit\u00e9 a\u00e9rienne La confiance des Am\u00e9ricains envers le transport a\u00e9rien recule nettement apr\u00e8s une s\u00e9rie","inLanguage":"fr-FR","potentialAction":[{"@type":"ReadAction","target":["https:\/\/voyage-aventure.com\/blog\/a-la-une\/la-confiance-des-americains-en-matiere-de-voyages-aeriens-seffondre-apres-des-accidents-tragiques\/"]}]},{"@type":"ImageObject","inLanguage":"fr-FR","@id":"https:\/\/voyage-aventure.com\/blog\/a-la-une\/la-confiance-des-americains-en-matiere-de-voyages-aeriens-seffondre-apres-des-accidents-tragiques\/#primaryimage","url":"https:\/\/voyage-aventure.com\/blog\/wp-content\/uploads\/2025\/02\/stability-la-confiance-des-americains-en-matiere-de-voyages-aeriens-seffondre-apres-des-accidents-tragiques.png","contentUrl":"https:\/\/voyage-aventure.com\/blog\/wp-content\/uploads\/2025\/02\/stability-la-confiance-des-americains-en-matiere-de-voyages-aeriens-seffondre-apres-des-accidents-tragiques.png","width":1024,"height":576},{"@type":"WebSite","@id":"https:\/\/voyage-aventure.com\/blog\/#website","url":"https:\/\/voyage-aventure.com\/blog\/","name":"voyage-aventure.com","description":"Votre passeport pour l\u2019inattendu.","publisher":{"@id":"https:\/\/voyage-aventure.com\/blog\/#organization"},"alternateName":"Votre passeport pour l\u2019inattendu.","potentialAction":[{"@type":"SearchAction","target":{"@type":"EntryPoint","urlTemplate":"https:\/\/voyage-aventure.com\/blog\/?s={search_term_string}"},"query-input":{"@type":"PropertyValueSpecification","valueRequired":true,"valueName":"search_term_string"}}],"inLanguage":"fr-FR"},{"@type":"Organization","@id":"https:\/\/voyage-aventure.com\/blog\/#organization","name":"Foretsensations.fr","url":"https:\/\/voyage-aventure.com\/blog\/","logo":{"@type":"ImageObject","inLanguage":"fr-FR","@id":"https:\/\/voyage-aventure.com\/blog\/#\/schema\/logo\/image\/","url":"https:\/\/voyage-aventure.com\/blog\/wp-content\/uploads\/2024\/12\/19.png","contentUrl":"https:\/\/voyage-aventure.com\/blog\/wp-content\/uploads\/2024\/12\/19.png","width":512,"height":512,"caption":"Foretsensations.fr"},"image":{"@id":"https:\/\/voyage-aventure.com\/blog\/#\/schema\/logo\/image\/"}},{"@type":"Person","@id":"https:\/\/voyage-aventure.com\/blog\/#\/schema\/person\/3c864cdc320801e3db34b663e7e3f816","name":"Camille Rouvray","image":{"@type":"ImageObject","inLanguage":"fr-FR","@id":"https:\/\/voyage-aventure.com\/blog\/#\/schema\/person\/image\/","url":"https:\/\/voyage-aventure.com\/blog\/wp-content\/uploads\/2026\/06\/persona_camille-r-96x96.jpg","contentUrl":"https:\/\/voyage-aventure.com\/blog\/wp-content\/uploads\/2026\/06\/persona_camille-r-96x96.jpg","caption":"Camille Rouvray"},"description":"Je voyage et j'\u00e9cris sur le voyage depuis une douzaine d'ann\u00e9es, d'abord en tant que routarde au long cours, puis comme r\u00e9dactrice sp\u00e9cialis\u00e9e. Mon terrain de pr\u00e9dilection, ce sont les circuits organis\u00e9s et l'art de bien pr\u00e9parer un itin\u00e9raire : choix de la saison, dur\u00e9e r\u00e9aliste des \u00e9tapes, budget jour par jour, logement et transport sur place. J'aime aussi raconter les p\u00e9pites urbaines, ces adresses qu'on ne trouve pas dans les guides classiques. Avant de publier un dossier destination, je croise toujours plusieurs sources, je v\u00e9rifie les tarifs et les formalit\u00e9s d'entr\u00e9e \u00e0 jour, et je teste moi-m\u00eame quand je le peux. Mon angle reste pratique avant tout : aider le lecteur \u00e0 partir l'esprit tranquille, sans mauvaise surprise une fois sur place. Je m'attache \u00e0 distinguer le coup de c\u0153ur sinc\u00e8re du simple argument marketing.","sameAs":["https:\/\/camillerouvray.fr\/"],"url":"https:\/\/voyage-aventure.com\/blog\/auteur\/noname\/"}]}},"_links":{"self":[{"href":"https:\/\/voyage-aventure.com\/blog\/wp-json\/wp\/v2\/posts\/11244","targetHints":{"allow":["GET"]}}],"collection":[{"href":"https:\/\/voyage-aventure.com\/blog\/wp-json\/wp\/v2\/posts"}],"about":[{"href":"https:\/\/voyage-aventure.com\/blog\/wp-json\/wp\/v2\/types\/post"}],"author":[{"embeddable":true,"href":"https:\/\/voyage-aventure.com\/blog\/wp-json\/wp\/v2\/users\/34"}],"replies":[{"embeddable":true,"href":"https:\/\/voyage-aventure.com\/blog\/wp-json\/wp\/v2\/comments?post=11244"}],"version-history":[{"count":3,"href":"https:\/\/voyage-aventure.com\/blog\/wp-json\/wp\/v2\/posts\/11244\/revisions"}],"predecessor-version":[{"id":22603,"href":"https:\/\/voyage-aventure.com\/blog\/wp-json\/wp\/v2\/posts\/11244\/revisions\/22603"}],"wp:featuredmedia":[{"embeddable":true,"href":"https:\/\/voyage-aventure.com\/blog\/wp-json\/wp\/v2\/media\/11248"}],"wp:attachment":[{"href":"https:\/\/voyage-aventure.com\/blog\/wp-json\/wp\/v2\/media?parent=11244"}],"wp:term":[{"taxonomy":"category","embeddable":true,"href":"https:\/\/voyage-aventure.com\/blog\/wp-json\/wp\/v2\/categories?post=11244"},{"taxonomy":"post_tag","embeddable":true,"href":"https:\/\/voyage-aventure.com\/blog\/wp-json\/wp\/v2\/tags?post=11244"}],"curies":[{"name":"wp","href":"https:\/\/api.w.org\/{rel}","templated":true}]}}