{"id":11214,"date":"2026-06-16T16:40:22","date_gmt":"2026-06-16T14:40:22","guid":{"rendered":"https:\/\/voyage-aventure.com\/blog\/?p=11214"},"modified":"2026-06-16T16:40:22","modified_gmt":"2026-06-16T14:40:22","slug":"evitez-la-melancolie-hivernale-avec-en-voyage-et-sa-douce-musique","status":"publish","type":"post","link":"https:\/\/voyage-aventure.com\/blog\/destinations-aventure\/evitez-la-melancolie-hivernale-avec-en-voyage-et-sa-douce-musique\/","title":{"rendered":"\u00c9vitez la m\u00e9lancolie hivernale avec &lsquo;En Voyage&rsquo; et sa douce musique"},"content":{"rendered":"<link rel=\"stylesheet\" href=\"https:\/\/fonts.googleapis.com\/css2?family=Fraunces:opsz,wght@9..144,500;9..144,600;9..144,800&#038;family=Inter:wght@400;500;600&#038;family=JetBrains+Mono:wght@500&#038;display=swap\">\n<style>\n.va-musique-wrap{font-family:'Inter',-apple-system,BlinkMacSystemFont,sans-serif;color:#23262e;line-height:1.65;font-size:17px;}\n.va-musique-wrap h2{font-family:'Fraunces','Georgia',serif;font-weight:800;font-size:clamp(24px,3.2vw,33px);letter-spacing:-0.015em;color:#141826;margin:48px 0 14px;line-height:1.2;}\n.va-musique-wrap h3{font-family:'Fraunces','Georgia',serif;font-weight:600;font-size:19px;color:#1E3A8A;margin:0 0 6px;letter-spacing:-0.01em;}\n.va-musique-wrap p{margin:0 0 18px;}\n.va-musique-kicker{font-family:'JetBrains Mono',monospace;font-size:11px;font-weight:500;text-transform:uppercase;letter-spacing:2.6px;color:#1E3A8A;display:block;margin:0 0 10px;}\n.va-musique-bref{background:#eef2fb;border-left:5px solid #1E3A8A;border-radius:0 8px 8px 0;padding:24px 28px;margin:26px 0 34px;}\n.va-musique-bref .va-musique-lead{font-family:'Fraunces','Georgia',serif;font-size:20px;line-height:1.5;color:#141826;font-weight:500;margin-bottom:16px;}\n.va-musique-bref ul{margin:0;padding-left:0;list-style:none;}\n.va-musique-bref li{position:relative;padding:6px 0 6px 26px;font-size:15px;line-height:1.55;color:#2b2f3a;}\n.va-musique-bref li::before{content:\"\u266a\";position:absolute;left:0;top:5px;color:#1E3A8A;font-size:16px;font-weight:700;}\n.va-musique-grid{display:grid;grid-template-columns:repeat(auto-fit,minmax(220px,1fr));gap:16px;margin:26px 0 34px;}\n.va-musique-card{background:#fff;border:1px solid #e3e7f0;border-top:3px solid #1E3A8A;border-radius:8px;padding:20px 20px 18px;box-shadow:0 1px 2px rgba(20,24,38,.05),0 12px 28px -18px rgba(30,58,138,.28);transition:.25s ease;}\n.va-musique-card:hover{transform:translateY(-3px);box-shadow:0 1px 2px rgba(20,24,38,.06),0 18px 34px -16px rgba(30,58,138,.4);border-color:#c7d2f0;}\n.va-musique-tag{display:inline-flex;align-items:center;justify-content:center;font-family:'JetBrains Mono',monospace;font-size:12px;font-weight:500;color:#1E3A8A;background:#eef2fb;border-radius:6px;padding:4px 9px;margin-bottom:12px;letter-spacing:.5px;}\n.va-musique-card .va-musique-txt{font-size:14px;line-height:1.55;color:#4a4f5c;margin-top:4px;}\n.va-musique-quote{margin:40px auto;padding:26px 24px;text-align:center;border-top:1px solid #1E3A8A;border-bottom:1px solid #1E3A8A;max-width:600px;position:relative;}\n.va-musique-quote .va-musique-mark{position:absolute;top:-22px;left:50%;transform:translateX(-50%);background:#fff;padding:0 14px;font-family:'Fraunces',serif;font-size:50px;line-height:1;color:#1E3A8A;}\n.va-musique-quote .va-musique-q{font-family:'Fraunces','Georgia',serif;font-style:italic;font-size:23px;line-height:1.45;color:#141826;letter-spacing:-0.005em;}\n.va-musique-retenir{background:#f7f9fd;border:1px solid #e3e7f0;border-radius:10px;padding:24px 26px;margin:34px 0;}\n.va-musique-retenir .va-musique-kicker{margin-bottom:14px;}\n.va-musique-retenir ul{margin:0;padding-left:0;list-style:none;display:grid;gap:9px;}\n.va-musique-retenir li{display:flex;gap:11px;align-items:flex-start;font-size:15px;line-height:1.5;color:#2b2f3a;}\n.va-musique-retenir li span.va-musique-dot{flex:0 0 22px;width:22px;height:22px;border-radius:50%;background:#1E3A8A;color:#fff;font-family:'JetBrains Mono',monospace;font-size:11px;font-weight:500;display:inline-flex;align-items:center;justify-content:center;margin-top:1px;}\n.va-musique-faq{margin:34px 0 10px;}\n.va-musique-faq h2{margin-bottom:8px;}\n.va-musique-faq details{border-bottom:1px solid #e3e7f0;}\n.va-musique-faq summary{cursor:pointer;padding:16px 0;font-family:'Inter',sans-serif;font-size:16px;font-weight:600;color:#141826;list-style:none;display:flex;justify-content:space-between;gap:14px;align-items:center;}\n.va-musique-faq summary::-webkit-details-marker{display:none;}\n.va-musique-faq summary .va-musique-plus{font-size:22px;font-weight:400;color:#1E3A8A;line-height:1;transition:.2s ease;}\n.va-musique-faq details[open] summary .va-musique-plus{transform:rotate(45deg);}\n.va-musique-faq .va-musique-ans{padding:0 0 16px;font-size:15px;line-height:1.7;color:#4a4f5c;}\n.va-musique-wrap a{color:#1E3A8A;text-decoration:underline;text-underline-offset:2px;}\n\/*RENDERFIX2*\/.va-musique-retenir li span.va-musique-dot{color:#eef3f9!important}.va-musique-retenir li span.va-musique-dot p,.va-musique-retenir li span.va-musique-dot li,.va-musique-retenir li span.va-musique-dot strong,.va-musique-retenir li span.va-musique-dot em,.va-musique-retenir li span.va-musique-dot a,.va-musique-retenir li span.va-musique-dot span,.va-musique-retenir li span.va-musique-dot b,.va-musique-retenir li span.va-musique-dot td,.va-musique-retenir li span.va-musique-dot th,.va-musique-retenir li span.va-musique-dot h2,.va-musique-retenir li span.va-musique-dot h3,.va-musique-retenir li span.va-musique-dot h4{color:#eef3f9!important}.va-musique-retenir li span.va-musique-dot strong,.va-musique-retenir li span.va-musique-dot b{color:#ffffff!important}<\/style>\n<div class=\"va-musique-wrap\">\n<span class=\"va-musique-kicker\">\u00c9vasion musicale \u00b7 Hiver<\/span><\/p>\n<p>F\u00e9vrier et mars tra\u00eenent une r\u00e9putation de mois ternes : jours courts, froid persistant, \u00e9lan en berne. Et si la parade tenait en une simple habitude d&rsquo;\u00e9coute ? L&rsquo;\u00e9mission <strong>\u00ab\u00a0En Voyage\u00a0\u00bb<\/strong> sur WHRO transforme un apr\u00e8s-midi gris en escapade sonore \u00e0 travers l&rsquo;Europe \u2014 sans bouger de chez soi.<\/p>\n<div class=\"va-musique-bref\">\n<div class=\"va-musique-lead\">\u00ab\u00a0En Voyage\u00a0\u00bb est un rendez-vous musical hebdomadaire diffus\u00e9 chaque vendredi \u00e0 midi sur WHRO FM 90.3, qui fait voyager l&rsquo;auditeur de ville en ville \u00e0 travers les r\u00e9pertoires classiques et les h\u00e9ritages musicaux d&rsquo;Europe. Un antidote doux \u00e0 la grisaille de fin d&rsquo;hiver, \u00e0 savourer en direct ou en ligne.<\/div>\n<ul>\n<li><strong>Quand :<\/strong> chaque vendredi \u00e0 midi.<\/li>\n<li><strong>O\u00f9 :<\/strong> sur WHRO FM 90.3, ou en ligne via votre appareil intelligent.<\/li>\n<li><strong>Le concept :<\/strong> un voyage musical de ville en ville, de Prague \u00e0 Venise.<\/li>\n<li><strong>Pour quoi :<\/strong> chasser la monotonie hivernale par la chaleur des m\u00e9lodies.<\/li>\n<\/ul>\n<\/div>\n<p><iframe loading=\"lazy\" title=\"Hypnose pour dormir ANTI-D\u00c9PRESSION et ANTI-D\u00c9PRIME [\ud83d\udc4b Adieu coup de blues]\" width=\"1200\" height=\"675\" src=\"https:\/\/www.youtube.com\/embed\/GngQNFmXiN8?feature=oembed\" frameborder=\"0\" allow=\"accelerometer; autoplay; clipboard-write; encrypted-media; gyroscope; picture-in-picture; web-share\" referrerpolicy=\"strict-origin-when-cross-origin\" allowfullscreen><\/iframe><\/p>\n<h2>\u00c9chapper \u00e0 l&rsquo;ennui hivernal<\/h2>\n<p>Le mois de f\u00e9vrier et son voisin mars sont souvent per\u00e7us comme des p\u00e9riodes de monotonie. Les journ\u00e9es sont courtes, les temp\u00e9ratures sont basses et l&rsquo;inspiration semble rare. Pourtant, il existe des moyens simples de s&rsquo;\u00e9vader de cette morosit\u00e9.<\/p>\n<p>L&rsquo;une des solutions les plus agr\u00e9ables consiste \u00e0 se plonger dans la musique. Chaque vendredi \u00e0 midi, l&rsquo;\u00e9mission \u00ab\u00a0En Voyage\u00a0\u00bb sur WHRO vous invite \u00e0 un voyage musical, vous permettant d&rsquo;explorer des paysages sonores envo\u00fbtants et de ressentir la chaleur des m\u00e9lodies. C&rsquo;est un excellent moyen de transformer un apr\u00e8s-midi ordinaire en une exp\u00e9rience enrichissante.<\/p>\n<h2>Un tour musical \u00e0 travers l&rsquo;Europe<\/h2>\n<p>Au programme de \u00ab\u00a0En Voyage\u00a0\u00bb, des destinations musicales fascinantes vous attendent. De Prague \u00e0 Paris, ces villes c\u00e9l\u00e8brent chacune leur h\u00e9ritage musical unique. Les valses de Prague et les symphonies de Paris ne manqueront pas de vous s\u00e9duire, tandis que des escales plus inattendues \u00e9largissent encore l&rsquo;horizon.<\/p>\n<div class=\"va-musique-grid\">\n<div class=\"va-musique-card\">\n<span class=\"va-musique-tag\">\u00c9tape 01<\/span><\/p>\n<h3>Prague &amp; Paris<\/h3>\n<div class=\"va-musique-txt\">Les valses pragoises et les grandes symphonies parisiennes ouvrent le voyage, chacune portant l&#8217;empreinte de son h\u00e9ritage musical.<\/div>\n<\/div>\n<div class=\"va-musique-card\">\n<span class=\"va-musique-tag\">\u00c9tape 02<\/span><\/p>\n<h3>Escale en Turquie<\/h3>\n<div class=\"va-musique-txt\">Une halte inattendue qui ouvre les portes d&rsquo;un monde sonore riche et diversifi\u00e9, loin des sentiers classiques.<\/div>\n<\/div>\n<div class=\"va-musique-card\">\n<span class=\"va-musique-tag\">Fil rouge<\/span><\/p>\n<h3>Mozart, partout<\/h3>\n<div class=\"va-musique-txt\">Ma\u00eetre intemporel, Mozart accompagne chaque \u00e9tape du parcours et y d\u00e9pose sa touche inoubliable.<\/div>\n<\/div>\n<\/div>\n<p>Le voyage musical ne s&rsquo;arr\u00eate pas l\u00e0. Mozart, ce ma\u00eetre intemporel, sera pr\u00e9sent \u00e0 chaque \u00e9tape, apportant sa touche inoubliable d&rsquo;une escale \u00e0 l&rsquo;autre.<\/p>\n<h2>C\u00e9l\u00e9brations musicales et d\u00e9couvertes culturelles<\/h2>\n<p>Le 7 mars, \u00ab\u00a0En Voyage\u00a0\u00bb mettra \u00e0 l&rsquo;honneur l&rsquo;Espagne avec des madrigaux et des fandangos. Ce sera aussi l&rsquo;occasion de f\u00eater un compositeur dont les \u0153uvres sont fortement inspir\u00e9es par la culture espagnole. Son influence, bien qu&rsquo;\u00e9trang\u00e8re \u00e0 son pays d&rsquo;origine, r\u00e9sonne \u00e0 travers ses cr\u00e9ations.<\/p>\n<p>Le 21 mars, lors de l&rsquo;\u00e9quinoxe de printemps, vous serez transport\u00e9 \u00e0 Venise pour d\u00e9couvrir les compositions d&rsquo;un c\u00e9l\u00e8bre compositeur v\u00e9nitien. D&rsquo;autres \u00e9v\u00e9nements marquants comme Koningsdag aux Pays-Bas et la c\u00e9l\u00e9bration anticip\u00e9e de Cinco de Mayo le 2 mai enrichiront ce voyage musical, vous permettant de savourer la diversit\u00e9 culturelle \u00e0 travers la musique.<\/p>\n<div class=\"va-musique-quote\">\n<span class=\"va-musique-mark\" aria-hidden=\"true\">\u00ab<\/span><\/p>\n<div class=\"va-musique-q\">Chaque note est une invitation \u00e0 d\u00e9couvrir un monde nouveau.<\/div>\n<\/div>\n<h2>Comment \u00e9couter \u00ab\u00a0En Voyage\u00a0\u00bb<\/h2>\n<div class=\"va-musique-grid\">\n<div class=\"va-musique-card\">\n<span class=\"va-musique-tag\">En direct<\/span><\/p>\n<h3>Vendredi midi<\/h3>\n<div class=\"va-musique-txt\">Branchez WHRO FM 90.3 chaque vendredi \u00e0 midi pour suivre l&rsquo;\u00e9mission au moment de sa diffusion.<\/div>\n<\/div>\n<div class=\"va-musique-card\">\n<span class=\"va-musique-tag\">En ligne<\/span><\/p>\n<h3>Appareil intelligent<\/h3>\n<div class=\"va-musique-txt\">Acc\u00e9dez \u00e0 l&rsquo;\u00e9mission en streaming depuis votre appareil intelligent, o\u00f9 que vous soyez.<\/div>\n<\/div>\n<div class=\"va-musique-card\">\n<span class=\"va-musique-tag\">Au programme<\/span><\/p>\n<h3>Classique &amp; contemporain<\/h3>\n<div class=\"va-musique-txt\">Des compositions classiques aux d\u00e9couvertes plus actuelles, pour une exp\u00e9rience musicale vari\u00e9e et inspirante.<\/div>\n<\/div>\n<\/div>\n<div class=\"va-musique-retenir\">\n<span class=\"va-musique-kicker\">\u00c0 retenir<\/span><\/p>\n<ul>\n<li><span class=\"va-musique-dot\">1<\/span><span>\u00ab\u00a0En Voyage\u00a0\u00bb passe chaque vendredi \u00e0 midi sur WHRO FM 90.3, en direct ou en ligne.<\/span><\/li>\n<li><span class=\"va-musique-dot\">2<\/span><span>Le programme fait voyager de Prague \u00e0 Venise, avec Mozart en fil rouge.<\/span><\/li>\n<li><span class=\"va-musique-dot\">3<\/span><span>Des rendez-vous dat\u00e9s ponctuent l&rsquo;hiver : Espagne le 7 mars, Venise le 21 mars.<\/span><\/li>\n<li><span class=\"va-musique-dot\">4<\/span><span>Une parenth\u00e8se sensorielle simple pour adoucir la grisaille de fin d&rsquo;hiver.<\/span><\/li>\n<\/ul>\n<\/div>\n<p>La musique a le pouvoir de transcender les saisons et d&rsquo;\u00e9clairer les jours sombres. En vous joignant \u00e0 \u00ab\u00a0En Voyage\u00a0\u00bb, vous ne ferez pas que passer le temps ; vous vivrez une aventure sensorielle qui \u00e9veille l&rsquo;esprit et r\u00e9chauffe le c\u0153ur. Alors, n&rsquo;h\u00e9sitez pas \u00e0 vous laisser emporter par cette belle \u00e9vasion musicale et \u00e0 c\u00e9l\u00e9brer la musique qui nous unit tous.<\/p>\n<div class=\"va-musique-faq\">\n<h2>Questions fr\u00e9quentes<\/h2>\n<details>\n<summary><span>Quand et o\u00f9 \u00e9couter \u00ab\u00a0En Voyage\u00a0\u00bb ?<\/span><span class=\"va-musique-plus\" aria-hidden=\"true\">+<\/span><\/summary>\n<div class=\"va-musique-ans\">L&rsquo;\u00e9mission est diffus\u00e9e chaque vendredi \u00e0 midi sur WHRO FM 90.3. Elle est aussi accessible en ligne via votre appareil intelligent, pour la suivre o\u00f9 que vous soyez.<\/div>\n<\/details>\n<details>\n<summary><span>\u00c0 quoi ressemble le programme musical ?<\/span><span class=\"va-musique-plus\" aria-hidden=\"true\">+<\/span><\/summary>\n<div class=\"va-musique-ans\">Chaque \u00e9mission est con\u00e7ue comme un voyage de ville en ville : valses de Prague, symphonies de Paris, escale en Turquie, sans oublier Mozart pr\u00e9sent \u00e0 chaque \u00e9tape, entre compositions classiques et contemporaines.<\/div>\n<\/details>\n<details>\n<summary><span>Y a-t-il des rendez-vous th\u00e9matiques \u00e0 venir ?<\/span><span class=\"va-musique-plus\" aria-hidden=\"true\">+<\/span><\/summary>\n<div class=\"va-musique-ans\">Oui : le 7 mars met l&rsquo;Espagne \u00e0 l&rsquo;honneur avec madrigaux et fandangos, et le 21 mars, jour de l&rsquo;\u00e9quinoxe de printemps, conduit l&rsquo;auditeur \u00e0 Venise. D&rsquo;autres moments comme Koningsdag aux Pays-Bas et une c\u00e9l\u00e9bration anticip\u00e9e de Cinco de Mayo le 2 mai jalonnent le programme.<\/div>\n<\/details>\n<details>\n<summary><span>Pourquoi la musique aide-t-elle \u00e0 passer l&rsquo;hiver ?<\/span><span class=\"va-musique-plus\" aria-hidden=\"true\">+<\/span><\/summary>\n<div class=\"va-musique-ans\">La musique r\u00e9chauffe l&rsquo;ambiance et rythme des journ\u00e9es autrement monotones. Se m\u00e9nager un rendez-vous d&rsquo;\u00e9coute r\u00e9gulier transforme un apr\u00e8s-midi ordinaire en une parenth\u00e8se agr\u00e9able \u2014 une habitude simple pour traverser plus doucement la fin de l&rsquo;hiver.<\/div>\n<\/details>\n<\/div>\n<\/div>\n<p><img decoding=\"async\" width=\"1024\" height=\"576\" src=\"https:\/\/voyage-aventure.com\/blog\/wp-content\/uploads\/2025\/02\/stability-evitez-la-melancolie-hivernale-avec-en-voyage-et-sa-douce-musique-1.png\" class=\"aligncenter\" alt=\"Illustration d\u00e9taill\u00e9e sur \u00c9vitez la m\u00e9lancolie hivernale avec &#039;En Voyage&#039; et sa douce musique\" title=\"\u00c9vitez la m\u00e9lancolie hivernale avec &#039;En Voyage&#039; et sa douce musique\" loading=\"lazy\" \/><\/p>\n","protected":false},"excerpt":{"rendered":"","protected":false},"author":34,"featured_media":11216,"comment_status":"open","ping_status":"open","sticky":false,"template":"","format":"standard","meta":{"_acf_changed":false,"manual_indexmenow":false,"indexmenow_id_project":0,"footnotes":""},"categories":[4520],"tags":[4538,4527,3800,4530,4526],"class_list":["post-11214","post","type-post","status-publish","format-standard","has-post-thumbnail","hentry","category-destinations-aventure","tag-activites-variees","tag-decouverte-culturelle","tag-emotions","tag-escapade-en-europe","tag-voyage-economique","generate-columns","tablet-grid-50","mobile-grid-100","grid-parent","grid-25"],"acf":[],"yoast_head":"<!-- This site is optimized with the Yoast SEO Premium plugin v21.3 (Yoast SEO v25.1) - https:\/\/yoast.com\/wordpress\/plugins\/seo\/ -->\n<title>\u00c9vitez la m\u00e9lancolie hivernale avec &#039;En Voyage&#039; et sa douce<\/title>\n<meta name=\"description\" content=\"F\u00e9vrier et mars tra\u00eenent une r\u00e9putation de mois ternes : jours courts, froid persistant, \u00e9lan en berne. Et si la parade tenait en une simple habitude\" \/>\n<meta name=\"robots\" content=\"index, follow, max-snippet:-1, max-image-preview:large, max-video-preview:-1\" \/>\n<link rel=\"canonical\" href=\"https:\/\/voyage-aventure.com\/blog\/destinations-aventure\/evitez-la-melancolie-hivernale-avec-en-voyage-et-sa-douce-musique\/\" \/>\n<meta property=\"og:locale\" content=\"fr_FR\" \/>\n<meta property=\"og:type\" content=\"article\" \/>\n<meta property=\"og:title\" content=\"\u00c9vitez la m\u00e9lancolie hivernale avec &#039;En Voyage&#039; et sa douce\" \/>\n<meta property=\"og:description\" content=\"F\u00e9vrier et mars tra\u00eenent une r\u00e9putation de mois ternes : jours courts, froid persistant, \u00e9lan en berne. Et si la parade tenait en une simple habitude\" \/>\n<meta property=\"og:url\" content=\"https:\/\/voyage-aventure.com\/blog\/destinations-aventure\/evitez-la-melancolie-hivernale-avec-en-voyage-et-sa-douce-musique\/\" \/>\n<meta property=\"og:site_name\" content=\"voyage-aventure\" \/>\n<meta property=\"og:image\" content=\"https:\/\/voyage-aventure.com\/blog\/wp-content\/uploads\/2025\/02\/stability-evitez-la-melancolie-hivernale-avec-en-voyage-et-sa-douce-musique.png\" \/>\n\t<meta property=\"og:image:width\" content=\"1024\" \/>\n\t<meta property=\"og:image:height\" content=\"576\" \/>\n\t<meta property=\"og:image:type\" content=\"image\/png\" \/>\n<meta name=\"author\" content=\"Camille Rouvray\" \/>\n<meta name=\"twitter:card\" content=\"summary_large_image\" \/>\n<script type=\"application\/ld+json\" class=\"yoast-schema-graph\">{\"@context\":\"https:\/\/schema.org\",\"@graph\":[{\"@type\":\"NewsArticle\",\"@id\":\"https:\/\/voyage-aventure.com\/blog\/destinations-aventure\/evitez-la-melancolie-hivernale-avec-en-voyage-et-sa-douce-musique\/#article\",\"isPartOf\":{\"@id\":\"https:\/\/voyage-aventure.com\/blog\/destinations-aventure\/evitez-la-melancolie-hivernale-avec-en-voyage-et-sa-douce-musique\/\"},\"author\":{\"name\":\"Camille Rouvray\",\"@id\":\"https:\/\/voyage-aventure.com\/blog\/#\/schema\/person\/3c864cdc320801e3db34b663e7e3f816\"},\"headline\":\"\u00c9vitez la m\u00e9lancolie hivernale avec &lsquo;En Voyage&rsquo; et sa douce musique\",\"datePublished\":\"2026-06-16T14:40:22+00:00\",\"mainEntityOfPage\":{\"@id\":\"https:\/\/voyage-aventure.com\/blog\/destinations-aventure\/evitez-la-melancolie-hivernale-avec-en-voyage-et-sa-douce-musique\/\"},\"wordCount\":917,\"commentCount\":27,\"publisher\":{\"@id\":\"https:\/\/voyage-aventure.com\/blog\/#organization\"},\"image\":{\"@id\":\"https:\/\/voyage-aventure.com\/blog\/destinations-aventure\/evitez-la-melancolie-hivernale-avec-en-voyage-et-sa-douce-musique\/#primaryimage\"},\"thumbnailUrl\":\"https:\/\/voyage-aventure.com\/blog\/wp-content\/uploads\/2025\/02\/stability-evitez-la-melancolie-hivernale-avec-en-voyage-et-sa-douce-musique.png\",\"keywords\":[\"Activit\u00e9s Vari\u00e9es\",\"D\u00e9couverte Culturelle\",\"\u00c9motions\",\"Escapade en Europe\",\"Voyage \u00c9conomique\"],\"articleSection\":[\"Destinations Aventure\"],\"inLanguage\":\"fr-FR\",\"potentialAction\":[{\"@type\":\"CommentAction\",\"name\":\"Comment\",\"target\":[\"https:\/\/voyage-aventure.com\/blog\/destinations-aventure\/evitez-la-melancolie-hivernale-avec-en-voyage-et-sa-douce-musique\/#respond\"]}]},{\"@type\":\"WebPage\",\"@id\":\"https:\/\/voyage-aventure.com\/blog\/destinations-aventure\/evitez-la-melancolie-hivernale-avec-en-voyage-et-sa-douce-musique\/\",\"url\":\"https:\/\/voyage-aventure.com\/blog\/destinations-aventure\/evitez-la-melancolie-hivernale-avec-en-voyage-et-sa-douce-musique\/\",\"name\":\"\u00c9vitez la m\u00e9lancolie hivernale avec 'En Voyage' et sa douce\",\"isPartOf\":{\"@id\":\"https:\/\/voyage-aventure.com\/blog\/#website\"},\"primaryImageOfPage\":{\"@id\":\"https:\/\/voyage-aventure.com\/blog\/destinations-aventure\/evitez-la-melancolie-hivernale-avec-en-voyage-et-sa-douce-musique\/#primaryimage\"},\"image\":{\"@id\":\"https:\/\/voyage-aventure.com\/blog\/destinations-aventure\/evitez-la-melancolie-hivernale-avec-en-voyage-et-sa-douce-musique\/#primaryimage\"},\"thumbnailUrl\":\"https:\/\/voyage-aventure.com\/blog\/wp-content\/uploads\/2025\/02\/stability-evitez-la-melancolie-hivernale-avec-en-voyage-et-sa-douce-musique.png\",\"datePublished\":\"2026-06-16T14:40:22+00:00\",\"description\":\"F\u00e9vrier et mars tra\u00eenent une r\u00e9putation de mois ternes : jours courts, froid persistant, \u00e9lan en berne. Et si la parade tenait en une simple habitude\",\"inLanguage\":\"fr-FR\",\"potentialAction\":[{\"@type\":\"ReadAction\",\"target\":[\"https:\/\/voyage-aventure.com\/blog\/destinations-aventure\/evitez-la-melancolie-hivernale-avec-en-voyage-et-sa-douce-musique\/\"]}]},{\"@type\":\"ImageObject\",\"inLanguage\":\"fr-FR\",\"@id\":\"https:\/\/voyage-aventure.com\/blog\/destinations-aventure\/evitez-la-melancolie-hivernale-avec-en-voyage-et-sa-douce-musique\/#primaryimage\",\"url\":\"https:\/\/voyage-aventure.com\/blog\/wp-content\/uploads\/2025\/02\/stability-evitez-la-melancolie-hivernale-avec-en-voyage-et-sa-douce-musique.png\",\"contentUrl\":\"https:\/\/voyage-aventure.com\/blog\/wp-content\/uploads\/2025\/02\/stability-evitez-la-melancolie-hivernale-avec-en-voyage-et-sa-douce-musique.png\",\"width\":1024,\"height\":576},{\"@type\":\"WebSite\",\"@id\":\"https:\/\/voyage-aventure.com\/blog\/#website\",\"url\":\"https:\/\/voyage-aventure.com\/blog\/\",\"name\":\"voyage-aventure.com\",\"description\":\"Votre passeport pour l\u2019inattendu.\",\"publisher\":{\"@id\":\"https:\/\/voyage-aventure.com\/blog\/#organization\"},\"alternateName\":\"Votre passeport pour l\u2019inattendu.\",\"potentialAction\":[{\"@type\":\"SearchAction\",\"target\":{\"@type\":\"EntryPoint\",\"urlTemplate\":\"https:\/\/voyage-aventure.com\/blog\/?s={search_term_string}\"},\"query-input\":{\"@type\":\"PropertyValueSpecification\",\"valueRequired\":true,\"valueName\":\"search_term_string\"}}],\"inLanguage\":\"fr-FR\"},{\"@type\":\"Organization\",\"@id\":\"https:\/\/voyage-aventure.com\/blog\/#organization\",\"name\":\"Foretsensations.fr\",\"url\":\"https:\/\/voyage-aventure.com\/blog\/\",\"logo\":{\"@type\":\"ImageObject\",\"inLanguage\":\"fr-FR\",\"@id\":\"https:\/\/voyage-aventure.com\/blog\/#\/schema\/logo\/image\/\",\"url\":\"https:\/\/voyage-aventure.com\/blog\/wp-content\/uploads\/2024\/12\/19.png\",\"contentUrl\":\"https:\/\/voyage-aventure.com\/blog\/wp-content\/uploads\/2024\/12\/19.png\",\"width\":512,\"height\":512,\"caption\":\"Foretsensations.fr\"},\"image\":{\"@id\":\"https:\/\/voyage-aventure.com\/blog\/#\/schema\/logo\/image\/\"}},{\"@type\":\"Person\",\"@id\":\"https:\/\/voyage-aventure.com\/blog\/#\/schema\/person\/3c864cdc320801e3db34b663e7e3f816\",\"name\":\"Camille Rouvray\",\"image\":{\"@type\":\"ImageObject\",\"inLanguage\":\"fr-FR\",\"@id\":\"https:\/\/voyage-aventure.com\/blog\/#\/schema\/person\/image\/\",\"url\":\"https:\/\/voyage-aventure.com\/blog\/wp-content\/uploads\/2026\/06\/persona_camille-r-96x96.jpg\",\"contentUrl\":\"https:\/\/voyage-aventure.com\/blog\/wp-content\/uploads\/2026\/06\/persona_camille-r-96x96.jpg\",\"caption\":\"Camille Rouvray\"},\"description\":\"Je voyage et j'\u00e9cris sur le voyage depuis une douzaine d'ann\u00e9es, d'abord en tant que routarde au long cours, puis comme r\u00e9dactrice sp\u00e9cialis\u00e9e. Mon terrain de pr\u00e9dilection, ce sont les circuits organis\u00e9s et l'art de bien pr\u00e9parer un itin\u00e9raire : choix de la saison, dur\u00e9e r\u00e9aliste des \u00e9tapes, budget jour par jour, logement et transport sur place. J'aime aussi raconter les p\u00e9pites urbaines, ces adresses qu'on ne trouve pas dans les guides classiques. Avant de publier un dossier destination, je croise toujours plusieurs sources, je v\u00e9rifie les tarifs et les formalit\u00e9s d'entr\u00e9e \u00e0 jour, et je teste moi-m\u00eame quand je le peux. Mon angle reste pratique avant tout : aider le lecteur \u00e0 partir l'esprit tranquille, sans mauvaise surprise une fois sur place. Je m'attache \u00e0 distinguer le coup de c\u0153ur sinc\u00e8re du simple argument marketing.\",\"sameAs\":[\"https:\/\/camillerouvray.fr\/\"],\"url\":\"https:\/\/voyage-aventure.com\/blog\/auteur\/noname\/\"}]}<\/script>\n<!-- \/ Yoast SEO Premium plugin. -->","yoast_head_json":{"title":"\u00c9vitez la m\u00e9lancolie hivernale avec 'En Voyage' et sa douce","description":"F\u00e9vrier et mars tra\u00eenent une r\u00e9putation de mois ternes : jours courts, froid persistant, \u00e9lan en berne. Et si la parade tenait en une simple habitude","robots":{"index":"index","follow":"follow","max-snippet":"max-snippet:-1","max-image-preview":"max-image-preview:large","max-video-preview":"max-video-preview:-1"},"canonical":"https:\/\/voyage-aventure.com\/blog\/destinations-aventure\/evitez-la-melancolie-hivernale-avec-en-voyage-et-sa-douce-musique\/","og_locale":"fr_FR","og_type":"article","og_title":"\u00c9vitez la m\u00e9lancolie hivernale avec 'En Voyage' et sa douce","og_description":"F\u00e9vrier et mars tra\u00eenent une r\u00e9putation de mois ternes : jours courts, froid persistant, \u00e9lan en berne. Et si la parade tenait en une simple habitude","og_url":"https:\/\/voyage-aventure.com\/blog\/destinations-aventure\/evitez-la-melancolie-hivernale-avec-en-voyage-et-sa-douce-musique\/","og_site_name":"voyage-aventure","og_image":[{"width":1024,"height":576,"url":"https:\/\/voyage-aventure.com\/blog\/wp-content\/uploads\/2025\/02\/stability-evitez-la-melancolie-hivernale-avec-en-voyage-et-sa-douce-musique.png","type":"image\/png"}],"author":"Camille Rouvray","twitter_card":"summary_large_image","schema":{"@context":"https:\/\/schema.org","@graph":[{"@type":"NewsArticle","@id":"https:\/\/voyage-aventure.com\/blog\/destinations-aventure\/evitez-la-melancolie-hivernale-avec-en-voyage-et-sa-douce-musique\/#article","isPartOf":{"@id":"https:\/\/voyage-aventure.com\/blog\/destinations-aventure\/evitez-la-melancolie-hivernale-avec-en-voyage-et-sa-douce-musique\/"},"author":{"name":"Camille Rouvray","@id":"https:\/\/voyage-aventure.com\/blog\/#\/schema\/person\/3c864cdc320801e3db34b663e7e3f816"},"headline":"\u00c9vitez la m\u00e9lancolie hivernale avec &lsquo;En Voyage&rsquo; et sa douce musique","datePublished":"2026-06-16T14:40:22+00:00","mainEntityOfPage":{"@id":"https:\/\/voyage-aventure.com\/blog\/destinations-aventure\/evitez-la-melancolie-hivernale-avec-en-voyage-et-sa-douce-musique\/"},"wordCount":917,"commentCount":27,"publisher":{"@id":"https:\/\/voyage-aventure.com\/blog\/#organization"},"image":{"@id":"https:\/\/voyage-aventure.com\/blog\/destinations-aventure\/evitez-la-melancolie-hivernale-avec-en-voyage-et-sa-douce-musique\/#primaryimage"},"thumbnailUrl":"https:\/\/voyage-aventure.com\/blog\/wp-content\/uploads\/2025\/02\/stability-evitez-la-melancolie-hivernale-avec-en-voyage-et-sa-douce-musique.png","keywords":["Activit\u00e9s Vari\u00e9es","D\u00e9couverte Culturelle","\u00c9motions","Escapade en Europe","Voyage \u00c9conomique"],"articleSection":["Destinations Aventure"],"inLanguage":"fr-FR","potentialAction":[{"@type":"CommentAction","name":"Comment","target":["https:\/\/voyage-aventure.com\/blog\/destinations-aventure\/evitez-la-melancolie-hivernale-avec-en-voyage-et-sa-douce-musique\/#respond"]}]},{"@type":"WebPage","@id":"https:\/\/voyage-aventure.com\/blog\/destinations-aventure\/evitez-la-melancolie-hivernale-avec-en-voyage-et-sa-douce-musique\/","url":"https:\/\/voyage-aventure.com\/blog\/destinations-aventure\/evitez-la-melancolie-hivernale-avec-en-voyage-et-sa-douce-musique\/","name":"\u00c9vitez la m\u00e9lancolie hivernale avec 'En Voyage' et sa douce","isPartOf":{"@id":"https:\/\/voyage-aventure.com\/blog\/#website"},"primaryImageOfPage":{"@id":"https:\/\/voyage-aventure.com\/blog\/destinations-aventure\/evitez-la-melancolie-hivernale-avec-en-voyage-et-sa-douce-musique\/#primaryimage"},"image":{"@id":"https:\/\/voyage-aventure.com\/blog\/destinations-aventure\/evitez-la-melancolie-hivernale-avec-en-voyage-et-sa-douce-musique\/#primaryimage"},"thumbnailUrl":"https:\/\/voyage-aventure.com\/blog\/wp-content\/uploads\/2025\/02\/stability-evitez-la-melancolie-hivernale-avec-en-voyage-et-sa-douce-musique.png","datePublished":"2026-06-16T14:40:22+00:00","description":"F\u00e9vrier et mars tra\u00eenent une r\u00e9putation de mois ternes : jours courts, froid persistant, \u00e9lan en berne. Et si la parade tenait en une simple habitude","inLanguage":"fr-FR","potentialAction":[{"@type":"ReadAction","target":["https:\/\/voyage-aventure.com\/blog\/destinations-aventure\/evitez-la-melancolie-hivernale-avec-en-voyage-et-sa-douce-musique\/"]}]},{"@type":"ImageObject","inLanguage":"fr-FR","@id":"https:\/\/voyage-aventure.com\/blog\/destinations-aventure\/evitez-la-melancolie-hivernale-avec-en-voyage-et-sa-douce-musique\/#primaryimage","url":"https:\/\/voyage-aventure.com\/blog\/wp-content\/uploads\/2025\/02\/stability-evitez-la-melancolie-hivernale-avec-en-voyage-et-sa-douce-musique.png","contentUrl":"https:\/\/voyage-aventure.com\/blog\/wp-content\/uploads\/2025\/02\/stability-evitez-la-melancolie-hivernale-avec-en-voyage-et-sa-douce-musique.png","width":1024,"height":576},{"@type":"WebSite","@id":"https:\/\/voyage-aventure.com\/blog\/#website","url":"https:\/\/voyage-aventure.com\/blog\/","name":"voyage-aventure.com","description":"Votre passeport pour l\u2019inattendu.","publisher":{"@id":"https:\/\/voyage-aventure.com\/blog\/#organization"},"alternateName":"Votre passeport pour l\u2019inattendu.","potentialAction":[{"@type":"SearchAction","target":{"@type":"EntryPoint","urlTemplate":"https:\/\/voyage-aventure.com\/blog\/?s={search_term_string}"},"query-input":{"@type":"PropertyValueSpecification","valueRequired":true,"valueName":"search_term_string"}}],"inLanguage":"fr-FR"},{"@type":"Organization","@id":"https:\/\/voyage-aventure.com\/blog\/#organization","name":"Foretsensations.fr","url":"https:\/\/voyage-aventure.com\/blog\/","logo":{"@type":"ImageObject","inLanguage":"fr-FR","@id":"https:\/\/voyage-aventure.com\/blog\/#\/schema\/logo\/image\/","url":"https:\/\/voyage-aventure.com\/blog\/wp-content\/uploads\/2024\/12\/19.png","contentUrl":"https:\/\/voyage-aventure.com\/blog\/wp-content\/uploads\/2024\/12\/19.png","width":512,"height":512,"caption":"Foretsensations.fr"},"image":{"@id":"https:\/\/voyage-aventure.com\/blog\/#\/schema\/logo\/image\/"}},{"@type":"Person","@id":"https:\/\/voyage-aventure.com\/blog\/#\/schema\/person\/3c864cdc320801e3db34b663e7e3f816","name":"Camille Rouvray","image":{"@type":"ImageObject","inLanguage":"fr-FR","@id":"https:\/\/voyage-aventure.com\/blog\/#\/schema\/person\/image\/","url":"https:\/\/voyage-aventure.com\/blog\/wp-content\/uploads\/2026\/06\/persona_camille-r-96x96.jpg","contentUrl":"https:\/\/voyage-aventure.com\/blog\/wp-content\/uploads\/2026\/06\/persona_camille-r-96x96.jpg","caption":"Camille Rouvray"},"description":"Je voyage et j'\u00e9cris sur le voyage depuis une douzaine d'ann\u00e9es, d'abord en tant que routarde au long cours, puis comme r\u00e9dactrice sp\u00e9cialis\u00e9e. Mon terrain de pr\u00e9dilection, ce sont les circuits organis\u00e9s et l'art de bien pr\u00e9parer un itin\u00e9raire : choix de la saison, dur\u00e9e r\u00e9aliste des \u00e9tapes, budget jour par jour, logement et transport sur place. J'aime aussi raconter les p\u00e9pites urbaines, ces adresses qu'on ne trouve pas dans les guides classiques. Avant de publier un dossier destination, je croise toujours plusieurs sources, je v\u00e9rifie les tarifs et les formalit\u00e9s d'entr\u00e9e \u00e0 jour, et je teste moi-m\u00eame quand je le peux. Mon angle reste pratique avant tout : aider le lecteur \u00e0 partir l'esprit tranquille, sans mauvaise surprise une fois sur place. Je m'attache \u00e0 distinguer le coup de c\u0153ur sinc\u00e8re du simple argument marketing.","sameAs":["https:\/\/camillerouvray.fr\/"],"url":"https:\/\/voyage-aventure.com\/blog\/auteur\/noname\/"}]}},"_links":{"self":[{"href":"https:\/\/voyage-aventure.com\/blog\/wp-json\/wp\/v2\/posts\/11214","targetHints":{"allow":["GET"]}}],"collection":[{"href":"https:\/\/voyage-aventure.com\/blog\/wp-json\/wp\/v2\/posts"}],"about":[{"href":"https:\/\/voyage-aventure.com\/blog\/wp-json\/wp\/v2\/types\/post"}],"author":[{"embeddable":true,"href":"https:\/\/voyage-aventure.com\/blog\/wp-json\/wp\/v2\/users\/34"}],"replies":[{"embeddable":true,"href":"https:\/\/voyage-aventure.com\/blog\/wp-json\/wp\/v2\/comments?post=11214"}],"version-history":[{"count":3,"href":"https:\/\/voyage-aventure.com\/blog\/wp-json\/wp\/v2\/posts\/11214\/revisions"}],"predecessor-version":[{"id":22601,"href":"https:\/\/voyage-aventure.com\/blog\/wp-json\/wp\/v2\/posts\/11214\/revisions\/22601"}],"wp:featuredmedia":[{"embeddable":true,"href":"https:\/\/voyage-aventure.com\/blog\/wp-json\/wp\/v2\/media\/11216"}],"wp:attachment":[{"href":"https:\/\/voyage-aventure.com\/blog\/wp-json\/wp\/v2\/media?parent=11214"}],"wp:term":[{"taxonomy":"category","embeddable":true,"href":"https:\/\/voyage-aventure.com\/blog\/wp-json\/wp\/v2\/categories?post=11214"},{"taxonomy":"post_tag","embeddable":true,"href":"https:\/\/voyage-aventure.com\/blog\/wp-json\/wp\/v2\/tags?post=11214"}],"curies":[{"name":"wp","href":"https:\/\/api.w.org\/{rel}","templated":true}]}}