{"id":11184,"date":"2026-06-16T16:40:01","date_gmt":"2026-06-16T14:40:01","guid":{"rendered":"https:\/\/voyage-aventure.com\/blog\/?p=11184"},"modified":"2026-06-16T16:40:01","modified_gmt":"2026-06-16T14:40:01","slug":"voyager-avec-une-sma-le-recit-dashley-sur-les-defis-et-les-espoirs","status":"publish","type":"post","link":"https:\/\/voyage-aventure.com\/blog\/a-la-une\/voyager-avec-une-sma-le-recit-dashley-sur-les-defis-et-les-espoirs\/","title":{"rendered":"Voyager avec une SMA : le r\u00e9cit d&rsquo;Ashley sur les d\u00e9fis et les espoirs"},"content":{"rendered":"<link rel=\"stylesheet\" href=\"https:\/\/fonts.googleapis.com\/css2?family=Fraunces:opsz,wght@9..144,500;9..144,600;9..144,700&#038;family=Inter:wght@400;500;600&#038;family=JetBrains+Mono:wght@500&#038;display=swap\" \/>\n<style>\n.va-sma-wrap{font-family:\"Inter\",-apple-system,BlinkMacSystemFont,\"Segoe UI\",sans-serif;color:#1d2530;line-height:1.65;font-size:17px}\n.va-sma-wrap h2{font-family:\"Fraunces\",\"Inter\",Georgia,serif;font-weight:700;font-size:clamp(24px,3.2vw,33px);line-height:1.2;letter-spacing:-.01em;color:#16202c;margin:48px 0 18px}\n.va-sma-wrap h3{font-family:\"Fraunces\",\"Inter\",Georgia,serif;font-weight:600;font-size:clamp(19px,2.2vw,22px);color:#16202c;margin:26px 0 10px}\n.va-sma-wrap p{margin:0 0 18px}\n.va-sma-lead{font-family:\"Fraunces\",\"Inter\",Georgia,serif;font-size:clamp(19px,2.2vw,22px);line-height:1.5;color:#33414f;font-weight:500;margin:0 0 30px}\n.va-sma-kicker{font-family:\"JetBrains Mono\",monospace;font-size:12px;letter-spacing:.14em;text-transform:uppercase;color:#3A6EA5;font-weight:500;display:block;margin-bottom:8px}\n.va-sma-fiche{background:#f3f7fb;border-left:5px solid #3A6EA5;border-radius:10px;padding:24px 26px;margin:0 0 34px;box-shadow:0 1px 2px rgba(16,24,40,.05),0 12px 28px -18px rgba(16,24,40,.18)}\n.va-sma-fiche-grid{display:grid;grid-template-columns:repeat(auto-fit,minmax(200px,1fr));gap:14px;margin-top:14px}\n.va-sma-fiche-row{display:flex;flex-direction:column;gap:3px}\n.va-sma-fiche-k{font-family:\"JetBrains Mono\",monospace;font-size:11px;letter-spacing:.1em;text-transform:uppercase;color:#5a6b7a}\n.va-sma-fiche-v{font-weight:600;color:#16202c;font-size:16px}\n.va-sma-quote{margin:40px auto;padding:30px 28px;max-width:660px;text-align:center;border-top:2px solid #3A6EA5;border-bottom:2px solid #3A6EA5;position:relative}\n.va-sma-quote-txt{font-family:\"Fraunces\",\"Inter\",Georgia,serif;font-style:italic;font-size:clamp(20px,2.6vw,26px);line-height:1.4;color:#1d2530}\n.va-sma-quote-mark{font-family:\"Fraunces\",Georgia,serif;color:#3A6EA5;font-size:46px;line-height:0;vertical-align:-12px;margin-right:6px}\n.va-sma-grid{display:grid;grid-template-columns:repeat(auto-fit,minmax(230px,1fr));gap:16px;margin:30px 0}\n.va-sma-card{background:#fff;border:1px solid #e3e9ef;border-top:3px solid #3A6EA5;border-radius:10px;padding:22px 22px 24px;transition:.25s ease;box-shadow:0 1px 2px rgba(16,24,40,.05)}\n.va-sma-card:hover{transform:translateY(-3px);box-shadow:0 1px 2px rgba(16,24,40,.05),0 16px 30px -18px rgba(58,110,165,.4)}\n.va-sma-card-n{font-family:\"JetBrains Mono\",monospace;font-size:12px;color:#3A6EA5;font-weight:500;letter-spacing:.08em}\n.va-sma-card-t{font-family:\"Fraunces\",\"Inter\",serif;font-weight:600;font-size:17px;color:#16202c;margin:6px 0 7px}\n.va-sma-card-d{font-size:15px;color:#3d4b59;line-height:1.55}\n.va-sma-retenir{background:#16202c;color:#e8eef4;border-radius:12px;padding:28px 30px;margin:40px 0}\n.va-sma-retenir h2{color:#fff;margin:0 0 16px}\n.va-sma-retenir ul{margin:0;padding-left:0;list-style:none;display:grid;gap:12px}\n.va-sma-retenir li{display:flex;gap:12px;align-items:flex-start;font-size:16px;line-height:1.5}\n.va-sma-retenir li span{color:#7fb0e0;font-weight:700;flex:0 0 auto;font-family:\"JetBrains Mono\",monospace}\n.va-sma-faq{margin:36px 0 10px}\n.va-sma-faq details{border:1px solid #e3e9ef;border-radius:10px;margin-bottom:12px;background:#fff;transition:.25s ease}\n.va-sma-faq details[open]{border-color:#3A6EA5;box-shadow:0 10px 26px -18px rgba(58,110,165,.5)}\n.va-sma-faq summary{cursor:pointer;padding:18px 22px;font-family:\"Fraunces\",\"Inter\",serif;font-weight:600;font-size:17px;color:#16202c;list-style:none;position:relative;padding-right:46px}\n.va-sma-faq summary::-webkit-details-marker{display:none}\n.va-sma-faq summary::after{content:\"+\";position:absolute;right:22px;top:50%;transform:translateY(-50%);color:#3A6EA5;font-size:24px;font-weight:400;line-height:1}\n.va-sma-faq details[open] summary::after{content:\"\u2212\"}\n.va-sma-faq-body{padding:0 22px 20px;font-size:16px;color:#3d4b59;line-height:1.6}\n.va-sma-wrap img{border-radius:10px;margin:24px 0}\n@media(max-width:640px){.va-sma-wrap h2{margin-top:36px}}\n\/*RENDERFIX2*\/.va-sma-retenir{color:#eef3f9!important}.va-sma-retenir p,.va-sma-retenir li,.va-sma-retenir strong,.va-sma-retenir em,.va-sma-retenir a,.va-sma-retenir span,.va-sma-retenir b,.va-sma-retenir td,.va-sma-retenir th,.va-sma-retenir h2,.va-sma-retenir h3,.va-sma-retenir h4{color:#eef3f9!important}.va-sma-retenir strong,.va-sma-retenir b{color:#ffffff!important}<\/style>\n<div class=\"va-sma-wrap\">\n<div class=\"va-sma-lead\">Ashley vit avec une amyotrophie spinale (SMA) et se d\u00e9place en fauteuil roulant. Dans ce r\u00e9cit, elle raconte sans d\u00e9tour ce que voyager signifie pour elle&nbsp;: la pr\u00e9paration m\u00e9ticuleuse, les angoisses de l&rsquo;a\u00e9roport, mais aussi l&rsquo;espoir suscit\u00e9 par les innovations qui pourraient enfin rendre l&rsquo;avion accessible.<\/div>\n<div class=\"va-sma-fiche\">\n<span class=\"va-sma-kicker\">Le portrait en bref<\/span><\/p>\n<div class=\"va-sma-fiche-grid\">\n<div class=\"va-sma-fiche-row\"><span class=\"va-sma-fiche-k\">Qui<\/span><span class=\"va-sma-fiche-v\">Ashley, voyageuse vivant avec une SMA<\/span><\/div>\n<div class=\"va-sma-fiche-row\"><span class=\"va-sma-fiche-k\">Mobilit\u00e9<\/span><span class=\"va-sma-fiche-v\">Fauteuil roulant \u00b7 van accessible<\/span><\/div>\n<div class=\"va-sma-fiche-row\"><span class=\"va-sma-fiche-k\">Le combat<\/span><span class=\"va-sma-fiche-v\">Un transport vraiment accessible<\/span><\/div>\n<div class=\"va-sma-fiche-row\"><span class=\"va-sma-fiche-k\">L&rsquo;espoir<\/span><span class=\"va-sma-fiche-v\">Tester un si\u00e8ge qui change la donne<\/span><\/div>\n<\/div>\n<\/div>\n<p>Voyager devrait \u00eatre une parenth\u00e8se de libert\u00e9. Pour les personnes en situation de handicap, c&rsquo;est souvent un parcours d&rsquo;obstacles qui commence bien avant le d\u00e9part. Le t\u00e9moignage d&rsquo;Ashley met des mots concrets sur cette r\u00e9alit\u00e9&nbsp;: derri\u00e8re chaque d\u00e9placement se cache une logistique invisible, faite de v\u00e9rifications, d&rsquo;appr\u00e9hensions et d&rsquo;une vigilance permanente vis-\u00e0-vis du mat\u00e9riel dont d\u00e9pend son autonomie.<\/p>\n<h2>Les d\u00e9fis du transport avec une SMA<\/h2>\n<p>Apr\u00e8s avoir termin\u00e9 mes \u00e9tudes de premier cycle, j&rsquo;ai d\u00e9m\u00e9nag\u00e9 pour poursuivre un master dans une ville o\u00f9 le transport public \u00e9tait moins fiable qu&rsquo;\u00e0 San Diego. Entre les sites de stage, les courses et les rendez-vous m\u00e9dicaux \u00e0 l&rsquo;h\u00f4pital situ\u00e9 \u00e0 deux heures, j&rsquo;ai r\u00e9alis\u00e9 que ne pas avoir ma propre voiture entravait ma sant\u00e9 et ma carri\u00e8re. Au cours de l&rsquo;ann\u00e9e derni\u00e8re, j&rsquo;ai eu la chance d&rsquo;acqu\u00e9rir un van accessible aux fauteuils roulants.<\/p>\n<p>Le transport a\u00e9rien avec un handicap pr\u00e9sente des d\u00e9fis uniques. Tandis que beaucoup de gens passent les 24 heures pr\u00e9c\u00e9dant leur voyage dans l&rsquo;excitation, pour moi, c&rsquo;est un m\u00e9lange d&rsquo;angoisse et de pr\u00e9paration. La veille du d\u00e9part, je m&rsquo;assure que mon fauteuil est pr\u00eat \u00e0 \u00eatre rang\u00e9 dans la soute, en v\u00e9rifiant les vis, en prenant des photos et en utilisant des attaches pour marquer les zones de prise.<\/p>\n<p><iframe loading=\"lazy\" title=\"L&#039;Alg\u00e9rie face \u00e0 la mont\u00e9e de l&#039;isIamisme\" width=\"1200\" height=\"900\" src=\"https:\/\/www.youtube.com\/embed\/OzSvHbb38AQ?feature=oembed\" frameborder=\"0\" allow=\"accelerometer; autoplay; clipboard-write; encrypted-media; gyroscope; picture-in-picture; web-share\" referrerpolicy=\"strict-origin-when-cross-origin\" allowfullscreen><\/iframe><\/p>\n<h2>Les angoisses de l&rsquo;a\u00e9roport et du vol<\/h2>\n<p>Une fois \u00e0 l&rsquo;a\u00e9roport, une boule se forme dans mon ventre, me faisant craindre que ce soit le voyage o\u00f9 mon fauteuil sera endommag\u00e9. Cette appr\u00e9hension est accentu\u00e9e par l&rsquo;incertitude de me retrouver dans un endroit inconnu, sans ressources famili\u00e8res. Lorsque je m&rsquo;assois dans un si\u00e8ge d&rsquo;avion mal adapt\u00e9 \u00e0 mon corps, je ressens une g\u00eane persistante pendant des heures.<\/p>\n<p>Des coussins et des ceintures sont utilis\u00e9s pour me maintenir en place, mais cela ne fait qu&rsquo;accentuer l&rsquo;inconfort. Mes articulations me font mal, mon dos me torture, et je me sens d\u00e9sesp\u00e9r\u00e9e durant ces heures interminables, en raison du manque d&rsquo;accessibilit\u00e9 des avions pour les utilisateurs de fauteuils roulants.<\/p>\n<figure class=\"va-sma-quote\">\n<div class=\"va-sma-quote-txt\"><span class=\"va-sma-quote-mark\" aria-hidden=\"true\">\u00ab<\/span>Il est temps que les compagnies a\u00e9riennes prennent en compte les besoins des voyageurs handicap\u00e9s pour rendre les voyages plus accessibles.\u00bb<\/div>\n<\/figure>\n<h2>Des innovations prometteuses pour l&rsquo;avenir<\/h2>\n<p>En 2024, j&rsquo;ai eu l&rsquo;opportunit\u00e9 de tester un prototype de si\u00e8ge de Delta Flight Products (DFP) qui permettra aux voyageurs comme moi de rester dans leur propre fauteuil roulant durant le vol. Biogen et DFP ont pris en compte les retours de la communaut\u00e9 pour cr\u00e9er une exp\u00e9rience de vol plus \u00e9quitable. Cette avanc\u00e9e m&rsquo;a remplie de joie, car elle promet un avenir o\u00f9 de nombreuses personnes pourront voyager sans risquer de perdre leur ind\u00e9pendance.<\/p>\n<p>Il reste encore beaucoup \u00e0 faire pour rendre le transport accessible, fiable et abordable, mais ces innovations me donnent de l&rsquo;espoir. En voyant ces progr\u00e8s, je suis convaincue que d&rsquo;autres initiatives suivront et que le voyage sera un plaisir pour tous, sans distinction.<\/p>\n<div class=\"va-sma-grid\">\n<div class=\"va-sma-card\"><span class=\"va-sma-card-n\">01<\/span><\/p>\n<div class=\"va-sma-card-t\">Un van accessible<\/div>\n<div class=\"va-sma-card-d\">Acqu\u00e9rir un v\u00e9hicule adapt\u00e9 au fauteuil a rendu \u00e0 Ashley une mobilit\u00e9 quotidienne devenue vitale pour sa sant\u00e9 et sa carri\u00e8re.<\/div>\n<\/div>\n<div class=\"va-sma-card\"><span class=\"va-sma-card-n\">02<\/span><\/p>\n<div class=\"va-sma-card-t\">La pr\u00e9paration du vol<\/div>\n<div class=\"va-sma-card-d\">Avant chaque d\u00e9part&nbsp;: v\u00e9rifier les vis du fauteuil, photographier, baliser les zones de prise pour la soute.<\/div>\n<\/div>\n<div class=\"va-sma-card\"><span class=\"va-sma-card-n\">03<\/span><\/p>\n<div class=\"va-sma-card-t\">L&rsquo;inconfort en cabine<\/div>\n<div class=\"va-sma-card-d\">Des si\u00e8ges inadapt\u00e9s, des heures de douleur&nbsp;: l&rsquo;inaccessibilit\u00e9 des avions reste le point le plus dur du voyage.<\/div>\n<\/div>\n<div class=\"va-sma-card\"><span class=\"va-sma-card-n\">04<\/span><\/p>\n<div class=\"va-sma-card-t\">Un prototype qui change tout<\/div>\n<div class=\"va-sma-card-d\">Le si\u00e8ge DFP, con\u00e7u avec les retours de la communaut\u00e9, laisse esp\u00e9rer de rester dans son propre fauteuil en vol.<\/div>\n<\/div>\n<\/div>\n<p><img decoding=\"async\" width=\"1024\" height=\"576\" src=\"https:\/\/voyage-aventure.com\/blog\/wp-content\/uploads\/2025\/02\/stability-voyager-avec-une-sma-le-recit-dashley-sur-les-defis-et-les-espoirs-1.png\" class=\"aligncenter\" alt=\"Illustration d\u00e9taill\u00e9e sur Voyager avec une SMA : le r\u00e9cit d&#039;Ashley sur les d\u00e9fis et les espoirs\" title=\"Voyager avec une SMA : le r\u00e9cit d&#039;Ashley sur les d\u00e9fis et les espoirs\" loading=\"lazy\" \/><\/p>\n<div class=\"va-sma-retenir\">\n<h2>\u00c0 retenir<\/h2>\n<ul>\n<li><span>&rarr;<\/span>Pour Ashley, voyager rime d&rsquo;abord avec une pr\u00e9paration minutieuse&nbsp;: le fauteuil, son outil d&rsquo;autonomie, doit \u00eatre prot\u00e9g\u00e9 \u00e0 chaque \u00e9tape.<\/li>\n<li><span>&rarr;<\/span>L&rsquo;inaccessibilit\u00e9 des cabines d&rsquo;avion transforme le vol en \u00e9preuve physique&nbsp;: si\u00e8ges inadapt\u00e9s, douleurs, crainte de voir le fauteuil endommag\u00e9.<\/li>\n<li><span>&rarr;<\/span>L&rsquo;acquisition d&rsquo;un van accessible a profond\u00e9ment am\u00e9lior\u00e9 sa mobilit\u00e9 au quotidien.<\/li>\n<li><span>&rarr;<\/span>Tester le prototype de si\u00e8ge DFP a raviv\u00e9 son espoir d&rsquo;un transport a\u00e9rien enfin \u00e9quitable.<\/li>\n<li><span>&rarr;<\/span>Le message d&rsquo;Ashley reste tourn\u00e9 vers l&rsquo;avenir&nbsp;: l&rsquo;innovation peut rendre le voyage accessible \u00e0 toutes et tous.<\/li>\n<\/ul>\n<\/div>\n<div class=\"va-sma-faq\">\n<h2>Questions fr\u00e9quentes<\/h2>\n<details>\n<summary>Comment voyager avec une personne handicap\u00e9e&nbsp;?<\/summary>\n<div class=\"va-sma-faq-body\">Comme le montre le r\u00e9cit d&rsquo;Ashley, l&rsquo;essentiel se joue dans l&rsquo;anticipation. Rep\u00e9rez \u00e0 l&rsquo;avance les besoins li\u00e9s \u00e0 la mobilit\u00e9 (transferts, mat\u00e9riel, dur\u00e9e des trajets), pr\u00e9voyez du temps suppl\u00e9mentaire et signalez la situation aux prestataires concern\u00e9s. La plupart des compagnies de transport disposent d&rsquo;un service d&rsquo;assistance d\u00e9di\u00e9&nbsp;: mieux vaut le contacter en amont pour organiser l&rsquo;accompagnement plut\u00f4t que d&rsquo;improviser sur place.<\/div>\n<\/details>\n<details>\n<summary>Comment prendre le train avec un handicap&nbsp;?<\/summary>\n<div class=\"va-sma-faq-body\">Les principaux op\u00e9rateurs ferroviaires proposent un service d&rsquo;assistance aux personnes \u00e0 mobilit\u00e9 r\u00e9duite&nbsp;: aide \u00e0 l&#8217;embarquement, accompagnement jusqu&rsquo;au quai, emplacements r\u00e9serv\u00e9s aux fauteuils roulants. Il est g\u00e9n\u00e9ralement recommand\u00e9 de r\u00e9server cette assistance \u00e0 l&rsquo;avance. Renseignez-vous directement aupr\u00e8s du service d\u00e9di\u00e9 de votre compagnie pour conna\u00eetre les modalit\u00e9s et les d\u00e9lais propres \u00e0 votre trajet.<\/div>\n<\/details>\n<details>\n<summary>O\u00f9 voyager en fauteuil roulant&nbsp;?<\/summary>\n<div class=\"va-sma-faq-body\">De plus en plus de destinations d\u00e9veloppent des am\u00e9nagements adapt\u00e9s (transports, h\u00e9bergements et sites labellis\u00e9s accessibles). Le choix d\u00e9pend surtout du niveau d&rsquo;accessibilit\u00e9 des transports locaux et des \u00e9quipements sur place. Privil\u00e9giez les lieux disposant d&rsquo;informations claires sur l&rsquo;accessibilit\u00e9 et v\u00e9rifiez ces \u00e9l\u00e9ments aupr\u00e8s des prestataires avant de r\u00e9server.<\/div>\n<\/details>\n<details>\n<summary>Qu&rsquo;est-ce qui rend l&rsquo;avion difficile pour les utilisateurs de fauteuil&nbsp;?<\/summary>\n<div class=\"va-sma-faq-body\">Le t\u00e9moignage d&rsquo;Ashley l&rsquo;illustre&nbsp;: les si\u00e8ges d&rsquo;avion ne sont pas con\u00e7us pour maintenir confortablement chaque morphologie, et le fauteuil personnel doit voyager en soute, avec un risque de dommage. C&rsquo;est pr\u00e9cis\u00e9ment ce que des prototypes comme le si\u00e8ge de Delta Flight Products cherchent \u00e0 r\u00e9soudre, en permettant de rester dans son propre fauteuil pendant le vol.<\/div>\n<\/details>\n<\/div>\n<\/div>\n","protected":false},"excerpt":{"rendered":"","protected":false},"author":34,"featured_media":11185,"comment_status":"open","ping_status":"open","sticky":false,"template":"","format":"standard","meta":{"_acf_changed":false,"manual_indexmenow":false,"indexmenow_id_project":0,"footnotes":""},"categories":[1],"tags":[4829,4593,4713,4755,5755],"class_list":["post-11184","post","type-post","status-publish","format-standard","has-post-thumbnail","hentry","category-a-la-une","tag-accessibilite","tag-economie","tag-preparation","tag-transport","tag-voyage-en-solo","generate-columns","tablet-grid-50","mobile-grid-100","grid-parent","grid-25"],"acf":[],"yoast_head":"<!-- This site is optimized with the Yoast SEO Premium plugin v21.3 (Yoast SEO v25.1) - https:\/\/yoast.com\/wordpress\/plugins\/seo\/ -->\n<title>Voyager avec une SMA : le r\u00e9cit d&#039;Ashley sur les d\u00e9fis et<\/title>\n<meta name=\"description\" content=\"Ashley vit avec une amyotrophie spinale (SMA) et se d\u00e9place en fauteuil roulant. Dans ce r\u00e9cit, elle raconte sans d\u00e9tour ce que voyager signifie pour elle\" \/>\n<meta name=\"robots\" content=\"index, follow, max-snippet:-1, max-image-preview:large, max-video-preview:-1\" \/>\n<link rel=\"canonical\" href=\"https:\/\/voyage-aventure.com\/blog\/a-la-une\/voyager-avec-une-sma-le-recit-dashley-sur-les-defis-et-les-espoirs\/\" \/>\n<meta property=\"og:locale\" content=\"fr_FR\" \/>\n<meta property=\"og:type\" content=\"article\" \/>\n<meta property=\"og:title\" content=\"Voyager avec une SMA : le r\u00e9cit d&#039;Ashley sur les d\u00e9fis et\" \/>\n<meta property=\"og:description\" content=\"Ashley vit avec une amyotrophie spinale (SMA) et se d\u00e9place en fauteuil roulant. Dans ce r\u00e9cit, elle raconte sans d\u00e9tour ce que voyager signifie pour elle\" \/>\n<meta property=\"og:url\" content=\"https:\/\/voyage-aventure.com\/blog\/a-la-une\/voyager-avec-une-sma-le-recit-dashley-sur-les-defis-et-les-espoirs\/\" \/>\n<meta property=\"og:site_name\" content=\"voyage-aventure\" \/>\n<meta property=\"og:image\" content=\"https:\/\/voyage-aventure.com\/blog\/wp-content\/uploads\/2025\/02\/stability-voyager-avec-une-sma-le-recit-dashley-sur-les-defis-et-les-espoirs.png\" \/>\n\t<meta property=\"og:image:width\" content=\"1024\" \/>\n\t<meta property=\"og:image:height\" content=\"576\" \/>\n\t<meta property=\"og:image:type\" content=\"image\/png\" \/>\n<meta name=\"author\" content=\"Camille Rouvray\" \/>\n<meta name=\"twitter:card\" content=\"summary_large_image\" \/>\n<script type=\"application\/ld+json\" class=\"yoast-schema-graph\">{\"@context\":\"https:\/\/schema.org\",\"@graph\":[{\"@type\":\"NewsArticle\",\"@id\":\"https:\/\/voyage-aventure.com\/blog\/a-la-une\/voyager-avec-une-sma-le-recit-dashley-sur-les-defis-et-les-espoirs\/#article\",\"isPartOf\":{\"@id\":\"https:\/\/voyage-aventure.com\/blog\/a-la-une\/voyager-avec-une-sma-le-recit-dashley-sur-les-defis-et-les-espoirs\/\"},\"author\":{\"name\":\"Camille Rouvray\",\"@id\":\"https:\/\/voyage-aventure.com\/blog\/#\/schema\/person\/3c864cdc320801e3db34b663e7e3f816\"},\"headline\":\"Voyager avec une SMA : le r\u00e9cit d&rsquo;Ashley sur les d\u00e9fis et les espoirs\",\"datePublished\":\"2026-06-16T14:40:01+00:00\",\"mainEntityOfPage\":{\"@id\":\"https:\/\/voyage-aventure.com\/blog\/a-la-une\/voyager-avec-une-sma-le-recit-dashley-sur-les-defis-et-les-espoirs\/\"},\"wordCount\":1176,\"commentCount\":17,\"publisher\":{\"@id\":\"https:\/\/voyage-aventure.com\/blog\/#organization\"},\"image\":{\"@id\":\"https:\/\/voyage-aventure.com\/blog\/a-la-une\/voyager-avec-une-sma-le-recit-dashley-sur-les-defis-et-les-espoirs\/#primaryimage\"},\"thumbnailUrl\":\"https:\/\/voyage-aventure.com\/blog\/wp-content\/uploads\/2025\/02\/stability-voyager-avec-une-sma-le-recit-dashley-sur-les-defis-et-les-espoirs.png\",\"keywords\":[\"Accessibilit\u00e9\",\"\u00c9conomie\",\"Pr\u00e9paration\",\"Transport\",\"Voyage en solo\"],\"articleSection\":[\"\u00c0 la une\"],\"inLanguage\":\"fr-FR\",\"potentialAction\":[{\"@type\":\"CommentAction\",\"name\":\"Comment\",\"target\":[\"https:\/\/voyage-aventure.com\/blog\/a-la-une\/voyager-avec-une-sma-le-recit-dashley-sur-les-defis-et-les-espoirs\/#respond\"]}]},{\"@type\":\"WebPage\",\"@id\":\"https:\/\/voyage-aventure.com\/blog\/a-la-une\/voyager-avec-une-sma-le-recit-dashley-sur-les-defis-et-les-espoirs\/\",\"url\":\"https:\/\/voyage-aventure.com\/blog\/a-la-une\/voyager-avec-une-sma-le-recit-dashley-sur-les-defis-et-les-espoirs\/\",\"name\":\"Voyager avec une SMA : le r\u00e9cit d'Ashley sur les d\u00e9fis et\",\"isPartOf\":{\"@id\":\"https:\/\/voyage-aventure.com\/blog\/#website\"},\"primaryImageOfPage\":{\"@id\":\"https:\/\/voyage-aventure.com\/blog\/a-la-une\/voyager-avec-une-sma-le-recit-dashley-sur-les-defis-et-les-espoirs\/#primaryimage\"},\"image\":{\"@id\":\"https:\/\/voyage-aventure.com\/blog\/a-la-une\/voyager-avec-une-sma-le-recit-dashley-sur-les-defis-et-les-espoirs\/#primaryimage\"},\"thumbnailUrl\":\"https:\/\/voyage-aventure.com\/blog\/wp-content\/uploads\/2025\/02\/stability-voyager-avec-une-sma-le-recit-dashley-sur-les-defis-et-les-espoirs.png\",\"datePublished\":\"2026-06-16T14:40:01+00:00\",\"description\":\"Ashley vit avec une amyotrophie spinale (SMA) et se d\u00e9place en fauteuil roulant. Dans ce r\u00e9cit, elle raconte sans d\u00e9tour ce que voyager signifie pour elle\",\"inLanguage\":\"fr-FR\",\"potentialAction\":[{\"@type\":\"ReadAction\",\"target\":[\"https:\/\/voyage-aventure.com\/blog\/a-la-une\/voyager-avec-une-sma-le-recit-dashley-sur-les-defis-et-les-espoirs\/\"]}]},{\"@type\":\"ImageObject\",\"inLanguage\":\"fr-FR\",\"@id\":\"https:\/\/voyage-aventure.com\/blog\/a-la-une\/voyager-avec-une-sma-le-recit-dashley-sur-les-defis-et-les-espoirs\/#primaryimage\",\"url\":\"https:\/\/voyage-aventure.com\/blog\/wp-content\/uploads\/2025\/02\/stability-voyager-avec-une-sma-le-recit-dashley-sur-les-defis-et-les-espoirs.png\",\"contentUrl\":\"https:\/\/voyage-aventure.com\/blog\/wp-content\/uploads\/2025\/02\/stability-voyager-avec-une-sma-le-recit-dashley-sur-les-defis-et-les-espoirs.png\",\"width\":1024,\"height\":576},{\"@type\":\"WebSite\",\"@id\":\"https:\/\/voyage-aventure.com\/blog\/#website\",\"url\":\"https:\/\/voyage-aventure.com\/blog\/\",\"name\":\"voyage-aventure.com\",\"description\":\"Votre passeport pour l\u2019inattendu.\",\"publisher\":{\"@id\":\"https:\/\/voyage-aventure.com\/blog\/#organization\"},\"alternateName\":\"Votre passeport pour l\u2019inattendu.\",\"potentialAction\":[{\"@type\":\"SearchAction\",\"target\":{\"@type\":\"EntryPoint\",\"urlTemplate\":\"https:\/\/voyage-aventure.com\/blog\/?s={search_term_string}\"},\"query-input\":{\"@type\":\"PropertyValueSpecification\",\"valueRequired\":true,\"valueName\":\"search_term_string\"}}],\"inLanguage\":\"fr-FR\"},{\"@type\":\"Organization\",\"@id\":\"https:\/\/voyage-aventure.com\/blog\/#organization\",\"name\":\"Foretsensations.fr\",\"url\":\"https:\/\/voyage-aventure.com\/blog\/\",\"logo\":{\"@type\":\"ImageObject\",\"inLanguage\":\"fr-FR\",\"@id\":\"https:\/\/voyage-aventure.com\/blog\/#\/schema\/logo\/image\/\",\"url\":\"https:\/\/voyage-aventure.com\/blog\/wp-content\/uploads\/2024\/12\/19.png\",\"contentUrl\":\"https:\/\/voyage-aventure.com\/blog\/wp-content\/uploads\/2024\/12\/19.png\",\"width\":512,\"height\":512,\"caption\":\"Foretsensations.fr\"},\"image\":{\"@id\":\"https:\/\/voyage-aventure.com\/blog\/#\/schema\/logo\/image\/\"}},{\"@type\":\"Person\",\"@id\":\"https:\/\/voyage-aventure.com\/blog\/#\/schema\/person\/3c864cdc320801e3db34b663e7e3f816\",\"name\":\"Camille Rouvray\",\"image\":{\"@type\":\"ImageObject\",\"inLanguage\":\"fr-FR\",\"@id\":\"https:\/\/voyage-aventure.com\/blog\/#\/schema\/person\/image\/\",\"url\":\"https:\/\/voyage-aventure.com\/blog\/wp-content\/uploads\/2026\/06\/persona_camille-r-96x96.jpg\",\"contentUrl\":\"https:\/\/voyage-aventure.com\/blog\/wp-content\/uploads\/2026\/06\/persona_camille-r-96x96.jpg\",\"caption\":\"Camille Rouvray\"},\"description\":\"Je voyage et j'\u00e9cris sur le voyage depuis une douzaine d'ann\u00e9es, d'abord en tant que routarde au long cours, puis comme r\u00e9dactrice sp\u00e9cialis\u00e9e. Mon terrain de pr\u00e9dilection, ce sont les circuits organis\u00e9s et l'art de bien pr\u00e9parer un itin\u00e9raire : choix de la saison, dur\u00e9e r\u00e9aliste des \u00e9tapes, budget jour par jour, logement et transport sur place. J'aime aussi raconter les p\u00e9pites urbaines, ces adresses qu'on ne trouve pas dans les guides classiques. Avant de publier un dossier destination, je croise toujours plusieurs sources, je v\u00e9rifie les tarifs et les formalit\u00e9s d'entr\u00e9e \u00e0 jour, et je teste moi-m\u00eame quand je le peux. Mon angle reste pratique avant tout : aider le lecteur \u00e0 partir l'esprit tranquille, sans mauvaise surprise une fois sur place. Je m'attache \u00e0 distinguer le coup de c\u0153ur sinc\u00e8re du simple argument marketing.\",\"sameAs\":[\"https:\/\/camillerouvray.fr\/\"],\"url\":\"https:\/\/voyage-aventure.com\/blog\/auteur\/noname\/\"}]}<\/script>\n<!-- \/ Yoast SEO Premium plugin. -->","yoast_head_json":{"title":"Voyager avec une SMA : le r\u00e9cit d'Ashley sur les d\u00e9fis et","description":"Ashley vit avec une amyotrophie spinale (SMA) et se d\u00e9place en fauteuil roulant. Dans ce r\u00e9cit, elle raconte sans d\u00e9tour ce que voyager signifie pour elle","robots":{"index":"index","follow":"follow","max-snippet":"max-snippet:-1","max-image-preview":"max-image-preview:large","max-video-preview":"max-video-preview:-1"},"canonical":"https:\/\/voyage-aventure.com\/blog\/a-la-une\/voyager-avec-une-sma-le-recit-dashley-sur-les-defis-et-les-espoirs\/","og_locale":"fr_FR","og_type":"article","og_title":"Voyager avec une SMA : le r\u00e9cit d'Ashley sur les d\u00e9fis et","og_description":"Ashley vit avec une amyotrophie spinale (SMA) et se d\u00e9place en fauteuil roulant. Dans ce r\u00e9cit, elle raconte sans d\u00e9tour ce que voyager signifie pour elle","og_url":"https:\/\/voyage-aventure.com\/blog\/a-la-une\/voyager-avec-une-sma-le-recit-dashley-sur-les-defis-et-les-espoirs\/","og_site_name":"voyage-aventure","og_image":[{"width":1024,"height":576,"url":"https:\/\/voyage-aventure.com\/blog\/wp-content\/uploads\/2025\/02\/stability-voyager-avec-une-sma-le-recit-dashley-sur-les-defis-et-les-espoirs.png","type":"image\/png"}],"author":"Camille Rouvray","twitter_card":"summary_large_image","schema":{"@context":"https:\/\/schema.org","@graph":[{"@type":"NewsArticle","@id":"https:\/\/voyage-aventure.com\/blog\/a-la-une\/voyager-avec-une-sma-le-recit-dashley-sur-les-defis-et-les-espoirs\/#article","isPartOf":{"@id":"https:\/\/voyage-aventure.com\/blog\/a-la-une\/voyager-avec-une-sma-le-recit-dashley-sur-les-defis-et-les-espoirs\/"},"author":{"name":"Camille Rouvray","@id":"https:\/\/voyage-aventure.com\/blog\/#\/schema\/person\/3c864cdc320801e3db34b663e7e3f816"},"headline":"Voyager avec une SMA : le r\u00e9cit d&rsquo;Ashley sur les d\u00e9fis et les espoirs","datePublished":"2026-06-16T14:40:01+00:00","mainEntityOfPage":{"@id":"https:\/\/voyage-aventure.com\/blog\/a-la-une\/voyager-avec-une-sma-le-recit-dashley-sur-les-defis-et-les-espoirs\/"},"wordCount":1176,"commentCount":17,"publisher":{"@id":"https:\/\/voyage-aventure.com\/blog\/#organization"},"image":{"@id":"https:\/\/voyage-aventure.com\/blog\/a-la-une\/voyager-avec-une-sma-le-recit-dashley-sur-les-defis-et-les-espoirs\/#primaryimage"},"thumbnailUrl":"https:\/\/voyage-aventure.com\/blog\/wp-content\/uploads\/2025\/02\/stability-voyager-avec-une-sma-le-recit-dashley-sur-les-defis-et-les-espoirs.png","keywords":["Accessibilit\u00e9","\u00c9conomie","Pr\u00e9paration","Transport","Voyage en solo"],"articleSection":["\u00c0 la une"],"inLanguage":"fr-FR","potentialAction":[{"@type":"CommentAction","name":"Comment","target":["https:\/\/voyage-aventure.com\/blog\/a-la-une\/voyager-avec-une-sma-le-recit-dashley-sur-les-defis-et-les-espoirs\/#respond"]}]},{"@type":"WebPage","@id":"https:\/\/voyage-aventure.com\/blog\/a-la-une\/voyager-avec-une-sma-le-recit-dashley-sur-les-defis-et-les-espoirs\/","url":"https:\/\/voyage-aventure.com\/blog\/a-la-une\/voyager-avec-une-sma-le-recit-dashley-sur-les-defis-et-les-espoirs\/","name":"Voyager avec une SMA : le r\u00e9cit d'Ashley sur les d\u00e9fis et","isPartOf":{"@id":"https:\/\/voyage-aventure.com\/blog\/#website"},"primaryImageOfPage":{"@id":"https:\/\/voyage-aventure.com\/blog\/a-la-une\/voyager-avec-une-sma-le-recit-dashley-sur-les-defis-et-les-espoirs\/#primaryimage"},"image":{"@id":"https:\/\/voyage-aventure.com\/blog\/a-la-une\/voyager-avec-une-sma-le-recit-dashley-sur-les-defis-et-les-espoirs\/#primaryimage"},"thumbnailUrl":"https:\/\/voyage-aventure.com\/blog\/wp-content\/uploads\/2025\/02\/stability-voyager-avec-une-sma-le-recit-dashley-sur-les-defis-et-les-espoirs.png","datePublished":"2026-06-16T14:40:01+00:00","description":"Ashley vit avec une amyotrophie spinale (SMA) et se d\u00e9place en fauteuil roulant. Dans ce r\u00e9cit, elle raconte sans d\u00e9tour ce que voyager signifie pour elle","inLanguage":"fr-FR","potentialAction":[{"@type":"ReadAction","target":["https:\/\/voyage-aventure.com\/blog\/a-la-une\/voyager-avec-une-sma-le-recit-dashley-sur-les-defis-et-les-espoirs\/"]}]},{"@type":"ImageObject","inLanguage":"fr-FR","@id":"https:\/\/voyage-aventure.com\/blog\/a-la-une\/voyager-avec-une-sma-le-recit-dashley-sur-les-defis-et-les-espoirs\/#primaryimage","url":"https:\/\/voyage-aventure.com\/blog\/wp-content\/uploads\/2025\/02\/stability-voyager-avec-une-sma-le-recit-dashley-sur-les-defis-et-les-espoirs.png","contentUrl":"https:\/\/voyage-aventure.com\/blog\/wp-content\/uploads\/2025\/02\/stability-voyager-avec-une-sma-le-recit-dashley-sur-les-defis-et-les-espoirs.png","width":1024,"height":576},{"@type":"WebSite","@id":"https:\/\/voyage-aventure.com\/blog\/#website","url":"https:\/\/voyage-aventure.com\/blog\/","name":"voyage-aventure.com","description":"Votre passeport pour l\u2019inattendu.","publisher":{"@id":"https:\/\/voyage-aventure.com\/blog\/#organization"},"alternateName":"Votre passeport pour l\u2019inattendu.","potentialAction":[{"@type":"SearchAction","target":{"@type":"EntryPoint","urlTemplate":"https:\/\/voyage-aventure.com\/blog\/?s={search_term_string}"},"query-input":{"@type":"PropertyValueSpecification","valueRequired":true,"valueName":"search_term_string"}}],"inLanguage":"fr-FR"},{"@type":"Organization","@id":"https:\/\/voyage-aventure.com\/blog\/#organization","name":"Foretsensations.fr","url":"https:\/\/voyage-aventure.com\/blog\/","logo":{"@type":"ImageObject","inLanguage":"fr-FR","@id":"https:\/\/voyage-aventure.com\/blog\/#\/schema\/logo\/image\/","url":"https:\/\/voyage-aventure.com\/blog\/wp-content\/uploads\/2024\/12\/19.png","contentUrl":"https:\/\/voyage-aventure.com\/blog\/wp-content\/uploads\/2024\/12\/19.png","width":512,"height":512,"caption":"Foretsensations.fr"},"image":{"@id":"https:\/\/voyage-aventure.com\/blog\/#\/schema\/logo\/image\/"}},{"@type":"Person","@id":"https:\/\/voyage-aventure.com\/blog\/#\/schema\/person\/3c864cdc320801e3db34b663e7e3f816","name":"Camille Rouvray","image":{"@type":"ImageObject","inLanguage":"fr-FR","@id":"https:\/\/voyage-aventure.com\/blog\/#\/schema\/person\/image\/","url":"https:\/\/voyage-aventure.com\/blog\/wp-content\/uploads\/2026\/06\/persona_camille-r-96x96.jpg","contentUrl":"https:\/\/voyage-aventure.com\/blog\/wp-content\/uploads\/2026\/06\/persona_camille-r-96x96.jpg","caption":"Camille Rouvray"},"description":"Je voyage et j'\u00e9cris sur le voyage depuis une douzaine d'ann\u00e9es, d'abord en tant que routarde au long cours, puis comme r\u00e9dactrice sp\u00e9cialis\u00e9e. Mon terrain de pr\u00e9dilection, ce sont les circuits organis\u00e9s et l'art de bien pr\u00e9parer un itin\u00e9raire : choix de la saison, dur\u00e9e r\u00e9aliste des \u00e9tapes, budget jour par jour, logement et transport sur place. J'aime aussi raconter les p\u00e9pites urbaines, ces adresses qu'on ne trouve pas dans les guides classiques. Avant de publier un dossier destination, je croise toujours plusieurs sources, je v\u00e9rifie les tarifs et les formalit\u00e9s d'entr\u00e9e \u00e0 jour, et je teste moi-m\u00eame quand je le peux. Mon angle reste pratique avant tout : aider le lecteur \u00e0 partir l'esprit tranquille, sans mauvaise surprise une fois sur place. Je m'attache \u00e0 distinguer le coup de c\u0153ur sinc\u00e8re du simple argument marketing.","sameAs":["https:\/\/camillerouvray.fr\/"],"url":"https:\/\/voyage-aventure.com\/blog\/auteur\/noname\/"}]}},"_links":{"self":[{"href":"https:\/\/voyage-aventure.com\/blog\/wp-json\/wp\/v2\/posts\/11184","targetHints":{"allow":["GET"]}}],"collection":[{"href":"https:\/\/voyage-aventure.com\/blog\/wp-json\/wp\/v2\/posts"}],"about":[{"href":"https:\/\/voyage-aventure.com\/blog\/wp-json\/wp\/v2\/types\/post"}],"author":[{"embeddable":true,"href":"https:\/\/voyage-aventure.com\/blog\/wp-json\/wp\/v2\/users\/34"}],"replies":[{"embeddable":true,"href":"https:\/\/voyage-aventure.com\/blog\/wp-json\/wp\/v2\/comments?post=11184"}],"version-history":[{"count":3,"href":"https:\/\/voyage-aventure.com\/blog\/wp-json\/wp\/v2\/posts\/11184\/revisions"}],"predecessor-version":[{"id":22599,"href":"https:\/\/voyage-aventure.com\/blog\/wp-json\/wp\/v2\/posts\/11184\/revisions\/22599"}],"wp:featuredmedia":[{"embeddable":true,"href":"https:\/\/voyage-aventure.com\/blog\/wp-json\/wp\/v2\/media\/11185"}],"wp:attachment":[{"href":"https:\/\/voyage-aventure.com\/blog\/wp-json\/wp\/v2\/media?parent=11184"}],"wp:term":[{"taxonomy":"category","embeddable":true,"href":"https:\/\/voyage-aventure.com\/blog\/wp-json\/wp\/v2\/categories?post=11184"},{"taxonomy":"post_tag","embeddable":true,"href":"https:\/\/voyage-aventure.com\/blog\/wp-json\/wp\/v2\/tags?post=11184"}],"curies":[{"name":"wp","href":"https:\/\/api.w.org\/{rel}","templated":true}]}}