{"id":11051,"date":"2026-05-18T19:06:31","date_gmt":"2026-05-18T17:06:31","guid":{"rendered":"https:\/\/voyage-aventure.com\/blog\/?p=11051"},"modified":"2026-05-18T19:06:31","modified_gmt":"2026-05-18T17:06:31","slug":"decouvrez-le-charme-dun-sejour-tout-inclus-en-crete-entre-mer-et-oliviers","status":"publish","type":"post","link":"https:\/\/voyage-aventure.com\/blog\/a-la-une\/decouvrez-le-charme-dun-sejour-tout-inclus-en-crete-entre-mer-et-oliviers\/","title":{"rendered":"D\u00e9couvrez le charme d&rsquo;un s\u00e9jour tout-inclus en Cr\u00e8te entre mer et oliviers"},"content":{"rendered":"<h2>Un s\u00e9jour de r\u00eave en Cr\u00e8te, entre mer \u00c9g\u00e9e et oliveraies mill\u00e9naires<\/h2>\n<aside style=\"background:#f5efe7;border-left:5px solid #6a4a2a;padding:22px 28px;margin:24px 0;font-family:-apple-system,BlinkMacSystemFont,'Segoe UI',Roboto,sans-serif;\">\n<div style=\"margin:0;font-size:19px;line-height:1.55;color:#2a2a2a;font-weight:500;letter-spacing:-0.005em;\">\n    Six jours dans un h\u00f4tel 5 \u00e9toiles pos\u00e9 entre une plage de sable fin et des oliviers centenaires : la Cr\u00e8te version tout-inclus tient toutes ses promesses, \u00e0 condition de savoir ce qu&rsquo;on vient y chercher.\n  <\/div>\n<\/aside>\n<p>La Cr\u00e8te, joyau de la M\u00e9diterran\u00e9e, attire chaque ann\u00e9e des milliers de voyageurs en qu\u00eate de paysages enchanteurs et de d\u00e9tente. Imaginez un s\u00e9jour tout-inclus dans un h\u00f4tel 5 \u00e9toiles, bord\u00e9 par une plage de sable fin et entour\u00e9 d&rsquo;oliviers centenaires. Vous serez s\u00e9duit par l&rsquo;hospitalit\u00e9 cr\u00e9toise, la gastronomie locale et les activit\u00e9s vari\u00e9es qui s&rsquo;offrent \u00e0 vous.<br \/>\nLors de votre s\u00e9jour, vous aurez l&rsquo;occasion de profiter de 6 jours dans un cadre idyllique. Des piscines rafra\u00eechissantes et un spa luxueux vous attendent pour des moments de relaxation inoubliables. Avec la formule tout-inclus, vous pourrez d\u00e9guster des plats typiques tout en admirant la mer turquoise.<\/p>\n<aside style=\"background:#fafaf7;border:1px solid #e5e5e0;border-radius:8px;padding:24px 26px 26px;margin:28px 0;font-family:-apple-system,BlinkMacSystemFont,'Segoe UI',Roboto,sans-serif;\">\n<div style=\"margin:0 0 18px 0;font-size:11px;font-weight:700;text-transform:uppercase;letter-spacing:2.2px;color:#6a4a2a;\">\u00c0 retenir<\/div>\n<div style=\"display:grid;grid-template-columns:repeat(auto-fit,minmax(240px,1fr));gap:10px;\">\n<div style=\"display:flex;gap:12px;background:#fff;border:1px solid #ebebe5;padding:12px 14px;border-radius:6px;align-items:flex-start;\">\n      <span style=\"flex:0 0 26px;width:26px;height:26px;background:#6a4a2a;color:#fff;border-radius:50%;display:inline-flex;align-items:center;justify-content:center;font-size:12px;font-weight:700;font-family:-apple-system,sans-serif;\">1<\/span><br \/>\n      <span style=\"font-size:14px;line-height:1.5;color:#2a2a2a;\">Un h\u00f4tel 5 \u00e9toiles tout-inclus lib\u00e8re le budget mental : prix bloqu\u00e9, plus d&rsquo;arbitrages au quotidien.<\/span>\n    <\/div>\n<div style=\"display:flex;gap:12px;background:#fff;border:1px solid #ebebe5;padding:12px 14px;border-radius:6px;align-items:flex-start;\">\n      <span style=\"flex:0 0 26px;width:26px;height:26px;background:#6a4a2a;color:#fff;border-radius:50%;display:inline-flex;align-items:center;justify-content:center;font-size:12px;font-weight:700;font-family:-apple-system,sans-serif;\">2<\/span><br \/>\n      <span style=\"font-size:14px;line-height:1.5;color:#2a2a2a;\">Six jours, c&rsquo;est le format id\u00e9al pour combiner farniente c\u00f4t\u00e9 plage et deux excursions int\u00e9rieures.<\/span>\n    <\/div>\n<div style=\"display:flex;gap:12px;background:#fff;border:1px solid #ebebe5;padding:12px 14px;border-radius:6px;align-items:flex-start;\">\n      <span style=\"flex:0 0 26px;width:26px;height:26px;background:#6a4a2a;color:#fff;border-radius:50%;display:inline-flex;align-items:center;justify-content:center;font-size:12px;font-weight:700;font-family:-apple-system,sans-serif;\">3<\/span><br \/>\n      <span style=\"font-size:14px;line-height:1.5;color:#2a2a2a;\">La gastronomie cr\u00e9toise, class\u00e9e patrimoine immat\u00e9riel UNESCO, fait partie int\u00e9grante du voyage.<\/span>\n    <\/div>\n<div style=\"display:flex;gap:12px;background:#fff;border:1px solid #ebebe5;padding:12px 14px;border-radius:6px;align-items:flex-start;\">\n      <span style=\"flex:0 0 26px;width:26px;height:26px;background:#6a4a2a;color:#fff;border-radius:50%;display:inline-flex;align-items:center;justify-content:center;font-size:12px;font-weight:700;font-family:-apple-system,sans-serif;\">4<\/span><br \/>\n      <span style=\"font-size:14px;line-height:1.5;color:#2a2a2a;\">Vols directs depuis Paris, Lyon, Marseille : 3 h 15 de trajet en moyenne pour atteindre H\u00e9raklion ou La Can\u00e9e.<\/span>\n    <\/div>\n<div style=\"display:flex;gap:12px;background:#fff;border:1px solid #ebebe5;padding:12px 14px;border-radius:6px;align-items:flex-start;\">\n      <span style=\"flex:0 0 26px;width:26px;height:26px;background:#6a4a2a;color:#fff;border-radius:50%;display:inline-flex;align-items:center;justify-content:center;font-size:12px;font-weight:700;font-family:-apple-system,sans-serif;\">5<\/span><br \/>\n      <span style=\"font-size:14px;line-height:1.5;color:#2a2a2a;\">Mai, juin et septembre offrent le meilleur ratio m\u00e9t\u00e9o douce \/ fr\u00e9quentation mod\u00e9r\u00e9e.<\/span>\n    <\/div>\n<\/p><\/div>\n<\/aside>\n<h2>Les atouts d&rsquo;un s\u00e9jour tout-inclus<\/h2>\n<p>Opter pour un s\u00e9jour tout-inclus est la garantie de vacances sans tracas. Vous n&rsquo;aurez qu&rsquo;\u00e0 vous pr\u00e9occuper de profiter de votre temps, car tout est pr\u00e9vu pour vous. Les repas, les boissons et les activit\u00e9s sont inclus, vous permettant de savourer chaque instant sans vous soucier du budget.<\/p>\n<aside style=\"background:#fff7e0;border-left:4px solid #d4a017;padding:14px 18px;margin:18px 0;border-radius:0 4px 4px 0;font-family:-apple-system,BlinkMacSystemFont,'Segoe UI',Roboto,sans-serif;\">\n  <strong style=\"display:inline-block;color:#7a5e00;font-size:12px;text-transform:uppercase;letter-spacing:1.5px;margin-right:8px;\">&#128161; Bon \u00e0 savoir<\/strong><br \/>\n  <span style=\"font-size:14.5px;line-height:1.55;color:#3a3a3a;\">La formule tout-inclus cr\u00e9toise va souvent au-del\u00e0 du strict pension compl\u00e8te : sports nautiques non motoris\u00e9s, acc\u00e8s spa, animations en soir\u00e9e et m\u00eame les cocktails de marque sont fr\u00e9quemment int\u00e9gr\u00e9s.<\/span><br \/>\n<\/aside>\n<p>De plus, votre exp\u00e9rience sera enrichie par la diversit\u00e9 des activit\u00e9s propos\u00e9es. Que ce soit des excursions pour d\u00e9couvrir les magnifiques paysages de la Cr\u00e8te ou des moments de d\u00e9tente \u00e0 la plage, vous ne manquerez pas de choix. Les soir\u00e9es anim\u00e9es et les \u00e9v\u00e9nements culinaires vous plongeront dans l&rsquo;ambiance festive de l&rsquo;\u00eele.<\/p>\n<figure style=\"margin:32px 0;padding:0;font-family:-apple-system,BlinkMacSystemFont,'Segoe UI',Roboto,sans-serif;\">\n<div style=\"display:grid;grid-template-columns:repeat(auto-fit,minmax(140px,1fr));background:#1a1a1a;border-radius:6px;overflow:hidden;\">\n<div style=\"padding:22px 16px;text-align:center;border-right:1px solid #2f2f2f;\">\n<div style=\"font-size:36px;font-weight:900;color:#fff;letter-spacing:-0.04em;font-feature-settings:'tnum';line-height:1;\">300+<\/div>\n<div style=\"font-size:11px;text-transform:uppercase;letter-spacing:1.5px;color:#9a9a9a;margin-top:8px;\">jours de soleil par an<\/div>\n<\/p><\/div>\n<div style=\"padding:22px 16px;text-align:center;border-right:1px solid #2f2f2f;\">\n<div style=\"font-size:36px;font-weight:900;color:#fff;letter-spacing:-0.04em;font-feature-settings:'tnum';line-height:1;\">1&#8202;066&#8202;km<\/div>\n<div style=\"font-size:11px;text-transform:uppercase;letter-spacing:1.5px;color:#9a9a9a;margin-top:8px;\">de c\u00f4tes \u00e0 explorer<\/div>\n<\/p><\/div>\n<div style=\"padding:22px 16px;text-align:center;\">\n<div style=\"font-size:36px;font-weight:900;color:#d2a677;letter-spacing:-0.04em;font-feature-settings:'tnum';line-height:1;\">35M<\/div>\n<div style=\"font-size:11px;text-transform:uppercase;letter-spacing:1.5px;color:#9a9a9a;margin-top:8px;\">oliviers sur l&rsquo;\u00eele<\/div>\n<\/p><\/div>\n<\/p><\/div><figcaption style=\"font-size:11px;color:#7a7a7a;margin-top:8px;text-align:right;letter-spacing:0.3px;\">Donn\u00e9es indicatives \u2014 ordres de grandeur commun\u00e9ment admis.<\/figcaption><\/figure>\n<h2>Quatre r\u00e9gions, quatre ambiances<\/h2>\n<p>La Cr\u00e8te mesure 260 km d&rsquo;est en ouest. Selon la zone choisie, l&rsquo;atmosph\u00e8re du s\u00e9jour change radicalement : plages de carte postale au sud, ports v\u00e9nitiens au nord-ouest, sites arch\u00e9ologiques au centre, criques sauvages \u00e0 l&rsquo;est. Voici la lecture rapide pour orienter votre r\u00e9servation.<\/p>\n<div style=\"display:grid;grid-template-columns:repeat(auto-fit,minmax(220px,1fr));gap:14px;margin:28px 0;font-family:-apple-system,BlinkMacSystemFont,'Segoe UI',Roboto,sans-serif;\">\n<article style=\"background:#fff;border:1px solid #e5e5e0;border-top:3px solid #6a4a2a;border-radius:6px;padding:18px 18px 16px;\">\n<div style=\"width:36px;height:36px;background:#f5efe7;border-radius:50%;display:inline-flex;align-items:center;justify-content:center;margin-bottom:12px;\">\n      <span style=\"font-size:18px;color:#6a4a2a;font-weight:900;font-family:Georgia,serif;\">01<\/span>\n    <\/div>\n<h3 style=\"margin:0 0 6px 0;font-size:16px;font-weight:700;color:#1a1a1a;letter-spacing:-0.01em;\">H\u00e9raklion &amp; centre<\/h3>\n<div style=\"margin:0;font-size:13.5px;line-height:1.55;color:#4a4a4a;\">Palais de Knossos, mus\u00e9e arch\u00e9ologique, plages de Malia : la base culturelle de l&rsquo;\u00eele, id\u00e9ale pour un premier s\u00e9jour.<\/div>\n<\/article>\n<article style=\"background:#fff;border:1px solid #e5e5e0;border-top:3px solid #6a4a2a;border-radius:6px;padding:18px 18px 16px;\">\n<div style=\"width:36px;height:36px;background:#f5efe7;border-radius:50%;display:inline-flex;align-items:center;justify-content:center;margin-bottom:12px;\">\n      <span style=\"font-size:18px;color:#6a4a2a;font-weight:900;font-family:Georgia,serif;\">02<\/span>\n    <\/div>\n<h3 style=\"margin:0 0 6px 0;font-size:16px;font-weight:700;color:#1a1a1a;letter-spacing:-0.01em;\">La Can\u00e9e (Chania)<\/h3>\n<div style=\"margin:0;font-size:13.5px;line-height:1.55;color:#4a4a4a;\">Vieille ville v\u00e9nitienne, port romantique, acc\u00e8s aux gorges de Samaria et au lagon turquoise de Balos.<\/div>\n<\/article>\n<article style=\"background:#fff;border:1px solid #e5e5e0;border-top:3px solid #6a4a2a;border-radius:6px;padding:18px 18px 16px;\">\n<div style=\"width:36px;height:36px;background:#f5efe7;border-radius:50%;display:inline-flex;align-items:center;justify-content:center;margin-bottom:12px;\">\n      <span style=\"font-size:18px;color:#6a4a2a;font-weight:900;font-family:Georgia,serif;\">03<\/span>\n    <\/div>\n<h3 style=\"margin:0 0 6px 0;font-size:16px;font-weight:700;color:#1a1a1a;letter-spacing:-0.01em;\">R\u00e9thymnon<\/h3>\n<div style=\"margin:0;font-size:13.5px;line-height:1.55;color:#4a4a4a;\">Le compromis parfait entre patrimoine et baln\u00e9aire, avec sa forteresse byzantine et 12 km de sable continu.<\/div>\n<\/article>\n<article style=\"background:#fff;border:1px solid #e5e5e0;border-top:3px solid #6a4a2a;border-radius:6px;padding:18px 18px 16px;\">\n<div style=\"width:36px;height:36px;background:#f5efe7;border-radius:50%;display:inline-flex;align-items:center;justify-content:center;margin-bottom:12px;\">\n      <span style=\"font-size:18px;color:#6a4a2a;font-weight:900;font-family:Georgia,serif;\">04<\/span>\n    <\/div>\n<h3 style=\"margin:0 0 6px 0;font-size:16px;font-weight:700;color:#1a1a1a;letter-spacing:-0.01em;\">Lassithi &amp; est<\/h3>\n<div style=\"margin:0;font-size:13.5px;line-height:1.55;color:#4a4a4a;\">Agios Nikolaos, palmeraie de Vai, plage rose d&rsquo;Elafonissi \u00e0 proximit\u00e9 : la Cr\u00e8te plus confidentielle, moins fr\u00e9quent\u00e9e.<\/div>\n<\/article>\n<\/div>\n<h2>Des souvenirs inoubliables \u00e0 chaque coin<\/h2>\n<p>La Cr\u00e8te ne se limite pas \u00e0 ses plages et ses h\u00f4tels de luxe. C&rsquo;est aussi un lieu riche en histoire et en culture. Visitez les vestiges de civilisations anciennes, explorez des villages pittoresques et go\u00fbtez aux d\u00e9lices de la cuisine locale. Chaque jour, vous aurez l&rsquo;opportunit\u00e9 de d\u00e9couvrir quelque chose de nouveau.<\/p>\n<aside style=\"background:#e7f0ec;border-left:4px solid #6a4a2a;padding:14px 18px;margin:18px 0;border-radius:0 4px 4px 0;font-family:-apple-system,BlinkMacSystemFont,'Segoe UI',Roboto,sans-serif;\">\n  <strong style=\"display:inline-block;color:#5a3a1a;font-size:12px;text-transform:uppercase;letter-spacing:1.5px;margin-right:8px;\">&#10022; Astuce<\/strong><br \/>\n  <span style=\"font-size:14.5px;line-height:1.55;color:#3a3a3a;\">Louer une petite voiture deux jours sur six suffit pour rayonner depuis votre h\u00f4tel : le tarif moyen tourne autour de 30 \u20ac par jour hors haute saison.<\/span><br \/>\n<\/aside>\n<p>Les paysages vari\u00e9s, des montagnes majestueuses aux vall\u00e9es verdoyantes, sont parfaits pour les amoureux de la nature. En vous aventurant \u00e0 l&rsquo;int\u00e9rieur des terres, vous rencontrerez des oliveraies et des vignobles, t\u00e9moins du savoir-faire cr\u00e9tois. Ne manquez pas de rapporter des produits locaux pour prolonger votre exp\u00e9rience \u00e0 la maison.<\/p>\n<figure style=\"margin:38px auto;padding:28px 24px;text-align:center;border-top:1px solid #2a2a2a;border-bottom:1px solid #2a2a2a;max-width:640px;position:relative;font-family:Georgia,'Hoefler Text',serif;\">\n<div style=\"position:absolute;top:-20px;left:50%;transform:translateX(-50%);background:#ffffff;padding:0 14px;font-size:48px;line-height:1;color:#6a4a2a;font-family:Georgia,serif;\">&laquo;<\/div>\n<blockquote style=\"margin:0;padding:0;font-size:24px;line-height:1.45;font-style:italic;color:#1a1a1a;letter-spacing:-0.005em;\"><p>\n    Les vacances en Cr\u00e8te sont plus qu&rsquo;un simple voyage, c&rsquo;est une immersion dans un art de vivre unique.<br \/>\n  <\/blockquote><figcaption style=\"margin-top:14px;font-size:12px;text-transform:uppercase;letter-spacing:2px;color:#6a6a6a;font-family:-apple-system,sans-serif;font-style:normal;\">\u2014 T\u00e9moignage de voyageur<\/figcaption><\/figure>\n<p><iframe loading=\"lazy\" title=\"Top 10 des lieux incontournables de Cr\u00e8te\" width=\"1200\" height=\"675\" src=\"https:\/\/www.youtube.com\/embed\/5Q4HkxjN4yY?feature=oembed\" frameborder=\"0\" allow=\"accelerometer; autoplay; clipboard-write; encrypted-media; gyroscope; picture-in-picture; web-share\" referrerpolicy=\"strict-origin-when-cross-origin\" allowfullscreen><\/iframe><\/p>\n<h2>Quand partir ? Saisons, temp\u00e9ratures et fr\u00e9quentation<\/h2>\n<p>La saison touristique cr\u00e9toise s&rsquo;\u00e9tire d&rsquo;avril \u00e0 octobre, avec un pic en juillet-ao\u00fbt. Mais l&rsquo;\u00eele reste profitable bien plus longtemps que la plupart des destinations europ\u00e9ennes : les eaux conservent leur chaleur jusqu&rsquo;en octobre, et les sites historiques sont praticables toute l&rsquo;ann\u00e9e.<\/p>\n<figure style=\"margin:32px 0;font-family:-apple-system,BlinkMacSystemFont,'Segoe UI',Roboto,sans-serif;\">\n<div style=\"overflow-x:auto;border:1px solid #e5e5e0;border-radius:8px;\">\n<table style=\"width:100%;border-collapse:collapse;font-size:14px;color:#2a2a2a;min-width:500px;\">\n<thead>\n<tr style=\"background:#1a1a1a;color:#fff;\">\n<th style=\"text-align:left;padding:14px 18px;font-weight:700;font-size:12px;text-transform:uppercase;letter-spacing:1.5px;\">P\u00e9riode<\/th>\n<th style=\"text-align:center;padding:14px 18px;font-weight:700;font-size:12px;text-transform:uppercase;letter-spacing:1.5px;\">Air \/ Mer<\/th>\n<th style=\"text-align:left;padding:14px 18px;font-weight:700;font-size:12px;text-transform:uppercase;letter-spacing:1.5px;\">Profil voyageur<\/th>\n<\/tr>\n<\/thead>\n<tbody>\n<tr style=\"background:#fff;border-bottom:1px solid #f0ede5;\">\n<td style=\"padding:14px 18px;font-weight:600;\">Avril &ndash; mai<\/td>\n<td style=\"padding:14px 18px;text-align:center;color:#6a6a6a;\">22 &deg;C \/ 18 &deg;C<\/td>\n<td style=\"padding:14px 18px;color:#4a4a4a;\">Randonneurs, amateurs de fleurs sauvages, petits budgets<\/td>\n<\/tr>\n<tr style=\"background:#fafaf7;border-bottom:1px solid #f0ede5;\">\n<td style=\"padding:14px 18px;font-weight:600;\">Juin<\/td>\n<td style=\"padding:14px 18px;text-align:center;color:#6a6a6a;\">28 &deg;C \/ 22 &deg;C<\/td>\n<td style=\"padding:14px 18px;color:#4a4a4a;\">Couples, s\u00e9jours culturels, premier vrai bain<\/td>\n<\/tr>\n<tr style=\"background:#fff;border-bottom:1px solid #f0ede5;\">\n<td style=\"padding:14px 18px;font-weight:600;\">Juillet &ndash; ao\u00fbt<\/td>\n<td style=\"padding:14px 18px;text-align:center;color:#6a6a6a;\">32 &deg;C \/ 26 &deg;C<\/td>\n<td style=\"padding:14px 18px;color:#4a4a4a;\">Familles, vie nocturne, ambiance maximale<\/td>\n<\/tr>\n<tr style=\"background:#fafaf7;border-bottom:1px solid #f0ede5;\">\n<td style=\"padding:14px 18px;font-weight:600;\">Septembre<\/td>\n<td style=\"padding:14px 18px;text-align:center;color:#6a6a6a;\">29 &deg;C \/ 25 &deg;C<\/td>\n<td style=\"padding:14px 18px;color:#4a4a4a;\">Le meilleur compromis : eau ti\u00e8de, foule en repli<\/td>\n<\/tr>\n<tr style=\"background:#fff;\">\n<td style=\"padding:14px 18px;font-weight:600;\">Octobre<\/td>\n<td style=\"padding:14px 18px;text-align:center;color:#6a6a6a;\">24 &deg;C \/ 22 &deg;C<\/td>\n<td style=\"padding:14px 18px;color:#4a4a4a;\">Voyageurs hors saison, photographes, gastronomes<\/td>\n<\/tr>\n<\/tbody>\n<\/table><\/div>\n<\/figure>\n<h2>Pr\u00e9parer son s\u00e9jour : check-list et faux-pas \u00e0 \u00e9viter<\/h2>\n<p>Quelques r\u00e9flexes simples font basculer un bon s\u00e9jour en tr\u00e8s bon s\u00e9jour. Ce qui distingue un s\u00e9jour r\u00e9ussi d&rsquo;un s\u00e9jour subi tient souvent \u00e0 trois ou quatre d\u00e9cisions prises avant le d\u00e9part.<\/p>\n<div style=\"display:grid;grid-template-columns:repeat(auto-fit,minmax(260px,1fr));gap:14px;margin:28px 0;font-family:-apple-system,BlinkMacSystemFont,'Segoe UI',Roboto,sans-serif;\">\n<div style=\"background:#fafaf7;border:1px solid #d4c4ad;border-top:4px solid #6a4a2a;border-radius:4px;padding:20px 22px;\">\n<h3 style=\"margin:0 0 14px 0;font-size:13px;font-weight:700;text-transform:uppercase;letter-spacing:1.8px;color:#5a3a1a;\">&#10003; \u00c0 faire<\/h3>\n<ul style=\"margin:0;padding:0;list-style:none;\">\n<li style=\"display:flex;gap:10px;align-items:flex-start;padding:6px 0;font-size:14px;line-height:1.5;color:#2a2a2a;border-bottom:1px solid #ebebe5;\"><span style=\"color:#6a4a2a;font-weight:700;flex:0 0 14px;\">&#10003;<\/span><span>V\u00e9rifier la zone de l&rsquo;h\u00f4tel (sud chaud-sec, nord plus venteux)<\/span><\/li>\n<li style=\"display:flex;gap:10px;align-items:flex-start;padding:6px 0;font-size:14px;line-height:1.5;color:#2a2a2a;border-bottom:1px solid #ebebe5;\"><span style=\"color:#6a4a2a;font-weight:700;flex:0 0 14px;\">&#10003;<\/span><span>R\u00e9server une excursion off-resort d\u00e8s l&rsquo;arriv\u00e9e<\/span><\/li>\n<li style=\"display:flex;gap:10px;align-items:flex-start;padding:6px 0;font-size:14px;line-height:1.5;color:#2a2a2a;border-bottom:1px solid #ebebe5;\"><span style=\"color:#6a4a2a;font-weight:700;flex:0 0 14px;\">&#10003;<\/span><span>Go\u00fbter le raki et la dakos hors de l&rsquo;h\u00f4tel, en taverne<\/span><\/li>\n<li style=\"display:flex;gap:10px;align-items:flex-start;padding:6px 0;font-size:14px;line-height:1.5;color:#2a2a2a;\"><span style=\"color:#6a4a2a;font-weight:700;flex:0 0 14px;\">&#10003;<\/span><span>Pr\u00e9voir une paire de chaussures ferm\u00e9es pour les gorges<\/span><\/li>\n<\/ul><\/div>\n<div style=\"background:#fafaf7;border:1px solid #f3cccc;border-top:4px solid #c54848;border-radius:4px;padding:20px 22px;\">\n<h3 style=\"margin:0 0 14px 0;font-size:13px;font-weight:700;text-transform:uppercase;letter-spacing:1.8px;color:#8a2020;\">&#10005; \u00c0 \u00e9viter<\/h3>\n<ul style=\"margin:0;padding:0;list-style:none;\">\n<li style=\"display:flex;gap:10px;align-items:flex-start;padding:6px 0;font-size:14px;line-height:1.5;color:#2a2a2a;border-bottom:1px solid #ebebe5;\"><span style=\"color:#c54848;font-weight:700;flex:0 0 14px;\">&#10005;<\/span><span>Rester clo\u00eetr\u00e9 au resort sans jamais sortir<\/span><\/li>\n<li style=\"display:flex;gap:10px;align-items:flex-start;padding:6px 0;font-size:14px;line-height:1.5;color:#2a2a2a;border-bottom:1px solid #ebebe5;\"><span style=\"color:#c54848;font-weight:700;flex:0 0 14px;\">&#10005;<\/span><span>Sous-estimer le soleil de midi (UV 9 \u00e0 10 en \u00e9t\u00e9)<\/span><\/li>\n<li style=\"display:flex;gap:10px;align-items:flex-start;padding:6px 0;font-size:14px;line-height:1.5;color:#2a2a2a;border-bottom:1px solid #ebebe5;\"><span style=\"color:#c54848;font-weight:700;flex:0 0 14px;\">&#10005;<\/span><span>R\u00e9server une excursion sans v\u00e9rifier la m\u00e9t\u00e9o du jour<\/span><\/li>\n<li style=\"display:flex;gap:10px;align-items:flex-start;padding:6px 0;font-size:14px;line-height:1.5;color:#2a2a2a;\"><span style=\"color:#c54848;font-weight:700;flex:0 0 14px;\">&#10005;<\/span><span>Conduire la nuit sur les routes de montagne sans exp\u00e9rience<\/span><\/li>\n<\/ul><\/div>\n<\/div>\n<h2>Les points forts de votre s\u00e9jour<\/h2>\n<ul>\n<li>H\u00f4tel 5 \u00e9toiles avec plage priv\u00e9e<\/li>\n<li>Formule tout-inclus : repas et boissons<\/li>\n<li>Piscines et spa pour des moments de d\u00e9tente<\/li>\n<li>Activit\u00e9s vari\u00e9es pour tous les go\u00fbts<\/li>\n<li>Proximit\u00e9 avec des sites historiques et naturels<\/li>\n<li>\u00c9quipe d&rsquo;animation pour des soir\u00e9es inoubliables<\/li>\n<\/ul>\n<p>Vos vacances en Cr\u00e8te sont \u00e0 port\u00e9e de main, avec des d\u00e9parts depuis de nombreuses villes comme Paris, Lyon ou Marseille. Que vous voyagiez en couple, en famille ou entre amis, ce s\u00e9jour promet des moments m\u00e9morables. Les offres sont limit\u00e9es, alors n&rsquo;attendez plus pour r\u00e9server votre escapade ensoleill\u00e9e.<\/p>\n<aside style=\"background:#fdecec;border-left:4px solid #c54848;padding:14px 18px;margin:18px 0;border-radius:0 4px 4px 0;font-family:-apple-system,BlinkMacSystemFont,'Segoe UI',Roboto,sans-serif;\">\n  <strong style=\"display:inline-block;color:#8a2020;font-size:12px;text-transform:uppercase;letter-spacing:1.5px;margin-right:8px;\">&#9888;&#65039; Attention<\/strong><br \/>\n  <span style=\"font-size:14.5px;line-height:1.55;color:#3a3a3a;\">En haute saison, les plages les plus iconiques (Balos, Elafonissi) sont satur\u00e9es d\u00e8s 11 h : viser une arriv\u00e9e avant 9 h ou apr\u00e8s 16 h pour profiter sereinement des lieux.<\/span><br \/>\n<\/aside>\n<p>La Cr\u00e8te vous attend, pr\u00eate \u00e0 vous accueillir pour des vacances plac\u00e9es sous le signe de la d\u00e9tente et de l&rsquo;aventure. Que vous soyez amateur de farniente ou adepte d&rsquo;explorations, vous trouverez votre bonheur sur cette terre de l\u00e9gendes. R\u00e9servez d\u00e8s maintenant votre s\u00e9jour et pr\u00e9parez-vous \u00e0 vivre une exp\u00e9rience inoubliable.<br \/>\n<img decoding=\"async\" width=\"1024\" height=\"576\" src=\"https:\/\/voyage-aventure.com\/blog\/wp-content\/uploads\/2025\/02\/stability-decouvrez-le-charme-dun-sejour-tout-inclus-en-crete-entre-mer-et-oliviers-1.png\" class=\"aligncenter\" alt=\"Illustration d\u00e9taill\u00e9e sur D\u00e9couvrez le charme d&#039;un s\u00e9jour tout-inclus en Cr\u00e8te entre mer et oliviers\" title=\"D\u00e9couvrez le charme d&#039;un s\u00e9jour tout-inclus en Cr\u00e8te entre mer et oliviers\" loading=\"lazy\" \/><\/p>\n<section style=\"margin:32px 0;font-family:-apple-system,BlinkMacSystemFont,'Segoe UI',Roboto,sans-serif;\">\n<h2 style=\"margin:0 0 18px 0;font-size:22px;font-weight:800;color:#1a1a1a;letter-spacing:-0.01em;\">Questions fr\u00e9quentes<\/h2>\n<div style=\"border-top:1px solid #d4cfc4;\">\n<details style=\"border-bottom:1px solid #d4cfc4;padding:0;\">\n<summary style=\"cursor:pointer;padding:16px 0;font-size:17px;font-weight:700;color:#1a1a1a;list-style:none;display:flex;justify-content:space-between;align-items:center;gap:14px;\">\n        <span>Quel budget pr\u00e9voir pour un s\u00e9jour tout-inclus en Cr\u00e8te ?<\/span><br \/>\n        <span style=\"font-size:22px;font-weight:300;color:#6a4a2a;line-height:1;\">+<\/span><br \/>\n      <\/summary>\n<div style=\"padding:0 0 16px 0;font-size:15px;line-height:1.7;color:#4a4a4a;\">Comptez \u00e0 titre indicatif entre 600 et 900 \u20ac par personne pour 6 jours en h\u00f4tel 4 \u00e9toiles tout-inclus en mai ou septembre, vol compris. La fourchette grimpe \u00e0 1 100 &#8211; 1 500 \u20ac en 5 \u00e9toiles haute saison.<\/div>\n<\/details>\n<details style=\"border-bottom:1px solid #d4cfc4;padding:0;\">\n<summary style=\"cursor:pointer;padding:16px 0;font-size:17px;font-weight:700;color:#1a1a1a;list-style:none;display:flex;justify-content:space-between;align-items:center;gap:14px;\">\n        <span>Faut-il louer une voiture sur place ?<\/span><br \/>\n        <span style=\"font-size:22px;font-weight:300;color:#6a4a2a;line-height:1;\">+<\/span><br \/>\n      <\/summary>\n<div style=\"padding:0 0 16px 0;font-size:15px;line-height:1.7;color:#4a4a4a;\">Pas obligatoire si l&rsquo;h\u00f4tel propose des excursions, mais fortement recommand\u00e9 deux \u00e0 trois jours pour sortir du p\u00e9rim\u00e8tre baln\u00e9aire et atteindre les villages d&rsquo;arri\u00e8re-pays inaccessibles en transferts group\u00e9s.<\/div>\n<\/details>\n<details style=\"border-bottom:1px solid #d4cfc4;padding:0;\">\n<summary style=\"cursor:pointer;padding:16px 0;font-size:17px;font-weight:700;color:#1a1a1a;list-style:none;display:flex;justify-content:space-between;align-items:center;gap:14px;\">\n        <span>La Cr\u00e8te est-elle adapt\u00e9e aux familles avec enfants ?<\/span><br \/>\n        <span style=\"font-size:22px;font-weight:300;color:#6a4a2a;line-height:1;\">+<\/span><br \/>\n      <\/summary>\n<div style=\"padding:0 0 16px 0;font-size:15px;line-height:1.7;color:#4a4a4a;\">Oui, particuli\u00e8rement la c\u00f4te nord (R\u00e9thymnon, H\u00e9raklion, Malia) avec ses plages en pente douce, ses parcs aquatiques et la culture grecque tr\u00e8s accueillante envers les enfants. Les resorts 5 \u00e9toiles disposent quasiment tous de kids clubs.<\/div>\n<\/details>\n<details style=\"border-bottom:1px solid #d4cfc4;padding:0;\">\n<summary style=\"cursor:pointer;padding:16px 0;font-size:17px;font-weight:700;color:#1a1a1a;list-style:none;display:flex;justify-content:space-between;align-items:center;gap:14px;\">\n        <span>Quelles sp\u00e9cialit\u00e9s cr\u00e9toises go\u00fbter absolument ?<\/span><br \/>\n        <span style=\"font-size:22px;font-weight:300;color:#6a4a2a;line-height:1;\">+<\/span><br \/>\n      <\/summary>\n<div style=\"padding:0 0 16px 0;font-size:15px;line-height:1.7;color:#4a4a4a;\">La dakos (pain d&rsquo;orge, tomate, fromage frais mizithra), les chochlioi boubouristoi (escargots cr\u00e9tois), l&rsquo;agneau au four staka, sans oublier le raki maison offert en fin de repas dans la plupart des tavernes traditionnelles.<\/div>\n<\/details>\n<details style=\"padding:0;\">\n<summary style=\"cursor:pointer;padding:16px 0;font-size:17px;font-weight:700;color:#1a1a1a;list-style:none;display:flex;justify-content:space-between;align-items:center;gap:14px;\">\n        <span>Peut-on visiter Knossos depuis n&rsquo;importe quel h\u00f4tel ?<\/span><br \/>\n        <span style=\"font-size:22px;font-weight:300;color:#6a4a2a;line-height:1;\">+<\/span><br \/>\n      <\/summary>\n<div style=\"padding:0 0 16px 0;font-size:15px;line-height:1.7;color:#4a4a4a;\">Le site minoen est situ\u00e9 \u00e0 5 km d&rsquo;H\u00e9raklion. Depuis R\u00e9thymnon ou La Can\u00e9e, pr\u00e9voir une excursion d&rsquo;une journ\u00e9e enti\u00e8re (1 h 30 \u00e0 2 h de route aller). Depuis l&rsquo;est ou le sud, un transfert organis\u00e9 reste la solution la plus simple.<\/div>\n<\/details><\/div>\n<\/section>\n","protected":false},"excerpt":{"rendered":"","protected":false},"author":34,"featured_media":11052,"comment_status":"open","ping_status":"open","sticky":false,"template":"","format":"standard","meta":{"_acf_changed":false,"manual_indexmenow":false,"indexmenow_id_project":0,"footnotes":""},"categories":[1],"tags":[4538,4530,4535,4528,4769],"class_list":["post-11051","post","type-post","status-publish","format-standard","has-post-thumbnail","hentry","category-a-la-une","tag-activites-variees","tag-escapade-en-europe","tag-gastronomie-locale","tag-hebergement-abordable","tag-immersion-culturelle","generate-columns","tablet-grid-50","mobile-grid-100","grid-parent","grid-25"],"acf":[],"yoast_head":"<!-- This site is optimized with the Yoast SEO Premium plugin v21.3 (Yoast SEO v25.1) - https:\/\/yoast.com\/wordpress\/plugins\/seo\/ -->\n<title>D\u00e9couvrez le charme d&#039;un s\u00e9jour tout-inclus en Cr\u00e8te entre<\/title>\n<meta name=\"description\" content=\"Un s\u00e9jour de r\u00eave en Cr\u00e8te, entre mer \u00c9g\u00e9e et oliveraies mill\u00e9naires Six jours dans un h\u00f4tel 5 \u00e9toiles pos\u00e9 entre une plage de sable fin et des oliviers\" \/>\n<meta name=\"robots\" content=\"index, follow, max-snippet:-1, max-image-preview:large, max-video-preview:-1\" \/>\n<link rel=\"canonical\" href=\"https:\/\/voyage-aventure.com\/blog\/a-la-une\/decouvrez-le-charme-dun-sejour-tout-inclus-en-crete-entre-mer-et-oliviers\/\" \/>\n<meta property=\"og:locale\" content=\"fr_FR\" \/>\n<meta property=\"og:type\" content=\"article\" \/>\n<meta property=\"og:title\" content=\"D\u00e9couvrez le charme d&#039;un s\u00e9jour tout-inclus en Cr\u00e8te entre\" \/>\n<meta property=\"og:description\" content=\"Un s\u00e9jour de r\u00eave en Cr\u00e8te, entre mer \u00c9g\u00e9e et oliveraies mill\u00e9naires Six jours dans un h\u00f4tel 5 \u00e9toiles pos\u00e9 entre une plage de sable fin et des oliviers\" \/>\n<meta property=\"og:url\" content=\"https:\/\/voyage-aventure.com\/blog\/a-la-une\/decouvrez-le-charme-dun-sejour-tout-inclus-en-crete-entre-mer-et-oliviers\/\" \/>\n<meta property=\"og:site_name\" content=\"voyage-aventure\" \/>\n<meta property=\"og:image\" content=\"https:\/\/voyage-aventure.com\/blog\/wp-content\/uploads\/2025\/02\/stability-decouvrez-le-charme-dun-sejour-tout-inclus-en-crete-entre-mer-et-oliviers.png\" \/>\n\t<meta property=\"og:image:width\" content=\"1024\" \/>\n\t<meta property=\"og:image:height\" content=\"576\" \/>\n\t<meta property=\"og:image:type\" content=\"image\/png\" \/>\n<meta name=\"author\" content=\"Camille Rouvray\" \/>\n<meta name=\"twitter:card\" content=\"summary_large_image\" \/>\n<script type=\"application\/ld+json\" class=\"yoast-schema-graph\">{\"@context\":\"https:\/\/schema.org\",\"@graph\":[{\"@type\":\"NewsArticle\",\"@id\":\"https:\/\/voyage-aventure.com\/blog\/a-la-une\/decouvrez-le-charme-dun-sejour-tout-inclus-en-crete-entre-mer-et-oliviers\/#article\",\"isPartOf\":{\"@id\":\"https:\/\/voyage-aventure.com\/blog\/a-la-une\/decouvrez-le-charme-dun-sejour-tout-inclus-en-crete-entre-mer-et-oliviers\/\"},\"author\":{\"name\":\"Camille Rouvray\",\"@id\":\"https:\/\/voyage-aventure.com\/blog\/#\/schema\/person\/3c864cdc320801e3db34b663e7e3f816\"},\"headline\":\"D\u00e9couvrez le charme d&rsquo;un s\u00e9jour tout-inclus en Cr\u00e8te entre mer et oliviers\",\"datePublished\":\"2026-05-18T17:06:31+00:00\",\"mainEntityOfPage\":{\"@id\":\"https:\/\/voyage-aventure.com\/blog\/a-la-une\/decouvrez-le-charme-dun-sejour-tout-inclus-en-crete-entre-mer-et-oliviers\/\"},\"wordCount\":1491,\"commentCount\":28,\"publisher\":{\"@id\":\"https:\/\/voyage-aventure.com\/blog\/#organization\"},\"image\":{\"@id\":\"https:\/\/voyage-aventure.com\/blog\/a-la-une\/decouvrez-le-charme-dun-sejour-tout-inclus-en-crete-entre-mer-et-oliviers\/#primaryimage\"},\"thumbnailUrl\":\"https:\/\/voyage-aventure.com\/blog\/wp-content\/uploads\/2025\/02\/stability-decouvrez-le-charme-dun-sejour-tout-inclus-en-crete-entre-mer-et-oliviers.png\",\"keywords\":[\"Activit\u00e9s Vari\u00e9es\",\"Escapade en Europe\",\"Gastronomie Locale\",\"H\u00e9bergement Abordable\",\"Immersion Culturelle\"],\"articleSection\":[\"\u00c0 la une\"],\"inLanguage\":\"fr-FR\",\"potentialAction\":[{\"@type\":\"CommentAction\",\"name\":\"Comment\",\"target\":[\"https:\/\/voyage-aventure.com\/blog\/a-la-une\/decouvrez-le-charme-dun-sejour-tout-inclus-en-crete-entre-mer-et-oliviers\/#respond\"]}]},{\"@type\":\"WebPage\",\"@id\":\"https:\/\/voyage-aventure.com\/blog\/a-la-une\/decouvrez-le-charme-dun-sejour-tout-inclus-en-crete-entre-mer-et-oliviers\/\",\"url\":\"https:\/\/voyage-aventure.com\/blog\/a-la-une\/decouvrez-le-charme-dun-sejour-tout-inclus-en-crete-entre-mer-et-oliviers\/\",\"name\":\"D\u00e9couvrez le charme d'un s\u00e9jour tout-inclus en Cr\u00e8te entre\",\"isPartOf\":{\"@id\":\"https:\/\/voyage-aventure.com\/blog\/#website\"},\"primaryImageOfPage\":{\"@id\":\"https:\/\/voyage-aventure.com\/blog\/a-la-une\/decouvrez-le-charme-dun-sejour-tout-inclus-en-crete-entre-mer-et-oliviers\/#primaryimage\"},\"image\":{\"@id\":\"https:\/\/voyage-aventure.com\/blog\/a-la-une\/decouvrez-le-charme-dun-sejour-tout-inclus-en-crete-entre-mer-et-oliviers\/#primaryimage\"},\"thumbnailUrl\":\"https:\/\/voyage-aventure.com\/blog\/wp-content\/uploads\/2025\/02\/stability-decouvrez-le-charme-dun-sejour-tout-inclus-en-crete-entre-mer-et-oliviers.png\",\"datePublished\":\"2026-05-18T17:06:31+00:00\",\"description\":\"Un s\u00e9jour de r\u00eave en Cr\u00e8te, entre mer \u00c9g\u00e9e et oliveraies mill\u00e9naires Six jours dans un h\u00f4tel 5 \u00e9toiles pos\u00e9 entre une plage de sable fin et des oliviers\",\"inLanguage\":\"fr-FR\",\"potentialAction\":[{\"@type\":\"ReadAction\",\"target\":[\"https:\/\/voyage-aventure.com\/blog\/a-la-une\/decouvrez-le-charme-dun-sejour-tout-inclus-en-crete-entre-mer-et-oliviers\/\"]}]},{\"@type\":\"ImageObject\",\"inLanguage\":\"fr-FR\",\"@id\":\"https:\/\/voyage-aventure.com\/blog\/a-la-une\/decouvrez-le-charme-dun-sejour-tout-inclus-en-crete-entre-mer-et-oliviers\/#primaryimage\",\"url\":\"https:\/\/voyage-aventure.com\/blog\/wp-content\/uploads\/2025\/02\/stability-decouvrez-le-charme-dun-sejour-tout-inclus-en-crete-entre-mer-et-oliviers.png\",\"contentUrl\":\"https:\/\/voyage-aventure.com\/blog\/wp-content\/uploads\/2025\/02\/stability-decouvrez-le-charme-dun-sejour-tout-inclus-en-crete-entre-mer-et-oliviers.png\",\"width\":1024,\"height\":576},{\"@type\":\"WebSite\",\"@id\":\"https:\/\/voyage-aventure.com\/blog\/#website\",\"url\":\"https:\/\/voyage-aventure.com\/blog\/\",\"name\":\"voyage-aventure.com\",\"description\":\"Votre passeport pour l\u2019inattendu.\",\"publisher\":{\"@id\":\"https:\/\/voyage-aventure.com\/blog\/#organization\"},\"alternateName\":\"Votre passeport pour l\u2019inattendu.\",\"potentialAction\":[{\"@type\":\"SearchAction\",\"target\":{\"@type\":\"EntryPoint\",\"urlTemplate\":\"https:\/\/voyage-aventure.com\/blog\/?s={search_term_string}\"},\"query-input\":{\"@type\":\"PropertyValueSpecification\",\"valueRequired\":true,\"valueName\":\"search_term_string\"}}],\"inLanguage\":\"fr-FR\"},{\"@type\":\"Organization\",\"@id\":\"https:\/\/voyage-aventure.com\/blog\/#organization\",\"name\":\"Foretsensations.fr\",\"url\":\"https:\/\/voyage-aventure.com\/blog\/\",\"logo\":{\"@type\":\"ImageObject\",\"inLanguage\":\"fr-FR\",\"@id\":\"https:\/\/voyage-aventure.com\/blog\/#\/schema\/logo\/image\/\",\"url\":\"https:\/\/voyage-aventure.com\/blog\/wp-content\/uploads\/2024\/12\/19.png\",\"contentUrl\":\"https:\/\/voyage-aventure.com\/blog\/wp-content\/uploads\/2024\/12\/19.png\",\"width\":512,\"height\":512,\"caption\":\"Foretsensations.fr\"},\"image\":{\"@id\":\"https:\/\/voyage-aventure.com\/blog\/#\/schema\/logo\/image\/\"}},{\"@type\":\"Person\",\"@id\":\"https:\/\/voyage-aventure.com\/blog\/#\/schema\/person\/3c864cdc320801e3db34b663e7e3f816\",\"name\":\"Camille Rouvray\",\"image\":{\"@type\":\"ImageObject\",\"inLanguage\":\"fr-FR\",\"@id\":\"https:\/\/voyage-aventure.com\/blog\/#\/schema\/person\/image\/\",\"url\":\"https:\/\/voyage-aventure.com\/blog\/wp-content\/uploads\/2026\/06\/persona_camille-r-96x96.jpg\",\"contentUrl\":\"https:\/\/voyage-aventure.com\/blog\/wp-content\/uploads\/2026\/06\/persona_camille-r-96x96.jpg\",\"caption\":\"Camille Rouvray\"},\"description\":\"Je voyage et j'\u00e9cris sur le voyage depuis une douzaine d'ann\u00e9es, d'abord en tant que routarde au long cours, puis comme r\u00e9dactrice sp\u00e9cialis\u00e9e. Mon terrain de pr\u00e9dilection, ce sont les circuits organis\u00e9s et l'art de bien pr\u00e9parer un itin\u00e9raire : choix de la saison, dur\u00e9e r\u00e9aliste des \u00e9tapes, budget jour par jour, logement et transport sur place. J'aime aussi raconter les p\u00e9pites urbaines, ces adresses qu'on ne trouve pas dans les guides classiques. Avant de publier un dossier destination, je croise toujours plusieurs sources, je v\u00e9rifie les tarifs et les formalit\u00e9s d'entr\u00e9e \u00e0 jour, et je teste moi-m\u00eame quand je le peux. Mon angle reste pratique avant tout : aider le lecteur \u00e0 partir l'esprit tranquille, sans mauvaise surprise une fois sur place. Je m'attache \u00e0 distinguer le coup de c\u0153ur sinc\u00e8re du simple argument marketing.\",\"sameAs\":[\"https:\/\/camillerouvray.fr\/\"],\"url\":\"https:\/\/voyage-aventure.com\/blog\/auteur\/noname\/\"}]}<\/script>\n<!-- \/ Yoast SEO Premium plugin. -->","yoast_head_json":{"title":"D\u00e9couvrez le charme d'un s\u00e9jour tout-inclus en Cr\u00e8te entre","description":"Un s\u00e9jour de r\u00eave en Cr\u00e8te, entre mer \u00c9g\u00e9e et oliveraies mill\u00e9naires Six jours dans un h\u00f4tel 5 \u00e9toiles pos\u00e9 entre une plage de sable fin et des oliviers","robots":{"index":"index","follow":"follow","max-snippet":"max-snippet:-1","max-image-preview":"max-image-preview:large","max-video-preview":"max-video-preview:-1"},"canonical":"https:\/\/voyage-aventure.com\/blog\/a-la-une\/decouvrez-le-charme-dun-sejour-tout-inclus-en-crete-entre-mer-et-oliviers\/","og_locale":"fr_FR","og_type":"article","og_title":"D\u00e9couvrez le charme d'un s\u00e9jour tout-inclus en Cr\u00e8te entre","og_description":"Un s\u00e9jour de r\u00eave en Cr\u00e8te, entre mer \u00c9g\u00e9e et oliveraies mill\u00e9naires Six jours dans un h\u00f4tel 5 \u00e9toiles pos\u00e9 entre une plage de sable fin et des oliviers","og_url":"https:\/\/voyage-aventure.com\/blog\/a-la-une\/decouvrez-le-charme-dun-sejour-tout-inclus-en-crete-entre-mer-et-oliviers\/","og_site_name":"voyage-aventure","og_image":[{"width":1024,"height":576,"url":"https:\/\/voyage-aventure.com\/blog\/wp-content\/uploads\/2025\/02\/stability-decouvrez-le-charme-dun-sejour-tout-inclus-en-crete-entre-mer-et-oliviers.png","type":"image\/png"}],"author":"Camille Rouvray","twitter_card":"summary_large_image","schema":{"@context":"https:\/\/schema.org","@graph":[{"@type":"NewsArticle","@id":"https:\/\/voyage-aventure.com\/blog\/a-la-une\/decouvrez-le-charme-dun-sejour-tout-inclus-en-crete-entre-mer-et-oliviers\/#article","isPartOf":{"@id":"https:\/\/voyage-aventure.com\/blog\/a-la-une\/decouvrez-le-charme-dun-sejour-tout-inclus-en-crete-entre-mer-et-oliviers\/"},"author":{"name":"Camille Rouvray","@id":"https:\/\/voyage-aventure.com\/blog\/#\/schema\/person\/3c864cdc320801e3db34b663e7e3f816"},"headline":"D\u00e9couvrez le charme d&rsquo;un s\u00e9jour tout-inclus en Cr\u00e8te entre mer et oliviers","datePublished":"2026-05-18T17:06:31+00:00","mainEntityOfPage":{"@id":"https:\/\/voyage-aventure.com\/blog\/a-la-une\/decouvrez-le-charme-dun-sejour-tout-inclus-en-crete-entre-mer-et-oliviers\/"},"wordCount":1491,"commentCount":28,"publisher":{"@id":"https:\/\/voyage-aventure.com\/blog\/#organization"},"image":{"@id":"https:\/\/voyage-aventure.com\/blog\/a-la-une\/decouvrez-le-charme-dun-sejour-tout-inclus-en-crete-entre-mer-et-oliviers\/#primaryimage"},"thumbnailUrl":"https:\/\/voyage-aventure.com\/blog\/wp-content\/uploads\/2025\/02\/stability-decouvrez-le-charme-dun-sejour-tout-inclus-en-crete-entre-mer-et-oliviers.png","keywords":["Activit\u00e9s Vari\u00e9es","Escapade en Europe","Gastronomie Locale","H\u00e9bergement Abordable","Immersion Culturelle"],"articleSection":["\u00c0 la une"],"inLanguage":"fr-FR","potentialAction":[{"@type":"CommentAction","name":"Comment","target":["https:\/\/voyage-aventure.com\/blog\/a-la-une\/decouvrez-le-charme-dun-sejour-tout-inclus-en-crete-entre-mer-et-oliviers\/#respond"]}]},{"@type":"WebPage","@id":"https:\/\/voyage-aventure.com\/blog\/a-la-une\/decouvrez-le-charme-dun-sejour-tout-inclus-en-crete-entre-mer-et-oliviers\/","url":"https:\/\/voyage-aventure.com\/blog\/a-la-une\/decouvrez-le-charme-dun-sejour-tout-inclus-en-crete-entre-mer-et-oliviers\/","name":"D\u00e9couvrez le charme d'un s\u00e9jour tout-inclus en Cr\u00e8te entre","isPartOf":{"@id":"https:\/\/voyage-aventure.com\/blog\/#website"},"primaryImageOfPage":{"@id":"https:\/\/voyage-aventure.com\/blog\/a-la-une\/decouvrez-le-charme-dun-sejour-tout-inclus-en-crete-entre-mer-et-oliviers\/#primaryimage"},"image":{"@id":"https:\/\/voyage-aventure.com\/blog\/a-la-une\/decouvrez-le-charme-dun-sejour-tout-inclus-en-crete-entre-mer-et-oliviers\/#primaryimage"},"thumbnailUrl":"https:\/\/voyage-aventure.com\/blog\/wp-content\/uploads\/2025\/02\/stability-decouvrez-le-charme-dun-sejour-tout-inclus-en-crete-entre-mer-et-oliviers.png","datePublished":"2026-05-18T17:06:31+00:00","description":"Un s\u00e9jour de r\u00eave en Cr\u00e8te, entre mer \u00c9g\u00e9e et oliveraies mill\u00e9naires Six jours dans un h\u00f4tel 5 \u00e9toiles pos\u00e9 entre une plage de sable fin et des oliviers","inLanguage":"fr-FR","potentialAction":[{"@type":"ReadAction","target":["https:\/\/voyage-aventure.com\/blog\/a-la-une\/decouvrez-le-charme-dun-sejour-tout-inclus-en-crete-entre-mer-et-oliviers\/"]}]},{"@type":"ImageObject","inLanguage":"fr-FR","@id":"https:\/\/voyage-aventure.com\/blog\/a-la-une\/decouvrez-le-charme-dun-sejour-tout-inclus-en-crete-entre-mer-et-oliviers\/#primaryimage","url":"https:\/\/voyage-aventure.com\/blog\/wp-content\/uploads\/2025\/02\/stability-decouvrez-le-charme-dun-sejour-tout-inclus-en-crete-entre-mer-et-oliviers.png","contentUrl":"https:\/\/voyage-aventure.com\/blog\/wp-content\/uploads\/2025\/02\/stability-decouvrez-le-charme-dun-sejour-tout-inclus-en-crete-entre-mer-et-oliviers.png","width":1024,"height":576},{"@type":"WebSite","@id":"https:\/\/voyage-aventure.com\/blog\/#website","url":"https:\/\/voyage-aventure.com\/blog\/","name":"voyage-aventure.com","description":"Votre passeport pour l\u2019inattendu.","publisher":{"@id":"https:\/\/voyage-aventure.com\/blog\/#organization"},"alternateName":"Votre passeport pour l\u2019inattendu.","potentialAction":[{"@type":"SearchAction","target":{"@type":"EntryPoint","urlTemplate":"https:\/\/voyage-aventure.com\/blog\/?s={search_term_string}"},"query-input":{"@type":"PropertyValueSpecification","valueRequired":true,"valueName":"search_term_string"}}],"inLanguage":"fr-FR"},{"@type":"Organization","@id":"https:\/\/voyage-aventure.com\/blog\/#organization","name":"Foretsensations.fr","url":"https:\/\/voyage-aventure.com\/blog\/","logo":{"@type":"ImageObject","inLanguage":"fr-FR","@id":"https:\/\/voyage-aventure.com\/blog\/#\/schema\/logo\/image\/","url":"https:\/\/voyage-aventure.com\/blog\/wp-content\/uploads\/2024\/12\/19.png","contentUrl":"https:\/\/voyage-aventure.com\/blog\/wp-content\/uploads\/2024\/12\/19.png","width":512,"height":512,"caption":"Foretsensations.fr"},"image":{"@id":"https:\/\/voyage-aventure.com\/blog\/#\/schema\/logo\/image\/"}},{"@type":"Person","@id":"https:\/\/voyage-aventure.com\/blog\/#\/schema\/person\/3c864cdc320801e3db34b663e7e3f816","name":"Camille Rouvray","image":{"@type":"ImageObject","inLanguage":"fr-FR","@id":"https:\/\/voyage-aventure.com\/blog\/#\/schema\/person\/image\/","url":"https:\/\/voyage-aventure.com\/blog\/wp-content\/uploads\/2026\/06\/persona_camille-r-96x96.jpg","contentUrl":"https:\/\/voyage-aventure.com\/blog\/wp-content\/uploads\/2026\/06\/persona_camille-r-96x96.jpg","caption":"Camille Rouvray"},"description":"Je voyage et j'\u00e9cris sur le voyage depuis une douzaine d'ann\u00e9es, d'abord en tant que routarde au long cours, puis comme r\u00e9dactrice sp\u00e9cialis\u00e9e. Mon terrain de pr\u00e9dilection, ce sont les circuits organis\u00e9s et l'art de bien pr\u00e9parer un itin\u00e9raire : choix de la saison, dur\u00e9e r\u00e9aliste des \u00e9tapes, budget jour par jour, logement et transport sur place. J'aime aussi raconter les p\u00e9pites urbaines, ces adresses qu'on ne trouve pas dans les guides classiques. Avant de publier un dossier destination, je croise toujours plusieurs sources, je v\u00e9rifie les tarifs et les formalit\u00e9s d'entr\u00e9e \u00e0 jour, et je teste moi-m\u00eame quand je le peux. Mon angle reste pratique avant tout : aider le lecteur \u00e0 partir l'esprit tranquille, sans mauvaise surprise une fois sur place. Je m'attache \u00e0 distinguer le coup de c\u0153ur sinc\u00e8re du simple argument marketing.","sameAs":["https:\/\/camillerouvray.fr\/"],"url":"https:\/\/voyage-aventure.com\/blog\/auteur\/noname\/"}]}},"_links":{"self":[{"href":"https:\/\/voyage-aventure.com\/blog\/wp-json\/wp\/v2\/posts\/11051","targetHints":{"allow":["GET"]}}],"collection":[{"href":"https:\/\/voyage-aventure.com\/blog\/wp-json\/wp\/v2\/posts"}],"about":[{"href":"https:\/\/voyage-aventure.com\/blog\/wp-json\/wp\/v2\/types\/post"}],"author":[{"embeddable":true,"href":"https:\/\/voyage-aventure.com\/blog\/wp-json\/wp\/v2\/users\/34"}],"replies":[{"embeddable":true,"href":"https:\/\/voyage-aventure.com\/blog\/wp-json\/wp\/v2\/comments?post=11051"}],"version-history":[{"count":2,"href":"https:\/\/voyage-aventure.com\/blog\/wp-json\/wp\/v2\/posts\/11051\/revisions"}],"predecessor-version":[{"id":21174,"href":"https:\/\/voyage-aventure.com\/blog\/wp-json\/wp\/v2\/posts\/11051\/revisions\/21174"}],"wp:featuredmedia":[{"embeddable":true,"href":"https:\/\/voyage-aventure.com\/blog\/wp-json\/wp\/v2\/media\/11052"}],"wp:attachment":[{"href":"https:\/\/voyage-aventure.com\/blog\/wp-json\/wp\/v2\/media?parent=11051"}],"wp:term":[{"taxonomy":"category","embeddable":true,"href":"https:\/\/voyage-aventure.com\/blog\/wp-json\/wp\/v2\/categories?post=11051"},{"taxonomy":"post_tag","embeddable":true,"href":"https:\/\/voyage-aventure.com\/blog\/wp-json\/wp\/v2\/tags?post=11051"}],"curies":[{"name":"wp","href":"https:\/\/api.w.org\/{rel}","templated":true}]}}