{"id":11027,"date":"2025-02-20T12:52:14","date_gmt":"2025-02-20T11:52:14","guid":{"rendered":"https:\/\/voyage-aventure.com\/blog\/?p=11027"},"modified":"2025-02-20T11:17:06","modified_gmt":"2025-02-20T10:17:06","slug":"comment-une-retraitee-trouve-lequilibre-entre-voyages-benevolat-et-temps-calme","status":"publish","type":"post","link":"https:\/\/voyage-aventure.com\/blog\/a-la-une\/comment-une-retraitee-trouve-lequilibre-entre-voyages-benevolat-et-temps-calme\/","title":{"rendered":"Comment une retrait\u00e9e trouve l&rsquo;\u00e9quilibre entre voyages, b\u00e9n\u00e9volat et temps calme"},"content":{"rendered":"<h2>Une vie active apr\u00e8s la retraite<\/h2>\n<p>Phyllis Webster, 81 ans, a su tirer parti de sa retraite pour vivre des exp\u00e9riences enrichissantes. Ayant enseign\u00e9 pendant 28 ans, elle a pris sa retraite en 2008 et a imm\u00e9diatement commenc\u00e9 \u00e0 voyager avec son mari. Ils ont explor\u00e9 des destinations comme l\u2019Australie, l\u2019Afrique du Sud et plusieurs pays d\u2019Europe, d\u00e9couvrant de nouvelles cultures \u00e0 chaque \u00e9tape.<\/p>\n<p>Elle insiste sur le fait que le tourisme est une part essentielle de sa vie apr\u00e8s le travail. Cependant, malgr\u00e9 son emploi du temps charg\u00e9, elle trouve encore le temps de s\u2019impliquer dans sa communaut\u00e9. Selon elle, \u00eatre actif est non seulement b\u00e9n\u00e9fique pour son bien-\u00eatre physique, mais cela permet aussi de rester connect\u00e9 avec les autres.<\/p>\n<h2>Le b\u00e9n\u00e9volat comme passion<\/h2>\n<p>Phyllis consacre une grande partie de son temps \u00e0 des \u0153uvres caritatives, notamment au sein du Grandmothers Advocacy Network. Ce groupe travaille \u00e0 sensibiliser le gouvernement canadien aux d\u00e9fis auxquels font face les grands-m\u00e8res et les jeunes en Afrique. Elle ressent une immense satisfaction en aidant ces communaut\u00e9s \u00e0 obtenir le soutien dont elles ont besoin.<\/p>\n<p>Elle a \u00e9galement remarqu\u00e9 que le b\u00e9n\u00e9volat lui permet de rencontrer des personnes partageant les m\u00eames valeurs. Ces interactions enrichissent non seulement sa vie, mais renforcent \u00e9galement son engagement envers les causes qu&rsquo;elle d\u00e9fend. Dans ses mots : <\/p>\n<blockquote><p>\u00ab Je ne peux pas imaginer quelqu&rsquo;un s&rsquo;ennuyer \u00e0 la retraite. Il y a tant de choses \u00e0 faire pour soi et pour sa communaut\u00e9. \u00bb<\/p><\/blockquote>\n<p><iframe loading=\"lazy\" title=\"L&#039;\u00e9quilibre : comment le trouver ?\" width=\"1200\" height=\"675\" src=\"https:\/\/www.youtube.com\/embed\/wksGfLMA1JQ?feature=oembed\" frameborder=\"0\" allow=\"accelerometer; autoplay; clipboard-write; encrypted-media; gyroscope; picture-in-picture; web-share\" referrerpolicy=\"strict-origin-when-cross-origin\" allowfullscreen><\/iframe><\/p>\n<h2>G\u00e9rer le temps et les priorit\u00e9s<\/h2>\n<p>Malgr\u00e9 son emploi du temps charg\u00e9, Phyllis admet que le temps calme devient de plus en plus rare. Elle jongle entre ses voyages, ses engagements b\u00e9n\u00e9voles et le temps pass\u00e9 avec sa famille, ce qui lui laisse peu de place pour la d\u00e9tente. Elle plaisante m\u00eame en disant qu&rsquo;un retour \u00e0 l&rsquo;enseignement pourrait lui offrir une routine plus pr\u00e9visible.<\/p>\n<p>Pour elle, le d\u00e9fi consiste \u00e0 \u00e9quilibrer toutes ces activit\u00e9s tout en pr\u00e9servant des moments pour elle-m\u00eame. Elle se rend compte que prendre du temps pour soi est essentiel pour maintenir son bien-\u00eatre mental et physique. Dans cette optique, elle pr\u00e9voit de se remettre \u00e0 l&rsquo;espagnol et au fran\u00e7ais, pour continuer \u00e0 apprendre et \u00e0 grandir.<\/p>\n<ul>\n<li>Voyages en famille dans des destinations vari\u00e9es<\/li>\n<li>Engagement dans des causes sociales \u00e0 travers le b\u00e9n\u00e9volat<\/li>\n<li>Gestion d&rsquo;un emploi du temps charg\u00e9 pour \u00e9viter l&rsquo;ennui<\/li>\n<li>Investissement \u00e9thique pour un avenir durable<\/li>\n<li>Apprentissage continu de nouvelles langues<\/li>\n<\/ul>\n<p>Phyllis Webster est un exemple inspirant de ce que la retraite peut offrir. Au-del\u00e0 du repos, elle a choisi de vivre pleinement, en investissant dans sa passion pour le voyage et en contribuant \u00e0 des causes qui lui tiennent \u00e0 c\u0153ur. Son parcours d\u00e9montre qu&rsquo;une retraite active et engag\u00e9e peut enrichir non seulement sa propre vie, mais aussi celle des autres. En mettant l&rsquo;accent sur le b\u00e9n\u00e9volat et le voyage, elle prouve qu&rsquo;il n&rsquo;y a pas de place pour l&rsquo;ennui lorsqu&rsquo;on choisit de vivre intens\u00e9ment chaque moment.<br \/>\n<img decoding=\"async\" width=\"1024\" height=\"576\" src=\"https:\/\/voyage-aventure.com\/blog\/wp-content\/uploads\/2025\/02\/stability-comment-une-retraitee-trouve-lequilibre-entre-voyages-benevolat-et-temps-calme-1.png\" class=\"aligncenter\" alt=\"Illustration d\u00e9taill\u00e9e sur Comment une retrait\u00e9e trouve l&#039;\u00e9quilibre entre voyages, b\u00e9n\u00e9volat et temps calme\" title=\"Comment une retrait\u00e9e trouve l&#039;\u00e9quilibre entre voyages, b\u00e9n\u00e9volat et temps calme\" loading=\"lazy\" \/><\/p>\n","protected":false},"excerpt":{"rendered":"","protected":false},"author":34,"featured_media":11028,"comment_status":"open","ping_status":"open","sticky":false,"template":"","format":"standard","meta":{"_acf_changed":false,"manual_indexmenow":false,"indexmenow_id_project":0,"footnotes":""},"categories":[1],"tags":[4538,4527,4769,4526,4551],"class_list":["post-11027","post","type-post","status-publish","format-standard","has-post-thumbnail","hentry","category-a-la-une","tag-activites-variees","tag-decouverte-culturelle","tag-immersion-culturelle","tag-voyage-economique","tag-voyage-solidaire","generate-columns","tablet-grid-50","mobile-grid-100","grid-parent","grid-25"],"acf":[],"yoast_head":"<!-- This site is optimized with the Yoast SEO Premium plugin v21.3 (Yoast SEO v25.1) - https:\/\/yoast.com\/wordpress\/plugins\/seo\/ -->\n<title>Comment une retrait\u00e9e trouve l&#039;\u00e9quilibre entre voyages<\/title>\n<meta name=\"description\" content=\"Phyllis Webster, 81 ans, a su tirer parti de sa retraite pour vivre des exp\u00e9riences enrichissantes. Ayant enseign\u00e9 pendant 28 ans, elle a pris sa retraite\" \/>\n<meta name=\"robots\" content=\"index, follow, max-snippet:-1, max-image-preview:large, max-video-preview:-1\" \/>\n<link rel=\"canonical\" href=\"https:\/\/voyage-aventure.com\/blog\/a-la-une\/comment-une-retraitee-trouve-lequilibre-entre-voyages-benevolat-et-temps-calme\/\" \/>\n<meta property=\"og:locale\" content=\"fr_FR\" \/>\n<meta property=\"og:type\" content=\"article\" \/>\n<meta property=\"og:title\" content=\"Comment une retrait\u00e9e trouve l&#039;\u00e9quilibre entre voyages\" \/>\n<meta property=\"og:description\" content=\"Phyllis Webster, 81 ans, a su tirer parti de sa retraite pour vivre des exp\u00e9riences enrichissantes. Ayant enseign\u00e9 pendant 28 ans, elle a pris sa retraite\" \/>\n<meta property=\"og:url\" content=\"https:\/\/voyage-aventure.com\/blog\/a-la-une\/comment-une-retraitee-trouve-lequilibre-entre-voyages-benevolat-et-temps-calme\/\" \/>\n<meta property=\"og:site_name\" content=\"voyage-aventure\" \/>\n<meta property=\"og:image\" content=\"https:\/\/voyage-aventure.com\/blog\/wp-content\/uploads\/2025\/02\/stability-comment-une-retraitee-trouve-lequilibre-entre-voyages-benevolat-et-temps-calme.png\" \/>\n\t<meta property=\"og:image:width\" content=\"1024\" \/>\n\t<meta property=\"og:image:height\" content=\"576\" \/>\n\t<meta property=\"og:image:type\" content=\"image\/png\" \/>\n<meta name=\"author\" content=\"Camille Rouvray\" \/>\n<meta name=\"twitter:card\" content=\"summary_large_image\" \/>\n<script type=\"application\/ld+json\" class=\"yoast-schema-graph\">{\"@context\":\"https:\/\/schema.org\",\"@graph\":[{\"@type\":\"NewsArticle\",\"@id\":\"https:\/\/voyage-aventure.com\/blog\/a-la-une\/comment-une-retraitee-trouve-lequilibre-entre-voyages-benevolat-et-temps-calme\/#article\",\"isPartOf\":{\"@id\":\"https:\/\/voyage-aventure.com\/blog\/a-la-une\/comment-une-retraitee-trouve-lequilibre-entre-voyages-benevolat-et-temps-calme\/\"},\"author\":{\"name\":\"Camille Rouvray\",\"@id\":\"https:\/\/voyage-aventure.com\/blog\/#\/schema\/person\/3c864cdc320801e3db34b663e7e3f816\"},\"headline\":\"Comment une retrait\u00e9e trouve l&rsquo;\u00e9quilibre entre voyages, b\u00e9n\u00e9volat et temps calme\",\"datePublished\":\"2025-02-20T11:52:14+00:00\",\"mainEntityOfPage\":{\"@id\":\"https:\/\/voyage-aventure.com\/blog\/a-la-une\/comment-une-retraitee-trouve-lequilibre-entre-voyages-benevolat-et-temps-calme\/\"},\"wordCount\":546,\"commentCount\":16,\"publisher\":{\"@id\":\"https:\/\/voyage-aventure.com\/blog\/#organization\"},\"image\":{\"@id\":\"https:\/\/voyage-aventure.com\/blog\/a-la-une\/comment-une-retraitee-trouve-lequilibre-entre-voyages-benevolat-et-temps-calme\/#primaryimage\"},\"thumbnailUrl\":\"https:\/\/voyage-aventure.com\/blog\/wp-content\/uploads\/2025\/02\/stability-comment-une-retraitee-trouve-lequilibre-entre-voyages-benevolat-et-temps-calme.png\",\"keywords\":[\"Activit\u00e9s Vari\u00e9es\",\"D\u00e9couverte Culturelle\",\"Immersion Culturelle\",\"Voyage \u00c9conomique\",\"Voyage solidaire\"],\"articleSection\":[\"\u00c0 la une\"],\"inLanguage\":\"fr-FR\",\"potentialAction\":[{\"@type\":\"CommentAction\",\"name\":\"Comment\",\"target\":[\"https:\/\/voyage-aventure.com\/blog\/a-la-une\/comment-une-retraitee-trouve-lequilibre-entre-voyages-benevolat-et-temps-calme\/#respond\"]}]},{\"@type\":\"WebPage\",\"@id\":\"https:\/\/voyage-aventure.com\/blog\/a-la-une\/comment-une-retraitee-trouve-lequilibre-entre-voyages-benevolat-et-temps-calme\/\",\"url\":\"https:\/\/voyage-aventure.com\/blog\/a-la-une\/comment-une-retraitee-trouve-lequilibre-entre-voyages-benevolat-et-temps-calme\/\",\"name\":\"Comment une retrait\u00e9e trouve l'\u00e9quilibre entre voyages\",\"isPartOf\":{\"@id\":\"https:\/\/voyage-aventure.com\/blog\/#website\"},\"primaryImageOfPage\":{\"@id\":\"https:\/\/voyage-aventure.com\/blog\/a-la-une\/comment-une-retraitee-trouve-lequilibre-entre-voyages-benevolat-et-temps-calme\/#primaryimage\"},\"image\":{\"@id\":\"https:\/\/voyage-aventure.com\/blog\/a-la-une\/comment-une-retraitee-trouve-lequilibre-entre-voyages-benevolat-et-temps-calme\/#primaryimage\"},\"thumbnailUrl\":\"https:\/\/voyage-aventure.com\/blog\/wp-content\/uploads\/2025\/02\/stability-comment-une-retraitee-trouve-lequilibre-entre-voyages-benevolat-et-temps-calme.png\",\"datePublished\":\"2025-02-20T11:52:14+00:00\",\"description\":\"Phyllis Webster, 81 ans, a su tirer parti de sa retraite pour vivre des exp\u00e9riences enrichissantes. Ayant enseign\u00e9 pendant 28 ans, elle a pris sa retraite\",\"inLanguage\":\"fr-FR\",\"potentialAction\":[{\"@type\":\"ReadAction\",\"target\":[\"https:\/\/voyage-aventure.com\/blog\/a-la-une\/comment-une-retraitee-trouve-lequilibre-entre-voyages-benevolat-et-temps-calme\/\"]}]},{\"@type\":\"ImageObject\",\"inLanguage\":\"fr-FR\",\"@id\":\"https:\/\/voyage-aventure.com\/blog\/a-la-une\/comment-une-retraitee-trouve-lequilibre-entre-voyages-benevolat-et-temps-calme\/#primaryimage\",\"url\":\"https:\/\/voyage-aventure.com\/blog\/wp-content\/uploads\/2025\/02\/stability-comment-une-retraitee-trouve-lequilibre-entre-voyages-benevolat-et-temps-calme.png\",\"contentUrl\":\"https:\/\/voyage-aventure.com\/blog\/wp-content\/uploads\/2025\/02\/stability-comment-une-retraitee-trouve-lequilibre-entre-voyages-benevolat-et-temps-calme.png\",\"width\":1024,\"height\":576},{\"@type\":\"WebSite\",\"@id\":\"https:\/\/voyage-aventure.com\/blog\/#website\",\"url\":\"https:\/\/voyage-aventure.com\/blog\/\",\"name\":\"voyage-aventure.com\",\"description\":\"Votre passeport pour l\u2019inattendu.\",\"publisher\":{\"@id\":\"https:\/\/voyage-aventure.com\/blog\/#organization\"},\"alternateName\":\"Votre passeport pour l\u2019inattendu.\",\"potentialAction\":[{\"@type\":\"SearchAction\",\"target\":{\"@type\":\"EntryPoint\",\"urlTemplate\":\"https:\/\/voyage-aventure.com\/blog\/?s={search_term_string}\"},\"query-input\":{\"@type\":\"PropertyValueSpecification\",\"valueRequired\":true,\"valueName\":\"search_term_string\"}}],\"inLanguage\":\"fr-FR\"},{\"@type\":\"Organization\",\"@id\":\"https:\/\/voyage-aventure.com\/blog\/#organization\",\"name\":\"Foretsensations.fr\",\"url\":\"https:\/\/voyage-aventure.com\/blog\/\",\"logo\":{\"@type\":\"ImageObject\",\"inLanguage\":\"fr-FR\",\"@id\":\"https:\/\/voyage-aventure.com\/blog\/#\/schema\/logo\/image\/\",\"url\":\"https:\/\/voyage-aventure.com\/blog\/wp-content\/uploads\/2024\/12\/19.png\",\"contentUrl\":\"https:\/\/voyage-aventure.com\/blog\/wp-content\/uploads\/2024\/12\/19.png\",\"width\":512,\"height\":512,\"caption\":\"Foretsensations.fr\"},\"image\":{\"@id\":\"https:\/\/voyage-aventure.com\/blog\/#\/schema\/logo\/image\/\"}},{\"@type\":\"Person\",\"@id\":\"https:\/\/voyage-aventure.com\/blog\/#\/schema\/person\/3c864cdc320801e3db34b663e7e3f816\",\"name\":\"Camille Rouvray\",\"image\":{\"@type\":\"ImageObject\",\"inLanguage\":\"fr-FR\",\"@id\":\"https:\/\/voyage-aventure.com\/blog\/#\/schema\/person\/image\/\",\"url\":\"https:\/\/voyage-aventure.com\/blog\/wp-content\/uploads\/2026\/06\/persona_camille-r-96x96.jpg\",\"contentUrl\":\"https:\/\/voyage-aventure.com\/blog\/wp-content\/uploads\/2026\/06\/persona_camille-r-96x96.jpg\",\"caption\":\"Camille Rouvray\"},\"description\":\"Je voyage et j'\u00e9cris sur le voyage depuis une douzaine d'ann\u00e9es, d'abord en tant que routarde au long cours, puis comme r\u00e9dactrice sp\u00e9cialis\u00e9e. Mon terrain de pr\u00e9dilection, ce sont les circuits organis\u00e9s et l'art de bien pr\u00e9parer un itin\u00e9raire : choix de la saison, dur\u00e9e r\u00e9aliste des \u00e9tapes, budget jour par jour, logement et transport sur place. J'aime aussi raconter les p\u00e9pites urbaines, ces adresses qu'on ne trouve pas dans les guides classiques. Avant de publier un dossier destination, je croise toujours plusieurs sources, je v\u00e9rifie les tarifs et les formalit\u00e9s d'entr\u00e9e \u00e0 jour, et je teste moi-m\u00eame quand je le peux. Mon angle reste pratique avant tout : aider le lecteur \u00e0 partir l'esprit tranquille, sans mauvaise surprise une fois sur place. Je m'attache \u00e0 distinguer le coup de c\u0153ur sinc\u00e8re du simple argument marketing.\",\"sameAs\":[\"https:\/\/camillerouvray.fr\/\"],\"url\":\"https:\/\/voyage-aventure.com\/blog\/auteur\/noname\/\"}]}<\/script>\n<!-- \/ Yoast SEO Premium plugin. -->","yoast_head_json":{"title":"Comment une retrait\u00e9e trouve l'\u00e9quilibre entre voyages","description":"Phyllis Webster, 81 ans, a su tirer parti de sa retraite pour vivre des exp\u00e9riences enrichissantes. Ayant enseign\u00e9 pendant 28 ans, elle a pris sa retraite","robots":{"index":"index","follow":"follow","max-snippet":"max-snippet:-1","max-image-preview":"max-image-preview:large","max-video-preview":"max-video-preview:-1"},"canonical":"https:\/\/voyage-aventure.com\/blog\/a-la-une\/comment-une-retraitee-trouve-lequilibre-entre-voyages-benevolat-et-temps-calme\/","og_locale":"fr_FR","og_type":"article","og_title":"Comment une retrait\u00e9e trouve l'\u00e9quilibre entre voyages","og_description":"Phyllis Webster, 81 ans, a su tirer parti de sa retraite pour vivre des exp\u00e9riences enrichissantes. Ayant enseign\u00e9 pendant 28 ans, elle a pris sa retraite","og_url":"https:\/\/voyage-aventure.com\/blog\/a-la-une\/comment-une-retraitee-trouve-lequilibre-entre-voyages-benevolat-et-temps-calme\/","og_site_name":"voyage-aventure","og_image":[{"width":1024,"height":576,"url":"https:\/\/voyage-aventure.com\/blog\/wp-content\/uploads\/2025\/02\/stability-comment-une-retraitee-trouve-lequilibre-entre-voyages-benevolat-et-temps-calme.png","type":"image\/png"}],"author":"Camille Rouvray","twitter_card":"summary_large_image","schema":{"@context":"https:\/\/schema.org","@graph":[{"@type":"NewsArticle","@id":"https:\/\/voyage-aventure.com\/blog\/a-la-une\/comment-une-retraitee-trouve-lequilibre-entre-voyages-benevolat-et-temps-calme\/#article","isPartOf":{"@id":"https:\/\/voyage-aventure.com\/blog\/a-la-une\/comment-une-retraitee-trouve-lequilibre-entre-voyages-benevolat-et-temps-calme\/"},"author":{"name":"Camille Rouvray","@id":"https:\/\/voyage-aventure.com\/blog\/#\/schema\/person\/3c864cdc320801e3db34b663e7e3f816"},"headline":"Comment une retrait\u00e9e trouve l&rsquo;\u00e9quilibre entre voyages, b\u00e9n\u00e9volat et temps calme","datePublished":"2025-02-20T11:52:14+00:00","mainEntityOfPage":{"@id":"https:\/\/voyage-aventure.com\/blog\/a-la-une\/comment-une-retraitee-trouve-lequilibre-entre-voyages-benevolat-et-temps-calme\/"},"wordCount":546,"commentCount":16,"publisher":{"@id":"https:\/\/voyage-aventure.com\/blog\/#organization"},"image":{"@id":"https:\/\/voyage-aventure.com\/blog\/a-la-une\/comment-une-retraitee-trouve-lequilibre-entre-voyages-benevolat-et-temps-calme\/#primaryimage"},"thumbnailUrl":"https:\/\/voyage-aventure.com\/blog\/wp-content\/uploads\/2025\/02\/stability-comment-une-retraitee-trouve-lequilibre-entre-voyages-benevolat-et-temps-calme.png","keywords":["Activit\u00e9s Vari\u00e9es","D\u00e9couverte Culturelle","Immersion Culturelle","Voyage \u00c9conomique","Voyage solidaire"],"articleSection":["\u00c0 la une"],"inLanguage":"fr-FR","potentialAction":[{"@type":"CommentAction","name":"Comment","target":["https:\/\/voyage-aventure.com\/blog\/a-la-une\/comment-une-retraitee-trouve-lequilibre-entre-voyages-benevolat-et-temps-calme\/#respond"]}]},{"@type":"WebPage","@id":"https:\/\/voyage-aventure.com\/blog\/a-la-une\/comment-une-retraitee-trouve-lequilibre-entre-voyages-benevolat-et-temps-calme\/","url":"https:\/\/voyage-aventure.com\/blog\/a-la-une\/comment-une-retraitee-trouve-lequilibre-entre-voyages-benevolat-et-temps-calme\/","name":"Comment une retrait\u00e9e trouve l'\u00e9quilibre entre voyages","isPartOf":{"@id":"https:\/\/voyage-aventure.com\/blog\/#website"},"primaryImageOfPage":{"@id":"https:\/\/voyage-aventure.com\/blog\/a-la-une\/comment-une-retraitee-trouve-lequilibre-entre-voyages-benevolat-et-temps-calme\/#primaryimage"},"image":{"@id":"https:\/\/voyage-aventure.com\/blog\/a-la-une\/comment-une-retraitee-trouve-lequilibre-entre-voyages-benevolat-et-temps-calme\/#primaryimage"},"thumbnailUrl":"https:\/\/voyage-aventure.com\/blog\/wp-content\/uploads\/2025\/02\/stability-comment-une-retraitee-trouve-lequilibre-entre-voyages-benevolat-et-temps-calme.png","datePublished":"2025-02-20T11:52:14+00:00","description":"Phyllis Webster, 81 ans, a su tirer parti de sa retraite pour vivre des exp\u00e9riences enrichissantes. Ayant enseign\u00e9 pendant 28 ans, elle a pris sa retraite","inLanguage":"fr-FR","potentialAction":[{"@type":"ReadAction","target":["https:\/\/voyage-aventure.com\/blog\/a-la-une\/comment-une-retraitee-trouve-lequilibre-entre-voyages-benevolat-et-temps-calme\/"]}]},{"@type":"ImageObject","inLanguage":"fr-FR","@id":"https:\/\/voyage-aventure.com\/blog\/a-la-une\/comment-une-retraitee-trouve-lequilibre-entre-voyages-benevolat-et-temps-calme\/#primaryimage","url":"https:\/\/voyage-aventure.com\/blog\/wp-content\/uploads\/2025\/02\/stability-comment-une-retraitee-trouve-lequilibre-entre-voyages-benevolat-et-temps-calme.png","contentUrl":"https:\/\/voyage-aventure.com\/blog\/wp-content\/uploads\/2025\/02\/stability-comment-une-retraitee-trouve-lequilibre-entre-voyages-benevolat-et-temps-calme.png","width":1024,"height":576},{"@type":"WebSite","@id":"https:\/\/voyage-aventure.com\/blog\/#website","url":"https:\/\/voyage-aventure.com\/blog\/","name":"voyage-aventure.com","description":"Votre passeport pour l\u2019inattendu.","publisher":{"@id":"https:\/\/voyage-aventure.com\/blog\/#organization"},"alternateName":"Votre passeport pour l\u2019inattendu.","potentialAction":[{"@type":"SearchAction","target":{"@type":"EntryPoint","urlTemplate":"https:\/\/voyage-aventure.com\/blog\/?s={search_term_string}"},"query-input":{"@type":"PropertyValueSpecification","valueRequired":true,"valueName":"search_term_string"}}],"inLanguage":"fr-FR"},{"@type":"Organization","@id":"https:\/\/voyage-aventure.com\/blog\/#organization","name":"Foretsensations.fr","url":"https:\/\/voyage-aventure.com\/blog\/","logo":{"@type":"ImageObject","inLanguage":"fr-FR","@id":"https:\/\/voyage-aventure.com\/blog\/#\/schema\/logo\/image\/","url":"https:\/\/voyage-aventure.com\/blog\/wp-content\/uploads\/2024\/12\/19.png","contentUrl":"https:\/\/voyage-aventure.com\/blog\/wp-content\/uploads\/2024\/12\/19.png","width":512,"height":512,"caption":"Foretsensations.fr"},"image":{"@id":"https:\/\/voyage-aventure.com\/blog\/#\/schema\/logo\/image\/"}},{"@type":"Person","@id":"https:\/\/voyage-aventure.com\/blog\/#\/schema\/person\/3c864cdc320801e3db34b663e7e3f816","name":"Camille Rouvray","image":{"@type":"ImageObject","inLanguage":"fr-FR","@id":"https:\/\/voyage-aventure.com\/blog\/#\/schema\/person\/image\/","url":"https:\/\/voyage-aventure.com\/blog\/wp-content\/uploads\/2026\/06\/persona_camille-r-96x96.jpg","contentUrl":"https:\/\/voyage-aventure.com\/blog\/wp-content\/uploads\/2026\/06\/persona_camille-r-96x96.jpg","caption":"Camille Rouvray"},"description":"Je voyage et j'\u00e9cris sur le voyage depuis une douzaine d'ann\u00e9es, d'abord en tant que routarde au long cours, puis comme r\u00e9dactrice sp\u00e9cialis\u00e9e. Mon terrain de pr\u00e9dilection, ce sont les circuits organis\u00e9s et l'art de bien pr\u00e9parer un itin\u00e9raire : choix de la saison, dur\u00e9e r\u00e9aliste des \u00e9tapes, budget jour par jour, logement et transport sur place. J'aime aussi raconter les p\u00e9pites urbaines, ces adresses qu'on ne trouve pas dans les guides classiques. Avant de publier un dossier destination, je croise toujours plusieurs sources, je v\u00e9rifie les tarifs et les formalit\u00e9s d'entr\u00e9e \u00e0 jour, et je teste moi-m\u00eame quand je le peux. Mon angle reste pratique avant tout : aider le lecteur \u00e0 partir l'esprit tranquille, sans mauvaise surprise une fois sur place. Je m'attache \u00e0 distinguer le coup de c\u0153ur sinc\u00e8re du simple argument marketing.","sameAs":["https:\/\/camillerouvray.fr\/"],"url":"https:\/\/voyage-aventure.com\/blog\/auteur\/noname\/"}]}},"_links":{"self":[{"href":"https:\/\/voyage-aventure.com\/blog\/wp-json\/wp\/v2\/posts\/11027","targetHints":{"allow":["GET"]}}],"collection":[{"href":"https:\/\/voyage-aventure.com\/blog\/wp-json\/wp\/v2\/posts"}],"about":[{"href":"https:\/\/voyage-aventure.com\/blog\/wp-json\/wp\/v2\/types\/post"}],"author":[{"embeddable":true,"href":"https:\/\/voyage-aventure.com\/blog\/wp-json\/wp\/v2\/users\/34"}],"replies":[{"embeddable":true,"href":"https:\/\/voyage-aventure.com\/blog\/wp-json\/wp\/v2\/comments?post=11027"}],"version-history":[{"count":1,"href":"https:\/\/voyage-aventure.com\/blog\/wp-json\/wp\/v2\/posts\/11027\/revisions"}],"predecessor-version":[{"id":11030,"href":"https:\/\/voyage-aventure.com\/blog\/wp-json\/wp\/v2\/posts\/11027\/revisions\/11030"}],"wp:featuredmedia":[{"embeddable":true,"href":"https:\/\/voyage-aventure.com\/blog\/wp-json\/wp\/v2\/media\/11028"}],"wp:attachment":[{"href":"https:\/\/voyage-aventure.com\/blog\/wp-json\/wp\/v2\/media?parent=11027"}],"wp:term":[{"taxonomy":"category","embeddable":true,"href":"https:\/\/voyage-aventure.com\/blog\/wp-json\/wp\/v2\/categories?post=11027"},{"taxonomy":"post_tag","embeddable":true,"href":"https:\/\/voyage-aventure.com\/blog\/wp-json\/wp\/v2\/tags?post=11027"}],"curies":[{"name":"wp","href":"https:\/\/api.w.org\/{rel}","templated":true}]}}