{"id":10966,"date":"2026-06-16T16:38:32","date_gmt":"2026-06-16T14:38:32","guid":{"rendered":"https:\/\/voyage-aventure.com\/blog\/?p=10966"},"modified":"2026-06-16T16:38:32","modified_gmt":"2026-06-16T14:38:32","slug":"la-turquie-restreint-les-voyages-de-deux-dirigeants-dune-association-daffaires-dans-une-enquete","status":"publish","type":"post","link":"https:\/\/voyage-aventure.com\/blog\/a-la-une\/la-turquie-restreint-les-voyages-de-deux-dirigeants-dune-association-daffaires-dans-une-enquete\/","title":{"rendered":"La Turquie restreint les voyages de deux dirigeants d&rsquo;une association d&rsquo;affaires dans une enqu\u00eate"},"content":{"rendered":"<link rel=\"stylesheet\" href=\"https:\/\/fonts.googleapis.com\/css2?family=Newsreader:ital,opsz,wght@0,6..72,500;0,6..72,600;0,6..72,700;1,6..72,500;1,6..72,600&#038;family=Inter:wght@400;500;600&#038;family=JetBrains+Mono:wght@500&#038;display=swap\">\n<style>\n.va-news-wrap{font-family:'Inter',-apple-system,BlinkMacSystemFont,sans-serif;color:#23262b;line-height:1.65;font-size:17px;}\n.va-news-wrap h2{font-family:'Newsreader',Georgia,serif;font-weight:700;font-size:clamp(23px,3.1vw,32px);line-height:1.2;letter-spacing:-0.01em;color:#16181c;margin:46px 0 14px;}\n.va-news-wrap h3{font-family:'Newsreader',Georgia,serif;font-weight:600;font-size:clamp(19px,2.3vw,23px);color:#16181c;margin:30px 0 10px;}\n.va-news-wrap p{margin:0 0 18px;}\n.va-news-dateline{font-family:'JetBrains Mono',monospace;font-size:11.5px;letter-spacing:1.5px;text-transform:uppercase;color:#9c2b21;font-weight:500;margin:0 0 14px;display:flex;align-items:center;gap:10px;flex-wrap:wrap;}\n.va-news-dateline span{display:inline-block;width:30px;height:2px;background:#9c2b21;}\n.va-news-lead{font-family:'Newsreader',Georgia,serif;font-size:clamp(20px,2.6vw,24px);line-height:1.45;font-weight:500;color:#2b2e34;margin:0 0 30px;}\n.va-news-essentiel{background:#f7f3ef;border-left:5px solid #9c2b21;border-radius:0 8px 8px 0;padding:24px 28px 26px;margin:30px 0 36px;}\n.va-news-essentiel .va-news-eyebrow{font-family:'JetBrains Mono',monospace;font-size:11px;letter-spacing:2.2px;text-transform:uppercase;color:#9c2b21;font-weight:500;margin-bottom:16px;}\n.va-news-essentiel ul{list-style:none;margin:0;padding:0;display:grid;gap:12px;}\n.va-news-essentiel li{display:flex;gap:13px;align-items:flex-start;font-size:15.5px;line-height:1.55;color:#2b2e34;}\n.va-news-essentiel li b{display:block;font-size:11px;letter-spacing:1.4px;text-transform:uppercase;color:#9c2b21;font-family:'JetBrains Mono',monospace;font-weight:500;margin-bottom:3px;}\n.va-news-essentiel li .va-news-dot{flex:0 0 9px;width:9px;height:9px;border-radius:50%;background:#9c2b21;margin-top:7px;}\n.va-news-quote{border-left:4px solid #9c2b21;background:#fbfaf8;margin:34px 0;padding:22px 26px;border-radius:0 6px 6px 0;}\n.va-news-quote .va-news-q{font-family:'Newsreader',Georgia,serif;font-style:italic;font-size:clamp(20px,2.6vw,25px);line-height:1.45;color:#1d2024;}\n.va-news-quote .va-news-cite{font-family:'JetBrains Mono',monospace;font-size:12px;letter-spacing:1px;color:#6a6f78;margin-top:12px;text-transform:uppercase;}\n.va-news-card{background:#fbfaf8;border:1px solid #e7e2db;border-top:3px solid #9c2b21;border-radius:8px;padding:22px 24px;margin:18px 0;transition:.25s ease;}\n.va-news-card:hover{transform:translateY(-3px);box-shadow:0 14px 30px -18px rgba(20,24,32,.35);}\n.va-news-card .va-news-ct{font-family:'Newsreader',Georgia,serif;font-weight:600;font-size:18px;color:#16181c;margin-bottom:7px;}\n.va-news-card .va-news-cx{font-size:15px;line-height:1.55;color:#3a3e45;}\n.va-news-retenir{background:#16181c;color:#f3efe9;border-radius:10px;padding:26px 28px 28px;margin:40px 0;}\n.va-news-retenir .va-news-eyebrow{font-family:'JetBrains Mono',monospace;font-size:11px;letter-spacing:2.4px;text-transform:uppercase;color:#e0a89f;font-weight:500;margin-bottom:16px;}\n.va-news-retenir ul{list-style:none;margin:0;padding:0;display:grid;gap:11px;}\n.va-news-retenir li{display:flex;gap:12px;align-items:flex-start;font-size:15.5px;line-height:1.55;color:#ece7e0;}\n.va-news-retenir li .va-news-tick{flex:0 0 20px;width:20px;height:20px;border-radius:50%;background:#9c2b21;color:#fff;font-size:12px;display:inline-flex;align-items:center;justify-content:center;font-weight:600;margin-top:1px;}\n.va-news-faq{margin:36px 0 10px;}\n.va-news-faq details{border:1px solid #e7e2db;border-radius:8px;margin-bottom:10px;background:#fbfaf8;overflow:hidden;transition:.2s ease;}\n.va-news-faq details[open]{border-color:#9c2b21;box-shadow:0 10px 26px -20px rgba(20,24,32,.4);}\n.va-news-faq summary{cursor:pointer;list-style:none;padding:16px 20px;font-family:'Newsreader',Georgia,serif;font-weight:600;font-size:17.5px;color:#16181c;display:flex;justify-content:space-between;align-items:center;gap:14px;}\n.va-news-faq summary::-webkit-details-marker{display:none;}\n.va-news-faq summary::after{content:\"+\";font-family:'JetBrains Mono',monospace;color:#9c2b21;font-size:21px;font-weight:500;flex:0 0 auto;}\n.va-news-faq details[open] summary::after{content:\"\u2212\";}\n.va-news-faq .va-news-ans{padding:0 20px 18px;font-size:15.5px;line-height:1.6;color:#3a3e45;}\n.va-news-note{font-size:13.5px;line-height:1.55;color:#6a6f78;font-style:italic;border-top:1px solid #e7e2db;margin-top:38px;padding-top:18px;}\n.va-news-wrap img{max-width:100%;height:auto;border-radius:8px;margin:18px 0;}\n@media(max-width:640px){.va-news-essentiel li{flex-direction:row;}}\n\/*RENDERFIX2*\/.va-news-dateline span{color:#eef3f9!important}.va-news-dateline span p,.va-news-dateline span li,.va-news-dateline span strong,.va-news-dateline span em,.va-news-dateline span a,.va-news-dateline span span,.va-news-dateline span b,.va-news-dateline span td,.va-news-dateline span th,.va-news-dateline span h2,.va-news-dateline span h3,.va-news-dateline span h4{color:#eef3f9!important}.va-news-dateline span strong,.va-news-dateline span b{color:#ffffff!important}.va-news-essentiel li .va-news-dot{color:#eef3f9!important}.va-news-essentiel li .va-news-dot p,.va-news-essentiel li .va-news-dot li,.va-news-essentiel li .va-news-dot strong,.va-news-essentiel li .va-news-dot em,.va-news-essentiel li .va-news-dot a,.va-news-essentiel li .va-news-dot span,.va-news-essentiel li .va-news-dot b,.va-news-essentiel li .va-news-dot td,.va-news-essentiel li .va-news-dot th,.va-news-essentiel li .va-news-dot h2,.va-news-essentiel li .va-news-dot h3,.va-news-essentiel li .va-news-dot h4{color:#eef3f9!important}.va-news-essentiel li .va-news-dot strong,.va-news-essentiel li .va-news-dot b{color:#ffffff!important}.va-news-retenir{color:#eef3f9!important}.va-news-retenir p,.va-news-retenir li,.va-news-retenir strong,.va-news-retenir em,.va-news-retenir a,.va-news-retenir span,.va-news-retenir b,.va-news-retenir td,.va-news-retenir th,.va-news-retenir h2,.va-news-retenir h3,.va-news-retenir h4{color:#eef3f9!important}.va-news-retenir strong,.va-news-retenir b{color:#ffffff!important}.va-news-retenir li .va-news-tick{color:#eef3f9!important}.va-news-retenir li .va-news-tick p,.va-news-retenir li .va-news-tick li,.va-news-retenir li .va-news-tick strong,.va-news-retenir li .va-news-tick em,.va-news-retenir li .va-news-tick a,.va-news-retenir li .va-news-tick span,.va-news-retenir li .va-news-tick b,.va-news-retenir li .va-news-tick td,.va-news-retenir li .va-news-tick th,.va-news-retenir li .va-news-tick h2,.va-news-retenir li .va-news-tick h3,.va-news-retenir li .va-news-tick h4{color:#eef3f9!important}.va-news-retenir li .va-news-tick strong,.va-news-retenir li .va-news-tick b{color:#ffffff!important}<\/style>\n<div class=\"va-news-wrap\">\n<div class=\"va-news-dateline\">Turquie \u00b7 Justice <span><\/span> Actualit\u00e9<\/div>\n<p class=\"va-news-lead\">La justice turque a interdit de voyage deux dirigeants d&rsquo;un grand groupe d&rsquo;affaires apr\u00e8s leurs critiques sur l&rsquo;\u00e9tat de la d\u00e9mocratie dans le pays. Une d\u00e9cision qui ravive les tensions entre le pouvoir d&rsquo;Erdogan et le secteur priv\u00e9.<\/p>\n<div class=\"va-news-essentiel\">\n<div class=\"va-news-eyebrow\">L&rsquo;essentiel<\/div>\n<ul>\n<li><span class=\"va-news-dot\"><\/span><span><b>Quoi<\/b>Interdiction de quitter le territoire visant deux hauts dirigeants d&rsquo;entreprise, dans le cadre d&rsquo;une enqu\u00eate judiciaire.<\/span><\/li>\n<li><span class=\"va-news-dot\"><\/span><span><b>Qui<\/b>Orhan Turan, pr\u00e9sident de l&rsquo;association patronale TUSIAD, et Omer Aras, pr\u00e9sident de l&rsquo;unit\u00e9 bancaire turque de QNB.<\/span><\/li>\n<li><span class=\"va-news-dot\"><\/span><span><b>Pourquoi \u00e7a compte<\/b>L&rsquo;affaire pose la question de la libert\u00e9 d&rsquo;expression et de la pression politique sur le monde des affaires en Turquie.<\/span><\/li>\n<\/ul>\n<\/div>\n<h2>Une enqu\u00eate controvers\u00e9e sur des dirigeants d&rsquo;entreprise<\/h2>\n<p>L&rsquo;actualit\u00e9 turque a r\u00e9cemment \u00e9t\u00e9 marqu\u00e9e par une d\u00e9cision de justice qui interdit \u00e0 deux hauts dirigeants d&rsquo;un important groupe d&rsquo;affaires de voyager \u00e0 l&rsquo;\u00e9tranger. Cette interdiction s&rsquo;inscrit dans le cadre d&rsquo;une enqu\u00eate lanc\u00e9e apr\u00e8s leurs critiques sur la d\u00e9mocratie en Turquie. Les propos tenus lors de l&rsquo;assembl\u00e9e g\u00e9n\u00e9rale de TUSIAD sont d\u00e9sormais au c\u0153ur d&rsquo;une pol\u00e9mique qui agite le pays.<\/p>\n<p>Le pr\u00e9sident de TUSIAD, Orhan Turan, ainsi qu&rsquo;Omer Aras, le pr\u00e9sident de l&rsquo;unit\u00e9 bancaire turque de QNB, sont accus\u00e9s d&rsquo;avoir tent\u00e9 d&rsquo;influencer un proc\u00e8s \u00e9quitable. Ces accusations surviennent apr\u00e8s que les deux hommes ont d\u00e9nonc\u00e9 des mesures gouvernementales jug\u00e9es r\u00e9pressives \u00e0 l&rsquo;\u00e9gard des voix dissidentes, suscitant ainsi la col\u00e8re du pr\u00e9sident Erdogan. Cette situation soul\u00e8ve des questions sur la libert\u00e9 d&rsquo;expression et la pression politique dans le pays.<\/p>\n<h2>Des critiques qui d\u00e9rangent le pouvoir en place<\/h2>\n<p>Les d\u00e9clarations des dirigeants d&rsquo;entreprise ont \u00e9t\u00e9 interpr\u00e9t\u00e9es par le gouvernement comme une atteinte \u00e0 l&rsquo;autorit\u00e9 de l&rsquo;\u00c9tat. Aras a soulign\u00e9 que l&rsquo;enqu\u00eate men\u00e9e contre les leaders de l&rsquo;opposition et les journalistes avait \u00e9branl\u00e9 la confiance et nuis\u00e9 \u00e0 la d\u00e9mocratie en Turquie. Ces mots ont r\u00e9sonn\u00e9 dans un contexte o\u00f9 la critique du gouvernement est souvent mal vue.<\/p>\n<p>Les tensions entre le secteur priv\u00e9 et le gouvernement se renforcent, illustrant un climat politique fragile. Dans un discours prononc\u00e9 devant des membres de son parti, Erdogan a accus\u00e9 les deux dirigeants de s&rsquo;immiscer dans la politique. La r\u00e9action du pr\u00e9sident montre \u00e0 quel point le gouvernement turc est sensible aux critiques \u00e9manant du monde des affaires.<\/p>\n<div class=\"va-news-quote\">\n<div class=\"va-news-q\">Les enqu\u00eates sur les leaders d&rsquo;opposition et les journalistes ont gravement affect\u00e9 la confiance et la d\u00e9mocratie.<\/div>\n<div class=\"va-news-cite\">\u2014 Omer Aras<\/div>\n<\/div>\n<p><iframe loading=\"lazy\" title=\"Il bat le record du monde d&#039;erreurs historiques en moins d&#039;1 minute \ud83d\ude31\" width=\"1200\" height=\"675\" src=\"https:\/\/www.youtube.com\/embed\/iDhpmZZX_gw?feature=oembed\" frameborder=\"0\" allow=\"accelerometer; autoplay; clipboard-write; encrypted-media; gyroscope; picture-in-picture; web-share\" referrerpolicy=\"strict-origin-when-cross-origin\" allowfullscreen><\/iframe><\/p>\n<h2>Le r\u00f4le de TUSIAD et ses implications \u00e9conomiques<\/h2>\n<p>TUSIAD, la principale association des entreprises en Turquie, repr\u00e9sente environ 85 % du commerce ext\u00e9rieur du pays et contribue \u00e0 80 % des recettes fiscales des entreprises. Malgr\u00e9 la pression exerc\u00e9e par le gouvernement, l&rsquo;association continue de d\u00e9fendre ses positions en faveur des int\u00e9r\u00eats nationaux. Cela soul\u00e8ve des interrogations sur l&rsquo;avenir des relations entre l&rsquo;\u00c9tat et le secteur priv\u00e9.<\/p>\n<p>Les restrictions impos\u00e9es aux dirigeants d&rsquo;entreprise pourraient avoir des r\u00e9percussions sur l&rsquo;\u00e9conomie turque. Beaucoup craignent que cette situation ne d\u00e9courage les investissements \u00e9trangers et n&rsquo;affecte la croissance \u00e9conomique du pays. Les entreprises doivent naviguer dans un paysage incertain o\u00f9 la libert\u00e9 d&rsquo;expression pourrait \u00eatre compromise.<\/p>\n<div class=\"va-news-card\">\n<div class=\"va-news-ct\">Un poids lourd de l&rsquo;\u00e9conomie turque<\/div>\n<div class=\"va-news-cx\">TUSIAD p\u00e8se environ 85 % du commerce ext\u00e9rieur de la Turquie et 80 % des recettes fiscales des entreprises. Une telle repr\u00e9sentativit\u00e9 donne \u00e0 ses prises de position un \u00e9cho qui d\u00e9passe largement le cercle patronal.<\/div>\n<\/div>\n<h2>Contexte : un climat de tensions entre l&rsquo;\u00c9tat et le secteur priv\u00e9<\/h2>\n<p>Cette affaire met en lumi\u00e8re les d\u00e9fis auxquels fait face la Turquie dans le cadre de la gouvernance d\u00e9mocratique. Les tensions entre les autorit\u00e9s et le secteur priv\u00e9 pourraient avoir des cons\u00e9quences durables sur la soci\u00e9t\u00e9 turque. Dans un contexte o\u00f9 la libert\u00e9 d&rsquo;expression est cruciale, le dialogue entre le gouvernement et le monde des affaires semble plus n\u00e9cessaire que jamais pour pr\u00e9server la d\u00e9mocratie.<img decoding=\"async\" width=\"1024\" height=\"576\" src=\"https:\/\/voyage-aventure.com\/blog\/wp-content\/uploads\/2025\/02\/stability-la-turquie-restreint-les-voyages-de-deux-dirigeants-dune-association-daffaires-dans-une-enquete-1.png\" class=\"aligncenter\" alt=\"Illustration d\u00e9taill\u00e9e sur La Turquie restreint les voyages de deux dirigeants d&#039;une association d&#039;affaires dans une enqu\u00eate\" title=\"La Turquie restreint les voyages de deux dirigeants d&#039;une association d&#039;affaires dans une enqu\u00eate\" loading=\"lazy\" \/><\/p>\n<div class=\"va-news-retenir\">\n<div class=\"va-news-eyebrow\">\u00c0 retenir<\/div>\n<ul>\n<li><span class=\"va-news-tick\">1<\/span><span>Deux dirigeants d&rsquo;entreprise turcs sont frapp\u00e9s d&rsquo;une interdiction de voyager \u00e0 l&rsquo;\u00e9tranger.<\/span><\/li>\n<li><span class=\"va-news-tick\">2<\/span><span>Ils sont accus\u00e9s d&rsquo;avoir tent\u00e9 d&rsquo;influencer un proc\u00e8s \u00e9quitable.<\/span><\/li>\n<li><span class=\"va-news-tick\">3<\/span><span>L&rsquo;affaire fait suite \u00e0 leurs critiques sur la r\u00e9pression des voix dissidentes.<\/span><\/li>\n<li><span class=\"va-news-tick\">4<\/span><span>TUSIAD repr\u00e9sente une part majeure du commerce ext\u00e9rieur et des recettes fiscales du pays.<\/span><\/li>\n<li><span class=\"va-news-tick\">5<\/span><span>Les tensions entre le gouvernement et le secteur priv\u00e9 s&rsquo;intensifient.<\/span><\/li>\n<\/ul>\n<\/div>\n<h2>Questions fr\u00e9quentes<\/h2>\n<div class=\"va-news-faq\">\n<details>\n<summary>Qui sont les deux dirigeants concern\u00e9s par l&rsquo;interdiction de voyage ?<\/summary>\n<div class=\"va-news-ans\">Il s&rsquo;agit d&rsquo;Orhan Turan, pr\u00e9sident de l&rsquo;association patronale TUSIAD, et d&rsquo;Omer Aras, pr\u00e9sident de l&rsquo;unit\u00e9 bancaire turque de la banque QNB. Tous deux se sont vu interdire de quitter le territoire dans le cadre d&rsquo;une enqu\u00eate judiciaire.<\/div>\n<\/details>\n<details>\n<summary>Que reproche-t-on \u00e0 ces dirigeants ?<\/summary>\n<div class=\"va-news-ans\">Ils sont accus\u00e9s d&rsquo;avoir tent\u00e9 d&rsquo;influencer un proc\u00e8s \u00e9quitable. Ces accusations interviennent apr\u00e8s qu&rsquo;ils ont d\u00e9nonc\u00e9, lors de l&rsquo;assembl\u00e9e g\u00e9n\u00e9rale de TUSIAD, des mesures gouvernementales jug\u00e9es r\u00e9pressives \u00e0 l&rsquo;\u00e9gard des voix dissidentes.<\/div>\n<\/details>\n<details>\n<summary>Qu&rsquo;est-ce que TUSIAD et quel est son poids en Turquie ?<\/summary>\n<div class=\"va-news-ans\">TUSIAD est la principale association d&rsquo;entreprises de Turquie. D&rsquo;apr\u00e8s l&rsquo;article, elle repr\u00e9sente environ 85 % du commerce ext\u00e9rieur du pays et contribue \u00e0 hauteur de 80 % aux recettes fiscales des entreprises.<\/div>\n<\/details>\n<details>\n<summary>Quelles pourraient \u00eatre les cons\u00e9quences \u00e9conomiques de cette affaire ?<\/summary>\n<div class=\"va-news-ans\">Selon les craintes \u00e9voqu\u00e9es, cette situation pourrait d\u00e9courager les investissements \u00e9trangers et affecter la croissance \u00e9conomique. Les entreprises \u00e9voluent dans un paysage incertain o\u00f9 la libert\u00e9 d&rsquo;expression pourrait \u00eatre compromise.<\/div>\n<\/details>\n<\/div>\n<div class=\"va-news-note\">Cet article rapporte une situation judiciaire et politique \u00e0 un instant donn\u00e9 ; il est informatif et ne constitue pas un avis juridique. Les faits relat\u00e9s refl\u00e8tent l&rsquo;\u00e9tat de l&rsquo;affaire au moment de la publication.<\/div>\n<\/div>\n","protected":false},"excerpt":{"rendered":"","protected":false},"author":34,"featured_media":10967,"comment_status":"open","ping_status":"open","sticky":false,"template":"","format":"standard","meta":{"_acf_changed":false,"manual_indexmenow":false,"indexmenow_id_project":0,"footnotes":""},"categories":[1],"tags":[4221,4562,5688,3170,4526],"class_list":["post-10966","post","type-post","status-publish","format-standard","has-post-thumbnail","hentry","category-a-la-une","tag-culture","tag-protection-financiere","tag-relations-internationales","tag-securite","tag-voyage-economique","generate-columns","tablet-grid-50","mobile-grid-100","grid-parent","grid-25"],"acf":[],"yoast_head":"<!-- This site is optimized with the Yoast SEO Premium plugin v21.3 (Yoast SEO v25.1) - https:\/\/yoast.com\/wordpress\/plugins\/seo\/ -->\n<title>La Turquie restreint les voyages de deux dirigeants d&#039;une<\/title>\n<meta name=\"description\" content=\"La justice turque a interdit de voyage deux dirigeants d&#039;un grand groupe d&#039;affaires apr\u00e8s leurs critiques sur l&#039;\u00e9tat de la d\u00e9mocratie dans le pays. Une\" \/>\n<meta name=\"robots\" content=\"index, follow, max-snippet:-1, max-image-preview:large, max-video-preview:-1\" \/>\n<link rel=\"canonical\" href=\"https:\/\/voyage-aventure.com\/blog\/a-la-une\/la-turquie-restreint-les-voyages-de-deux-dirigeants-dune-association-daffaires-dans-une-enquete\/\" \/>\n<meta property=\"og:locale\" content=\"fr_FR\" \/>\n<meta property=\"og:type\" content=\"article\" \/>\n<meta property=\"og:title\" content=\"La Turquie restreint les voyages de deux dirigeants d&#039;une\" \/>\n<meta property=\"og:description\" content=\"La justice turque a interdit de voyage deux dirigeants d&#039;un grand groupe d&#039;affaires apr\u00e8s leurs critiques sur l&#039;\u00e9tat de la d\u00e9mocratie dans le pays. Une\" \/>\n<meta property=\"og:url\" content=\"https:\/\/voyage-aventure.com\/blog\/a-la-une\/la-turquie-restreint-les-voyages-de-deux-dirigeants-dune-association-daffaires-dans-une-enquete\/\" \/>\n<meta property=\"og:site_name\" content=\"voyage-aventure\" \/>\n<meta property=\"og:image\" content=\"https:\/\/voyage-aventure.com\/blog\/wp-content\/uploads\/2025\/02\/stability-la-turquie-restreint-les-voyages-de-deux-dirigeants-dune-association-daffaires-dans-une-enquete.png\" \/>\n\t<meta property=\"og:image:width\" content=\"1024\" \/>\n\t<meta property=\"og:image:height\" content=\"576\" \/>\n\t<meta property=\"og:image:type\" content=\"image\/png\" \/>\n<meta name=\"author\" content=\"Camille Rouvray\" \/>\n<meta name=\"twitter:card\" content=\"summary_large_image\" \/>\n<script type=\"application\/ld+json\" class=\"yoast-schema-graph\">{\"@context\":\"https:\/\/schema.org\",\"@graph\":[{\"@type\":\"NewsArticle\",\"@id\":\"https:\/\/voyage-aventure.com\/blog\/a-la-une\/la-turquie-restreint-les-voyages-de-deux-dirigeants-dune-association-daffaires-dans-une-enquete\/#article\",\"isPartOf\":{\"@id\":\"https:\/\/voyage-aventure.com\/blog\/a-la-une\/la-turquie-restreint-les-voyages-de-deux-dirigeants-dune-association-daffaires-dans-une-enquete\/\"},\"author\":{\"name\":\"Camille Rouvray\",\"@id\":\"https:\/\/voyage-aventure.com\/blog\/#\/schema\/person\/3c864cdc320801e3db34b663e7e3f816\"},\"headline\":\"La Turquie restreint les voyages de deux dirigeants d&rsquo;une association d&rsquo;affaires dans une enqu\u00eate\",\"datePublished\":\"2026-06-16T14:38:32+00:00\",\"mainEntityOfPage\":{\"@id\":\"https:\/\/voyage-aventure.com\/blog\/a-la-une\/la-turquie-restreint-les-voyages-de-deux-dirigeants-dune-association-daffaires-dans-une-enquete\/\"},\"wordCount\":1026,\"commentCount\":23,\"publisher\":{\"@id\":\"https:\/\/voyage-aventure.com\/blog\/#organization\"},\"image\":{\"@id\":\"https:\/\/voyage-aventure.com\/blog\/a-la-une\/la-turquie-restreint-les-voyages-de-deux-dirigeants-dune-association-daffaires-dans-une-enquete\/#primaryimage\"},\"thumbnailUrl\":\"https:\/\/voyage-aventure.com\/blog\/wp-content\/uploads\/2025\/02\/stability-la-turquie-restreint-les-voyages-de-deux-dirigeants-dune-association-daffaires-dans-une-enquete.png\",\"keywords\":[\"Culture\",\"Protection Financi\u00e8re\",\"Relations Internationales\",\"S\u00e9curit\u00e9\",\"Voyage \u00c9conomique\"],\"articleSection\":[\"\u00c0 la une\"],\"inLanguage\":\"fr-FR\",\"potentialAction\":[{\"@type\":\"CommentAction\",\"name\":\"Comment\",\"target\":[\"https:\/\/voyage-aventure.com\/blog\/a-la-une\/la-turquie-restreint-les-voyages-de-deux-dirigeants-dune-association-daffaires-dans-une-enquete\/#respond\"]}]},{\"@type\":\"WebPage\",\"@id\":\"https:\/\/voyage-aventure.com\/blog\/a-la-une\/la-turquie-restreint-les-voyages-de-deux-dirigeants-dune-association-daffaires-dans-une-enquete\/\",\"url\":\"https:\/\/voyage-aventure.com\/blog\/a-la-une\/la-turquie-restreint-les-voyages-de-deux-dirigeants-dune-association-daffaires-dans-une-enquete\/\",\"name\":\"La Turquie restreint les voyages de deux dirigeants d'une\",\"isPartOf\":{\"@id\":\"https:\/\/voyage-aventure.com\/blog\/#website\"},\"primaryImageOfPage\":{\"@id\":\"https:\/\/voyage-aventure.com\/blog\/a-la-une\/la-turquie-restreint-les-voyages-de-deux-dirigeants-dune-association-daffaires-dans-une-enquete\/#primaryimage\"},\"image\":{\"@id\":\"https:\/\/voyage-aventure.com\/blog\/a-la-une\/la-turquie-restreint-les-voyages-de-deux-dirigeants-dune-association-daffaires-dans-une-enquete\/#primaryimage\"},\"thumbnailUrl\":\"https:\/\/voyage-aventure.com\/blog\/wp-content\/uploads\/2025\/02\/stability-la-turquie-restreint-les-voyages-de-deux-dirigeants-dune-association-daffaires-dans-une-enquete.png\",\"datePublished\":\"2026-06-16T14:38:32+00:00\",\"description\":\"La justice turque a interdit de voyage deux dirigeants d'un grand groupe d'affaires apr\u00e8s leurs critiques sur l'\u00e9tat de la d\u00e9mocratie dans le pays. Une\",\"inLanguage\":\"fr-FR\",\"potentialAction\":[{\"@type\":\"ReadAction\",\"target\":[\"https:\/\/voyage-aventure.com\/blog\/a-la-une\/la-turquie-restreint-les-voyages-de-deux-dirigeants-dune-association-daffaires-dans-une-enquete\/\"]}]},{\"@type\":\"ImageObject\",\"inLanguage\":\"fr-FR\",\"@id\":\"https:\/\/voyage-aventure.com\/blog\/a-la-une\/la-turquie-restreint-les-voyages-de-deux-dirigeants-dune-association-daffaires-dans-une-enquete\/#primaryimage\",\"url\":\"https:\/\/voyage-aventure.com\/blog\/wp-content\/uploads\/2025\/02\/stability-la-turquie-restreint-les-voyages-de-deux-dirigeants-dune-association-daffaires-dans-une-enquete.png\",\"contentUrl\":\"https:\/\/voyage-aventure.com\/blog\/wp-content\/uploads\/2025\/02\/stability-la-turquie-restreint-les-voyages-de-deux-dirigeants-dune-association-daffaires-dans-une-enquete.png\",\"width\":1024,\"height\":576},{\"@type\":\"WebSite\",\"@id\":\"https:\/\/voyage-aventure.com\/blog\/#website\",\"url\":\"https:\/\/voyage-aventure.com\/blog\/\",\"name\":\"voyage-aventure.com\",\"description\":\"Votre passeport pour l\u2019inattendu.\",\"publisher\":{\"@id\":\"https:\/\/voyage-aventure.com\/blog\/#organization\"},\"alternateName\":\"Votre passeport pour l\u2019inattendu.\",\"potentialAction\":[{\"@type\":\"SearchAction\",\"target\":{\"@type\":\"EntryPoint\",\"urlTemplate\":\"https:\/\/voyage-aventure.com\/blog\/?s={search_term_string}\"},\"query-input\":{\"@type\":\"PropertyValueSpecification\",\"valueRequired\":true,\"valueName\":\"search_term_string\"}}],\"inLanguage\":\"fr-FR\"},{\"@type\":\"Organization\",\"@id\":\"https:\/\/voyage-aventure.com\/blog\/#organization\",\"name\":\"Foretsensations.fr\",\"url\":\"https:\/\/voyage-aventure.com\/blog\/\",\"logo\":{\"@type\":\"ImageObject\",\"inLanguage\":\"fr-FR\",\"@id\":\"https:\/\/voyage-aventure.com\/blog\/#\/schema\/logo\/image\/\",\"url\":\"https:\/\/voyage-aventure.com\/blog\/wp-content\/uploads\/2024\/12\/19.png\",\"contentUrl\":\"https:\/\/voyage-aventure.com\/blog\/wp-content\/uploads\/2024\/12\/19.png\",\"width\":512,\"height\":512,\"caption\":\"Foretsensations.fr\"},\"image\":{\"@id\":\"https:\/\/voyage-aventure.com\/blog\/#\/schema\/logo\/image\/\"}},{\"@type\":\"Person\",\"@id\":\"https:\/\/voyage-aventure.com\/blog\/#\/schema\/person\/3c864cdc320801e3db34b663e7e3f816\",\"name\":\"Camille Rouvray\",\"image\":{\"@type\":\"ImageObject\",\"inLanguage\":\"fr-FR\",\"@id\":\"https:\/\/voyage-aventure.com\/blog\/#\/schema\/person\/image\/\",\"url\":\"https:\/\/voyage-aventure.com\/blog\/wp-content\/uploads\/2026\/06\/persona_camille-r-96x96.jpg\",\"contentUrl\":\"https:\/\/voyage-aventure.com\/blog\/wp-content\/uploads\/2026\/06\/persona_camille-r-96x96.jpg\",\"caption\":\"Camille Rouvray\"},\"description\":\"Je voyage et j'\u00e9cris sur le voyage depuis une douzaine d'ann\u00e9es, d'abord en tant que routarde au long cours, puis comme r\u00e9dactrice sp\u00e9cialis\u00e9e. Mon terrain de pr\u00e9dilection, ce sont les circuits organis\u00e9s et l'art de bien pr\u00e9parer un itin\u00e9raire : choix de la saison, dur\u00e9e r\u00e9aliste des \u00e9tapes, budget jour par jour, logement et transport sur place. J'aime aussi raconter les p\u00e9pites urbaines, ces adresses qu'on ne trouve pas dans les guides classiques. Avant de publier un dossier destination, je croise toujours plusieurs sources, je v\u00e9rifie les tarifs et les formalit\u00e9s d'entr\u00e9e \u00e0 jour, et je teste moi-m\u00eame quand je le peux. Mon angle reste pratique avant tout : aider le lecteur \u00e0 partir l'esprit tranquille, sans mauvaise surprise une fois sur place. Je m'attache \u00e0 distinguer le coup de c\u0153ur sinc\u00e8re du simple argument marketing.\",\"sameAs\":[\"https:\/\/camillerouvray.fr\/\"],\"url\":\"https:\/\/voyage-aventure.com\/blog\/auteur\/noname\/\"}]}<\/script>\n<!-- \/ Yoast SEO Premium plugin. -->","yoast_head_json":{"title":"La Turquie restreint les voyages de deux dirigeants d'une","description":"La justice turque a interdit de voyage deux dirigeants d'un grand groupe d'affaires apr\u00e8s leurs critiques sur l'\u00e9tat de la d\u00e9mocratie dans le pays. Une","robots":{"index":"index","follow":"follow","max-snippet":"max-snippet:-1","max-image-preview":"max-image-preview:large","max-video-preview":"max-video-preview:-1"},"canonical":"https:\/\/voyage-aventure.com\/blog\/a-la-une\/la-turquie-restreint-les-voyages-de-deux-dirigeants-dune-association-daffaires-dans-une-enquete\/","og_locale":"fr_FR","og_type":"article","og_title":"La Turquie restreint les voyages de deux dirigeants d'une","og_description":"La justice turque a interdit de voyage deux dirigeants d'un grand groupe d'affaires apr\u00e8s leurs critiques sur l'\u00e9tat de la d\u00e9mocratie dans le pays. Une","og_url":"https:\/\/voyage-aventure.com\/blog\/a-la-une\/la-turquie-restreint-les-voyages-de-deux-dirigeants-dune-association-daffaires-dans-une-enquete\/","og_site_name":"voyage-aventure","og_image":[{"width":1024,"height":576,"url":"https:\/\/voyage-aventure.com\/blog\/wp-content\/uploads\/2025\/02\/stability-la-turquie-restreint-les-voyages-de-deux-dirigeants-dune-association-daffaires-dans-une-enquete.png","type":"image\/png"}],"author":"Camille Rouvray","twitter_card":"summary_large_image","schema":{"@context":"https:\/\/schema.org","@graph":[{"@type":"NewsArticle","@id":"https:\/\/voyage-aventure.com\/blog\/a-la-une\/la-turquie-restreint-les-voyages-de-deux-dirigeants-dune-association-daffaires-dans-une-enquete\/#article","isPartOf":{"@id":"https:\/\/voyage-aventure.com\/blog\/a-la-une\/la-turquie-restreint-les-voyages-de-deux-dirigeants-dune-association-daffaires-dans-une-enquete\/"},"author":{"name":"Camille Rouvray","@id":"https:\/\/voyage-aventure.com\/blog\/#\/schema\/person\/3c864cdc320801e3db34b663e7e3f816"},"headline":"La Turquie restreint les voyages de deux dirigeants d&rsquo;une association d&rsquo;affaires dans une enqu\u00eate","datePublished":"2026-06-16T14:38:32+00:00","mainEntityOfPage":{"@id":"https:\/\/voyage-aventure.com\/blog\/a-la-une\/la-turquie-restreint-les-voyages-de-deux-dirigeants-dune-association-daffaires-dans-une-enquete\/"},"wordCount":1026,"commentCount":23,"publisher":{"@id":"https:\/\/voyage-aventure.com\/blog\/#organization"},"image":{"@id":"https:\/\/voyage-aventure.com\/blog\/a-la-une\/la-turquie-restreint-les-voyages-de-deux-dirigeants-dune-association-daffaires-dans-une-enquete\/#primaryimage"},"thumbnailUrl":"https:\/\/voyage-aventure.com\/blog\/wp-content\/uploads\/2025\/02\/stability-la-turquie-restreint-les-voyages-de-deux-dirigeants-dune-association-daffaires-dans-une-enquete.png","keywords":["Culture","Protection Financi\u00e8re","Relations Internationales","S\u00e9curit\u00e9","Voyage \u00c9conomique"],"articleSection":["\u00c0 la une"],"inLanguage":"fr-FR","potentialAction":[{"@type":"CommentAction","name":"Comment","target":["https:\/\/voyage-aventure.com\/blog\/a-la-une\/la-turquie-restreint-les-voyages-de-deux-dirigeants-dune-association-daffaires-dans-une-enquete\/#respond"]}]},{"@type":"WebPage","@id":"https:\/\/voyage-aventure.com\/blog\/a-la-une\/la-turquie-restreint-les-voyages-de-deux-dirigeants-dune-association-daffaires-dans-une-enquete\/","url":"https:\/\/voyage-aventure.com\/blog\/a-la-une\/la-turquie-restreint-les-voyages-de-deux-dirigeants-dune-association-daffaires-dans-une-enquete\/","name":"La Turquie restreint les voyages de deux dirigeants d'une","isPartOf":{"@id":"https:\/\/voyage-aventure.com\/blog\/#website"},"primaryImageOfPage":{"@id":"https:\/\/voyage-aventure.com\/blog\/a-la-une\/la-turquie-restreint-les-voyages-de-deux-dirigeants-dune-association-daffaires-dans-une-enquete\/#primaryimage"},"image":{"@id":"https:\/\/voyage-aventure.com\/blog\/a-la-une\/la-turquie-restreint-les-voyages-de-deux-dirigeants-dune-association-daffaires-dans-une-enquete\/#primaryimage"},"thumbnailUrl":"https:\/\/voyage-aventure.com\/blog\/wp-content\/uploads\/2025\/02\/stability-la-turquie-restreint-les-voyages-de-deux-dirigeants-dune-association-daffaires-dans-une-enquete.png","datePublished":"2026-06-16T14:38:32+00:00","description":"La justice turque a interdit de voyage deux dirigeants d'un grand groupe d'affaires apr\u00e8s leurs critiques sur l'\u00e9tat de la d\u00e9mocratie dans le pays. Une","inLanguage":"fr-FR","potentialAction":[{"@type":"ReadAction","target":["https:\/\/voyage-aventure.com\/blog\/a-la-une\/la-turquie-restreint-les-voyages-de-deux-dirigeants-dune-association-daffaires-dans-une-enquete\/"]}]},{"@type":"ImageObject","inLanguage":"fr-FR","@id":"https:\/\/voyage-aventure.com\/blog\/a-la-une\/la-turquie-restreint-les-voyages-de-deux-dirigeants-dune-association-daffaires-dans-une-enquete\/#primaryimage","url":"https:\/\/voyage-aventure.com\/blog\/wp-content\/uploads\/2025\/02\/stability-la-turquie-restreint-les-voyages-de-deux-dirigeants-dune-association-daffaires-dans-une-enquete.png","contentUrl":"https:\/\/voyage-aventure.com\/blog\/wp-content\/uploads\/2025\/02\/stability-la-turquie-restreint-les-voyages-de-deux-dirigeants-dune-association-daffaires-dans-une-enquete.png","width":1024,"height":576},{"@type":"WebSite","@id":"https:\/\/voyage-aventure.com\/blog\/#website","url":"https:\/\/voyage-aventure.com\/blog\/","name":"voyage-aventure.com","description":"Votre passeport pour l\u2019inattendu.","publisher":{"@id":"https:\/\/voyage-aventure.com\/blog\/#organization"},"alternateName":"Votre passeport pour l\u2019inattendu.","potentialAction":[{"@type":"SearchAction","target":{"@type":"EntryPoint","urlTemplate":"https:\/\/voyage-aventure.com\/blog\/?s={search_term_string}"},"query-input":{"@type":"PropertyValueSpecification","valueRequired":true,"valueName":"search_term_string"}}],"inLanguage":"fr-FR"},{"@type":"Organization","@id":"https:\/\/voyage-aventure.com\/blog\/#organization","name":"Foretsensations.fr","url":"https:\/\/voyage-aventure.com\/blog\/","logo":{"@type":"ImageObject","inLanguage":"fr-FR","@id":"https:\/\/voyage-aventure.com\/blog\/#\/schema\/logo\/image\/","url":"https:\/\/voyage-aventure.com\/blog\/wp-content\/uploads\/2024\/12\/19.png","contentUrl":"https:\/\/voyage-aventure.com\/blog\/wp-content\/uploads\/2024\/12\/19.png","width":512,"height":512,"caption":"Foretsensations.fr"},"image":{"@id":"https:\/\/voyage-aventure.com\/blog\/#\/schema\/logo\/image\/"}},{"@type":"Person","@id":"https:\/\/voyage-aventure.com\/blog\/#\/schema\/person\/3c864cdc320801e3db34b663e7e3f816","name":"Camille Rouvray","image":{"@type":"ImageObject","inLanguage":"fr-FR","@id":"https:\/\/voyage-aventure.com\/blog\/#\/schema\/person\/image\/","url":"https:\/\/voyage-aventure.com\/blog\/wp-content\/uploads\/2026\/06\/persona_camille-r-96x96.jpg","contentUrl":"https:\/\/voyage-aventure.com\/blog\/wp-content\/uploads\/2026\/06\/persona_camille-r-96x96.jpg","caption":"Camille Rouvray"},"description":"Je voyage et j'\u00e9cris sur le voyage depuis une douzaine d'ann\u00e9es, d'abord en tant que routarde au long cours, puis comme r\u00e9dactrice sp\u00e9cialis\u00e9e. Mon terrain de pr\u00e9dilection, ce sont les circuits organis\u00e9s et l'art de bien pr\u00e9parer un itin\u00e9raire : choix de la saison, dur\u00e9e r\u00e9aliste des \u00e9tapes, budget jour par jour, logement et transport sur place. J'aime aussi raconter les p\u00e9pites urbaines, ces adresses qu'on ne trouve pas dans les guides classiques. Avant de publier un dossier destination, je croise toujours plusieurs sources, je v\u00e9rifie les tarifs et les formalit\u00e9s d'entr\u00e9e \u00e0 jour, et je teste moi-m\u00eame quand je le peux. Mon angle reste pratique avant tout : aider le lecteur \u00e0 partir l'esprit tranquille, sans mauvaise surprise une fois sur place. Je m'attache \u00e0 distinguer le coup de c\u0153ur sinc\u00e8re du simple argument marketing.","sameAs":["https:\/\/camillerouvray.fr\/"],"url":"https:\/\/voyage-aventure.com\/blog\/auteur\/noname\/"}]}},"_links":{"self":[{"href":"https:\/\/voyage-aventure.com\/blog\/wp-json\/wp\/v2\/posts\/10966","targetHints":{"allow":["GET"]}}],"collection":[{"href":"https:\/\/voyage-aventure.com\/blog\/wp-json\/wp\/v2\/posts"}],"about":[{"href":"https:\/\/voyage-aventure.com\/blog\/wp-json\/wp\/v2\/types\/post"}],"author":[{"embeddable":true,"href":"https:\/\/voyage-aventure.com\/blog\/wp-json\/wp\/v2\/users\/34"}],"replies":[{"embeddable":true,"href":"https:\/\/voyage-aventure.com\/blog\/wp-json\/wp\/v2\/comments?post=10966"}],"version-history":[{"count":3,"href":"https:\/\/voyage-aventure.com\/blog\/wp-json\/wp\/v2\/posts\/10966\/revisions"}],"predecessor-version":[{"id":22590,"href":"https:\/\/voyage-aventure.com\/blog\/wp-json\/wp\/v2\/posts\/10966\/revisions\/22590"}],"wp:featuredmedia":[{"embeddable":true,"href":"https:\/\/voyage-aventure.com\/blog\/wp-json\/wp\/v2\/media\/10967"}],"wp:attachment":[{"href":"https:\/\/voyage-aventure.com\/blog\/wp-json\/wp\/v2\/media?parent=10966"}],"wp:term":[{"taxonomy":"category","embeddable":true,"href":"https:\/\/voyage-aventure.com\/blog\/wp-json\/wp\/v2\/categories?post=10966"},{"taxonomy":"post_tag","embeddable":true,"href":"https:\/\/voyage-aventure.com\/blog\/wp-json\/wp\/v2\/tags?post=10966"}],"curies":[{"name":"wp","href":"https:\/\/api.w.org\/{rel}","templated":true}]}}