{"id":10937,"date":"2025-02-20T12:40:25","date_gmt":"2025-02-20T11:40:25","guid":{"rendered":"https:\/\/voyage-aventure.com\/blog\/?p=10937"},"modified":"2025-02-20T05:26:46","modified_gmt":"2025-02-20T04:26:46","slug":"un-hiver-rude-les-tempetes-paralysent-les-voyages-aeriens-en-caroline-de-lest","status":"publish","type":"post","link":"https:\/\/voyage-aventure.com\/blog\/a-la-une\/un-hiver-rude-les-tempetes-paralysent-les-voyages-aeriens-en-caroline-de-lest\/","title":{"rendered":"Un hiver rude : les temp\u00eates paralysent les voyages a\u00e9riens en Caroline de l&rsquo;Est"},"content":{"rendered":"<h2>La temp\u00eate hivernale frappe la Caroline de l&rsquo;Est<\/h2>\n<p>Ce ph\u00e9nom\u00e8ne m\u00e9t\u00e9orologique a d\u00e9clench\u00e9 une alerte, provoquant des perturbations dans les transports a\u00e9riens d\u00e8s ce soir. Les voyageurs doivent anticiper des retards prolong\u00e9s et ajuster leurs plans en cons\u00e9quence.<\/p>\n<p>Les conditions climatiques extr\u00eames ont conduit \u00e0 l&rsquo;annulation de plusieurs vols dans diff\u00e9rents a\u00e9roports de la r\u00e9gion. Les autorit\u00e9s ont recommand\u00e9 aux passagers de v\u00e9rifier le statut de leurs vols avant de se d\u00e9placer vers les a\u00e9roports. La s\u00e9curit\u00e9 des voyageurs demeure la priorit\u00e9 absolue en cette p\u00e9riode difficile.<\/p>\n<p><iframe loading=\"lazy\" title=\"Temp\u00eate de neige impressionnante sur la c\u00f4te est des Etats-Unis\" width=\"1200\" height=\"675\" src=\"https:\/\/www.youtube.com\/embed\/XmuJvC_tXss?feature=oembed\" frameborder=\"0\" allow=\"accelerometer; autoplay; clipboard-write; encrypted-media; gyroscope; picture-in-picture; web-share\" referrerpolicy=\"strict-origin-when-cross-origin\" allowfullscreen><\/iframe><\/p>\n<h2>Les a\u00e9roports touch\u00e9s par les annulations<\/h2>\n<p>Au Pitt-Greenville Airport, deux vols ont \u00e9t\u00e9 annul\u00e9s, ceux de 14h47 et de 6h15 demain matin. Cette situation est repr\u00e9sentative de l&rsquo;impact global de la temp\u00eate sur la r\u00e9gion, affectant de nombreux itin\u00e9raires. Les passagers sont invit\u00e9s \u00e0 rester inform\u00e9s des mises \u00e0 jour concernant leurs vols.<img decoding=\"async\" width=\"1024\" height=\"576\" src=\"https:\/\/voyage-aventure.com\/blog\/wp-content\/uploads\/2025\/02\/stability-un-hiver-rude-les-tempetes-paralysent-les-voyages-aeriens-en-caroline-de-lest-1.png\" class=\"aligncenter\" alt=\"Illustration d\u00e9taill\u00e9e sur Un hiver rude : les temp\u00eates paralysent les voyages a\u00e9riens en Caroline de l&#039;Est\" title=\"Un hiver rude : les temp\u00eates paralysent les voyages a\u00e9riens en Caroline de l&#039;Est\" loading=\"lazy\" \/><\/p>\n<p>Albert Ellis Airport, situ\u00e9 dans le comt\u00e9 d&rsquo;Onslow, n&rsquo;a pas \u00e9t\u00e9 \u00e9pargn\u00e9, avec plusieurs vols vers des destinations cl\u00e9s comme Atlanta et Charlotte annul\u00e9s. Des vols de 17h33 \u00e0 Atlanta et de 19h40 \u00e0 Charlotte font partie des annulations. Les compagnies a\u00e9riennes prennent des mesures pour r\u00e9organiser les vols lorsque cela est possible.<\/p>\n<h2>Pr\u00e9parer son voyage en p\u00e9riode de temp\u00eate<\/h2>\n<p>Pour ceux qui doivent voyager malgr\u00e9 ces conditions difficiles, il est essentiel de se pr\u00e9parer ad\u00e9quatement. V\u00e9rifiez r\u00e9guli\u00e8rement les mises \u00e0 jour des compagnies a\u00e9riennes et envisagez des alternatives si n\u00e9cessaire. Gardez \u00e0 l&rsquo;esprit que les temp\u00eates peuvent entra\u00eener des changements rapides et impr\u00e9visibles.<\/p>\n<p>Voici quelques conseils pour naviguer dans cette situation complexe :<\/p>\n<ul>\n<li>Consultez les sites des a\u00e9roports pour les informations les plus r\u00e9centes.<\/li>\n<li>Restez en contact avec votre compagnie a\u00e9rienne pour conna\u00eetre les options de rebooking.<\/li>\n<li>Pr\u00e9voyez des v\u00eatements et des fournitures n\u00e9cessaires pour d&rsquo;\u00e9ventuels retards.<\/li>\n<li>Informez vos proches de votre situation et de vos horaires de vol.<\/li>\n<\/ul>\n<blockquote><p>\u00ab La s\u00e9curit\u00e9 des passagers est notre priorit\u00e9, et nous faisons tout notre possible pour g\u00e9rer la situation actuelle \u00bb, a d\u00e9clar\u00e9 un porte-parole des a\u00e9roports locaux.<\/p><\/blockquote>\n<p>Alors que la temp\u00eate continue de faire des ravages, les voyageurs doivent faire preuve de patience et de compr\u00e9hension. Les a\u00e9roports et les compagnies a\u00e9riennes travaillent sans rel\u00e2che pour minimiser les d\u00e9sagr\u00e9ments occasionn\u00e9s par cette situation. N&rsquo;oubliez pas de garder un \u0153il sur les mises \u00e0 jour et de rester pr\u00e9par\u00e9 ; ces efforts aideront \u00e0 garantir votre s\u00e9curit\u00e9 et celle des autres.<\/p>\n","protected":false},"excerpt":{"rendered":"","protected":false},"author":34,"featured_media":10938,"comment_status":"open","ping_status":"open","sticky":false,"template":"","format":"standard","meta":{"_acf_changed":false,"manual_indexmenow":false,"indexmenow_id_project":0,"footnotes":""},"categories":[1],"tags":[4620,4646,3726,4713,3170],"class_list":["post-10937","post","type-post","status-publish","format-standard","has-post-thumbnail","hentry","category-a-la-une","tag-annulation-de-voyage","tag-assistance","tag-conditions-meteorologiques","tag-preparation","tag-securite","generate-columns","tablet-grid-50","mobile-grid-100","grid-parent","grid-25"],"acf":[],"yoast_head":"<!-- This site is optimized with the Yoast SEO Premium plugin v21.3 (Yoast SEO v25.1) - https:\/\/yoast.com\/wordpress\/plugins\/seo\/ -->\n<title>Un hiver rude : les temp\u00eates paralysent les voyages a\u00e9riens<\/title>\n<meta name=\"description\" content=\"Ce ph\u00e9nom\u00e8ne m\u00e9t\u00e9orologique a d\u00e9clench\u00e9 une alerte, provoquant des perturbations dans les transports a\u00e9riens d\u00e8s ce soir. Les voyageurs doivent anticiper\" \/>\n<meta name=\"robots\" content=\"index, follow, max-snippet:-1, max-image-preview:large, max-video-preview:-1\" \/>\n<link rel=\"canonical\" href=\"https:\/\/voyage-aventure.com\/blog\/a-la-une\/un-hiver-rude-les-tempetes-paralysent-les-voyages-aeriens-en-caroline-de-lest\/\" \/>\n<meta property=\"og:locale\" content=\"fr_FR\" \/>\n<meta property=\"og:type\" content=\"article\" \/>\n<meta property=\"og:title\" content=\"Un hiver rude : les temp\u00eates paralysent les voyages a\u00e9riens\" \/>\n<meta property=\"og:description\" content=\"Ce ph\u00e9nom\u00e8ne m\u00e9t\u00e9orologique a d\u00e9clench\u00e9 une alerte, provoquant des perturbations dans les transports a\u00e9riens d\u00e8s ce soir. Les voyageurs doivent anticiper\" \/>\n<meta property=\"og:url\" content=\"https:\/\/voyage-aventure.com\/blog\/a-la-une\/un-hiver-rude-les-tempetes-paralysent-les-voyages-aeriens-en-caroline-de-lest\/\" \/>\n<meta property=\"og:site_name\" content=\"voyage-aventure\" \/>\n<meta property=\"og:image\" content=\"https:\/\/voyage-aventure.com\/blog\/wp-content\/uploads\/2025\/02\/stability-un-hiver-rude-les-tempetes-paralysent-les-voyages-aeriens-en-caroline-de-lest.png\" \/>\n\t<meta property=\"og:image:width\" content=\"1024\" \/>\n\t<meta property=\"og:image:height\" content=\"576\" \/>\n\t<meta property=\"og:image:type\" content=\"image\/png\" \/>\n<meta name=\"author\" content=\"Camille Rouvray\" \/>\n<meta name=\"twitter:card\" content=\"summary_large_image\" \/>\n<script type=\"application\/ld+json\" class=\"yoast-schema-graph\">{\"@context\":\"https:\/\/schema.org\",\"@graph\":[{\"@type\":\"NewsArticle\",\"@id\":\"https:\/\/voyage-aventure.com\/blog\/a-la-une\/un-hiver-rude-les-tempetes-paralysent-les-voyages-aeriens-en-caroline-de-lest\/#article\",\"isPartOf\":{\"@id\":\"https:\/\/voyage-aventure.com\/blog\/a-la-une\/un-hiver-rude-les-tempetes-paralysent-les-voyages-aeriens-en-caroline-de-lest\/\"},\"author\":{\"name\":\"Camille Rouvray\",\"@id\":\"https:\/\/voyage-aventure.com\/blog\/#\/schema\/person\/3c864cdc320801e3db34b663e7e3f816\"},\"headline\":\"Un hiver rude : les temp\u00eates paralysent les voyages a\u00e9riens en Caroline de l&rsquo;Est\",\"datePublished\":\"2025-02-20T11:40:25+00:00\",\"mainEntityOfPage\":{\"@id\":\"https:\/\/voyage-aventure.com\/blog\/a-la-une\/un-hiver-rude-les-tempetes-paralysent-les-voyages-aeriens-en-caroline-de-lest\/\"},\"wordCount\":473,\"commentCount\":21,\"publisher\":{\"@id\":\"https:\/\/voyage-aventure.com\/blog\/#organization\"},\"image\":{\"@id\":\"https:\/\/voyage-aventure.com\/blog\/a-la-une\/un-hiver-rude-les-tempetes-paralysent-les-voyages-aeriens-en-caroline-de-lest\/#primaryimage\"},\"thumbnailUrl\":\"https:\/\/voyage-aventure.com\/blog\/wp-content\/uploads\/2025\/02\/stability-un-hiver-rude-les-tempetes-paralysent-les-voyages-aeriens-en-caroline-de-lest.png\",\"keywords\":[\"Annulation de Voyage\",\"Assistance\",\"Conditions M\u00e9t\u00e9orologiques\",\"Pr\u00e9paration\",\"S\u00e9curit\u00e9\"],\"articleSection\":[\"\u00c0 la une\"],\"inLanguage\":\"fr-FR\",\"potentialAction\":[{\"@type\":\"CommentAction\",\"name\":\"Comment\",\"target\":[\"https:\/\/voyage-aventure.com\/blog\/a-la-une\/un-hiver-rude-les-tempetes-paralysent-les-voyages-aeriens-en-caroline-de-lest\/#respond\"]}]},{\"@type\":\"WebPage\",\"@id\":\"https:\/\/voyage-aventure.com\/blog\/a-la-une\/un-hiver-rude-les-tempetes-paralysent-les-voyages-aeriens-en-caroline-de-lest\/\",\"url\":\"https:\/\/voyage-aventure.com\/blog\/a-la-une\/un-hiver-rude-les-tempetes-paralysent-les-voyages-aeriens-en-caroline-de-lest\/\",\"name\":\"Un hiver rude : les temp\u00eates paralysent les voyages a\u00e9riens\",\"isPartOf\":{\"@id\":\"https:\/\/voyage-aventure.com\/blog\/#website\"},\"primaryImageOfPage\":{\"@id\":\"https:\/\/voyage-aventure.com\/blog\/a-la-une\/un-hiver-rude-les-tempetes-paralysent-les-voyages-aeriens-en-caroline-de-lest\/#primaryimage\"},\"image\":{\"@id\":\"https:\/\/voyage-aventure.com\/blog\/a-la-une\/un-hiver-rude-les-tempetes-paralysent-les-voyages-aeriens-en-caroline-de-lest\/#primaryimage\"},\"thumbnailUrl\":\"https:\/\/voyage-aventure.com\/blog\/wp-content\/uploads\/2025\/02\/stability-un-hiver-rude-les-tempetes-paralysent-les-voyages-aeriens-en-caroline-de-lest.png\",\"datePublished\":\"2025-02-20T11:40:25+00:00\",\"description\":\"Ce ph\u00e9nom\u00e8ne m\u00e9t\u00e9orologique a d\u00e9clench\u00e9 une alerte, provoquant des perturbations dans les transports a\u00e9riens d\u00e8s ce soir. Les voyageurs doivent anticiper\",\"inLanguage\":\"fr-FR\",\"potentialAction\":[{\"@type\":\"ReadAction\",\"target\":[\"https:\/\/voyage-aventure.com\/blog\/a-la-une\/un-hiver-rude-les-tempetes-paralysent-les-voyages-aeriens-en-caroline-de-lest\/\"]}]},{\"@type\":\"ImageObject\",\"inLanguage\":\"fr-FR\",\"@id\":\"https:\/\/voyage-aventure.com\/blog\/a-la-une\/un-hiver-rude-les-tempetes-paralysent-les-voyages-aeriens-en-caroline-de-lest\/#primaryimage\",\"url\":\"https:\/\/voyage-aventure.com\/blog\/wp-content\/uploads\/2025\/02\/stability-un-hiver-rude-les-tempetes-paralysent-les-voyages-aeriens-en-caroline-de-lest.png\",\"contentUrl\":\"https:\/\/voyage-aventure.com\/blog\/wp-content\/uploads\/2025\/02\/stability-un-hiver-rude-les-tempetes-paralysent-les-voyages-aeriens-en-caroline-de-lest.png\",\"width\":1024,\"height\":576},{\"@type\":\"WebSite\",\"@id\":\"https:\/\/voyage-aventure.com\/blog\/#website\",\"url\":\"https:\/\/voyage-aventure.com\/blog\/\",\"name\":\"voyage-aventure.com\",\"description\":\"Votre passeport pour l\u2019inattendu.\",\"publisher\":{\"@id\":\"https:\/\/voyage-aventure.com\/blog\/#organization\"},\"alternateName\":\"Votre passeport pour l\u2019inattendu.\",\"potentialAction\":[{\"@type\":\"SearchAction\",\"target\":{\"@type\":\"EntryPoint\",\"urlTemplate\":\"https:\/\/voyage-aventure.com\/blog\/?s={search_term_string}\"},\"query-input\":{\"@type\":\"PropertyValueSpecification\",\"valueRequired\":true,\"valueName\":\"search_term_string\"}}],\"inLanguage\":\"fr-FR\"},{\"@type\":\"Organization\",\"@id\":\"https:\/\/voyage-aventure.com\/blog\/#organization\",\"name\":\"Foretsensations.fr\",\"url\":\"https:\/\/voyage-aventure.com\/blog\/\",\"logo\":{\"@type\":\"ImageObject\",\"inLanguage\":\"fr-FR\",\"@id\":\"https:\/\/voyage-aventure.com\/blog\/#\/schema\/logo\/image\/\",\"url\":\"https:\/\/voyage-aventure.com\/blog\/wp-content\/uploads\/2024\/12\/19.png\",\"contentUrl\":\"https:\/\/voyage-aventure.com\/blog\/wp-content\/uploads\/2024\/12\/19.png\",\"width\":512,\"height\":512,\"caption\":\"Foretsensations.fr\"},\"image\":{\"@id\":\"https:\/\/voyage-aventure.com\/blog\/#\/schema\/logo\/image\/\"}},{\"@type\":\"Person\",\"@id\":\"https:\/\/voyage-aventure.com\/blog\/#\/schema\/person\/3c864cdc320801e3db34b663e7e3f816\",\"name\":\"Camille Rouvray\",\"image\":{\"@type\":\"ImageObject\",\"inLanguage\":\"fr-FR\",\"@id\":\"https:\/\/voyage-aventure.com\/blog\/#\/schema\/person\/image\/\",\"url\":\"https:\/\/voyage-aventure.com\/blog\/wp-content\/uploads\/2026\/06\/persona_camille-r-96x96.jpg\",\"contentUrl\":\"https:\/\/voyage-aventure.com\/blog\/wp-content\/uploads\/2026\/06\/persona_camille-r-96x96.jpg\",\"caption\":\"Camille Rouvray\"},\"description\":\"Je voyage et j'\u00e9cris sur le voyage depuis une douzaine d'ann\u00e9es, d'abord en tant que routarde au long cours, puis comme r\u00e9dactrice sp\u00e9cialis\u00e9e. Mon terrain de pr\u00e9dilection, ce sont les circuits organis\u00e9s et l'art de bien pr\u00e9parer un itin\u00e9raire : choix de la saison, dur\u00e9e r\u00e9aliste des \u00e9tapes, budget jour par jour, logement et transport sur place. J'aime aussi raconter les p\u00e9pites urbaines, ces adresses qu'on ne trouve pas dans les guides classiques. Avant de publier un dossier destination, je croise toujours plusieurs sources, je v\u00e9rifie les tarifs et les formalit\u00e9s d'entr\u00e9e \u00e0 jour, et je teste moi-m\u00eame quand je le peux. Mon angle reste pratique avant tout : aider le lecteur \u00e0 partir l'esprit tranquille, sans mauvaise surprise une fois sur place. Je m'attache \u00e0 distinguer le coup de c\u0153ur sinc\u00e8re du simple argument marketing.\",\"sameAs\":[\"https:\/\/camillerouvray.fr\/\"],\"url\":\"https:\/\/voyage-aventure.com\/blog\/auteur\/noname\/\"}]}<\/script>\n<!-- \/ Yoast SEO Premium plugin. -->","yoast_head_json":{"title":"Un hiver rude : les temp\u00eates paralysent les voyages a\u00e9riens","description":"Ce ph\u00e9nom\u00e8ne m\u00e9t\u00e9orologique a d\u00e9clench\u00e9 une alerte, provoquant des perturbations dans les transports a\u00e9riens d\u00e8s ce soir. Les voyageurs doivent anticiper","robots":{"index":"index","follow":"follow","max-snippet":"max-snippet:-1","max-image-preview":"max-image-preview:large","max-video-preview":"max-video-preview:-1"},"canonical":"https:\/\/voyage-aventure.com\/blog\/a-la-une\/un-hiver-rude-les-tempetes-paralysent-les-voyages-aeriens-en-caroline-de-lest\/","og_locale":"fr_FR","og_type":"article","og_title":"Un hiver rude : les temp\u00eates paralysent les voyages a\u00e9riens","og_description":"Ce ph\u00e9nom\u00e8ne m\u00e9t\u00e9orologique a d\u00e9clench\u00e9 une alerte, provoquant des perturbations dans les transports a\u00e9riens d\u00e8s ce soir. Les voyageurs doivent anticiper","og_url":"https:\/\/voyage-aventure.com\/blog\/a-la-une\/un-hiver-rude-les-tempetes-paralysent-les-voyages-aeriens-en-caroline-de-lest\/","og_site_name":"voyage-aventure","og_image":[{"width":1024,"height":576,"url":"https:\/\/voyage-aventure.com\/blog\/wp-content\/uploads\/2025\/02\/stability-un-hiver-rude-les-tempetes-paralysent-les-voyages-aeriens-en-caroline-de-lest.png","type":"image\/png"}],"author":"Camille Rouvray","twitter_card":"summary_large_image","schema":{"@context":"https:\/\/schema.org","@graph":[{"@type":"NewsArticle","@id":"https:\/\/voyage-aventure.com\/blog\/a-la-une\/un-hiver-rude-les-tempetes-paralysent-les-voyages-aeriens-en-caroline-de-lest\/#article","isPartOf":{"@id":"https:\/\/voyage-aventure.com\/blog\/a-la-une\/un-hiver-rude-les-tempetes-paralysent-les-voyages-aeriens-en-caroline-de-lest\/"},"author":{"name":"Camille Rouvray","@id":"https:\/\/voyage-aventure.com\/blog\/#\/schema\/person\/3c864cdc320801e3db34b663e7e3f816"},"headline":"Un hiver rude : les temp\u00eates paralysent les voyages a\u00e9riens en Caroline de l&rsquo;Est","datePublished":"2025-02-20T11:40:25+00:00","mainEntityOfPage":{"@id":"https:\/\/voyage-aventure.com\/blog\/a-la-une\/un-hiver-rude-les-tempetes-paralysent-les-voyages-aeriens-en-caroline-de-lest\/"},"wordCount":473,"commentCount":21,"publisher":{"@id":"https:\/\/voyage-aventure.com\/blog\/#organization"},"image":{"@id":"https:\/\/voyage-aventure.com\/blog\/a-la-une\/un-hiver-rude-les-tempetes-paralysent-les-voyages-aeriens-en-caroline-de-lest\/#primaryimage"},"thumbnailUrl":"https:\/\/voyage-aventure.com\/blog\/wp-content\/uploads\/2025\/02\/stability-un-hiver-rude-les-tempetes-paralysent-les-voyages-aeriens-en-caroline-de-lest.png","keywords":["Annulation de Voyage","Assistance","Conditions M\u00e9t\u00e9orologiques","Pr\u00e9paration","S\u00e9curit\u00e9"],"articleSection":["\u00c0 la une"],"inLanguage":"fr-FR","potentialAction":[{"@type":"CommentAction","name":"Comment","target":["https:\/\/voyage-aventure.com\/blog\/a-la-une\/un-hiver-rude-les-tempetes-paralysent-les-voyages-aeriens-en-caroline-de-lest\/#respond"]}]},{"@type":"WebPage","@id":"https:\/\/voyage-aventure.com\/blog\/a-la-une\/un-hiver-rude-les-tempetes-paralysent-les-voyages-aeriens-en-caroline-de-lest\/","url":"https:\/\/voyage-aventure.com\/blog\/a-la-une\/un-hiver-rude-les-tempetes-paralysent-les-voyages-aeriens-en-caroline-de-lest\/","name":"Un hiver rude : les temp\u00eates paralysent les voyages a\u00e9riens","isPartOf":{"@id":"https:\/\/voyage-aventure.com\/blog\/#website"},"primaryImageOfPage":{"@id":"https:\/\/voyage-aventure.com\/blog\/a-la-une\/un-hiver-rude-les-tempetes-paralysent-les-voyages-aeriens-en-caroline-de-lest\/#primaryimage"},"image":{"@id":"https:\/\/voyage-aventure.com\/blog\/a-la-une\/un-hiver-rude-les-tempetes-paralysent-les-voyages-aeriens-en-caroline-de-lest\/#primaryimage"},"thumbnailUrl":"https:\/\/voyage-aventure.com\/blog\/wp-content\/uploads\/2025\/02\/stability-un-hiver-rude-les-tempetes-paralysent-les-voyages-aeriens-en-caroline-de-lest.png","datePublished":"2025-02-20T11:40:25+00:00","description":"Ce ph\u00e9nom\u00e8ne m\u00e9t\u00e9orologique a d\u00e9clench\u00e9 une alerte, provoquant des perturbations dans les transports a\u00e9riens d\u00e8s ce soir. Les voyageurs doivent anticiper","inLanguage":"fr-FR","potentialAction":[{"@type":"ReadAction","target":["https:\/\/voyage-aventure.com\/blog\/a-la-une\/un-hiver-rude-les-tempetes-paralysent-les-voyages-aeriens-en-caroline-de-lest\/"]}]},{"@type":"ImageObject","inLanguage":"fr-FR","@id":"https:\/\/voyage-aventure.com\/blog\/a-la-une\/un-hiver-rude-les-tempetes-paralysent-les-voyages-aeriens-en-caroline-de-lest\/#primaryimage","url":"https:\/\/voyage-aventure.com\/blog\/wp-content\/uploads\/2025\/02\/stability-un-hiver-rude-les-tempetes-paralysent-les-voyages-aeriens-en-caroline-de-lest.png","contentUrl":"https:\/\/voyage-aventure.com\/blog\/wp-content\/uploads\/2025\/02\/stability-un-hiver-rude-les-tempetes-paralysent-les-voyages-aeriens-en-caroline-de-lest.png","width":1024,"height":576},{"@type":"WebSite","@id":"https:\/\/voyage-aventure.com\/blog\/#website","url":"https:\/\/voyage-aventure.com\/blog\/","name":"voyage-aventure.com","description":"Votre passeport pour l\u2019inattendu.","publisher":{"@id":"https:\/\/voyage-aventure.com\/blog\/#organization"},"alternateName":"Votre passeport pour l\u2019inattendu.","potentialAction":[{"@type":"SearchAction","target":{"@type":"EntryPoint","urlTemplate":"https:\/\/voyage-aventure.com\/blog\/?s={search_term_string}"},"query-input":{"@type":"PropertyValueSpecification","valueRequired":true,"valueName":"search_term_string"}}],"inLanguage":"fr-FR"},{"@type":"Organization","@id":"https:\/\/voyage-aventure.com\/blog\/#organization","name":"Foretsensations.fr","url":"https:\/\/voyage-aventure.com\/blog\/","logo":{"@type":"ImageObject","inLanguage":"fr-FR","@id":"https:\/\/voyage-aventure.com\/blog\/#\/schema\/logo\/image\/","url":"https:\/\/voyage-aventure.com\/blog\/wp-content\/uploads\/2024\/12\/19.png","contentUrl":"https:\/\/voyage-aventure.com\/blog\/wp-content\/uploads\/2024\/12\/19.png","width":512,"height":512,"caption":"Foretsensations.fr"},"image":{"@id":"https:\/\/voyage-aventure.com\/blog\/#\/schema\/logo\/image\/"}},{"@type":"Person","@id":"https:\/\/voyage-aventure.com\/blog\/#\/schema\/person\/3c864cdc320801e3db34b663e7e3f816","name":"Camille Rouvray","image":{"@type":"ImageObject","inLanguage":"fr-FR","@id":"https:\/\/voyage-aventure.com\/blog\/#\/schema\/person\/image\/","url":"https:\/\/voyage-aventure.com\/blog\/wp-content\/uploads\/2026\/06\/persona_camille-r-96x96.jpg","contentUrl":"https:\/\/voyage-aventure.com\/blog\/wp-content\/uploads\/2026\/06\/persona_camille-r-96x96.jpg","caption":"Camille Rouvray"},"description":"Je voyage et j'\u00e9cris sur le voyage depuis une douzaine d'ann\u00e9es, d'abord en tant que routarde au long cours, puis comme r\u00e9dactrice sp\u00e9cialis\u00e9e. Mon terrain de pr\u00e9dilection, ce sont les circuits organis\u00e9s et l'art de bien pr\u00e9parer un itin\u00e9raire : choix de la saison, dur\u00e9e r\u00e9aliste des \u00e9tapes, budget jour par jour, logement et transport sur place. J'aime aussi raconter les p\u00e9pites urbaines, ces adresses qu'on ne trouve pas dans les guides classiques. Avant de publier un dossier destination, je croise toujours plusieurs sources, je v\u00e9rifie les tarifs et les formalit\u00e9s d'entr\u00e9e \u00e0 jour, et je teste moi-m\u00eame quand je le peux. Mon angle reste pratique avant tout : aider le lecteur \u00e0 partir l'esprit tranquille, sans mauvaise surprise une fois sur place. Je m'attache \u00e0 distinguer le coup de c\u0153ur sinc\u00e8re du simple argument marketing.","sameAs":["https:\/\/camillerouvray.fr\/"],"url":"https:\/\/voyage-aventure.com\/blog\/auteur\/noname\/"}]}},"_links":{"self":[{"href":"https:\/\/voyage-aventure.com\/blog\/wp-json\/wp\/v2\/posts\/10937","targetHints":{"allow":["GET"]}}],"collection":[{"href":"https:\/\/voyage-aventure.com\/blog\/wp-json\/wp\/v2\/posts"}],"about":[{"href":"https:\/\/voyage-aventure.com\/blog\/wp-json\/wp\/v2\/types\/post"}],"author":[{"embeddable":true,"href":"https:\/\/voyage-aventure.com\/blog\/wp-json\/wp\/v2\/users\/34"}],"replies":[{"embeddable":true,"href":"https:\/\/voyage-aventure.com\/blog\/wp-json\/wp\/v2\/comments?post=10937"}],"version-history":[{"count":2,"href":"https:\/\/voyage-aventure.com\/blog\/wp-json\/wp\/v2\/posts\/10937\/revisions"}],"predecessor-version":[{"id":11055,"href":"https:\/\/voyage-aventure.com\/blog\/wp-json\/wp\/v2\/posts\/10937\/revisions\/11055"}],"wp:featuredmedia":[{"embeddable":true,"href":"https:\/\/voyage-aventure.com\/blog\/wp-json\/wp\/v2\/media\/10938"}],"wp:attachment":[{"href":"https:\/\/voyage-aventure.com\/blog\/wp-json\/wp\/v2\/media?parent=10937"}],"wp:term":[{"taxonomy":"category","embeddable":true,"href":"https:\/\/voyage-aventure.com\/blog\/wp-json\/wp\/v2\/categories?post=10937"},{"taxonomy":"post_tag","embeddable":true,"href":"https:\/\/voyage-aventure.com\/blog\/wp-json\/wp\/v2\/tags?post=10937"}],"curies":[{"name":"wp","href":"https:\/\/api.w.org\/{rel}","templated":true}]}}