{"id":10851,"date":"2026-06-03T05:49:36","date_gmt":"2026-06-03T03:49:36","guid":{"rendered":"https:\/\/voyage-aventure.com\/blog\/?p=10851"},"modified":"2026-06-03T05:49:36","modified_gmt":"2026-06-03T03:49:36","slug":"les-reflexions-de-brendan-sur-les-liens-entre-anglesey-et-lirlande","status":"publish","type":"post","link":"https:\/\/voyage-aventure.com\/blog\/destinations-aventure\/les-reflexions-de-brendan-sur-les-liens-entre-anglesey-et-lirlande\/","title":{"rendered":"les r\u00e9flexions de brendan sur les liens entre anglesey et l&rsquo;irlande"},"content":{"rendered":"<link rel=\"stylesheet\" href=\"https:\/\/fonts.googleapis.com\/css2?family=Fraunces:opsz,wght@9..144,500;9..144,600;9..144,700;9..144,900&#038;family=Inter:wght@400;500;600&#038;family=JetBrains+Mono:wght@500&#038;display=swap\" \/>\n<style>\n.va-anglesey-wrap{font-family:'Inter',-apple-system,BlinkMacSystemFont,sans-serif;color:#23201d;line-height:1.65;font-size:17px;max-width:760px;margin:0 auto}\n.va-anglesey-wrap h2{font-family:'Fraunces',Georgia,serif;font-weight:700;font-size:clamp(24px,3.2vw,33px);line-height:1.18;letter-spacing:-.01em;color:#1c1a18;margin:48px 0 18px}\n.va-anglesey-wrap h3{font-family:'Fraunces',Georgia,serif;font-weight:600;font-size:clamp(19px,2.4vw,23px);color:#1c1a18;margin:30px 0 12px}\n.va-anglesey-wrap p{margin:0 0 18px}\n.va-anglesey-lead{font-family:'Fraunces',Georgia,serif;font-weight:500;font-size:clamp(19px,2.3vw,22px);line-height:1.5;color:#3a352f;margin:0 0 30px;border-left:4px solid #2E6B52;padding:4px 0 4px 20px}\n.va-anglesey-fiche{background:#f4f0e9;border:1px solid #e3dccf;border-top:3px solid #2E6B52;border-radius:12px;padding:24px 26px;margin:0 0 36px;box-shadow:0 1px 2px rgba(16,24,40,.05),0 12px 28px -16px rgba(16,24,40,.18)}\n.va-anglesey-fiche-kick{font-family:'JetBrains Mono',monospace;font-weight:500;font-size:12px;letter-spacing:.14em;text-transform:uppercase;color:#2E6B52;margin-bottom:14px}\n.va-anglesey-fgrid{display:grid;grid-template-columns:repeat(auto-fit,minmax(200px,1fr));gap:14px 24px}\n.va-anglesey-fcell{display:flex;flex-direction:column;gap:3px}\n.va-anglesey-flabel{font-family:'JetBrains Mono',monospace;font-size:11px;letter-spacing:.1em;text-transform:uppercase;color:#8a8276}\n.va-anglesey-fval{font-weight:600;font-size:16px;color:#23201d}\n.va-anglesey-cards{display:grid;grid-template-columns:repeat(auto-fit,minmax(230px,1fr));gap:22px;margin:26px 0 8px}\n.va-anglesey-card{background:#fff;border:1px solid #e6e0d6;border-top:3px solid #2E6B52;border-radius:12px;padding:22px 22px;transition:.25s ease;box-shadow:0 1px 2px rgba(16,24,40,.05)}\n.va-anglesey-card:hover{transform:translateY(-3px);box-shadow:0 1px 2px rgba(16,24,40,.05),0 16px 32px -18px rgba(16,24,40,.28);border-color:#d3cabb}\n.va-anglesey-cname{font-family:'Fraunces',Georgia,serif;font-weight:600;font-size:19px;color:#1c1a18;margin-bottom:8px}\n.va-anglesey-ctxt{font-size:15.5px;color:#4a443c;line-height:1.6}\n.va-anglesey-quote{font-family:'Fraunces',Georgia,serif;font-weight:500;font-style:italic;font-size:clamp(21px,2.8vw,27px);line-height:1.4;color:#1c1a18;margin:40px 0;padding:6px 0 6px 26px;border-left:5px solid #2E6B52;position:relative}\n.va-anglesey-qsrc{display:block;font-family:'JetBrains Mono',monospace;font-style:normal;font-size:12px;letter-spacing:.08em;text-transform:uppercase;color:#2E6B52;margin-top:14px}\n.va-anglesey-retenir{background:#eef4f0;border:1px solid #cfe1d8;border-left:5px solid #2E6B52;border-radius:12px;padding:24px 26px;margin:40px 0}\n.va-anglesey-rtitle{font-family:'Fraunces',Georgia,serif;font-weight:700;font-size:20px;color:#1c1a18;margin-bottom:14px}\n.va-anglesey-rlist{list-style:none;margin:0;padding:0;display:flex;flex-direction:column;gap:11px}\n.va-anglesey-rlist li{position:relative;padding-left:26px;font-size:15.5px;color:#33302b;line-height:1.55}\n.va-anglesey-rlist li::before{content:\"\u203a\";position:absolute;left:4px;top:-1px;color:#2E6B52;font-weight:700;font-size:19px}\n.va-anglesey-wrap ul.va-anglesey-points{list-style:none;margin:24px 0;padding:0;display:flex;flex-direction:column;gap:10px}\n.va-anglesey-wrap ul.va-anglesey-points li{position:relative;padding-left:26px;font-size:16px;color:#33302b}\n.va-anglesey-wrap ul.va-anglesey-points li::before{content:\"\u2756\";position:absolute;left:0;top:0;color:#2E6B52;font-size:13px}\n.va-anglesey-faq{margin:36px 0 8px}\n.va-anglesey-faq details{border:1px solid #e3dccf;border-radius:10px;padding:0;margin-bottom:12px;background:#fff;transition:.25s ease}\n.va-anglesey-faq details:hover{border-color:#cfe1d8}\n.va-anglesey-faq summary{cursor:pointer;list-style:none;font-family:'Fraunces',Georgia,serif;font-weight:600;font-size:17px;color:#1c1a18;padding:16px 20px;display:flex;justify-content:space-between;align-items:center;gap:12px}\n.va-anglesey-faq summary::-webkit-details-marker{display:none}\n.va-anglesey-faq summary::after{content:\"+\";color:#2E6B52;font-size:22px;font-weight:600;line-height:1}\n.va-anglesey-faq details[open] summary::after{content:\"\u2013\"}\n.va-anglesey-faq .va-anglesey-ans{padding:0 20px 18px;font-size:15.5px;color:#4a443c;line-height:1.62}\n.va-anglesey-wrap img{max-width:100%;height:auto;border-radius:12px;margin:30px 0}\n<\/style>\n<div class=\"va-anglesey-wrap\">\n<div class=\"va-anglesey-lead\">En traversant la mer d&rsquo;Irlande, Brendan remonte le fil de souvenirs d&rsquo;enfance et red\u00e9couvre, \u00e0 la lumi\u00e8re d&rsquo;une journ\u00e9e d&rsquo;\u00e9tude \u00e0 Anglesey, \u00e0 quel point l&rsquo;\u00eele galloise et l&rsquo;Irlande restent li\u00e9es par l&rsquo;histoire, la mer et la culture.<\/div>\n<div class=\"va-anglesey-fiche\">\n<div class=\"va-anglesey-fiche-kick\">Le carnet de Brendan<\/div>\n<div class=\"va-anglesey-fgrid\">\n<div class=\"va-anglesey-fcell\"><span class=\"va-anglesey-flabel\">Le voyageur<\/span><span class=\"va-anglesey-fval\">Brendan<\/span><\/div>\n<div class=\"va-anglesey-fcell\"><span class=\"va-anglesey-flabel\">Trajet<\/span><span class=\"va-anglesey-fval\">Irlande \u2192 Holyhead<\/span><\/div>\n<div class=\"va-anglesey-fcell\"><span class=\"va-anglesey-flabel\">Lieux d&rsquo;enfance<\/span><span class=\"va-anglesey-fval\">Llandudno, pays de Galles<\/span><\/div>\n<div class=\"va-anglesey-fcell\"><span class=\"va-anglesey-flabel\">L&rsquo;\u00e9v\u00e9nement<\/span><span class=\"va-anglesey-fval\">AAS Day School, Anglesey<\/span><\/div>\n<div class=\"va-anglesey-fcell\"><span class=\"va-anglesey-flabel\">Le fil conducteur<\/span><span class=\"va-anglesey-fval\">Liens Anglesey\u2013Irlande<\/span><\/div>\n<\/div>\n<\/div>\n<h2>Un voyage au c\u0153ur des souvenirs<\/h2>\n<p>Brendan, en traversant la mer d&rsquo;Irlande, ressuscite des souvenirs d&rsquo;enfance enfouis. Les histoires de ses visites \u00e0 Wales, empreintes de nostalgie, se m\u00ealent \u00e0 la r\u00e9alit\u00e9 des liens culturels entre les deux \u00eeles. Chaque moment pass\u00e9 \u00e0 Holyhead \u00e9voque une mer d&rsquo;\u00e9motions, oscillant entre le r\u00e9el et l&rsquo;imaginaire.<\/p>\n<p>Les images de son p\u00e8re, le tenant dans ses bras, sont grav\u00e9es dans sa m\u00e9moire. Cette sc\u00e8ne de bateaux charg\u00e9s de b\u00e9tail \u00e0 destination de Holyhead r\u00e9sonne encore en lui. Chaque visite au pays de Galles \u00e9tait une aventure, teint\u00e9e de rires et de frayeurs, comme ces balades \u00e0 dos d&rsquo;\u00e2ne sur la plage de Llandudno.<\/p>\n<h2>Les connexions entre anglesey et l&rsquo;irlande<\/h2>\n<p>La rencontre de Brendan avec ses cousins \u00e0 Holyhead s&rsquo;inscrit dans un contexte plus vaste de relations historiques. Lors de l&rsquo;AAS Day School, des discussions sur les liens entre Anglesey et l&rsquo;Irlande ont r\u00e9v\u00e9l\u00e9 une richesse d&rsquo;interactions \u00e0 travers les \u00e2ges. Des chercheurs et des passionn\u00e9s se sont r\u00e9unis pour explorer les ramifications de cette connexion historique.<\/p>\n<p>Lowri Ann Rees, de l&rsquo;Universit\u00e9 de Bangor, a soulign\u00e9 l&rsquo;importance de ces \u00e9changes pour la culture et l&rsquo;\u00e9conomie des deux r\u00e9gions. La volont\u00e9 de cr\u00e9er des ponts entre les peuples, au-del\u00e0 des fronti\u00e8res, est palpable. Ce sentiment d&rsquo;unit\u00e9 est renforc\u00e9 par des lectures \u00e9vocatrices et des discussions sur les enjeux contemporains.<\/p>\n<div class=\"va-anglesey-cards\">\n<div class=\"va-anglesey-card\">\n<div class=\"va-anglesey-cname\">Lowri Ann Rees<\/div>\n<div class=\"va-anglesey-ctxt\">De l&rsquo;Universit\u00e9 de Bangor, elle insiste sur le poids de ces \u00e9changes pour la culture et l&rsquo;\u00e9conomie des deux r\u00e9gions, et sur la volont\u00e9 de b\u00e2tir des ponts entre les peuples par-del\u00e0 les fronti\u00e8res.<\/div>\n<\/div>\n<div class=\"va-anglesey-card\">\n<div class=\"va-anglesey-cname\">Jon Gower &amp; Mark Redknap<\/div>\n<div class=\"va-anglesey-ctxt\">Leurs interventions \u00e9clairent l&rsquo;impact des migrations et des \u00e9changes culturels, et rappellent comment Anglesey fut un carrefour de civilisations, des Vikings aux contemporains.<\/div>\n<\/div>\n<div class=\"va-anglesey-card\">\n<div class=\"va-anglesey-cname\">Cecile O&rsquo;Rahilly<\/div>\n<div class=\"va-anglesey-ctxt\">Son r\u00e9cit de vie rappelle l&rsquo;importance des liens personnels dans l&rsquo;enseignement et la culture, et nourrit chez Brendan l&rsquo;id\u00e9e que langue et histoire sont des vecteurs de soft power.<\/div>\n<\/div>\n<\/div>\n<h2>Un h\u00e9ritage partag\u00e9 et des aspirations communes<\/h2>\n<p>En \u00e9coutant les interventions de personnalit\u00e9s comme Jon Gower ou Mark Redknap, Brendan r\u00e9alise l&rsquo;impact des migrations et des \u00e9changes culturels. Ces histoires illustrent comment Anglesey a \u00e9t\u00e9 un carrefour pour de nombreuses civilisations, des Vikings aux contemporains. L&rsquo;\u00eele a jou\u00e9 un r\u00f4le crucial dans l&rsquo;histoire maritime entre l&rsquo;Irlande et le Pays de Galles.<\/p>\n<p>Les r\u00e9cits de vie de personnalit\u00e9s comme Cecile O&rsquo;Rahilly rappellent l&rsquo;importance des liens personnels dans l&rsquo;enseignement et la culture. Brendan se sent inspir\u00e9 par cette notion que la langue et l&rsquo;histoire sont des vecteurs de soft power. Les r\u00e9cits de vie et les luttes des anc\u00eatres lui rappellent la beaut\u00e9 et la complexit\u00e9 de son propre h\u00e9ritage.<\/p>\n<ul class=\"va-anglesey-points\">\n<li>Les souvenirs d&rsquo;enfance de Brendan en Irlande et au Pays de Galles<\/li>\n<li>Les rencontres et discussions sur les liens culturels<\/li>\n<li>L&rsquo;importance de l&rsquo;histoire maritime dans la connexion entre les \u00eeles<\/li>\n<li>Le r\u00f4le de la langue comme vecteur de culture et d&rsquo;identit\u00e9<\/li>\n<li>Les aspirations communes pour un avenir meilleur<\/li>\n<\/ul>\n<div class=\"va-anglesey-quote\">\n\u00ab Les oiseaux ne connaissent pas les fronti\u00e8res, et notre h\u00e9ritage naturel m\u00e9rite d&rsquo;\u00eatre pr\u00e9serv\u00e9. \u00bb<br \/>\n<span class=\"va-anglesey-qsrc\">Une voix entendue \u00e0 l&rsquo;AAS Day School<\/span>\n<\/div>\n<p>Brendan quitte Holyhead en se rem\u00e9morant les histoires partag\u00e9es et les liens tiss\u00e9s. Il sait que sa connexion avec l&rsquo;Irlande et Anglesey est plus qu&rsquo;un simple voyage ; c&rsquo;est un fil dor\u00e9 qui relie les histoires, les cultures et les g\u00e9n\u00e9rations. Les d\u00e9fis d&rsquo;aujourd&rsquo;hui, qu&rsquo;ils soient environnementaux ou \u00e9conomiques, ne peuvent effacer cette richesse partag\u00e9e.<\/p>\n<p>Il est conscient que l&rsquo;avenir de ces deux \u00eeles d\u00e9pend de leur capacit\u00e9 \u00e0 se rassembler. La mer d&rsquo;Irlande, qui les s\u00e9pare, est aussi celle qui les unit. La pr\u00e9servation de cette connexion n&rsquo;est pas seulement une question de g\u00e9ographie, mais un enjeu culturel vital pour les g\u00e9n\u00e9rations futures.<\/p>\n<p><img decoding=\"async\" width=\"1024\" height=\"576\" src=\"https:\/\/voyage-aventure.com\/blog\/wp-content\/uploads\/2025\/02\/stability-les-reflexions-de-brendan-sur-les-liens-entre-anglesey-et-lirlande-1.png\" class=\"aligncenter\" alt=\"Illustration d\u00e9taill\u00e9e sur les r\u00e9flexions de brendan sur les liens entre anglesey et l&#039;irlande\" title=\"les r\u00e9flexions de brendan sur les liens entre anglesey et l&#039;irlande\" loading=\"lazy\" \/><\/p>\n<div class=\"va-anglesey-retenir\">\n<div class=\"va-anglesey-rtitle\">\u00c0 retenir<\/div>\n<ul class=\"va-anglesey-rlist\">\n<li>Pour Brendan, la travers\u00e9e vers Holyhead ravive des souvenirs d&rsquo;enfance li\u00e9s au pays de Galles, \u00e0 Llandudno et \u00e0 son p\u00e8re.<\/li>\n<li>L&rsquo;AAS Day School \u00e0 Anglesey a r\u00e9uni chercheurs et passionn\u00e9s autour des liens historiques entre l&rsquo;\u00eele et l&rsquo;Irlande.<\/li>\n<li>Lowri Ann Rees (Universit\u00e9 de Bangor) rappelle le poids de ces \u00e9changes pour la culture et l&rsquo;\u00e9conomie des deux r\u00e9gions.<\/li>\n<li>Anglesey, carrefour de civilisations des Vikings \u00e0 nos jours, a jou\u00e9 un r\u00f4le cl\u00e9 dans l&rsquo;histoire maritime irlando-galloise.<\/li>\n<li>Langue, histoire et h\u00e9ritage naturel apparaissent comme des liens vivants \u00e0 pr\u00e9server pour les g\u00e9n\u00e9rations futures.<\/li>\n<\/ul>\n<\/div>\n<div class=\"va-anglesey-faq\">\n<details>\n<summary>Qu&rsquo;est-ce que l&rsquo;AAS Day School \u00e9voqu\u00e9e par Brendan ?<\/summary>\n<div class=\"va-anglesey-ans\">Il s&rsquo;agit de la journ\u00e9e d&rsquo;\u00e9tude au cours de laquelle chercheurs et passionn\u00e9s se sont r\u00e9unis pour explorer les liens historiques et culturels entre Anglesey et l&rsquo;Irlande, avec des interventions de personnalit\u00e9s comme Lowri Ann Rees, Jon Gower ou Mark Redknap.<\/div>\n<\/details>\n<details>\n<summary>Pourquoi Holyhead revient-il dans les souvenirs de Brendan ?<\/summary>\n<div class=\"va-anglesey-ans\">Holyhead, point d&rsquo;arriv\u00e9e de la travers\u00e9e depuis l&rsquo;Irlande, est associ\u00e9 \u00e0 ses souvenirs d&rsquo;enfance : la sc\u00e8ne de son p\u00e8re le tenant dans ses bras, les bateaux charg\u00e9s de b\u00e9tail et les retrouvailles avec ses cousins.<\/div>\n<\/details>\n<details>\n<summary>Quel r\u00f4le Anglesey a-t-elle jou\u00e9 entre l&rsquo;Irlande et le pays de Galles ?<\/summary>\n<div class=\"va-anglesey-ans\">D&rsquo;apr\u00e8s les \u00e9changes rapport\u00e9s, Anglesey a \u00e9t\u00e9 un carrefour pour de nombreuses civilisations, des Vikings aux contemporains, et a tenu un r\u00f4le crucial dans l&rsquo;histoire maritime reliant l&rsquo;Irlande et le Pays de Galles.<\/div>\n<\/details>\n<\/div>\n<\/div>\n","protected":false},"excerpt":{"rendered":"","protected":false},"author":34,"featured_media":10852,"comment_status":"open","ping_status":"open","sticky":false,"template":"","format":"standard","meta":{"_acf_changed":false,"manual_indexmenow":false,"indexmenow_id_project":0,"footnotes":""},"categories":[4520],"tags":[4221,4527,4769,5688,4635],"class_list":["post-10851","post","type-post","status-publish","format-standard","has-post-thumbnail","hentry","category-destinations-aventure","tag-culture","tag-decouverte-culturelle","tag-immersion-culturelle","tag-relations-internationales","tag-voyage","generate-columns","tablet-grid-50","mobile-grid-100","grid-parent","grid-25"],"acf":[],"yoast_head":"<!-- This site is optimized with the Yoast SEO Premium plugin v21.3 (Yoast SEO v25.1) - https:\/\/yoast.com\/wordpress\/plugins\/seo\/ -->\n<title>les r\u00e9flexions de brendan sur les liens entre anglesey et<\/title>\n<meta name=\"description\" content=\"En traversant la mer d&#039;Irlande, Brendan remonte le fil de souvenirs d&#039;enfance et red\u00e9couvre, \u00e0 la lumi\u00e8re d&#039;une journ\u00e9e d&#039;\u00e9tude \u00e0 Anglesey, \u00e0 quel point\" \/>\n<meta name=\"robots\" content=\"index, follow, max-snippet:-1, max-image-preview:large, max-video-preview:-1\" \/>\n<link rel=\"canonical\" href=\"https:\/\/voyage-aventure.com\/blog\/destinations-aventure\/les-reflexions-de-brendan-sur-les-liens-entre-anglesey-et-lirlande\/\" \/>\n<meta property=\"og:locale\" content=\"fr_FR\" \/>\n<meta property=\"og:type\" content=\"article\" \/>\n<meta property=\"og:title\" content=\"les r\u00e9flexions de brendan sur les liens entre anglesey et\" \/>\n<meta property=\"og:description\" content=\"En traversant la mer d&#039;Irlande, Brendan remonte le fil de souvenirs d&#039;enfance et red\u00e9couvre, \u00e0 la lumi\u00e8re d&#039;une journ\u00e9e d&#039;\u00e9tude \u00e0 Anglesey, \u00e0 quel point\" \/>\n<meta property=\"og:url\" content=\"https:\/\/voyage-aventure.com\/blog\/destinations-aventure\/les-reflexions-de-brendan-sur-les-liens-entre-anglesey-et-lirlande\/\" \/>\n<meta property=\"og:site_name\" content=\"voyage-aventure\" \/>\n<meta property=\"og:image\" content=\"https:\/\/voyage-aventure.com\/blog\/wp-content\/uploads\/2025\/02\/stability-les-reflexions-de-brendan-sur-les-liens-entre-anglesey-et-lirlande.png\" \/>\n\t<meta property=\"og:image:width\" content=\"1024\" \/>\n\t<meta property=\"og:image:height\" content=\"576\" \/>\n\t<meta property=\"og:image:type\" content=\"image\/png\" \/>\n<meta name=\"author\" content=\"Camille Rouvray\" \/>\n<meta name=\"twitter:card\" content=\"summary_large_image\" \/>\n<script type=\"application\/ld+json\" class=\"yoast-schema-graph\">{\"@context\":\"https:\/\/schema.org\",\"@graph\":[{\"@type\":\"NewsArticle\",\"@id\":\"https:\/\/voyage-aventure.com\/blog\/destinations-aventure\/les-reflexions-de-brendan-sur-les-liens-entre-anglesey-et-lirlande\/#article\",\"isPartOf\":{\"@id\":\"https:\/\/voyage-aventure.com\/blog\/destinations-aventure\/les-reflexions-de-brendan-sur-les-liens-entre-anglesey-et-lirlande\/\"},\"author\":{\"name\":\"Camille Rouvray\",\"@id\":\"https:\/\/voyage-aventure.com\/blog\/#\/schema\/person\/3c864cdc320801e3db34b663e7e3f816\"},\"headline\":\"les r\u00e9flexions de brendan sur les liens entre anglesey et l&rsquo;irlande\",\"datePublished\":\"2026-06-03T03:49:36+00:00\",\"mainEntityOfPage\":{\"@id\":\"https:\/\/voyage-aventure.com\/blog\/destinations-aventure\/les-reflexions-de-brendan-sur-les-liens-entre-anglesey-et-lirlande\/\"},\"wordCount\":1054,\"commentCount\":22,\"publisher\":{\"@id\":\"https:\/\/voyage-aventure.com\/blog\/#organization\"},\"image\":{\"@id\":\"https:\/\/voyage-aventure.com\/blog\/destinations-aventure\/les-reflexions-de-brendan-sur-les-liens-entre-anglesey-et-lirlande\/#primaryimage\"},\"thumbnailUrl\":\"https:\/\/voyage-aventure.com\/blog\/wp-content\/uploads\/2025\/02\/stability-les-reflexions-de-brendan-sur-les-liens-entre-anglesey-et-lirlande.png\",\"keywords\":[\"Culture\",\"D\u00e9couverte Culturelle\",\"Immersion Culturelle\",\"Relations Internationales\",\"Voyage\"],\"articleSection\":[\"Destinations Aventure\"],\"inLanguage\":\"fr-FR\",\"potentialAction\":[{\"@type\":\"CommentAction\",\"name\":\"Comment\",\"target\":[\"https:\/\/voyage-aventure.com\/blog\/destinations-aventure\/les-reflexions-de-brendan-sur-les-liens-entre-anglesey-et-lirlande\/#respond\"]}]},{\"@type\":\"WebPage\",\"@id\":\"https:\/\/voyage-aventure.com\/blog\/destinations-aventure\/les-reflexions-de-brendan-sur-les-liens-entre-anglesey-et-lirlande\/\",\"url\":\"https:\/\/voyage-aventure.com\/blog\/destinations-aventure\/les-reflexions-de-brendan-sur-les-liens-entre-anglesey-et-lirlande\/\",\"name\":\"les r\u00e9flexions de brendan sur les liens entre anglesey et\",\"isPartOf\":{\"@id\":\"https:\/\/voyage-aventure.com\/blog\/#website\"},\"primaryImageOfPage\":{\"@id\":\"https:\/\/voyage-aventure.com\/blog\/destinations-aventure\/les-reflexions-de-brendan-sur-les-liens-entre-anglesey-et-lirlande\/#primaryimage\"},\"image\":{\"@id\":\"https:\/\/voyage-aventure.com\/blog\/destinations-aventure\/les-reflexions-de-brendan-sur-les-liens-entre-anglesey-et-lirlande\/#primaryimage\"},\"thumbnailUrl\":\"https:\/\/voyage-aventure.com\/blog\/wp-content\/uploads\/2025\/02\/stability-les-reflexions-de-brendan-sur-les-liens-entre-anglesey-et-lirlande.png\",\"datePublished\":\"2026-06-03T03:49:36+00:00\",\"description\":\"En traversant la mer d'Irlande, Brendan remonte le fil de souvenirs d'enfance et red\u00e9couvre, \u00e0 la lumi\u00e8re d'une journ\u00e9e d'\u00e9tude \u00e0 Anglesey, \u00e0 quel point\",\"inLanguage\":\"fr-FR\",\"potentialAction\":[{\"@type\":\"ReadAction\",\"target\":[\"https:\/\/voyage-aventure.com\/blog\/destinations-aventure\/les-reflexions-de-brendan-sur-les-liens-entre-anglesey-et-lirlande\/\"]}]},{\"@type\":\"ImageObject\",\"inLanguage\":\"fr-FR\",\"@id\":\"https:\/\/voyage-aventure.com\/blog\/destinations-aventure\/les-reflexions-de-brendan-sur-les-liens-entre-anglesey-et-lirlande\/#primaryimage\",\"url\":\"https:\/\/voyage-aventure.com\/blog\/wp-content\/uploads\/2025\/02\/stability-les-reflexions-de-brendan-sur-les-liens-entre-anglesey-et-lirlande.png\",\"contentUrl\":\"https:\/\/voyage-aventure.com\/blog\/wp-content\/uploads\/2025\/02\/stability-les-reflexions-de-brendan-sur-les-liens-entre-anglesey-et-lirlande.png\",\"width\":1024,\"height\":576},{\"@type\":\"WebSite\",\"@id\":\"https:\/\/voyage-aventure.com\/blog\/#website\",\"url\":\"https:\/\/voyage-aventure.com\/blog\/\",\"name\":\"voyage-aventure.com\",\"description\":\"Votre passeport pour l\u2019inattendu.\",\"publisher\":{\"@id\":\"https:\/\/voyage-aventure.com\/blog\/#organization\"},\"alternateName\":\"Votre passeport pour l\u2019inattendu.\",\"potentialAction\":[{\"@type\":\"SearchAction\",\"target\":{\"@type\":\"EntryPoint\",\"urlTemplate\":\"https:\/\/voyage-aventure.com\/blog\/?s={search_term_string}\"},\"query-input\":{\"@type\":\"PropertyValueSpecification\",\"valueRequired\":true,\"valueName\":\"search_term_string\"}}],\"inLanguage\":\"fr-FR\"},{\"@type\":\"Organization\",\"@id\":\"https:\/\/voyage-aventure.com\/blog\/#organization\",\"name\":\"Foretsensations.fr\",\"url\":\"https:\/\/voyage-aventure.com\/blog\/\",\"logo\":{\"@type\":\"ImageObject\",\"inLanguage\":\"fr-FR\",\"@id\":\"https:\/\/voyage-aventure.com\/blog\/#\/schema\/logo\/image\/\",\"url\":\"https:\/\/voyage-aventure.com\/blog\/wp-content\/uploads\/2024\/12\/19.png\",\"contentUrl\":\"https:\/\/voyage-aventure.com\/blog\/wp-content\/uploads\/2024\/12\/19.png\",\"width\":512,\"height\":512,\"caption\":\"Foretsensations.fr\"},\"image\":{\"@id\":\"https:\/\/voyage-aventure.com\/blog\/#\/schema\/logo\/image\/\"}},{\"@type\":\"Person\",\"@id\":\"https:\/\/voyage-aventure.com\/blog\/#\/schema\/person\/3c864cdc320801e3db34b663e7e3f816\",\"name\":\"Camille Rouvray\",\"image\":{\"@type\":\"ImageObject\",\"inLanguage\":\"fr-FR\",\"@id\":\"https:\/\/voyage-aventure.com\/blog\/#\/schema\/person\/image\/\",\"url\":\"https:\/\/voyage-aventure.com\/blog\/wp-content\/uploads\/2026\/06\/persona_camille-r-96x96.jpg\",\"contentUrl\":\"https:\/\/voyage-aventure.com\/blog\/wp-content\/uploads\/2026\/06\/persona_camille-r-96x96.jpg\",\"caption\":\"Camille Rouvray\"},\"description\":\"Je voyage et j'\u00e9cris sur le voyage depuis une douzaine d'ann\u00e9es, d'abord en tant que routarde au long cours, puis comme r\u00e9dactrice sp\u00e9cialis\u00e9e. Mon terrain de pr\u00e9dilection, ce sont les circuits organis\u00e9s et l'art de bien pr\u00e9parer un itin\u00e9raire : choix de la saison, dur\u00e9e r\u00e9aliste des \u00e9tapes, budget jour par jour, logement et transport sur place. J'aime aussi raconter les p\u00e9pites urbaines, ces adresses qu'on ne trouve pas dans les guides classiques. Avant de publier un dossier destination, je croise toujours plusieurs sources, je v\u00e9rifie les tarifs et les formalit\u00e9s d'entr\u00e9e \u00e0 jour, et je teste moi-m\u00eame quand je le peux. Mon angle reste pratique avant tout : aider le lecteur \u00e0 partir l'esprit tranquille, sans mauvaise surprise une fois sur place. Je m'attache \u00e0 distinguer le coup de c\u0153ur sinc\u00e8re du simple argument marketing.\",\"sameAs\":[\"https:\/\/camillerouvray.fr\/\"],\"url\":\"https:\/\/voyage-aventure.com\/blog\/auteur\/noname\/\"}]}<\/script>\n<!-- \/ Yoast SEO Premium plugin. -->","yoast_head_json":{"title":"les r\u00e9flexions de brendan sur les liens entre anglesey et","description":"En traversant la mer d'Irlande, Brendan remonte le fil de souvenirs d'enfance et red\u00e9couvre, \u00e0 la lumi\u00e8re d'une journ\u00e9e d'\u00e9tude \u00e0 Anglesey, \u00e0 quel point","robots":{"index":"index","follow":"follow","max-snippet":"max-snippet:-1","max-image-preview":"max-image-preview:large","max-video-preview":"max-video-preview:-1"},"canonical":"https:\/\/voyage-aventure.com\/blog\/destinations-aventure\/les-reflexions-de-brendan-sur-les-liens-entre-anglesey-et-lirlande\/","og_locale":"fr_FR","og_type":"article","og_title":"les r\u00e9flexions de brendan sur les liens entre anglesey et","og_description":"En traversant la mer d'Irlande, Brendan remonte le fil de souvenirs d'enfance et red\u00e9couvre, \u00e0 la lumi\u00e8re d'une journ\u00e9e d'\u00e9tude \u00e0 Anglesey, \u00e0 quel point","og_url":"https:\/\/voyage-aventure.com\/blog\/destinations-aventure\/les-reflexions-de-brendan-sur-les-liens-entre-anglesey-et-lirlande\/","og_site_name":"voyage-aventure","og_image":[{"width":1024,"height":576,"url":"https:\/\/voyage-aventure.com\/blog\/wp-content\/uploads\/2025\/02\/stability-les-reflexions-de-brendan-sur-les-liens-entre-anglesey-et-lirlande.png","type":"image\/png"}],"author":"Camille Rouvray","twitter_card":"summary_large_image","schema":{"@context":"https:\/\/schema.org","@graph":[{"@type":"NewsArticle","@id":"https:\/\/voyage-aventure.com\/blog\/destinations-aventure\/les-reflexions-de-brendan-sur-les-liens-entre-anglesey-et-lirlande\/#article","isPartOf":{"@id":"https:\/\/voyage-aventure.com\/blog\/destinations-aventure\/les-reflexions-de-brendan-sur-les-liens-entre-anglesey-et-lirlande\/"},"author":{"name":"Camille Rouvray","@id":"https:\/\/voyage-aventure.com\/blog\/#\/schema\/person\/3c864cdc320801e3db34b663e7e3f816"},"headline":"les r\u00e9flexions de brendan sur les liens entre anglesey et l&rsquo;irlande","datePublished":"2026-06-03T03:49:36+00:00","mainEntityOfPage":{"@id":"https:\/\/voyage-aventure.com\/blog\/destinations-aventure\/les-reflexions-de-brendan-sur-les-liens-entre-anglesey-et-lirlande\/"},"wordCount":1054,"commentCount":22,"publisher":{"@id":"https:\/\/voyage-aventure.com\/blog\/#organization"},"image":{"@id":"https:\/\/voyage-aventure.com\/blog\/destinations-aventure\/les-reflexions-de-brendan-sur-les-liens-entre-anglesey-et-lirlande\/#primaryimage"},"thumbnailUrl":"https:\/\/voyage-aventure.com\/blog\/wp-content\/uploads\/2025\/02\/stability-les-reflexions-de-brendan-sur-les-liens-entre-anglesey-et-lirlande.png","keywords":["Culture","D\u00e9couverte Culturelle","Immersion Culturelle","Relations Internationales","Voyage"],"articleSection":["Destinations Aventure"],"inLanguage":"fr-FR","potentialAction":[{"@type":"CommentAction","name":"Comment","target":["https:\/\/voyage-aventure.com\/blog\/destinations-aventure\/les-reflexions-de-brendan-sur-les-liens-entre-anglesey-et-lirlande\/#respond"]}]},{"@type":"WebPage","@id":"https:\/\/voyage-aventure.com\/blog\/destinations-aventure\/les-reflexions-de-brendan-sur-les-liens-entre-anglesey-et-lirlande\/","url":"https:\/\/voyage-aventure.com\/blog\/destinations-aventure\/les-reflexions-de-brendan-sur-les-liens-entre-anglesey-et-lirlande\/","name":"les r\u00e9flexions de brendan sur les liens entre anglesey et","isPartOf":{"@id":"https:\/\/voyage-aventure.com\/blog\/#website"},"primaryImageOfPage":{"@id":"https:\/\/voyage-aventure.com\/blog\/destinations-aventure\/les-reflexions-de-brendan-sur-les-liens-entre-anglesey-et-lirlande\/#primaryimage"},"image":{"@id":"https:\/\/voyage-aventure.com\/blog\/destinations-aventure\/les-reflexions-de-brendan-sur-les-liens-entre-anglesey-et-lirlande\/#primaryimage"},"thumbnailUrl":"https:\/\/voyage-aventure.com\/blog\/wp-content\/uploads\/2025\/02\/stability-les-reflexions-de-brendan-sur-les-liens-entre-anglesey-et-lirlande.png","datePublished":"2026-06-03T03:49:36+00:00","description":"En traversant la mer d'Irlande, Brendan remonte le fil de souvenirs d'enfance et red\u00e9couvre, \u00e0 la lumi\u00e8re d'une journ\u00e9e d'\u00e9tude \u00e0 Anglesey, \u00e0 quel point","inLanguage":"fr-FR","potentialAction":[{"@type":"ReadAction","target":["https:\/\/voyage-aventure.com\/blog\/destinations-aventure\/les-reflexions-de-brendan-sur-les-liens-entre-anglesey-et-lirlande\/"]}]},{"@type":"ImageObject","inLanguage":"fr-FR","@id":"https:\/\/voyage-aventure.com\/blog\/destinations-aventure\/les-reflexions-de-brendan-sur-les-liens-entre-anglesey-et-lirlande\/#primaryimage","url":"https:\/\/voyage-aventure.com\/blog\/wp-content\/uploads\/2025\/02\/stability-les-reflexions-de-brendan-sur-les-liens-entre-anglesey-et-lirlande.png","contentUrl":"https:\/\/voyage-aventure.com\/blog\/wp-content\/uploads\/2025\/02\/stability-les-reflexions-de-brendan-sur-les-liens-entre-anglesey-et-lirlande.png","width":1024,"height":576},{"@type":"WebSite","@id":"https:\/\/voyage-aventure.com\/blog\/#website","url":"https:\/\/voyage-aventure.com\/blog\/","name":"voyage-aventure.com","description":"Votre passeport pour l\u2019inattendu.","publisher":{"@id":"https:\/\/voyage-aventure.com\/blog\/#organization"},"alternateName":"Votre passeport pour l\u2019inattendu.","potentialAction":[{"@type":"SearchAction","target":{"@type":"EntryPoint","urlTemplate":"https:\/\/voyage-aventure.com\/blog\/?s={search_term_string}"},"query-input":{"@type":"PropertyValueSpecification","valueRequired":true,"valueName":"search_term_string"}}],"inLanguage":"fr-FR"},{"@type":"Organization","@id":"https:\/\/voyage-aventure.com\/blog\/#organization","name":"Foretsensations.fr","url":"https:\/\/voyage-aventure.com\/blog\/","logo":{"@type":"ImageObject","inLanguage":"fr-FR","@id":"https:\/\/voyage-aventure.com\/blog\/#\/schema\/logo\/image\/","url":"https:\/\/voyage-aventure.com\/blog\/wp-content\/uploads\/2024\/12\/19.png","contentUrl":"https:\/\/voyage-aventure.com\/blog\/wp-content\/uploads\/2024\/12\/19.png","width":512,"height":512,"caption":"Foretsensations.fr"},"image":{"@id":"https:\/\/voyage-aventure.com\/blog\/#\/schema\/logo\/image\/"}},{"@type":"Person","@id":"https:\/\/voyage-aventure.com\/blog\/#\/schema\/person\/3c864cdc320801e3db34b663e7e3f816","name":"Camille Rouvray","image":{"@type":"ImageObject","inLanguage":"fr-FR","@id":"https:\/\/voyage-aventure.com\/blog\/#\/schema\/person\/image\/","url":"https:\/\/voyage-aventure.com\/blog\/wp-content\/uploads\/2026\/06\/persona_camille-r-96x96.jpg","contentUrl":"https:\/\/voyage-aventure.com\/blog\/wp-content\/uploads\/2026\/06\/persona_camille-r-96x96.jpg","caption":"Camille Rouvray"},"description":"Je voyage et j'\u00e9cris sur le voyage depuis une douzaine d'ann\u00e9es, d'abord en tant que routarde au long cours, puis comme r\u00e9dactrice sp\u00e9cialis\u00e9e. Mon terrain de pr\u00e9dilection, ce sont les circuits organis\u00e9s et l'art de bien pr\u00e9parer un itin\u00e9raire : choix de la saison, dur\u00e9e r\u00e9aliste des \u00e9tapes, budget jour par jour, logement et transport sur place. J'aime aussi raconter les p\u00e9pites urbaines, ces adresses qu'on ne trouve pas dans les guides classiques. Avant de publier un dossier destination, je croise toujours plusieurs sources, je v\u00e9rifie les tarifs et les formalit\u00e9s d'entr\u00e9e \u00e0 jour, et je teste moi-m\u00eame quand je le peux. Mon angle reste pratique avant tout : aider le lecteur \u00e0 partir l'esprit tranquille, sans mauvaise surprise une fois sur place. Je m'attache \u00e0 distinguer le coup de c\u0153ur sinc\u00e8re du simple argument marketing.","sameAs":["https:\/\/camillerouvray.fr\/"],"url":"https:\/\/voyage-aventure.com\/blog\/auteur\/noname\/"}]}},"_links":{"self":[{"href":"https:\/\/voyage-aventure.com\/blog\/wp-json\/wp\/v2\/posts\/10851","targetHints":{"allow":["GET"]}}],"collection":[{"href":"https:\/\/voyage-aventure.com\/blog\/wp-json\/wp\/v2\/posts"}],"about":[{"href":"https:\/\/voyage-aventure.com\/blog\/wp-json\/wp\/v2\/types\/post"}],"author":[{"embeddable":true,"href":"https:\/\/voyage-aventure.com\/blog\/wp-json\/wp\/v2\/users\/34"}],"replies":[{"embeddable":true,"href":"https:\/\/voyage-aventure.com\/blog\/wp-json\/wp\/v2\/comments?post=10851"}],"version-history":[{"count":2,"href":"https:\/\/voyage-aventure.com\/blog\/wp-json\/wp\/v2\/posts\/10851\/revisions"}],"predecessor-version":[{"id":21690,"href":"https:\/\/voyage-aventure.com\/blog\/wp-json\/wp\/v2\/posts\/10851\/revisions\/21690"}],"wp:featuredmedia":[{"embeddable":true,"href":"https:\/\/voyage-aventure.com\/blog\/wp-json\/wp\/v2\/media\/10852"}],"wp:attachment":[{"href":"https:\/\/voyage-aventure.com\/blog\/wp-json\/wp\/v2\/media?parent=10851"}],"wp:term":[{"taxonomy":"category","embeddable":true,"href":"https:\/\/voyage-aventure.com\/blog\/wp-json\/wp\/v2\/categories?post=10851"},{"taxonomy":"post_tag","embeddable":true,"href":"https:\/\/voyage-aventure.com\/blog\/wp-json\/wp\/v2\/tags?post=10851"}],"curies":[{"name":"wp","href":"https:\/\/api.w.org\/{rel}","templated":true}]}}