{"id":10817,"date":"2025-02-21T03:23:24","date_gmt":"2025-02-21T02:23:24","guid":{"rendered":"https:\/\/voyage-aventure.com\/blog\/?p=10817"},"modified":"2025-02-19T23:23:22","modified_gmt":"2025-02-19T22:23:22","slug":"un-voyage-de-70-jours-en-mer-la-resilience-delizabeth-tucker-et-cole-brauer","status":"publish","type":"post","link":"https:\/\/voyage-aventure.com\/blog\/destinations-aventure\/un-voyage-de-70-jours-en-mer-la-resilience-delizabeth-tucker-et-cole-brauer\/","title":{"rendered":"Un voyage de 70 jours en mer : la r\u00e9silience d&rsquo;Elizabeth Tucker et Cole Brauer"},"content":{"rendered":"<h2>Un p\u00e9riple maritime hors du commun<\/h2>\n<p>Ce p\u00e9riple a d\u00e9but\u00e9 en Espagne et a mis \u00e0 l&rsquo;\u00e9preuve leur endurance, leur comp\u00e9tence nautique et leur r\u00e9silience face aux \u00e9l\u00e9ments. En traversant l&rsquo;Atlantique et en affrontant les d\u00e9fis de l&rsquo;oc\u00e9an Austral, elles ont surmont\u00e9 des \u00e9preuves redoutables.<\/p>\n<p>Les d\u00e9fis \u00e9taient nombreux, notamment des vents violents et de grandes vagues. Les deux navigatrices ont \u00e9galement d\u00fb faire face \u00e0 des probl\u00e8mes de sant\u00e9, comme une intoxication alimentaire, ainsi qu&rsquo;\u00e0 une collision en mer. Malgr\u00e9 ces incidents, elles ont gard\u00e9 le cap et sont d\u00e9sormais pr\u00eates \u00e0 f\u00eater leur retour en Australie.<\/p>\n<h2>Une \u00e9quipe f\u00e9minine d\u00e9termin\u00e9e<\/h2>\n<p>Elizabeth Tucker, ancienne directrice financi\u00e8re, a d\u00e9cid\u00e9 de changer de vie il y a quatre ans pour r\u00e9aliser son r\u00eave de participer \u00e0 des courses oc\u00e9aniques. En achetant le voilier First Light en Espagne, elle a invit\u00e9 Cole Brauer, une navigatrice exp\u00e9riment\u00e9e, \u00e0 traverser l&rsquo;oc\u00e9an avec elle. Ensemble, elles ont pass\u00e9 24 heures sur 24 dans un espace r\u00e9duit, vivant des moments de calme et d&rsquo;autres de temp\u00eate.<img decoding=\"async\" width=\"1024\" height=\"576\" src=\"https:\/\/voyage-aventure.com\/blog\/wp-content\/uploads\/2025\/02\/stability-un-voyage-de-70-jours-en-mer-la-resilience-delizabeth-tucker-et-cole-brauer-1.png\" class=\"aligncenter\" alt=\"Illustration d\u00e9taill\u00e9e sur Un voyage de 70 jours en mer : la r\u00e9silience d&#039;Elizabeth Tucker et Cole Brauer\" title=\"Un voyage de 70 jours en mer : la r\u00e9silience d&#039;Elizabeth Tucker et Cole Brauer\" loading=\"lazy\" \/><\/p>\n<p>La camaraderie entre les deux femmes a \u00e9t\u00e9 essentielle pour surmonter les difficult\u00e9s rencontr\u00e9es en mer. Cole, avec son exp\u00e9rience en navigation, a jou\u00e9 un r\u00f4le crucial dans la gestion de leur bateau et dans le soutien moral d&rsquo;Elizabeth. \u00ab\u00a0Cette travers\u00e9e a \u00e9t\u00e9 un test incroyable de r\u00e9silience et de comp\u00e9tence nautique\u00a0\u00bb, a d\u00e9clar\u00e9 Elizabeth.<\/p>\n<h2>Un accueil triomphal \u00e0 Sydney<\/h2>\n<p>Alors qu&rsquo;elles se dirigent vers Sydney, l&rsquo;excitation monte pour leur \u00e9v\u00e9nement de retour officiel au Middle Harbour Yacht Club. \u00c0 leur arriv\u00e9e, First Light sera amarr\u00e9 \u00e0 la marina d&rsquo;Albora, gr\u00e2ce au soutien g\u00e9n\u00e9reux de leurs partenaires. Elles anticipent avec impatience les retrouvailles avec leurs amis et leur famille, qui ont suivi leur aventure sur les r\u00e9seaux sociaux.<\/p>\n<p>Ce voyage a non seulement \u00e9t\u00e9 une \u00e9preuve physique, mais aussi une exp\u00e9rience enrichissante sur le plan personnel. Elizabeth et Cole sont d\u00e9sormais pr\u00eates \u00e0 partager leurs histoires et leurs le\u00e7ons apprises en mer avec le monde entier. Leurs aventures inspirent de nombreuses personnes \u00e0 poursuivre leurs r\u00eaves, quel que soit l&rsquo;obstacle.<\/p>\n<blockquote><p>\n  \u201cL&rsquo;exp\u00e9rience de Cole a \u00e9t\u00e9 inestimable, tant sur les aspects techniques de la navigation que sur la gestion de soi et de son bateau face \u00e0 tout ce que l&rsquo;oc\u00e9an nous r\u00e9serve.\u201d &#8211; Elizabeth Tucker\n<\/p><\/blockquote>\n<ul>\n<li>D\u00e9part d&rsquo;Espagne et travers\u00e9e de l&rsquo;Atlantique<\/li>\n<li>Affrontement de conditions m\u00e9t\u00e9orologiques extr\u00eames<\/li>\n<li>Intoxication alimentaire et collision en mer<\/li>\n<li>\u00c9v\u00e9nement de retour au Middle Harbour Yacht Club<\/li>\n<li>Amarrage \u00e0 la marina d&rsquo;Albora<\/li>\n<\/ul>\n<p>Cet article pr\u00e9sente le voyage d&rsquo;Elizabeth Tucker et Cole Brauer, soulignant leurs d\u00e9fis et r\u00e9ussites, tout en maintenant un ton engageant et inspirant.<\/p>\n","protected":false},"excerpt":{"rendered":"","protected":false},"author":34,"featured_media":10818,"comment_status":"open","ping_status":"open","sticky":false,"template":"","format":"standard","meta":{"_acf_changed":false,"manual_indexmenow":false,"indexmenow_id_project":0,"footnotes":""},"categories":[4520],"tags":[4537,4639,4527,4530,4408],"class_list":["post-10817","post","type-post","status-publish","format-standard","has-post-thumbnail","hentry","category-destinations-aventure","tag-activites-nautiques","tag-aventure","tag-decouverte-culturelle","tag-escapade-en-europe","tag-resilience","generate-columns","tablet-grid-50","mobile-grid-100","grid-parent","grid-25"],"acf":[],"yoast_head":"<!-- This site is optimized with the Yoast SEO Premium plugin v21.3 (Yoast SEO v25.1) - https:\/\/yoast.com\/wordpress\/plugins\/seo\/ -->\n<title>Un voyage de 70 jours en mer : la r\u00e9silience d&#039;Elizabeth<\/title>\n<meta name=\"description\" content=\"Ce p\u00e9riple a d\u00e9but\u00e9 en Espagne et a mis \u00e0 l&#039;\u00e9preuve leur endurance, leur comp\u00e9tence nautique et leur r\u00e9silience face aux \u00e9l\u00e9ments. En traversant\" \/>\n<meta name=\"robots\" content=\"index, follow, max-snippet:-1, max-image-preview:large, max-video-preview:-1\" \/>\n<link rel=\"canonical\" href=\"https:\/\/voyage-aventure.com\/blog\/destinations-aventure\/un-voyage-de-70-jours-en-mer-la-resilience-delizabeth-tucker-et-cole-brauer\/\" \/>\n<meta property=\"og:locale\" content=\"fr_FR\" \/>\n<meta property=\"og:type\" content=\"article\" \/>\n<meta property=\"og:title\" content=\"Un voyage de 70 jours en mer : la r\u00e9silience d&#039;Elizabeth\" \/>\n<meta property=\"og:description\" content=\"Ce p\u00e9riple a d\u00e9but\u00e9 en Espagne et a mis \u00e0 l&#039;\u00e9preuve leur endurance, leur comp\u00e9tence nautique et leur r\u00e9silience face aux \u00e9l\u00e9ments. En traversant\" \/>\n<meta property=\"og:url\" content=\"https:\/\/voyage-aventure.com\/blog\/destinations-aventure\/un-voyage-de-70-jours-en-mer-la-resilience-delizabeth-tucker-et-cole-brauer\/\" \/>\n<meta property=\"og:site_name\" content=\"voyage-aventure\" \/>\n<meta property=\"og:image\" content=\"https:\/\/voyage-aventure.com\/blog\/wp-content\/uploads\/2025\/02\/stability-un-voyage-de-70-jours-en-mer-la-resilience-delizabeth-tucker-et-cole-brauer.png\" \/>\n\t<meta property=\"og:image:width\" content=\"1024\" \/>\n\t<meta property=\"og:image:height\" content=\"576\" \/>\n\t<meta property=\"og:image:type\" content=\"image\/png\" \/>\n<meta name=\"author\" content=\"Camille Rouvray\" \/>\n<meta name=\"twitter:card\" content=\"summary_large_image\" \/>\n<script type=\"application\/ld+json\" class=\"yoast-schema-graph\">{\"@context\":\"https:\/\/schema.org\",\"@graph\":[{\"@type\":\"NewsArticle\",\"@id\":\"https:\/\/voyage-aventure.com\/blog\/destinations-aventure\/un-voyage-de-70-jours-en-mer-la-resilience-delizabeth-tucker-et-cole-brauer\/#article\",\"isPartOf\":{\"@id\":\"https:\/\/voyage-aventure.com\/blog\/destinations-aventure\/un-voyage-de-70-jours-en-mer-la-resilience-delizabeth-tucker-et-cole-brauer\/\"},\"author\":{\"name\":\"Camille Rouvray\",\"@id\":\"https:\/\/voyage-aventure.com\/blog\/#\/schema\/person\/3c864cdc320801e3db34b663e7e3f816\"},\"headline\":\"Un voyage de 70 jours en mer : la r\u00e9silience d&rsquo;Elizabeth Tucker et Cole Brauer\",\"datePublished\":\"2025-02-21T02:23:24+00:00\",\"mainEntityOfPage\":{\"@id\":\"https:\/\/voyage-aventure.com\/blog\/destinations-aventure\/un-voyage-de-70-jours-en-mer-la-resilience-delizabeth-tucker-et-cole-brauer\/\"},\"wordCount\":502,\"commentCount\":23,\"publisher\":{\"@id\":\"https:\/\/voyage-aventure.com\/blog\/#organization\"},\"image\":{\"@id\":\"https:\/\/voyage-aventure.com\/blog\/destinations-aventure\/un-voyage-de-70-jours-en-mer-la-resilience-delizabeth-tucker-et-cole-brauer\/#primaryimage\"},\"thumbnailUrl\":\"https:\/\/voyage-aventure.com\/blog\/wp-content\/uploads\/2025\/02\/stability-un-voyage-de-70-jours-en-mer-la-resilience-delizabeth-tucker-et-cole-brauer.png\",\"keywords\":[\"Activit\u00e9s Nautiques\",\"Aventure\",\"D\u00e9couverte Culturelle\",\"Escapade en Europe\",\"R\u00e9silience\"],\"articleSection\":[\"Destinations Aventure\"],\"inLanguage\":\"fr-FR\",\"potentialAction\":[{\"@type\":\"CommentAction\",\"name\":\"Comment\",\"target\":[\"https:\/\/voyage-aventure.com\/blog\/destinations-aventure\/un-voyage-de-70-jours-en-mer-la-resilience-delizabeth-tucker-et-cole-brauer\/#respond\"]}]},{\"@type\":\"WebPage\",\"@id\":\"https:\/\/voyage-aventure.com\/blog\/destinations-aventure\/un-voyage-de-70-jours-en-mer-la-resilience-delizabeth-tucker-et-cole-brauer\/\",\"url\":\"https:\/\/voyage-aventure.com\/blog\/destinations-aventure\/un-voyage-de-70-jours-en-mer-la-resilience-delizabeth-tucker-et-cole-brauer\/\",\"name\":\"Un voyage de 70 jours en mer : la r\u00e9silience d'Elizabeth\",\"isPartOf\":{\"@id\":\"https:\/\/voyage-aventure.com\/blog\/#website\"},\"primaryImageOfPage\":{\"@id\":\"https:\/\/voyage-aventure.com\/blog\/destinations-aventure\/un-voyage-de-70-jours-en-mer-la-resilience-delizabeth-tucker-et-cole-brauer\/#primaryimage\"},\"image\":{\"@id\":\"https:\/\/voyage-aventure.com\/blog\/destinations-aventure\/un-voyage-de-70-jours-en-mer-la-resilience-delizabeth-tucker-et-cole-brauer\/#primaryimage\"},\"thumbnailUrl\":\"https:\/\/voyage-aventure.com\/blog\/wp-content\/uploads\/2025\/02\/stability-un-voyage-de-70-jours-en-mer-la-resilience-delizabeth-tucker-et-cole-brauer.png\",\"datePublished\":\"2025-02-21T02:23:24+00:00\",\"description\":\"Ce p\u00e9riple a d\u00e9but\u00e9 en Espagne et a mis \u00e0 l'\u00e9preuve leur endurance, leur comp\u00e9tence nautique et leur r\u00e9silience face aux \u00e9l\u00e9ments. En traversant\",\"inLanguage\":\"fr-FR\",\"potentialAction\":[{\"@type\":\"ReadAction\",\"target\":[\"https:\/\/voyage-aventure.com\/blog\/destinations-aventure\/un-voyage-de-70-jours-en-mer-la-resilience-delizabeth-tucker-et-cole-brauer\/\"]}]},{\"@type\":\"ImageObject\",\"inLanguage\":\"fr-FR\",\"@id\":\"https:\/\/voyage-aventure.com\/blog\/destinations-aventure\/un-voyage-de-70-jours-en-mer-la-resilience-delizabeth-tucker-et-cole-brauer\/#primaryimage\",\"url\":\"https:\/\/voyage-aventure.com\/blog\/wp-content\/uploads\/2025\/02\/stability-un-voyage-de-70-jours-en-mer-la-resilience-delizabeth-tucker-et-cole-brauer.png\",\"contentUrl\":\"https:\/\/voyage-aventure.com\/blog\/wp-content\/uploads\/2025\/02\/stability-un-voyage-de-70-jours-en-mer-la-resilience-delizabeth-tucker-et-cole-brauer.png\",\"width\":1024,\"height\":576},{\"@type\":\"WebSite\",\"@id\":\"https:\/\/voyage-aventure.com\/blog\/#website\",\"url\":\"https:\/\/voyage-aventure.com\/blog\/\",\"name\":\"voyage-aventure.com\",\"description\":\"Votre passeport pour l\u2019inattendu.\",\"publisher\":{\"@id\":\"https:\/\/voyage-aventure.com\/blog\/#organization\"},\"alternateName\":\"Votre passeport pour l\u2019inattendu.\",\"potentialAction\":[{\"@type\":\"SearchAction\",\"target\":{\"@type\":\"EntryPoint\",\"urlTemplate\":\"https:\/\/voyage-aventure.com\/blog\/?s={search_term_string}\"},\"query-input\":{\"@type\":\"PropertyValueSpecification\",\"valueRequired\":true,\"valueName\":\"search_term_string\"}}],\"inLanguage\":\"fr-FR\"},{\"@type\":\"Organization\",\"@id\":\"https:\/\/voyage-aventure.com\/blog\/#organization\",\"name\":\"Foretsensations.fr\",\"url\":\"https:\/\/voyage-aventure.com\/blog\/\",\"logo\":{\"@type\":\"ImageObject\",\"inLanguage\":\"fr-FR\",\"@id\":\"https:\/\/voyage-aventure.com\/blog\/#\/schema\/logo\/image\/\",\"url\":\"https:\/\/voyage-aventure.com\/blog\/wp-content\/uploads\/2024\/12\/19.png\",\"contentUrl\":\"https:\/\/voyage-aventure.com\/blog\/wp-content\/uploads\/2024\/12\/19.png\",\"width\":512,\"height\":512,\"caption\":\"Foretsensations.fr\"},\"image\":{\"@id\":\"https:\/\/voyage-aventure.com\/blog\/#\/schema\/logo\/image\/\"}},{\"@type\":\"Person\",\"@id\":\"https:\/\/voyage-aventure.com\/blog\/#\/schema\/person\/3c864cdc320801e3db34b663e7e3f816\",\"name\":\"Camille Rouvray\",\"image\":{\"@type\":\"ImageObject\",\"inLanguage\":\"fr-FR\",\"@id\":\"https:\/\/voyage-aventure.com\/blog\/#\/schema\/person\/image\/\",\"url\":\"https:\/\/voyage-aventure.com\/blog\/wp-content\/uploads\/2026\/06\/persona_camille-r-96x96.jpg\",\"contentUrl\":\"https:\/\/voyage-aventure.com\/blog\/wp-content\/uploads\/2026\/06\/persona_camille-r-96x96.jpg\",\"caption\":\"Camille Rouvray\"},\"description\":\"Je voyage et j'\u00e9cris sur le voyage depuis une douzaine d'ann\u00e9es, d'abord en tant que routarde au long cours, puis comme r\u00e9dactrice sp\u00e9cialis\u00e9e. Mon terrain de pr\u00e9dilection, ce sont les circuits organis\u00e9s et l'art de bien pr\u00e9parer un itin\u00e9raire : choix de la saison, dur\u00e9e r\u00e9aliste des \u00e9tapes, budget jour par jour, logement et transport sur place. J'aime aussi raconter les p\u00e9pites urbaines, ces adresses qu'on ne trouve pas dans les guides classiques. Avant de publier un dossier destination, je croise toujours plusieurs sources, je v\u00e9rifie les tarifs et les formalit\u00e9s d'entr\u00e9e \u00e0 jour, et je teste moi-m\u00eame quand je le peux. Mon angle reste pratique avant tout : aider le lecteur \u00e0 partir l'esprit tranquille, sans mauvaise surprise une fois sur place. Je m'attache \u00e0 distinguer le coup de c\u0153ur sinc\u00e8re du simple argument marketing.\",\"sameAs\":[\"https:\/\/camillerouvray.fr\/\"],\"url\":\"https:\/\/voyage-aventure.com\/blog\/auteur\/noname\/\"}]}<\/script>\n<!-- \/ Yoast SEO Premium plugin. -->","yoast_head_json":{"title":"Un voyage de 70 jours en mer : la r\u00e9silience d'Elizabeth","description":"Ce p\u00e9riple a d\u00e9but\u00e9 en Espagne et a mis \u00e0 l'\u00e9preuve leur endurance, leur comp\u00e9tence nautique et leur r\u00e9silience face aux \u00e9l\u00e9ments. En traversant","robots":{"index":"index","follow":"follow","max-snippet":"max-snippet:-1","max-image-preview":"max-image-preview:large","max-video-preview":"max-video-preview:-1"},"canonical":"https:\/\/voyage-aventure.com\/blog\/destinations-aventure\/un-voyage-de-70-jours-en-mer-la-resilience-delizabeth-tucker-et-cole-brauer\/","og_locale":"fr_FR","og_type":"article","og_title":"Un voyage de 70 jours en mer : la r\u00e9silience d'Elizabeth","og_description":"Ce p\u00e9riple a d\u00e9but\u00e9 en Espagne et a mis \u00e0 l'\u00e9preuve leur endurance, leur comp\u00e9tence nautique et leur r\u00e9silience face aux \u00e9l\u00e9ments. En traversant","og_url":"https:\/\/voyage-aventure.com\/blog\/destinations-aventure\/un-voyage-de-70-jours-en-mer-la-resilience-delizabeth-tucker-et-cole-brauer\/","og_site_name":"voyage-aventure","og_image":[{"width":1024,"height":576,"url":"https:\/\/voyage-aventure.com\/blog\/wp-content\/uploads\/2025\/02\/stability-un-voyage-de-70-jours-en-mer-la-resilience-delizabeth-tucker-et-cole-brauer.png","type":"image\/png"}],"author":"Camille Rouvray","twitter_card":"summary_large_image","schema":{"@context":"https:\/\/schema.org","@graph":[{"@type":"NewsArticle","@id":"https:\/\/voyage-aventure.com\/blog\/destinations-aventure\/un-voyage-de-70-jours-en-mer-la-resilience-delizabeth-tucker-et-cole-brauer\/#article","isPartOf":{"@id":"https:\/\/voyage-aventure.com\/blog\/destinations-aventure\/un-voyage-de-70-jours-en-mer-la-resilience-delizabeth-tucker-et-cole-brauer\/"},"author":{"name":"Camille Rouvray","@id":"https:\/\/voyage-aventure.com\/blog\/#\/schema\/person\/3c864cdc320801e3db34b663e7e3f816"},"headline":"Un voyage de 70 jours en mer : la r\u00e9silience d&rsquo;Elizabeth Tucker et Cole Brauer","datePublished":"2025-02-21T02:23:24+00:00","mainEntityOfPage":{"@id":"https:\/\/voyage-aventure.com\/blog\/destinations-aventure\/un-voyage-de-70-jours-en-mer-la-resilience-delizabeth-tucker-et-cole-brauer\/"},"wordCount":502,"commentCount":23,"publisher":{"@id":"https:\/\/voyage-aventure.com\/blog\/#organization"},"image":{"@id":"https:\/\/voyage-aventure.com\/blog\/destinations-aventure\/un-voyage-de-70-jours-en-mer-la-resilience-delizabeth-tucker-et-cole-brauer\/#primaryimage"},"thumbnailUrl":"https:\/\/voyage-aventure.com\/blog\/wp-content\/uploads\/2025\/02\/stability-un-voyage-de-70-jours-en-mer-la-resilience-delizabeth-tucker-et-cole-brauer.png","keywords":["Activit\u00e9s Nautiques","Aventure","D\u00e9couverte Culturelle","Escapade en Europe","R\u00e9silience"],"articleSection":["Destinations Aventure"],"inLanguage":"fr-FR","potentialAction":[{"@type":"CommentAction","name":"Comment","target":["https:\/\/voyage-aventure.com\/blog\/destinations-aventure\/un-voyage-de-70-jours-en-mer-la-resilience-delizabeth-tucker-et-cole-brauer\/#respond"]}]},{"@type":"WebPage","@id":"https:\/\/voyage-aventure.com\/blog\/destinations-aventure\/un-voyage-de-70-jours-en-mer-la-resilience-delizabeth-tucker-et-cole-brauer\/","url":"https:\/\/voyage-aventure.com\/blog\/destinations-aventure\/un-voyage-de-70-jours-en-mer-la-resilience-delizabeth-tucker-et-cole-brauer\/","name":"Un voyage de 70 jours en mer : la r\u00e9silience d'Elizabeth","isPartOf":{"@id":"https:\/\/voyage-aventure.com\/blog\/#website"},"primaryImageOfPage":{"@id":"https:\/\/voyage-aventure.com\/blog\/destinations-aventure\/un-voyage-de-70-jours-en-mer-la-resilience-delizabeth-tucker-et-cole-brauer\/#primaryimage"},"image":{"@id":"https:\/\/voyage-aventure.com\/blog\/destinations-aventure\/un-voyage-de-70-jours-en-mer-la-resilience-delizabeth-tucker-et-cole-brauer\/#primaryimage"},"thumbnailUrl":"https:\/\/voyage-aventure.com\/blog\/wp-content\/uploads\/2025\/02\/stability-un-voyage-de-70-jours-en-mer-la-resilience-delizabeth-tucker-et-cole-brauer.png","datePublished":"2025-02-21T02:23:24+00:00","description":"Ce p\u00e9riple a d\u00e9but\u00e9 en Espagne et a mis \u00e0 l'\u00e9preuve leur endurance, leur comp\u00e9tence nautique et leur r\u00e9silience face aux \u00e9l\u00e9ments. En traversant","inLanguage":"fr-FR","potentialAction":[{"@type":"ReadAction","target":["https:\/\/voyage-aventure.com\/blog\/destinations-aventure\/un-voyage-de-70-jours-en-mer-la-resilience-delizabeth-tucker-et-cole-brauer\/"]}]},{"@type":"ImageObject","inLanguage":"fr-FR","@id":"https:\/\/voyage-aventure.com\/blog\/destinations-aventure\/un-voyage-de-70-jours-en-mer-la-resilience-delizabeth-tucker-et-cole-brauer\/#primaryimage","url":"https:\/\/voyage-aventure.com\/blog\/wp-content\/uploads\/2025\/02\/stability-un-voyage-de-70-jours-en-mer-la-resilience-delizabeth-tucker-et-cole-brauer.png","contentUrl":"https:\/\/voyage-aventure.com\/blog\/wp-content\/uploads\/2025\/02\/stability-un-voyage-de-70-jours-en-mer-la-resilience-delizabeth-tucker-et-cole-brauer.png","width":1024,"height":576},{"@type":"WebSite","@id":"https:\/\/voyage-aventure.com\/blog\/#website","url":"https:\/\/voyage-aventure.com\/blog\/","name":"voyage-aventure.com","description":"Votre passeport pour l\u2019inattendu.","publisher":{"@id":"https:\/\/voyage-aventure.com\/blog\/#organization"},"alternateName":"Votre passeport pour l\u2019inattendu.","potentialAction":[{"@type":"SearchAction","target":{"@type":"EntryPoint","urlTemplate":"https:\/\/voyage-aventure.com\/blog\/?s={search_term_string}"},"query-input":{"@type":"PropertyValueSpecification","valueRequired":true,"valueName":"search_term_string"}}],"inLanguage":"fr-FR"},{"@type":"Organization","@id":"https:\/\/voyage-aventure.com\/blog\/#organization","name":"Foretsensations.fr","url":"https:\/\/voyage-aventure.com\/blog\/","logo":{"@type":"ImageObject","inLanguage":"fr-FR","@id":"https:\/\/voyage-aventure.com\/blog\/#\/schema\/logo\/image\/","url":"https:\/\/voyage-aventure.com\/blog\/wp-content\/uploads\/2024\/12\/19.png","contentUrl":"https:\/\/voyage-aventure.com\/blog\/wp-content\/uploads\/2024\/12\/19.png","width":512,"height":512,"caption":"Foretsensations.fr"},"image":{"@id":"https:\/\/voyage-aventure.com\/blog\/#\/schema\/logo\/image\/"}},{"@type":"Person","@id":"https:\/\/voyage-aventure.com\/blog\/#\/schema\/person\/3c864cdc320801e3db34b663e7e3f816","name":"Camille Rouvray","image":{"@type":"ImageObject","inLanguage":"fr-FR","@id":"https:\/\/voyage-aventure.com\/blog\/#\/schema\/person\/image\/","url":"https:\/\/voyage-aventure.com\/blog\/wp-content\/uploads\/2026\/06\/persona_camille-r-96x96.jpg","contentUrl":"https:\/\/voyage-aventure.com\/blog\/wp-content\/uploads\/2026\/06\/persona_camille-r-96x96.jpg","caption":"Camille Rouvray"},"description":"Je voyage et j'\u00e9cris sur le voyage depuis une douzaine d'ann\u00e9es, d'abord en tant que routarde au long cours, puis comme r\u00e9dactrice sp\u00e9cialis\u00e9e. Mon terrain de pr\u00e9dilection, ce sont les circuits organis\u00e9s et l'art de bien pr\u00e9parer un itin\u00e9raire : choix de la saison, dur\u00e9e r\u00e9aliste des \u00e9tapes, budget jour par jour, logement et transport sur place. J'aime aussi raconter les p\u00e9pites urbaines, ces adresses qu'on ne trouve pas dans les guides classiques. Avant de publier un dossier destination, je croise toujours plusieurs sources, je v\u00e9rifie les tarifs et les formalit\u00e9s d'entr\u00e9e \u00e0 jour, et je teste moi-m\u00eame quand je le peux. Mon angle reste pratique avant tout : aider le lecteur \u00e0 partir l'esprit tranquille, sans mauvaise surprise une fois sur place. Je m'attache \u00e0 distinguer le coup de c\u0153ur sinc\u00e8re du simple argument marketing.","sameAs":["https:\/\/camillerouvray.fr\/"],"url":"https:\/\/voyage-aventure.com\/blog\/auteur\/noname\/"}]}},"_links":{"self":[{"href":"https:\/\/voyage-aventure.com\/blog\/wp-json\/wp\/v2\/posts\/10817","targetHints":{"allow":["GET"]}}],"collection":[{"href":"https:\/\/voyage-aventure.com\/blog\/wp-json\/wp\/v2\/posts"}],"about":[{"href":"https:\/\/voyage-aventure.com\/blog\/wp-json\/wp\/v2\/types\/post"}],"author":[{"embeddable":true,"href":"https:\/\/voyage-aventure.com\/blog\/wp-json\/wp\/v2\/users\/34"}],"replies":[{"embeddable":true,"href":"https:\/\/voyage-aventure.com\/blog\/wp-json\/wp\/v2\/comments?post=10817"}],"version-history":[{"count":2,"href":"https:\/\/voyage-aventure.com\/blog\/wp-json\/wp\/v2\/posts\/10817\/revisions"}],"predecessor-version":[{"id":11362,"href":"https:\/\/voyage-aventure.com\/blog\/wp-json\/wp\/v2\/posts\/10817\/revisions\/11362"}],"wp:featuredmedia":[{"embeddable":true,"href":"https:\/\/voyage-aventure.com\/blog\/wp-json\/wp\/v2\/media\/10818"}],"wp:attachment":[{"href":"https:\/\/voyage-aventure.com\/blog\/wp-json\/wp\/v2\/media?parent=10817"}],"wp:term":[{"taxonomy":"category","embeddable":true,"href":"https:\/\/voyage-aventure.com\/blog\/wp-json\/wp\/v2\/categories?post=10817"},{"taxonomy":"post_tag","embeddable":true,"href":"https:\/\/voyage-aventure.com\/blog\/wp-json\/wp\/v2\/tags?post=10817"}],"curies":[{"name":"wp","href":"https:\/\/api.w.org\/{rel}","templated":true}]}}