{"id":10801,"date":"2026-06-16T16:36:41","date_gmt":"2026-06-16T14:36:41","guid":{"rendered":"https:\/\/voyage-aventure.com\/blog\/?p=10801"},"modified":"2026-06-16T16:36:41","modified_gmt":"2026-06-16T14:36:41","slug":"un-voyage-memorable-le-plus-grand-paquebot-du-monde-devient-recif-artificiel","status":"publish","type":"post","link":"https:\/\/voyage-aventure.com\/blog\/destinations-aventure\/un-voyage-memorable-le-plus-grand-paquebot-du-monde-devient-recif-artificiel\/","title":{"rendered":"Un voyage m\u00e9morable : le plus grand paquebot du monde devient r\u00e9cif artificiel"},"content":{"rendered":"<link rel=\"stylesheet\" href=\"https:\/\/fonts.googleapis.com\/css2?family=Newsreader:ital,opsz,wght@0,6..72,500;0,6..72,600;0,6..72,700;1,6..72,500&#038;family=Inter:wght@400;500;600&#038;family=JetBrains+Mono:wght@500&#038;display=swap\" \/>\n<style>\n.van-actu-wrap{font-family:'Inter',system-ui,sans-serif;color:#1a2730;line-height:1.65;font-size:17px;max-width:760px}\n.van-actu-wrap h2{font-family:'Newsreader',Georgia,serif;font-weight:700;font-size:clamp(24px,3.2vw,33px);letter-spacing:-.01em;line-height:1.2;color:#0d2b3e;margin:48px 0 14px}\n.van-actu-wrap p{margin:0 0 18px}\n.van-actu-lead{font-family:'Newsreader',Georgia,serif;font-weight:500;font-size:clamp(19px,2.4vw,22px);line-height:1.5;color:#243743;margin:0 0 26px}\n.van-actu-dateline{font-family:'JetBrains Mono',monospace;font-size:12px;font-weight:500;letter-spacing:.08em;text-transform:uppercase;color:#1a7a93;margin:0 0 18px}\n.van-actu-ess{background:#eef6f8;border-left:5px solid #1a7a93;border-radius:0 12px 12px 0;padding:22px 26px;margin:0 0 34px;box-shadow:0 12px 28px -18px rgba(13,43,62,.35)}\n.van-actu-ess .van-actu-eyebrow{font-family:'JetBrains Mono',monospace;font-size:12px;font-weight:500;letter-spacing:.1em;text-transform:uppercase;color:#1a7a93;margin:0 0 12px}\n.van-actu-ess ul{margin:0;padding:0;list-style:none}\n.van-actu-ess li{position:relative;padding-left:24px;margin:0 0 10px;font-size:16px}\n.van-actu-ess li:last-child{margin-bottom:0}\n.van-actu-ess li::before{content:\"\u25c6\";position:absolute;left:0;top:1px;color:#1a7a93;font-size:13px}\n.van-actu-ess li span{font-weight:600;color:#0d2b3e}\n.van-actu-quote{font-family:'Newsreader',Georgia,serif;font-style:italic;font-weight:500;font-size:clamp(21px,2.8vw,26px);line-height:1.4;color:#0d2b3e;border-top:2px solid #1a7a93;border-bottom:2px solid #1a7a93;padding:24px 0 24px 48px;margin:34px 0;position:relative}\n.van-actu-quote::before{content:\"\u201c\";font-family:'Newsreader',Georgia,serif;font-size:64px;line-height:1;color:#1a7a93;position:absolute;left:0;top:14px}\n.van-actu-quote cite{display:block;font-style:normal;font-family:'JetBrains Mono',monospace;font-size:12px;letter-spacing:.06em;text-transform:uppercase;color:#5b7280;margin-top:14px}\n.van-actu-img{margin:34px 0}\n.van-actu-img img{width:100%;height:auto;border-radius:14px;display:block;box-shadow:0 14px 32px -18px rgba(13,43,62,.5)}\n.van-actu-retenir{background:#0d2b3e;color:#e7f1f4;border-radius:14px;padding:26px 30px;margin:42px 0;box-shadow:0 16px 36px -20px rgba(13,43,62,.6)}\n.van-actu-retenir .van-actu-eyebrow{color:#5fc6dd}\n.van-actu-retenir ul{margin:0;padding:0;list-style:none}\n.van-actu-retenir li{position:relative;padding-left:26px;margin:0 0 11px;font-size:16px}\n.van-actu-retenir li:last-child{margin-bottom:0}\n.van-actu-retenir li::before{content:\"\u2192\";position:absolute;left:0;color:#5fc6dd;font-weight:600}\n.van-actu-faq{margin:42px 0 8px}\n.van-actu-faq details{border:1px solid #d4e2e7;border-radius:12px;padding:0;margin:0 0 14px;background:#fff;transition:.25s ease;overflow:hidden}\n.van-actu-faq details[open]{border-color:#1a7a93;box-shadow:0 12px 26px -18px rgba(13,43,62,.4)}\n.van-actu-faq summary{cursor:pointer;list-style:none;padding:18px 22px;font-family:'Newsreader',Georgia,serif;font-weight:600;font-size:18px;color:#0d2b3e;position:relative}\n.van-actu-faq summary::-webkit-details-marker{display:none}\n.van-actu-faq summary::after{content:\"+\";position:absolute;right:22px;top:16px;color:#1a7a93;font-size:24px;font-weight:400;transition:.2s}\n.van-actu-faq details[open] summary::after{transform:rotate(45deg)}\n.van-actu-faq .van-actu-ans{padding:0 22px 20px;font-size:16px;color:#33454f}\n@media(max-width:640px){.van-actu-quote{padding-left:0;padding-top:40px}.van-actu-quote::before{top:-6px}}\n\/*RENDERFIX2*\/.van-actu-retenir{color:#eef3f9!important}.van-actu-retenir p,.van-actu-retenir li,.van-actu-retenir strong,.van-actu-retenir em,.van-actu-retenir a,.van-actu-retenir span,.van-actu-retenir b,.van-actu-retenir td,.van-actu-retenir th,.van-actu-retenir h2,.van-actu-retenir h3,.van-actu-retenir h4{color:#eef3f9!important}.van-actu-retenir strong,.van-actu-retenir b{color:#ffffff!important}<\/style>\n<div class=\"van-actu-wrap\">\n<div class=\"van-actu-dateline\">Conservation marine \u00b7 Philadelphie<\/div>\n<p class=\"van-actu-lead\">Un ancien paquebot embl\u00e9matique a quitt\u00e9 Philadelphie pour entamer une seconde vie spectaculaire : celle de r\u00e9cif artificiel. D\u00e9pouill\u00e9 de ses \u00e9l\u00e9ments polluants, le navire sera immerg\u00e9 pour devenir un habitat sous-marin et un nouveau spot de plong\u00e9e.<\/p>\n<div class=\"van-actu-ess\">\n<div class=\"van-actu-eyebrow\">L&rsquo;essentiel<\/div>\n<ul>\n<li><span>Quoi \u2014<\/span> un paquebot historique transform\u00e9 en r\u00e9cif artificiel, apr\u00e8s retrait de ses mat\u00e9riaux polluants.<\/li>\n<li><span>Qui \/ o\u00f9 \u2014<\/span> le navire a quitt\u00e9 Philadelphie, fruit d&rsquo;une collaboration entre organisations \u00e9cologiques et maritimes.<\/li>\n<li><span>Pourquoi \u00e7a compte \u2014<\/span> il doit enrichir la biodiversit\u00e9 marine, attirer plongeurs et touristes, et g\u00e9n\u00e9rer des retomb\u00e9es \u00e9conomiques locales.<\/li>\n<\/ul>\n<\/div>\n<h2>Un d\u00e9part historique pour un projet environnemental<\/h2>\n<p>Le d\u00e9part d&rsquo;un ancien paquebot embl\u00e9matique de Philadelphie marque un tournant dans la pr\u00e9servation marine. Ce navire, autrefois symbole de luxe et d&rsquo;\u00e9l\u00e9gance, se dirige maintenant vers une nouvelle vie, celle de r\u00e9cif artificiel. Ce projet innovant vise \u00e0 enrichir la biodiversit\u00e9 marine tout en offrant des opportunit\u00e9s de plong\u00e9e pour les amateurs.<\/p>\n<p>Cette initiative est le fruit d&rsquo;une collaboration entre plusieurs organisations \u00e9cologiques et maritimes. Les experts estiment que la cr\u00e9ation de r\u00e9cifs artificiels peut consid\u00e9rablement am\u00e9liorer les \u00e9cosyst\u00e8mes marins. En offrant un habitat \u00e0 de nombreuses esp\u00e8ces, ce paquebot pourra jouer un r\u00f4le crucial dans la restauration de la vie marine.<\/p>\n<h2>Les bienfaits des r\u00e9cifs artificiels<\/h2>\n<p>Les r\u00e9cifs artificiels comme celui-ci ne se contentent pas de favoriser la biodiversit\u00e9 ; ils attirent \u00e9galement les plongeurs et les p\u00eacheurs. Ces structures cr\u00e9ent des habitats pour les poissons, ce qui peut contribuer \u00e0 la r\u00e9g\u00e9n\u00e9ration des populations marines. De plus, ils offrent des lieux de rencontre pour les passionn\u00e9s de la mer.<\/p>\n<p>L&rsquo;impact positif de ce projet ne se limite pas aux fonds marins. Il entra\u00eene aussi des retomb\u00e9es \u00e9conomiques pour la r\u00e9gion, gr\u00e2ce \u00e0 l&rsquo;augmentation du tourisme li\u00e9 \u00e0 la plong\u00e9e. Les visiteurs viennent de loin pour explorer ces nouveaux r\u00e9cifs, apportant des b\u00e9n\u00e9fices aux entreprises locales.<\/p>\n<p><iframe loading=\"lazy\" title=\"Les 9 meilleurs endroits pour faire de la plong\u00e9e sous-marine | Explore Edge en Fran\u00e7ais\" width=\"1200\" height=\"675\" src=\"https:\/\/www.youtube.com\/embed\/AbQxEvJYd2w?feature=oembed\" frameborder=\"0\" allow=\"accelerometer; autoplay; clipboard-write; encrypted-media; gyroscope; picture-in-picture; web-share\" referrerpolicy=\"strict-origin-when-cross-origin\" allowfullscreen><\/iframe><\/p>\n<h2>Un symbole d&rsquo;espoir pour l&rsquo;avenir maritime<\/h2>\n<p>Ce paquebot, qui a navigu\u00e9 sur les mers pendant des d\u00e9cennies, symbolise maintenant l&rsquo;espoir d&rsquo;une mer plus saine. Le processus de transformation d&rsquo;un navire en r\u00e9cif consiste \u00e0 le d\u00e9pouiller de ses \u00e9l\u00e9ments polluants avant de l&rsquo;immerger en toute s\u00e9curit\u00e9. Ce travail minutieux garantit que l&rsquo;environnement marin ne souffre pas de cette transition.<\/p>\n<div class=\"van-actu-quote\">\nCe projet illustre comment nous pouvons transformer des symboles du pass\u00e9 en opportunit\u00e9s pour l&rsquo;avenir de nos oc\u00e9ans.<br \/>\n<cite>Un expert en conservation marine<\/cite>\n<\/div>\n<p>Cette d\u00e9marche contribue \u00e0 sensibiliser le public sur l&rsquo;importance de la protection des mers et des oc\u00e9ans. En int\u00e9grant le pass\u00e9 au service de l&rsquo;avenir, elle montre que m\u00eame les symboles de l&rsquo;industrialisation peuvent avoir un impact positif sur l&rsquo;environnement.<\/p>\n<div class=\"van-actu-retenir\">\n<div class=\"van-actu-eyebrow\">\u00c0 retenir<\/div>\n<ul>\n<li>Un paquebot historique devient r\u00e9cif artificiel apr\u00e8s d\u00e9pollution.<\/li>\n<li>L&rsquo;op\u00e9ration cr\u00e9e un habitat pour la faune marine et soutient la biodiversit\u00e9.<\/li>\n<li>Elle attire plongeurs et touristes, avec des retomb\u00e9es pour les entreprises locales.<\/li>\n<li>Le projet renforce la sensibilisation \u00e0 la protection des mers et des oc\u00e9ans.<\/li>\n<\/ul>\n<\/div>\n<div class=\"van-actu-img\">\n<img decoding=\"async\" width=\"1024\" height=\"576\" src=\"https:\/\/voyage-aventure.com\/blog\/wp-content\/uploads\/2025\/02\/stability-un-voyage-memorable-le-plus-grand-paquebot-du-monde-devient-recif-artificiel-1.png\" class=\"aligncenter\" alt=\"Illustration d\u00e9taill\u00e9e sur Un voyage m\u00e9morable : le plus grand paquebot du monde devient r\u00e9cif artificiel\" title=\"Un voyage m\u00e9morable : le plus grand paquebot du monde devient r\u00e9cif artificiel\" loading=\"lazy\" \/>\n<\/div>\n<div class=\"van-actu-faq\">\n<details>\n<summary>Qu&rsquo;est-ce qu&rsquo;un r\u00e9cif artificiel ?<\/summary>\n<div class=\"van-actu-ans\">C&rsquo;est une structure immerg\u00e9e volontairement \u2014 ici un ancien navire d\u00e9pollu\u00e9 \u2014 qui sert d&rsquo;habitat \u00e0 la faune marine et favorise la r\u00e9g\u00e9n\u00e9ration des populations de poissons.<\/div>\n<\/details>\n<details>\n<summary>Pourquoi couler un paquebot plut\u00f4t que le d\u00e9manteler ?<\/summary>\n<div class=\"van-actu-ans\">Une fois d\u00e9barrass\u00e9 de ses \u00e9l\u00e9ments polluants, le navire devient un support de vie sous-marine et un site de plong\u00e9e, tout en \u00e9vitant les co\u00fbts et l&#8217;empreinte d&rsquo;un d\u00e9mant\u00e8lement complet.<\/div>\n<\/details>\n<details>\n<summary>Le navire pr\u00e9sente-t-il un risque pour l&rsquo;environnement marin ?<\/summary>\n<div class=\"van-actu-ans\">Le processus pr\u00e9voit de d\u00e9pouiller le paquebot de ses mat\u00e9riaux polluants avant immersion, un travail minutieux destin\u00e9 \u00e0 garantir que la transition ne nuise pas \u00e0 l&rsquo;\u00e9cosyst\u00e8me.<\/div>\n<\/details>\n<details>\n<summary>Quels b\u00e9n\u00e9fices pour la r\u00e9gion ?<\/summary>\n<div class=\"van-actu-ans\">Au-del\u00e0 de la biodiversit\u00e9, le r\u00e9cif attire plongeurs et touristes venus de loin, ce qui g\u00e9n\u00e8re des retomb\u00e9es \u00e9conomiques pour les entreprises locales.<\/div>\n<\/details>\n<\/div>\n<\/div>\n","protected":false},"excerpt":{"rendered":"","protected":false},"author":34,"featured_media":10802,"comment_status":"open","ping_status":"open","sticky":false,"template":"","format":"standard","meta":{"_acf_changed":false,"manual_indexmenow":false,"indexmenow_id_project":0,"footnotes":""},"categories":[4520],"tags":[4537,4527,4388,4769,4385],"class_list":["post-10801","post","type-post","status-publish","format-standard","has-post-thumbnail","hentry","category-destinations-aventure","tag-activites-nautiques","tag-decouverte-culturelle","tag-ecosysteme-sain","tag-immersion-culturelle","tag-pratiques-durables","generate-columns","tablet-grid-50","mobile-grid-100","grid-parent","grid-25"],"acf":[],"yoast_head":"<!-- This site is optimized with the Yoast SEO Premium plugin v21.3 (Yoast SEO v25.1) - https:\/\/yoast.com\/wordpress\/plugins\/seo\/ -->\n<title>Un voyage m\u00e9morable : le plus grand paquebot du monde<\/title>\n<meta name=\"description\" content=\"Un ancien paquebot embl\u00e9matique a quitt\u00e9 Philadelphie pour entamer une seconde vie spectaculaire : celle de r\u00e9cif artificiel. D\u00e9pouill\u00e9 de ses \u00e9l\u00e9ments\" \/>\n<meta name=\"robots\" content=\"index, follow, max-snippet:-1, max-image-preview:large, max-video-preview:-1\" \/>\n<link rel=\"canonical\" href=\"https:\/\/voyage-aventure.com\/blog\/destinations-aventure\/un-voyage-memorable-le-plus-grand-paquebot-du-monde-devient-recif-artificiel\/\" \/>\n<meta property=\"og:locale\" content=\"fr_FR\" \/>\n<meta property=\"og:type\" content=\"article\" \/>\n<meta property=\"og:title\" content=\"Un voyage m\u00e9morable : le plus grand paquebot du monde\" \/>\n<meta property=\"og:description\" content=\"Un ancien paquebot embl\u00e9matique a quitt\u00e9 Philadelphie pour entamer une seconde vie spectaculaire : celle de r\u00e9cif artificiel. D\u00e9pouill\u00e9 de ses \u00e9l\u00e9ments\" \/>\n<meta property=\"og:url\" content=\"https:\/\/voyage-aventure.com\/blog\/destinations-aventure\/un-voyage-memorable-le-plus-grand-paquebot-du-monde-devient-recif-artificiel\/\" \/>\n<meta property=\"og:site_name\" content=\"voyage-aventure\" \/>\n<meta property=\"og:image\" content=\"https:\/\/voyage-aventure.com\/blog\/wp-content\/uploads\/2025\/02\/stability-un-voyage-memorable-le-plus-grand-paquebot-du-monde-devient-recif-artificiel.png\" \/>\n\t<meta property=\"og:image:width\" content=\"1024\" \/>\n\t<meta property=\"og:image:height\" content=\"576\" \/>\n\t<meta property=\"og:image:type\" content=\"image\/png\" \/>\n<meta name=\"author\" content=\"Camille Rouvray\" \/>\n<meta name=\"twitter:card\" content=\"summary_large_image\" \/>\n<script type=\"application\/ld+json\" class=\"yoast-schema-graph\">{\"@context\":\"https:\/\/schema.org\",\"@graph\":[{\"@type\":\"NewsArticle\",\"@id\":\"https:\/\/voyage-aventure.com\/blog\/destinations-aventure\/un-voyage-memorable-le-plus-grand-paquebot-du-monde-devient-recif-artificiel\/#article\",\"isPartOf\":{\"@id\":\"https:\/\/voyage-aventure.com\/blog\/destinations-aventure\/un-voyage-memorable-le-plus-grand-paquebot-du-monde-devient-recif-artificiel\/\"},\"author\":{\"name\":\"Camille Rouvray\",\"@id\":\"https:\/\/voyage-aventure.com\/blog\/#\/schema\/person\/3c864cdc320801e3db34b663e7e3f816\"},\"headline\":\"Un voyage m\u00e9morable : le plus grand paquebot du monde devient r\u00e9cif artificiel\",\"datePublished\":\"2026-06-16T14:36:41+00:00\",\"mainEntityOfPage\":{\"@id\":\"https:\/\/voyage-aventure.com\/blog\/destinations-aventure\/un-voyage-memorable-le-plus-grand-paquebot-du-monde-devient-recif-artificiel\/\"},\"wordCount\":723,\"commentCount\":27,\"publisher\":{\"@id\":\"https:\/\/voyage-aventure.com\/blog\/#organization\"},\"image\":{\"@id\":\"https:\/\/voyage-aventure.com\/blog\/destinations-aventure\/un-voyage-memorable-le-plus-grand-paquebot-du-monde-devient-recif-artificiel\/#primaryimage\"},\"thumbnailUrl\":\"https:\/\/voyage-aventure.com\/blog\/wp-content\/uploads\/2025\/02\/stability-un-voyage-memorable-le-plus-grand-paquebot-du-monde-devient-recif-artificiel.png\",\"keywords\":[\"Activit\u00e9s Nautiques\",\"D\u00e9couverte Culturelle\",\"\u00c9cosyst\u00e8me Sain\",\"Immersion Culturelle\",\"Pratiques Durables\"],\"articleSection\":[\"Destinations Aventure\"],\"inLanguage\":\"fr-FR\",\"potentialAction\":[{\"@type\":\"CommentAction\",\"name\":\"Comment\",\"target\":[\"https:\/\/voyage-aventure.com\/blog\/destinations-aventure\/un-voyage-memorable-le-plus-grand-paquebot-du-monde-devient-recif-artificiel\/#respond\"]}]},{\"@type\":\"WebPage\",\"@id\":\"https:\/\/voyage-aventure.com\/blog\/destinations-aventure\/un-voyage-memorable-le-plus-grand-paquebot-du-monde-devient-recif-artificiel\/\",\"url\":\"https:\/\/voyage-aventure.com\/blog\/destinations-aventure\/un-voyage-memorable-le-plus-grand-paquebot-du-monde-devient-recif-artificiel\/\",\"name\":\"Un voyage m\u00e9morable : le plus grand paquebot du monde\",\"isPartOf\":{\"@id\":\"https:\/\/voyage-aventure.com\/blog\/#website\"},\"primaryImageOfPage\":{\"@id\":\"https:\/\/voyage-aventure.com\/blog\/destinations-aventure\/un-voyage-memorable-le-plus-grand-paquebot-du-monde-devient-recif-artificiel\/#primaryimage\"},\"image\":{\"@id\":\"https:\/\/voyage-aventure.com\/blog\/destinations-aventure\/un-voyage-memorable-le-plus-grand-paquebot-du-monde-devient-recif-artificiel\/#primaryimage\"},\"thumbnailUrl\":\"https:\/\/voyage-aventure.com\/blog\/wp-content\/uploads\/2025\/02\/stability-un-voyage-memorable-le-plus-grand-paquebot-du-monde-devient-recif-artificiel.png\",\"datePublished\":\"2026-06-16T14:36:41+00:00\",\"description\":\"Un ancien paquebot embl\u00e9matique a quitt\u00e9 Philadelphie pour entamer une seconde vie spectaculaire : celle de r\u00e9cif artificiel. D\u00e9pouill\u00e9 de ses \u00e9l\u00e9ments\",\"inLanguage\":\"fr-FR\",\"potentialAction\":[{\"@type\":\"ReadAction\",\"target\":[\"https:\/\/voyage-aventure.com\/blog\/destinations-aventure\/un-voyage-memorable-le-plus-grand-paquebot-du-monde-devient-recif-artificiel\/\"]}]},{\"@type\":\"ImageObject\",\"inLanguage\":\"fr-FR\",\"@id\":\"https:\/\/voyage-aventure.com\/blog\/destinations-aventure\/un-voyage-memorable-le-plus-grand-paquebot-du-monde-devient-recif-artificiel\/#primaryimage\",\"url\":\"https:\/\/voyage-aventure.com\/blog\/wp-content\/uploads\/2025\/02\/stability-un-voyage-memorable-le-plus-grand-paquebot-du-monde-devient-recif-artificiel.png\",\"contentUrl\":\"https:\/\/voyage-aventure.com\/blog\/wp-content\/uploads\/2025\/02\/stability-un-voyage-memorable-le-plus-grand-paquebot-du-monde-devient-recif-artificiel.png\",\"width\":1024,\"height\":576},{\"@type\":\"WebSite\",\"@id\":\"https:\/\/voyage-aventure.com\/blog\/#website\",\"url\":\"https:\/\/voyage-aventure.com\/blog\/\",\"name\":\"voyage-aventure.com\",\"description\":\"Votre passeport pour l\u2019inattendu.\",\"publisher\":{\"@id\":\"https:\/\/voyage-aventure.com\/blog\/#organization\"},\"alternateName\":\"Votre passeport pour l\u2019inattendu.\",\"potentialAction\":[{\"@type\":\"SearchAction\",\"target\":{\"@type\":\"EntryPoint\",\"urlTemplate\":\"https:\/\/voyage-aventure.com\/blog\/?s={search_term_string}\"},\"query-input\":{\"@type\":\"PropertyValueSpecification\",\"valueRequired\":true,\"valueName\":\"search_term_string\"}}],\"inLanguage\":\"fr-FR\"},{\"@type\":\"Organization\",\"@id\":\"https:\/\/voyage-aventure.com\/blog\/#organization\",\"name\":\"Foretsensations.fr\",\"url\":\"https:\/\/voyage-aventure.com\/blog\/\",\"logo\":{\"@type\":\"ImageObject\",\"inLanguage\":\"fr-FR\",\"@id\":\"https:\/\/voyage-aventure.com\/blog\/#\/schema\/logo\/image\/\",\"url\":\"https:\/\/voyage-aventure.com\/blog\/wp-content\/uploads\/2024\/12\/19.png\",\"contentUrl\":\"https:\/\/voyage-aventure.com\/blog\/wp-content\/uploads\/2024\/12\/19.png\",\"width\":512,\"height\":512,\"caption\":\"Foretsensations.fr\"},\"image\":{\"@id\":\"https:\/\/voyage-aventure.com\/blog\/#\/schema\/logo\/image\/\"}},{\"@type\":\"Person\",\"@id\":\"https:\/\/voyage-aventure.com\/blog\/#\/schema\/person\/3c864cdc320801e3db34b663e7e3f816\",\"name\":\"Camille Rouvray\",\"image\":{\"@type\":\"ImageObject\",\"inLanguage\":\"fr-FR\",\"@id\":\"https:\/\/voyage-aventure.com\/blog\/#\/schema\/person\/image\/\",\"url\":\"https:\/\/voyage-aventure.com\/blog\/wp-content\/uploads\/2026\/06\/persona_camille-r-96x96.jpg\",\"contentUrl\":\"https:\/\/voyage-aventure.com\/blog\/wp-content\/uploads\/2026\/06\/persona_camille-r-96x96.jpg\",\"caption\":\"Camille Rouvray\"},\"description\":\"Je voyage et j'\u00e9cris sur le voyage depuis une douzaine d'ann\u00e9es, d'abord en tant que routarde au long cours, puis comme r\u00e9dactrice sp\u00e9cialis\u00e9e. Mon terrain de pr\u00e9dilection, ce sont les circuits organis\u00e9s et l'art de bien pr\u00e9parer un itin\u00e9raire : choix de la saison, dur\u00e9e r\u00e9aliste des \u00e9tapes, budget jour par jour, logement et transport sur place. J'aime aussi raconter les p\u00e9pites urbaines, ces adresses qu'on ne trouve pas dans les guides classiques. Avant de publier un dossier destination, je croise toujours plusieurs sources, je v\u00e9rifie les tarifs et les formalit\u00e9s d'entr\u00e9e \u00e0 jour, et je teste moi-m\u00eame quand je le peux. Mon angle reste pratique avant tout : aider le lecteur \u00e0 partir l'esprit tranquille, sans mauvaise surprise une fois sur place. Je m'attache \u00e0 distinguer le coup de c\u0153ur sinc\u00e8re du simple argument marketing.\",\"sameAs\":[\"https:\/\/camillerouvray.fr\/\"],\"url\":\"https:\/\/voyage-aventure.com\/blog\/auteur\/noname\/\"}]}<\/script>\n<!-- \/ Yoast SEO Premium plugin. -->","yoast_head_json":{"title":"Un voyage m\u00e9morable : le plus grand paquebot du monde","description":"Un ancien paquebot embl\u00e9matique a quitt\u00e9 Philadelphie pour entamer une seconde vie spectaculaire : celle de r\u00e9cif artificiel. D\u00e9pouill\u00e9 de ses \u00e9l\u00e9ments","robots":{"index":"index","follow":"follow","max-snippet":"max-snippet:-1","max-image-preview":"max-image-preview:large","max-video-preview":"max-video-preview:-1"},"canonical":"https:\/\/voyage-aventure.com\/blog\/destinations-aventure\/un-voyage-memorable-le-plus-grand-paquebot-du-monde-devient-recif-artificiel\/","og_locale":"fr_FR","og_type":"article","og_title":"Un voyage m\u00e9morable : le plus grand paquebot du monde","og_description":"Un ancien paquebot embl\u00e9matique a quitt\u00e9 Philadelphie pour entamer une seconde vie spectaculaire : celle de r\u00e9cif artificiel. D\u00e9pouill\u00e9 de ses \u00e9l\u00e9ments","og_url":"https:\/\/voyage-aventure.com\/blog\/destinations-aventure\/un-voyage-memorable-le-plus-grand-paquebot-du-monde-devient-recif-artificiel\/","og_site_name":"voyage-aventure","og_image":[{"width":1024,"height":576,"url":"https:\/\/voyage-aventure.com\/blog\/wp-content\/uploads\/2025\/02\/stability-un-voyage-memorable-le-plus-grand-paquebot-du-monde-devient-recif-artificiel.png","type":"image\/png"}],"author":"Camille Rouvray","twitter_card":"summary_large_image","schema":{"@context":"https:\/\/schema.org","@graph":[{"@type":"NewsArticle","@id":"https:\/\/voyage-aventure.com\/blog\/destinations-aventure\/un-voyage-memorable-le-plus-grand-paquebot-du-monde-devient-recif-artificiel\/#article","isPartOf":{"@id":"https:\/\/voyage-aventure.com\/blog\/destinations-aventure\/un-voyage-memorable-le-plus-grand-paquebot-du-monde-devient-recif-artificiel\/"},"author":{"name":"Camille Rouvray","@id":"https:\/\/voyage-aventure.com\/blog\/#\/schema\/person\/3c864cdc320801e3db34b663e7e3f816"},"headline":"Un voyage m\u00e9morable : le plus grand paquebot du monde devient r\u00e9cif artificiel","datePublished":"2026-06-16T14:36:41+00:00","mainEntityOfPage":{"@id":"https:\/\/voyage-aventure.com\/blog\/destinations-aventure\/un-voyage-memorable-le-plus-grand-paquebot-du-monde-devient-recif-artificiel\/"},"wordCount":723,"commentCount":27,"publisher":{"@id":"https:\/\/voyage-aventure.com\/blog\/#organization"},"image":{"@id":"https:\/\/voyage-aventure.com\/blog\/destinations-aventure\/un-voyage-memorable-le-plus-grand-paquebot-du-monde-devient-recif-artificiel\/#primaryimage"},"thumbnailUrl":"https:\/\/voyage-aventure.com\/blog\/wp-content\/uploads\/2025\/02\/stability-un-voyage-memorable-le-plus-grand-paquebot-du-monde-devient-recif-artificiel.png","keywords":["Activit\u00e9s Nautiques","D\u00e9couverte Culturelle","\u00c9cosyst\u00e8me Sain","Immersion Culturelle","Pratiques Durables"],"articleSection":["Destinations Aventure"],"inLanguage":"fr-FR","potentialAction":[{"@type":"CommentAction","name":"Comment","target":["https:\/\/voyage-aventure.com\/blog\/destinations-aventure\/un-voyage-memorable-le-plus-grand-paquebot-du-monde-devient-recif-artificiel\/#respond"]}]},{"@type":"WebPage","@id":"https:\/\/voyage-aventure.com\/blog\/destinations-aventure\/un-voyage-memorable-le-plus-grand-paquebot-du-monde-devient-recif-artificiel\/","url":"https:\/\/voyage-aventure.com\/blog\/destinations-aventure\/un-voyage-memorable-le-plus-grand-paquebot-du-monde-devient-recif-artificiel\/","name":"Un voyage m\u00e9morable : le plus grand paquebot du monde","isPartOf":{"@id":"https:\/\/voyage-aventure.com\/blog\/#website"},"primaryImageOfPage":{"@id":"https:\/\/voyage-aventure.com\/blog\/destinations-aventure\/un-voyage-memorable-le-plus-grand-paquebot-du-monde-devient-recif-artificiel\/#primaryimage"},"image":{"@id":"https:\/\/voyage-aventure.com\/blog\/destinations-aventure\/un-voyage-memorable-le-plus-grand-paquebot-du-monde-devient-recif-artificiel\/#primaryimage"},"thumbnailUrl":"https:\/\/voyage-aventure.com\/blog\/wp-content\/uploads\/2025\/02\/stability-un-voyage-memorable-le-plus-grand-paquebot-du-monde-devient-recif-artificiel.png","datePublished":"2026-06-16T14:36:41+00:00","description":"Un ancien paquebot embl\u00e9matique a quitt\u00e9 Philadelphie pour entamer une seconde vie spectaculaire : celle de r\u00e9cif artificiel. D\u00e9pouill\u00e9 de ses \u00e9l\u00e9ments","inLanguage":"fr-FR","potentialAction":[{"@type":"ReadAction","target":["https:\/\/voyage-aventure.com\/blog\/destinations-aventure\/un-voyage-memorable-le-plus-grand-paquebot-du-monde-devient-recif-artificiel\/"]}]},{"@type":"ImageObject","inLanguage":"fr-FR","@id":"https:\/\/voyage-aventure.com\/blog\/destinations-aventure\/un-voyage-memorable-le-plus-grand-paquebot-du-monde-devient-recif-artificiel\/#primaryimage","url":"https:\/\/voyage-aventure.com\/blog\/wp-content\/uploads\/2025\/02\/stability-un-voyage-memorable-le-plus-grand-paquebot-du-monde-devient-recif-artificiel.png","contentUrl":"https:\/\/voyage-aventure.com\/blog\/wp-content\/uploads\/2025\/02\/stability-un-voyage-memorable-le-plus-grand-paquebot-du-monde-devient-recif-artificiel.png","width":1024,"height":576},{"@type":"WebSite","@id":"https:\/\/voyage-aventure.com\/blog\/#website","url":"https:\/\/voyage-aventure.com\/blog\/","name":"voyage-aventure.com","description":"Votre passeport pour l\u2019inattendu.","publisher":{"@id":"https:\/\/voyage-aventure.com\/blog\/#organization"},"alternateName":"Votre passeport pour l\u2019inattendu.","potentialAction":[{"@type":"SearchAction","target":{"@type":"EntryPoint","urlTemplate":"https:\/\/voyage-aventure.com\/blog\/?s={search_term_string}"},"query-input":{"@type":"PropertyValueSpecification","valueRequired":true,"valueName":"search_term_string"}}],"inLanguage":"fr-FR"},{"@type":"Organization","@id":"https:\/\/voyage-aventure.com\/blog\/#organization","name":"Foretsensations.fr","url":"https:\/\/voyage-aventure.com\/blog\/","logo":{"@type":"ImageObject","inLanguage":"fr-FR","@id":"https:\/\/voyage-aventure.com\/blog\/#\/schema\/logo\/image\/","url":"https:\/\/voyage-aventure.com\/blog\/wp-content\/uploads\/2024\/12\/19.png","contentUrl":"https:\/\/voyage-aventure.com\/blog\/wp-content\/uploads\/2024\/12\/19.png","width":512,"height":512,"caption":"Foretsensations.fr"},"image":{"@id":"https:\/\/voyage-aventure.com\/blog\/#\/schema\/logo\/image\/"}},{"@type":"Person","@id":"https:\/\/voyage-aventure.com\/blog\/#\/schema\/person\/3c864cdc320801e3db34b663e7e3f816","name":"Camille Rouvray","image":{"@type":"ImageObject","inLanguage":"fr-FR","@id":"https:\/\/voyage-aventure.com\/blog\/#\/schema\/person\/image\/","url":"https:\/\/voyage-aventure.com\/blog\/wp-content\/uploads\/2026\/06\/persona_camille-r-96x96.jpg","contentUrl":"https:\/\/voyage-aventure.com\/blog\/wp-content\/uploads\/2026\/06\/persona_camille-r-96x96.jpg","caption":"Camille Rouvray"},"description":"Je voyage et j'\u00e9cris sur le voyage depuis une douzaine d'ann\u00e9es, d'abord en tant que routarde au long cours, puis comme r\u00e9dactrice sp\u00e9cialis\u00e9e. Mon terrain de pr\u00e9dilection, ce sont les circuits organis\u00e9s et l'art de bien pr\u00e9parer un itin\u00e9raire : choix de la saison, dur\u00e9e r\u00e9aliste des \u00e9tapes, budget jour par jour, logement et transport sur place. J'aime aussi raconter les p\u00e9pites urbaines, ces adresses qu'on ne trouve pas dans les guides classiques. Avant de publier un dossier destination, je croise toujours plusieurs sources, je v\u00e9rifie les tarifs et les formalit\u00e9s d'entr\u00e9e \u00e0 jour, et je teste moi-m\u00eame quand je le peux. Mon angle reste pratique avant tout : aider le lecteur \u00e0 partir l'esprit tranquille, sans mauvaise surprise une fois sur place. Je m'attache \u00e0 distinguer le coup de c\u0153ur sinc\u00e8re du simple argument marketing.","sameAs":["https:\/\/camillerouvray.fr\/"],"url":"https:\/\/voyage-aventure.com\/blog\/auteur\/noname\/"}]}},"_links":{"self":[{"href":"https:\/\/voyage-aventure.com\/blog\/wp-json\/wp\/v2\/posts\/10801","targetHints":{"allow":["GET"]}}],"collection":[{"href":"https:\/\/voyage-aventure.com\/blog\/wp-json\/wp\/v2\/posts"}],"about":[{"href":"https:\/\/voyage-aventure.com\/blog\/wp-json\/wp\/v2\/types\/post"}],"author":[{"embeddable":true,"href":"https:\/\/voyage-aventure.com\/blog\/wp-json\/wp\/v2\/users\/34"}],"replies":[{"embeddable":true,"href":"https:\/\/voyage-aventure.com\/blog\/wp-json\/wp\/v2\/comments?post=10801"}],"version-history":[{"count":3,"href":"https:\/\/voyage-aventure.com\/blog\/wp-json\/wp\/v2\/posts\/10801\/revisions"}],"predecessor-version":[{"id":22579,"href":"https:\/\/voyage-aventure.com\/blog\/wp-json\/wp\/v2\/posts\/10801\/revisions\/22579"}],"wp:featuredmedia":[{"embeddable":true,"href":"https:\/\/voyage-aventure.com\/blog\/wp-json\/wp\/v2\/media\/10802"}],"wp:attachment":[{"href":"https:\/\/voyage-aventure.com\/blog\/wp-json\/wp\/v2\/media?parent=10801"}],"wp:term":[{"taxonomy":"category","embeddable":true,"href":"https:\/\/voyage-aventure.com\/blog\/wp-json\/wp\/v2\/categories?post=10801"},{"taxonomy":"post_tag","embeddable":true,"href":"https:\/\/voyage-aventure.com\/blog\/wp-json\/wp\/v2\/tags?post=10801"}],"curies":[{"name":"wp","href":"https:\/\/api.w.org\/{rel}","templated":true}]}}