{"id":10710,"date":"2026-09-01T23:46:22","date_gmt":"2026-09-01T21:46:22","guid":{"rendered":"https:\/\/voyage-aventure.com\/blog\/?p=10710"},"modified":"2026-09-01T23:46:22","modified_gmt":"2026-09-01T21:46:22","slug":"la-confiance-des-americains-en-la-securite-aerienne-en-legere-baisse-apres-un-accident-tragique","status":"publish","type":"post","link":"https:\/\/voyage-aventure.com\/blog\/a-la-une\/la-confiance-des-americains-en-la-securite-aerienne-en-legere-baisse-apres-un-accident-tragique\/","title":{"rendered":"La confiance des Am\u00e9ricains en la s\u00e9curit\u00e9 a\u00e9rienne en l\u00e9g\u00e8re baisse apr\u00e8s un accident tragique"},"content":{"rendered":"<link rel=\"stylesheet\" href=\"https:\/\/fonts.googleapis.com\/css2?family=Newsreader:ital,wght@0,500;0,700;1,500&#038;family=Inter:wght@400;500;600&#038;family=JetBrains+Mono:wght@500&#038;display=swap\">\n<style>\n.va-actu-wrap{font-family:Inter,-apple-system,BlinkMacSystemFont,sans-serif;color:#1a2233;line-height:1.65;font-size:17px;max-width:100%;}\n.va-actu-wrap h2{font-family:Newsreader,Georgia,serif;font-weight:700;font-size:clamp(22px,3vw,30px);letter-spacing:-0.01em;color:#12213d;margin:48px 0 18px;}\n.va-actu-dateline{font-family:'JetBrains Mono',monospace;font-size:12.5px;letter-spacing:.04em;color:#5b6b85;text-transform:uppercase;margin:0 0 14px;}\n.va-actu-lead{font-family:Newsreader,Georgia,serif;font-style:italic;font-size:19px;color:#28324a;border-left:4px solid #2f6fed;padding:2px 0 2px 18px;margin:0 0 28px;}\n.va-actu-essential{background:#eef3ff;border:1px solid #d3e0fc;border-radius:14px;padding:22px 24px;margin:0 0 34px;}\n.va-actu-essential-title{font-family:'JetBrains Mono',monospace;font-size:12px;font-weight:600;letter-spacing:.08em;text-transform:uppercase;color:#2f6fed;margin:0 0 12px;}\n.va-actu-essential ul{margin:0;padding:0;list-style:none;}\n.va-actu-essential li{display:flex;gap:10px;padding:8px 0;border-top:1px solid #d3e0fc;font-size:15.5px;color:#1f2a44;}\n.va-actu-essential li:first-child{border-top:none;}\n.va-actu-essential li strong{flex:none;min-width:118px;color:#2f6fed;font-weight:700;}\n.va-actu-stat-grid{display:grid;grid-template-columns:repeat(auto-fit,minmax(200px,1fr));gap:18px;margin:26px 0 30px;}\n.va-actu-stat{background:#fff;border:1px solid #e3e8f0;border-top:3px solid #2f6fed;border-radius:12px;padding:18px 20px;box-shadow:0 1px 2px rgba(16,24,40,.05),0 12px 28px -18px rgba(16,24,40,.18);transition:.25s ease;}\n.va-actu-stat:hover{transform:translateY(-3px);box-shadow:0 1px 2px rgba(16,24,40,.06),0 16px 32px -16px rgba(16,24,40,.24);}\n.va-actu-stat-num{font-family:'JetBrains Mono',monospace;font-size:26px;font-weight:600;color:#12213d;}\n.va-actu-stat-lbl{font-size:13.5px;color:#5b6b85;margin-top:4px;}\n.va-actu-retain{background:#12213d;color:#eef3f9;border-radius:16px;padding:26px 26px 24px;margin:40px 0;}\n.va-actu-retain-title{font-family:'JetBrains Mono',monospace;font-size:12px;font-weight:600;letter-spacing:.08em;text-transform:uppercase;color:#8fb2ff;margin:0 0 14px;}\n.va-actu-retain ul{margin:0;padding:0;list-style:none;}\n.va-actu-retain li{display:flex;gap:10px;padding:9px 0;border-top:1px solid rgba(255,255,255,.14);color:#eef3f9!important;font-size:15.5px;}\n.va-actu-retain li div{color:#eef3f9!important;}\n.va-actu-retain li:first-child{border-top:none;}\n.va-actu-retain li span{flex:none;color:#8fb2ff!important;font-weight:700;}\n.va-actu-retain strong,.va-actu-retain b{color:#fff!important;}\n.va-actu-faq{margin:40px 0 10px;}\n.va-actu-faq details{background:#fff;border:1px solid #e3e8f0;border-radius:12px;padding:4px 20px;margin:0 0 12px;transition:.2s ease;}\n.va-actu-faq details[open]{border-color:#2f6fed;}\n.va-actu-faq summary{font-family:Newsreader,Georgia,serif;font-weight:600;font-size:17px;color:#12213d;padding:14px 0;cursor:pointer;list-style:none;}\n.va-actu-faq summary::-webkit-details-marker{display:none;}\n.va-actu-faq summary::before{content:\"\u2192\";color:#2f6fed;margin-right:10px;font-weight:700;}\n.va-actu-faq div{padding:0 0 16px;color:#28324a;font-size:15.5px;}\n<\/style>\n<div class=\"va-actu-wrap\">\n<div class=\"va-actu-dateline\">Publi\u00e9 le 19 f\u00e9vrier 2025 \u00b7 rev\u00e9rifi\u00e9 et mis \u00e0 jour le 1\u1d49\u02b3 septembre 2026<\/div>\n<div class=\"va-actu-lead\">Un sondage AP-NORC publi\u00e9 trois semaines apr\u00e8s la collision a\u00e9rienne survenue pr\u00e8s de Washington fin janvier 2025 mesurait un l\u00e9ger recul de la confiance des Am\u00e9ricains envers la s\u00e9curit\u00e9 a\u00e9rienne. Dix-huit mois plus tard, l&rsquo;enqu\u00eate officielle sur cet accident est close : voici ce que l&rsquo;on sait vraiment, chiffres et sources \u00e0 l&rsquo;appui.<\/div>\n<div class=\"va-actu-essential\">\n<div class=\"va-actu-essential-title\">L&rsquo;essentiel<\/div>\n<ul>\n<li><strong>Quoi<\/strong><span>Le 29 janvier 2025, un vol PSA\/American Airlines entre en collision avec un h\u00e9licopt\u00e8re militaire Black Hawk pr\u00e8s de Washington. 67 morts.<\/span><\/li>\n<li><strong>Quand \/ Qui<\/strong><span>Le sondage AP-NORC cit\u00e9 par la presse date du 6-10 f\u00e9vrier 2025, sur 1 112 adultes (\u00b14,1 pts).<\/span><\/li>\n<li><strong>Pourquoi \u00e7a compte<\/strong><span>Le rapport final du NTSB, publi\u00e9 le 27 janvier 2026, a depuis \u00e9tabli la cause officielle : des d\u00e9faillances syst\u00e9miques, pas une fatalit\u00e9 isol\u00e9e.<\/span><\/li>\n<\/ul>\n<\/div>\n<h2>Contexte du crash a\u00e9rien \u00e0 Washington<\/h2>\n<p>Le 29 janvier 2025, un avion de ligne exploit\u00e9 par PSA Airlines pour American Airlines est entr\u00e9 en collision en vol avec un h\u00e9licopt\u00e8re UH-60 Black Hawk de l&rsquo;arm\u00e9e am\u00e9ricaine, \u00e0 proximit\u00e9 de l&rsquo;a\u00e9roport Reagan National de Washington. L&rsquo;accident a co\u00fbt\u00e9 la vie aux 67 personnes pr\u00e9sentes \u00e0 bord des deux appareils. Cet \u00e9v\u00e9nement a profond\u00e9ment marqu\u00e9 l&rsquo;opinion publique am\u00e9ricaine dans les semaines qui ont suivi.<\/p>\n<p>Le National Transportation Safety Board (NTSB), l&rsquo;autorit\u00e9 am\u00e9ricaine charg\u00e9e de ces enqu\u00eates, a publi\u00e9 son <strong>rapport final le 27 janvier 2026<\/strong> \u2014 soit un an apr\u00e8s l&rsquo;accident. Ses conclusions pointent des <strong>d\u00e9faillances syst\u00e9miques<\/strong> : une route d&rsquo;h\u00e9licopt\u00e8re positionn\u00e9e trop pr\u00e8s des trajectoires d&rsquo;approche de l&rsquo;a\u00e9roport, une absence de r\u00e9vision r\u00e9guli\u00e8re de ce risque par la FAA (l&rsquo;autorit\u00e9 f\u00e9d\u00e9rale de l&rsquo;aviation) malgr\u00e9 des alertes ant\u00e9rieures, et une d\u00e9pendance excessive \u00e0 la seule s\u00e9paration visuelle entre a\u00e9ronefs plut\u00f4t qu&rsquo;\u00e0 des instruments de guidage. Le NTSB a qualifi\u00e9 l&rsquo;accident de \u00ab totalement \u00e9vitable \u00bb et formul\u00e9 57 recommandations de s\u00e9curit\u00e9. Au moment de la r\u00e9daction initiale de cet article, en f\u00e9vrier 2025, l&rsquo;enqu\u00eate n&rsquo;en \u00e9tait qu&rsquo;\u00e0 son rapport pr\u00e9liminaire : la cause n&rsquo;\u00e9tait pas encore \u00e9tablie.<\/p>\n<h2>Un sondage AP-NORC, avec ses vrais chiffres<\/h2>\n<p>Le sondage \u00e0 l&rsquo;origine des titres de presse de f\u00e9vrier 2025 a \u00e9t\u00e9 men\u00e9 par le <strong>Centre AP-NORC pour la recherche sur les affaires publiques<\/strong>, sur le panel AmeriSpeak de NORC, <strong>du 6 au 10 f\u00e9vrier 2025<\/strong>, aupr\u00e8s de <strong>1 112 adultes<\/strong> (marge d&rsquo;erreur \u00b14,1 points). Il ne montre pas un effondrement de la confiance dans l&rsquo;avion, mais deux \u00e9volutions plus pr\u00e9cises.<\/p>\n<div class=\"va-actu-stat-grid\">\n<div class=\"va-actu-stat\">\n<div class=\"va-actu-stat-num\">62 % \u2192 55 %<\/div>\n<div class=\"va-actu-stat-lbl\">Confiance dans les agences f\u00e9d\u00e9rales charg\u00e9es de la s\u00e9curit\u00e9 a\u00e9rienne : de janv. 2024 \u00e0 f\u00e9vr. 2025<\/div>\n<\/div>\n<div class=\"va-actu-stat\">\n<div class=\"va-actu-stat-num\">73 % \u2192 60 %<\/div>\n<div class=\"va-actu-stat-lbl\">Baisse plus marqu\u00e9e chez les sympathisants d\u00e9mocrates sur cette m\u00eame question<\/div>\n<\/div>\n<div class=\"va-actu-stat\">\n<div class=\"va-actu-stat-num\">~6\/10<\/div>\n<div class=\"va-actu-stat-lbl\">Adultes jugeant encore l&rsquo;avion \u00ab tr\u00e8s \u00bb ou \u00ab plut\u00f4t \u00bb s\u00fbr \u2014 un niveau proche de janvier 2024<\/div>\n<\/div>\n<\/div>\n<p>Autrement dit : la perception g\u00e9n\u00e9rale que \u00ab l&rsquo;avion reste s\u00fbr \u00bb a peu boug\u00e9, mais la confiance sp\u00e9cifique envers les autorit\u00e9s de surveillance (FAA notamment) a recul\u00e9 d&rsquo;environ 7 points en un an \u2014 une baisse r\u00e9elle mais mesur\u00e9e, coh\u00e9rente avec le terme \u00ab l\u00e9g\u00e8re \u00bb employ\u00e9 dans les titres de l&rsquo;\u00e9poque, et non un basculement de l&rsquo;opinion.<\/p>\n<p><iframe loading=\"lazy\" title=\"L&#039;histoire tragique du 1er avion de ligne \u00e0 r\u00e9action - Le COMET\" width=\"1200\" height=\"675\" src=\"https:\/\/www.youtube.com\/embed\/hdh5KjyfaLQ?feature=oembed\" frameborder=\"0\" allow=\"accelerometer; autoplay; clipboard-write; encrypted-media; gyroscope; picture-in-picture; web-share\" referrerpolicy=\"strict-origin-when-cross-origin\" allowfullscreen><\/iframe><\/p>\n<h2>Ce que le rapport final a chang\u00e9<\/h2>\n<p>Dans les semaines qui ont suivi l&rsquo;accident, l&rsquo;inqui\u00e9tude exprim\u00e9e par des voyageurs sur les r\u00e9seaux sociaux et la communication renforc\u00e9e des compagnies a\u00e9riennes s&rsquo;inscrivaient dans un sch\u00e9ma classique apr\u00e8s un accident tr\u00e8s m\u00e9diatis\u00e9 : un pic de courte dur\u00e9e, sans effet d\u00e9montr\u00e9 sur la fr\u00e9quentation \u00e0 moyen terme. La publication du rapport final du NTSB, en janvier 2026, a depuis fait sortir le dossier du registre des hypoth\u00e8ses pour entrer dans celui des causes \u00e9tablies. Ses 57 recommandations portent notamment sur la s\u00e9paration entre trafic commercial et trafic militaire\/h\u00e9licopt\u00e8re autour des a\u00e9roports congestionn\u00e9s, et sur le renforcement de la r\u00e9vision p\u00e9riodique des routes \u00e0 risque par la FAA \u2014 leur mise en \u0153uvre effective d\u00e9pendant d\u00e9sormais des agences concern\u00e9es.<\/p>\n<ul>\n<li>R\u00e9viser les routes d&rsquo;h\u00e9licopt\u00e8res situ\u00e9es pr\u00e8s des trajectoires d&rsquo;approche des grands a\u00e9roports<\/li>\n<li>Renforcer la supervision r\u00e9guli\u00e8re de la FAA sur ces zones \u00e0 risque partag\u00e9<\/li>\n<li>R\u00e9duire la d\u00e9pendance \u00e0 la seule s\u00e9paration visuelle entre a\u00e9ronefs<\/li>\n<\/ul>\n<div class=\"va-actu-retain\">\n<div class=\"va-actu-retain-title\">\u00c0 retenir<\/div>\n<ul>\n<li><span>\u2192<\/span>\n<div>La collision du 29 janvier 2025 pr\u00e8s de Washington a fait 67 morts ; elle impliquait un avion PSA\/American Airlines et un h\u00e9licopt\u00e8re militaire Black Hawk.<\/div>\n<\/li>\n<li><span>\u2192<\/span>\n<div>Le rapport final du NTSB, publi\u00e9 le 27 janvier 2026, attribue l&rsquo;accident \u00e0 des d\u00e9faillances syst\u00e9miques de supervision, pas \u00e0 une cause unique.<\/div>\n<\/li>\n<li><span>\u2192<\/span>\n<div>Le sondage AP-NORC (6-10 f\u00e9vrier 2025, 1 112 adultes) mesure une baisse de 62 % \u00e0 55 % de la confiance dans les agences de s\u00e9curit\u00e9 a\u00e9rienne \u2014 pas un effondrement de la confiance g\u00e9n\u00e9rale dans l&rsquo;avion.<\/div>\n<\/li>\n<li><span>\u2192<\/span>\n<div>La perception globale de la s\u00e9curit\u00e9 a\u00e9rienne reste stable : environ 6 adultes sur 10 continuent de juger l&rsquo;avion s\u00fbr.<\/div>\n<\/li>\n<\/ul>\n<\/div>\n<div class=\"va-actu-faq\">\n<h2>Questions fr\u00e9quentes<\/h2>\n<details>\n<summary>Quel accident est \u00e0 l&rsquo;origine de cette baisse de confiance ?<\/summary>\n<div>La collision du 29 janvier 2025 entre un avion PSA\/American Airlines et un h\u00e9licopt\u00e8re militaire Black Hawk pr\u00e8s de Washington, qui a fait 67 morts.<\/div>\n<\/details>\n<details>\n<summary>La cause de l&rsquo;accident est-elle connue ?<\/summary>\n<div>Oui, depuis le rapport final du NTSB (27 janvier 2026) : des d\u00e9faillances syst\u00e9miques de supervision, pas une cause unique.<\/div>\n<\/details>\n<details>\n<summary>Que dit exactement le sondage AP-NORC ?<\/summary>\n<div>Men\u00e9 du 6 au 10 f\u00e9vrier 2025 (1 112 adultes, \u00b14,1 points), il mesure un recul de 62 % \u00e0 55 % de la confiance envers les agences de s\u00e9curit\u00e9 a\u00e9rienne \u2014 pas un effondrement de la confiance g\u00e9n\u00e9rale dans l&rsquo;avion.<\/div>\n<\/details>\n<details>\n<summary>Voyager en avion reste-t-il s\u00fbr malgr\u00e9 cet accident ?<\/summary>\n<div>Oui : environ 6 adultes sur 10 jugent encore l&rsquo;avion s\u00fbr dans ce m\u00eame sondage, un niveau proche de celui d&rsquo;un an plus t\u00f4t.<\/div>\n<\/details>\n<\/div>\n<\/div>\n<p><img decoding=\"async\" width=\"1024\" height=\"576\" src=\"https:\/\/voyage-aventure.com\/blog\/wp-content\/uploads\/2025\/02\/stability-la-confiance-des-americains-en-la-securite-aerienne-en-legere-baisse-apres-un-accident-tragique-1.png\" class=\"aligncenter\" alt=\"Illustration d\u00e9taill\u00e9e sur La confiance des Am\u00e9ricains en la s\u00e9curit\u00e9 a\u00e9rienne en l\u00e9g\u00e8re baisse apr\u00e8s un accident tragique\" title=\"La confiance des Am\u00e9ricains en la s\u00e9curit\u00e9 a\u00e9rienne en l\u00e9g\u00e8re baisse apr\u00e8s un accident tragique\" loading=\"lazy\" \/><\/p>\n","protected":false},"excerpt":{"rendered":"","protected":false},"author":34,"featured_media":10711,"comment_status":"open","ping_status":"open","sticky":false,"template":"","format":"standard","meta":{"_acf_changed":false,"manual_indexmenow":false,"indexmenow_id_project":0,"footnotes":""},"categories":[1],"tags":[5908,4797,5907,3170,4635],"class_list":["post-10710","post","type-post","status-publish","format-standard","has-post-thumbnail","hentry","category-a-la-une","tag-aviation","tag-communication","tag-confiance-des-voyageurs","tag-securite","tag-voyage","generate-columns","tablet-grid-50","mobile-grid-100","grid-parent","grid-25"],"acf":[],"yoast_head":"<!-- This site is optimized with the Yoast SEO Premium plugin v21.3 (Yoast SEO v25.1) - https:\/\/yoast.com\/wordpress\/plugins\/seo\/ -->\n<title>La confiance des Am\u00e9ricains en la s\u00e9curit\u00e9 a\u00e9rienne en<\/title>\n<meta name=\"description\" content=\"Le r\u00e9cent accident d&#039;avion survenu \u00e0 Washington a profond\u00e9ment \u00e9branl\u00e9 la confiance des Am\u00e9ricains dans la s\u00e9curit\u00e9 des voyages a\u00e9riens. Cet \u00e9v\u00e9nement\" \/>\n<meta name=\"robots\" content=\"index, follow, max-snippet:-1, max-image-preview:large, max-video-preview:-1\" \/>\n<link rel=\"canonical\" href=\"https:\/\/voyage-aventure.com\/blog\/a-la-une\/la-confiance-des-americains-en-la-securite-aerienne-en-legere-baisse-apres-un-accident-tragique\/\" \/>\n<meta property=\"og:locale\" content=\"fr_FR\" \/>\n<meta property=\"og:type\" content=\"article\" \/>\n<meta property=\"og:title\" content=\"La confiance des Am\u00e9ricains en la s\u00e9curit\u00e9 a\u00e9rienne en\" \/>\n<meta property=\"og:description\" content=\"Le r\u00e9cent accident d&#039;avion survenu \u00e0 Washington a profond\u00e9ment \u00e9branl\u00e9 la confiance des Am\u00e9ricains dans la s\u00e9curit\u00e9 des voyages a\u00e9riens. Cet \u00e9v\u00e9nement\" \/>\n<meta property=\"og:url\" content=\"https:\/\/voyage-aventure.com\/blog\/a-la-une\/la-confiance-des-americains-en-la-securite-aerienne-en-legere-baisse-apres-un-accident-tragique\/\" \/>\n<meta property=\"og:site_name\" content=\"voyage-aventure\" \/>\n<meta property=\"og:image\" content=\"https:\/\/voyage-aventure.com\/blog\/wp-content\/uploads\/2025\/02\/stability-la-confiance-des-americains-en-la-securite-aerienne-en-legere-baisse-apres-un-accident-tragique.png\" \/>\n\t<meta property=\"og:image:width\" content=\"1024\" \/>\n\t<meta property=\"og:image:height\" content=\"576\" \/>\n\t<meta property=\"og:image:type\" content=\"image\/png\" \/>\n<meta name=\"author\" content=\"Camille Rouvray\" \/>\n<meta name=\"twitter:card\" content=\"summary_large_image\" \/>\n<script type=\"application\/ld+json\" class=\"yoast-schema-graph\">{\"@context\":\"https:\/\/schema.org\",\"@graph\":[{\"@type\":\"NewsArticle\",\"@id\":\"https:\/\/voyage-aventure.com\/blog\/a-la-une\/la-confiance-des-americains-en-la-securite-aerienne-en-legere-baisse-apres-un-accident-tragique\/#article\",\"isPartOf\":{\"@id\":\"https:\/\/voyage-aventure.com\/blog\/a-la-une\/la-confiance-des-americains-en-la-securite-aerienne-en-legere-baisse-apres-un-accident-tragique\/\"},\"author\":{\"name\":\"Camille Rouvray\",\"@id\":\"https:\/\/voyage-aventure.com\/blog\/#\/schema\/person\/3c864cdc320801e3db34b663e7e3f816\"},\"headline\":\"La confiance des Am\u00e9ricains en la s\u00e9curit\u00e9 a\u00e9rienne en l\u00e9g\u00e8re baisse apr\u00e8s un accident tragique\",\"datePublished\":\"2026-09-01T21:46:22+00:00\",\"mainEntityOfPage\":{\"@id\":\"https:\/\/voyage-aventure.com\/blog\/a-la-une\/la-confiance-des-americains-en-la-securite-aerienne-en-legere-baisse-apres-un-accident-tragique\/\"},\"wordCount\":1022,\"commentCount\":28,\"publisher\":{\"@id\":\"https:\/\/voyage-aventure.com\/blog\/#organization\"},\"image\":{\"@id\":\"https:\/\/voyage-aventure.com\/blog\/a-la-une\/la-confiance-des-americains-en-la-securite-aerienne-en-legere-baisse-apres-un-accident-tragique\/#primaryimage\"},\"thumbnailUrl\":\"https:\/\/voyage-aventure.com\/blog\/wp-content\/uploads\/2025\/02\/stability-la-confiance-des-americains-en-la-securite-aerienne-en-legere-baisse-apres-un-accident-tragique.png\",\"keywords\":[\"Aviation\",\"Communication\",\"Confiance des Voyageurs\",\"S\u00e9curit\u00e9\",\"Voyage\"],\"articleSection\":[\"\u00c0 la une\"],\"inLanguage\":\"fr-FR\",\"potentialAction\":[{\"@type\":\"CommentAction\",\"name\":\"Comment\",\"target\":[\"https:\/\/voyage-aventure.com\/blog\/a-la-une\/la-confiance-des-americains-en-la-securite-aerienne-en-legere-baisse-apres-un-accident-tragique\/#respond\"]}]},{\"@type\":\"WebPage\",\"@id\":\"https:\/\/voyage-aventure.com\/blog\/a-la-une\/la-confiance-des-americains-en-la-securite-aerienne-en-legere-baisse-apres-un-accident-tragique\/\",\"url\":\"https:\/\/voyage-aventure.com\/blog\/a-la-une\/la-confiance-des-americains-en-la-securite-aerienne-en-legere-baisse-apres-un-accident-tragique\/\",\"name\":\"La confiance des Am\u00e9ricains en la s\u00e9curit\u00e9 a\u00e9rienne en\",\"isPartOf\":{\"@id\":\"https:\/\/voyage-aventure.com\/blog\/#website\"},\"primaryImageOfPage\":{\"@id\":\"https:\/\/voyage-aventure.com\/blog\/a-la-une\/la-confiance-des-americains-en-la-securite-aerienne-en-legere-baisse-apres-un-accident-tragique\/#primaryimage\"},\"image\":{\"@id\":\"https:\/\/voyage-aventure.com\/blog\/a-la-une\/la-confiance-des-americains-en-la-securite-aerienne-en-legere-baisse-apres-un-accident-tragique\/#primaryimage\"},\"thumbnailUrl\":\"https:\/\/voyage-aventure.com\/blog\/wp-content\/uploads\/2025\/02\/stability-la-confiance-des-americains-en-la-securite-aerienne-en-legere-baisse-apres-un-accident-tragique.png\",\"datePublished\":\"2026-09-01T21:46:22+00:00\",\"description\":\"Le r\u00e9cent accident d'avion survenu \u00e0 Washington a profond\u00e9ment \u00e9branl\u00e9 la confiance des Am\u00e9ricains dans la s\u00e9curit\u00e9 des voyages a\u00e9riens. Cet \u00e9v\u00e9nement\",\"inLanguage\":\"fr-FR\",\"potentialAction\":[{\"@type\":\"ReadAction\",\"target\":[\"https:\/\/voyage-aventure.com\/blog\/a-la-une\/la-confiance-des-americains-en-la-securite-aerienne-en-legere-baisse-apres-un-accident-tragique\/\"]}]},{\"@type\":\"ImageObject\",\"inLanguage\":\"fr-FR\",\"@id\":\"https:\/\/voyage-aventure.com\/blog\/a-la-une\/la-confiance-des-americains-en-la-securite-aerienne-en-legere-baisse-apres-un-accident-tragique\/#primaryimage\",\"url\":\"https:\/\/voyage-aventure.com\/blog\/wp-content\/uploads\/2025\/02\/stability-la-confiance-des-americains-en-la-securite-aerienne-en-legere-baisse-apres-un-accident-tragique.png\",\"contentUrl\":\"https:\/\/voyage-aventure.com\/blog\/wp-content\/uploads\/2025\/02\/stability-la-confiance-des-americains-en-la-securite-aerienne-en-legere-baisse-apres-un-accident-tragique.png\",\"width\":1024,\"height\":576},{\"@type\":\"WebSite\",\"@id\":\"https:\/\/voyage-aventure.com\/blog\/#website\",\"url\":\"https:\/\/voyage-aventure.com\/blog\/\",\"name\":\"voyage-aventure.com\",\"description\":\"Votre passeport pour l\u2019inattendu.\",\"publisher\":{\"@id\":\"https:\/\/voyage-aventure.com\/blog\/#organization\"},\"alternateName\":\"Votre passeport pour l\u2019inattendu.\",\"potentialAction\":[{\"@type\":\"SearchAction\",\"target\":{\"@type\":\"EntryPoint\",\"urlTemplate\":\"https:\/\/voyage-aventure.com\/blog\/?s={search_term_string}\"},\"query-input\":{\"@type\":\"PropertyValueSpecification\",\"valueRequired\":true,\"valueName\":\"search_term_string\"}}],\"inLanguage\":\"fr-FR\"},{\"@type\":\"Organization\",\"@id\":\"https:\/\/voyage-aventure.com\/blog\/#organization\",\"name\":\"Foretsensations.fr\",\"url\":\"https:\/\/voyage-aventure.com\/blog\/\",\"logo\":{\"@type\":\"ImageObject\",\"inLanguage\":\"fr-FR\",\"@id\":\"https:\/\/voyage-aventure.com\/blog\/#\/schema\/logo\/image\/\",\"url\":\"https:\/\/voyage-aventure.com\/blog\/wp-content\/uploads\/2024\/12\/19.png\",\"contentUrl\":\"https:\/\/voyage-aventure.com\/blog\/wp-content\/uploads\/2024\/12\/19.png\",\"width\":512,\"height\":512,\"caption\":\"Foretsensations.fr\"},\"image\":{\"@id\":\"https:\/\/voyage-aventure.com\/blog\/#\/schema\/logo\/image\/\"}},{\"@type\":\"Person\",\"@id\":\"https:\/\/voyage-aventure.com\/blog\/#\/schema\/person\/3c864cdc320801e3db34b663e7e3f816\",\"name\":\"Camille Rouvray\",\"image\":{\"@type\":\"ImageObject\",\"inLanguage\":\"fr-FR\",\"@id\":\"https:\/\/voyage-aventure.com\/blog\/#\/schema\/person\/image\/\",\"url\":\"https:\/\/voyage-aventure.com\/blog\/wp-content\/uploads\/2026\/06\/persona_camille-r-96x96.jpg\",\"contentUrl\":\"https:\/\/voyage-aventure.com\/blog\/wp-content\/uploads\/2026\/06\/persona_camille-r-96x96.jpg\",\"caption\":\"Camille Rouvray\"},\"description\":\"Je voyage et j'\u00e9cris sur le voyage depuis une douzaine d'ann\u00e9es, d'abord en tant que routarde au long cours, puis comme r\u00e9dactrice sp\u00e9cialis\u00e9e. Mon terrain de pr\u00e9dilection, ce sont les circuits organis\u00e9s et l'art de bien pr\u00e9parer un itin\u00e9raire : choix de la saison, dur\u00e9e r\u00e9aliste des \u00e9tapes, budget jour par jour, logement et transport sur place. J'aime aussi raconter les p\u00e9pites urbaines, ces adresses qu'on ne trouve pas dans les guides classiques. Avant de publier un dossier destination, je croise toujours plusieurs sources, je v\u00e9rifie les tarifs et les formalit\u00e9s d'entr\u00e9e \u00e0 jour, et je teste moi-m\u00eame quand je le peux. Mon angle reste pratique avant tout : aider le lecteur \u00e0 partir l'esprit tranquille, sans mauvaise surprise une fois sur place. Je m'attache \u00e0 distinguer le coup de c\u0153ur sinc\u00e8re du simple argument marketing.\",\"sameAs\":[\"https:\/\/camillerouvray.fr\/\"],\"url\":\"https:\/\/voyage-aventure.com\/blog\/auteur\/noname\/\"}]}<\/script>\n<!-- \/ Yoast SEO Premium plugin. -->","yoast_head_json":{"title":"La confiance des Am\u00e9ricains en la s\u00e9curit\u00e9 a\u00e9rienne en","description":"Le r\u00e9cent accident d'avion survenu \u00e0 Washington a profond\u00e9ment \u00e9branl\u00e9 la confiance des Am\u00e9ricains dans la s\u00e9curit\u00e9 des voyages a\u00e9riens. Cet \u00e9v\u00e9nement","robots":{"index":"index","follow":"follow","max-snippet":"max-snippet:-1","max-image-preview":"max-image-preview:large","max-video-preview":"max-video-preview:-1"},"canonical":"https:\/\/voyage-aventure.com\/blog\/a-la-une\/la-confiance-des-americains-en-la-securite-aerienne-en-legere-baisse-apres-un-accident-tragique\/","og_locale":"fr_FR","og_type":"article","og_title":"La confiance des Am\u00e9ricains en la s\u00e9curit\u00e9 a\u00e9rienne en","og_description":"Le r\u00e9cent accident d'avion survenu \u00e0 Washington a profond\u00e9ment \u00e9branl\u00e9 la confiance des Am\u00e9ricains dans la s\u00e9curit\u00e9 des voyages a\u00e9riens. Cet \u00e9v\u00e9nement","og_url":"https:\/\/voyage-aventure.com\/blog\/a-la-une\/la-confiance-des-americains-en-la-securite-aerienne-en-legere-baisse-apres-un-accident-tragique\/","og_site_name":"voyage-aventure","og_image":[{"width":1024,"height":576,"url":"https:\/\/voyage-aventure.com\/blog\/wp-content\/uploads\/2025\/02\/stability-la-confiance-des-americains-en-la-securite-aerienne-en-legere-baisse-apres-un-accident-tragique.png","type":"image\/png"}],"author":"Camille Rouvray","twitter_card":"summary_large_image","schema":{"@context":"https:\/\/schema.org","@graph":[{"@type":"NewsArticle","@id":"https:\/\/voyage-aventure.com\/blog\/a-la-une\/la-confiance-des-americains-en-la-securite-aerienne-en-legere-baisse-apres-un-accident-tragique\/#article","isPartOf":{"@id":"https:\/\/voyage-aventure.com\/blog\/a-la-une\/la-confiance-des-americains-en-la-securite-aerienne-en-legere-baisse-apres-un-accident-tragique\/"},"author":{"name":"Camille Rouvray","@id":"https:\/\/voyage-aventure.com\/blog\/#\/schema\/person\/3c864cdc320801e3db34b663e7e3f816"},"headline":"La confiance des Am\u00e9ricains en la s\u00e9curit\u00e9 a\u00e9rienne en l\u00e9g\u00e8re baisse apr\u00e8s un accident tragique","datePublished":"2026-09-01T21:46:22+00:00","mainEntityOfPage":{"@id":"https:\/\/voyage-aventure.com\/blog\/a-la-une\/la-confiance-des-americains-en-la-securite-aerienne-en-legere-baisse-apres-un-accident-tragique\/"},"wordCount":1022,"commentCount":28,"publisher":{"@id":"https:\/\/voyage-aventure.com\/blog\/#organization"},"image":{"@id":"https:\/\/voyage-aventure.com\/blog\/a-la-une\/la-confiance-des-americains-en-la-securite-aerienne-en-legere-baisse-apres-un-accident-tragique\/#primaryimage"},"thumbnailUrl":"https:\/\/voyage-aventure.com\/blog\/wp-content\/uploads\/2025\/02\/stability-la-confiance-des-americains-en-la-securite-aerienne-en-legere-baisse-apres-un-accident-tragique.png","keywords":["Aviation","Communication","Confiance des Voyageurs","S\u00e9curit\u00e9","Voyage"],"articleSection":["\u00c0 la une"],"inLanguage":"fr-FR","potentialAction":[{"@type":"CommentAction","name":"Comment","target":["https:\/\/voyage-aventure.com\/blog\/a-la-une\/la-confiance-des-americains-en-la-securite-aerienne-en-legere-baisse-apres-un-accident-tragique\/#respond"]}]},{"@type":"WebPage","@id":"https:\/\/voyage-aventure.com\/blog\/a-la-une\/la-confiance-des-americains-en-la-securite-aerienne-en-legere-baisse-apres-un-accident-tragique\/","url":"https:\/\/voyage-aventure.com\/blog\/a-la-une\/la-confiance-des-americains-en-la-securite-aerienne-en-legere-baisse-apres-un-accident-tragique\/","name":"La confiance des Am\u00e9ricains en la s\u00e9curit\u00e9 a\u00e9rienne en","isPartOf":{"@id":"https:\/\/voyage-aventure.com\/blog\/#website"},"primaryImageOfPage":{"@id":"https:\/\/voyage-aventure.com\/blog\/a-la-une\/la-confiance-des-americains-en-la-securite-aerienne-en-legere-baisse-apres-un-accident-tragique\/#primaryimage"},"image":{"@id":"https:\/\/voyage-aventure.com\/blog\/a-la-une\/la-confiance-des-americains-en-la-securite-aerienne-en-legere-baisse-apres-un-accident-tragique\/#primaryimage"},"thumbnailUrl":"https:\/\/voyage-aventure.com\/blog\/wp-content\/uploads\/2025\/02\/stability-la-confiance-des-americains-en-la-securite-aerienne-en-legere-baisse-apres-un-accident-tragique.png","datePublished":"2026-09-01T21:46:22+00:00","description":"Le r\u00e9cent accident d'avion survenu \u00e0 Washington a profond\u00e9ment \u00e9branl\u00e9 la confiance des Am\u00e9ricains dans la s\u00e9curit\u00e9 des voyages a\u00e9riens. Cet \u00e9v\u00e9nement","inLanguage":"fr-FR","potentialAction":[{"@type":"ReadAction","target":["https:\/\/voyage-aventure.com\/blog\/a-la-une\/la-confiance-des-americains-en-la-securite-aerienne-en-legere-baisse-apres-un-accident-tragique\/"]}]},{"@type":"ImageObject","inLanguage":"fr-FR","@id":"https:\/\/voyage-aventure.com\/blog\/a-la-une\/la-confiance-des-americains-en-la-securite-aerienne-en-legere-baisse-apres-un-accident-tragique\/#primaryimage","url":"https:\/\/voyage-aventure.com\/blog\/wp-content\/uploads\/2025\/02\/stability-la-confiance-des-americains-en-la-securite-aerienne-en-legere-baisse-apres-un-accident-tragique.png","contentUrl":"https:\/\/voyage-aventure.com\/blog\/wp-content\/uploads\/2025\/02\/stability-la-confiance-des-americains-en-la-securite-aerienne-en-legere-baisse-apres-un-accident-tragique.png","width":1024,"height":576},{"@type":"WebSite","@id":"https:\/\/voyage-aventure.com\/blog\/#website","url":"https:\/\/voyage-aventure.com\/blog\/","name":"voyage-aventure.com","description":"Votre passeport pour l\u2019inattendu.","publisher":{"@id":"https:\/\/voyage-aventure.com\/blog\/#organization"},"alternateName":"Votre passeport pour l\u2019inattendu.","potentialAction":[{"@type":"SearchAction","target":{"@type":"EntryPoint","urlTemplate":"https:\/\/voyage-aventure.com\/blog\/?s={search_term_string}"},"query-input":{"@type":"PropertyValueSpecification","valueRequired":true,"valueName":"search_term_string"}}],"inLanguage":"fr-FR"},{"@type":"Organization","@id":"https:\/\/voyage-aventure.com\/blog\/#organization","name":"Foretsensations.fr","url":"https:\/\/voyage-aventure.com\/blog\/","logo":{"@type":"ImageObject","inLanguage":"fr-FR","@id":"https:\/\/voyage-aventure.com\/blog\/#\/schema\/logo\/image\/","url":"https:\/\/voyage-aventure.com\/blog\/wp-content\/uploads\/2024\/12\/19.png","contentUrl":"https:\/\/voyage-aventure.com\/blog\/wp-content\/uploads\/2024\/12\/19.png","width":512,"height":512,"caption":"Foretsensations.fr"},"image":{"@id":"https:\/\/voyage-aventure.com\/blog\/#\/schema\/logo\/image\/"}},{"@type":"Person","@id":"https:\/\/voyage-aventure.com\/blog\/#\/schema\/person\/3c864cdc320801e3db34b663e7e3f816","name":"Camille Rouvray","image":{"@type":"ImageObject","inLanguage":"fr-FR","@id":"https:\/\/voyage-aventure.com\/blog\/#\/schema\/person\/image\/","url":"https:\/\/voyage-aventure.com\/blog\/wp-content\/uploads\/2026\/06\/persona_camille-r-96x96.jpg","contentUrl":"https:\/\/voyage-aventure.com\/blog\/wp-content\/uploads\/2026\/06\/persona_camille-r-96x96.jpg","caption":"Camille Rouvray"},"description":"Je voyage et j'\u00e9cris sur le voyage depuis une douzaine d'ann\u00e9es, d'abord en tant que routarde au long cours, puis comme r\u00e9dactrice sp\u00e9cialis\u00e9e. Mon terrain de pr\u00e9dilection, ce sont les circuits organis\u00e9s et l'art de bien pr\u00e9parer un itin\u00e9raire : choix de la saison, dur\u00e9e r\u00e9aliste des \u00e9tapes, budget jour par jour, logement et transport sur place. J'aime aussi raconter les p\u00e9pites urbaines, ces adresses qu'on ne trouve pas dans les guides classiques. Avant de publier un dossier destination, je croise toujours plusieurs sources, je v\u00e9rifie les tarifs et les formalit\u00e9s d'entr\u00e9e \u00e0 jour, et je teste moi-m\u00eame quand je le peux. Mon angle reste pratique avant tout : aider le lecteur \u00e0 partir l'esprit tranquille, sans mauvaise surprise une fois sur place. Je m'attache \u00e0 distinguer le coup de c\u0153ur sinc\u00e8re du simple argument marketing.","sameAs":["https:\/\/camillerouvray.fr\/"],"url":"https:\/\/voyage-aventure.com\/blog\/auteur\/noname\/"}]}},"_links":{"self":[{"href":"https:\/\/voyage-aventure.com\/blog\/wp-json\/wp\/v2\/posts\/10710","targetHints":{"allow":["GET"]}}],"collection":[{"href":"https:\/\/voyage-aventure.com\/blog\/wp-json\/wp\/v2\/posts"}],"about":[{"href":"https:\/\/voyage-aventure.com\/blog\/wp-json\/wp\/v2\/types\/post"}],"author":[{"embeddable":true,"href":"https:\/\/voyage-aventure.com\/blog\/wp-json\/wp\/v2\/users\/34"}],"replies":[{"embeddable":true,"href":"https:\/\/voyage-aventure.com\/blog\/wp-json\/wp\/v2\/comments?post=10710"}],"version-history":[{"count":2,"href":"https:\/\/voyage-aventure.com\/blog\/wp-json\/wp\/v2\/posts\/10710\/revisions"}],"predecessor-version":[{"id":23260,"href":"https:\/\/voyage-aventure.com\/blog\/wp-json\/wp\/v2\/posts\/10710\/revisions\/23260"}],"wp:featuredmedia":[{"embeddable":true,"href":"https:\/\/voyage-aventure.com\/blog\/wp-json\/wp\/v2\/media\/10711"}],"wp:attachment":[{"href":"https:\/\/voyage-aventure.com\/blog\/wp-json\/wp\/v2\/media?parent=10710"}],"wp:term":[{"taxonomy":"category","embeddable":true,"href":"https:\/\/voyage-aventure.com\/blog\/wp-json\/wp\/v2\/categories?post=10710"},{"taxonomy":"post_tag","embeddable":true,"href":"https:\/\/voyage-aventure.com\/blog\/wp-json\/wp\/v2\/tags?post=10710"}],"curies":[{"name":"wp","href":"https:\/\/api.w.org\/{rel}","templated":true}]}}