{"id":10656,"date":"2026-06-16T16:35:42","date_gmt":"2026-06-16T14:35:42","guid":{"rendered":"https:\/\/voyage-aventure.com\/blog\/?p=10656"},"modified":"2026-06-16T16:35:42","modified_gmt":"2026-06-16T14:35:42","slug":"la-perception-de-la-securite-aerienne-entre-confiance-et-inquietude-croissante","status":"publish","type":"post","link":"https:\/\/voyage-aventure.com\/blog\/a-la-une\/la-perception-de-la-securite-aerienne-entre-confiance-et-inquietude-croissante\/","title":{"rendered":"la perception de la s\u00e9curit\u00e9 a\u00e9rienne : entre confiance et inqui\u00e9tude croissante"},"content":{"rendered":"<link rel=\"stylesheet\" href=\"https:\/\/fonts.googleapis.com\/css2?family=Space+Grotesk:wght@500;600;700&#038;family=Inter:wght@400;500;600&#038;family=JetBrains+Mono:wght@500&#038;display=swap\" \/>\n<style>\n.va-securaerienne-wrap{font-family:'Inter',-apple-system,sans-serif;color:#16212e;line-height:1.65;font-size:17px}\n.va-securaerienne-wrap h2{font-family:'Space Grotesk','Inter',sans-serif;font-weight:700;font-size:clamp(24px,3.2vw,33px);letter-spacing:-.01em;color:#0f2138;margin:48px 0 16px;line-height:1.2}\n.va-securaerienne-wrap h3{font-family:'Space Grotesk','Inter',sans-serif;font-weight:600;font-size:clamp(19px,2.2vw,22px);color:#11385e;margin:26px 0 10px}\n.va-securaerienne-lead{font-size:19px;color:#33414f;margin:0 0 30px}\n.va-securaerienne-bref{background:#eef4fb;border-left:5px solid #1f5f9e;border-radius:10px;padding:24px 26px;margin:30px 0;box-shadow:0 1px 2px rgba(16,24,40,.05),0 12px 28px -18px rgba(16,24,40,.22)}\n.va-securaerienne-bref .va-securaerienne-kick{font-family:'JetBrains Mono',monospace;font-size:12px;letter-spacing:.14em;text-transform:uppercase;color:#1f5f9e;display:block;margin-bottom:10px}\n.va-securaerienne-bref .va-securaerienne-ans{font-size:18px;color:#16293f;margin-bottom:14px}\n.va-securaerienne-bref ul{margin:0;padding-left:20px}\n.va-securaerienne-bref li{margin:6px 0}\n.va-securaerienne-grid{display:grid;grid-template-columns:repeat(auto-fit,minmax(220px,1fr));gap:22px;margin:28px 0}\n.va-securaerienne-card{background:#fff;border:1px solid #e2e8f0;border-top:3px solid #1f5f9e;border-radius:12px;padding:24px;transition:.25s ease;box-shadow:0 1px 2px rgba(16,24,40,.05),0 10px 24px -18px rgba(16,24,40,.2)}\n.va-securaerienne-card:hover{transform:translateY(-3px);box-shadow:0 1px 2px rgba(16,24,40,.06),0 18px 36px -18px rgba(16,24,40,.3)}\n.va-securaerienne-card .va-securaerienne-ct{font-family:'Space Grotesk',sans-serif;font-weight:600;font-size:18px;color:#0f2138;margin-bottom:8px}\n.va-securaerienne-card .va-securaerienne-cx{color:#41505f;font-size:15.5px}\n.va-securaerienne-stats{display:grid;grid-template-columns:repeat(auto-fit,minmax(150px,1fr));gap:18px;margin:28px 0}\n.va-securaerienne-stat{background:#0f2138;color:#fff;border-radius:12px;padding:22px;text-align:center}\n.va-securaerienne-stat .va-securaerienne-sn{font-family:'JetBrains Mono',monospace;font-size:30px;font-weight:500;color:#7fb4e6;display:block}\n.va-securaerienne-stat .va-securaerienne-sl{font-size:13.5px;color:#cdd8e4;margin-top:6px;display:block}\n.va-securaerienne-warn{background:#fbf3e8;border-left:5px solid #c87f1f;border-radius:10px;padding:20px 24px;margin:28px 0}\n.va-securaerienne-warn .va-securaerienne-kick{font-family:'JetBrains Mono',monospace;font-size:12px;letter-spacing:.14em;text-transform:uppercase;color:#9a5f12;display:block;margin-bottom:8px}\n.va-securaerienne-retain{background:#eef4fb;border-radius:12px;padding:24px 26px;margin:34px 0;border:1px solid #d4e2f1}\n.va-securaerienne-retain .va-securaerienne-kick{font-family:'JetBrains Mono',monospace;font-size:12px;letter-spacing:.14em;text-transform:uppercase;color:#1f5f9e;display:block;margin-bottom:12px}\n.va-securaerienne-retain ul{margin:0;padding-left:20px}\n.va-securaerienne-retain li{margin:8px 0}\n.va-securaerienne-wrap blockquote{font-family:'Space Grotesk',sans-serif;font-size:21px;font-style:italic;color:#11385e;border-left:5px solid #1f5f9e;background:#f6f9fd;padding:18px 24px;margin:32px 0;border-radius:0 10px 10px 0}\n.va-securaerienne-faq{margin:30px 0}\n.va-securaerienne-faq details{background:#fff;border:1px solid #e2e8f0;border-radius:10px;margin:12px 0;padding:0;transition:.25s ease}\n.va-securaerienne-faq details:hover{border-color:#bcd3ea}\n.va-securaerienne-faq summary{font-family:'Space Grotesk',sans-serif;font-weight:600;font-size:17px;color:#0f2138;cursor:pointer;padding:18px 22px;list-style:none}\n.va-securaerienne-faq summary::after{content:\"+\";float:right;color:#1f5f9e;font-size:22px;line-height:1}\n.va-securaerienne-faq details[open] summary::after{content:\"\u2212\"}\n.va-securaerienne-faq .va-securaerienne-fa{padding:0 22px 20px;color:#41505f}\n.va-securaerienne-wrap ul li{margin:6px 0}\n.va-securaerienne-wrap img{border-radius:12px;margin:24px 0}\n\/*RENDERFIX2*\/.va-securaerienne-stat{color:#eef3f9!important}.va-securaerienne-stat p,.va-securaerienne-stat li,.va-securaerienne-stat strong,.va-securaerienne-stat em,.va-securaerienne-stat a,.va-securaerienne-stat span,.va-securaerienne-stat b,.va-securaerienne-stat td,.va-securaerienne-stat th,.va-securaerienne-stat h2,.va-securaerienne-stat h3,.va-securaerienne-stat h4{color:#eef3f9!important}.va-securaerienne-stat strong,.va-securaerienne-stat b{color:#ffffff!important}<\/style>\n<div class=\"va-securaerienne-wrap\">\n<div class=\"va-securaerienne-lead\">Comment le public juge-t-il vraiment la <strong>s\u00e9curit\u00e9 a\u00e9rienne<\/strong> ? Entre une s\u00e9rie d&rsquo;incidents m\u00e9diatis\u00e9s d\u00e9but 2025 et un historique de s\u00fbret\u00e9 qui reste solide, la perception oscille entre confiance et inqui\u00e9tude. Cet article d\u00e9crypte ce que disent les sondages sur cette tension \u2014 sans verser dans le conseil contre la <strong>peur de l&rsquo;avion<\/strong>, mais en \u00e9clairant pourquoi le ressenti diff\u00e8re parfois des faits.<\/div>\n<div class=\"va-securaerienne-bref\">\n<span class=\"va-securaerienne-kick\">En bref<\/span><\/p>\n<div class=\"va-securaerienne-ans\">La majorit\u00e9 des voyageurs continue de consid\u00e9rer l&rsquo;avion comme un mode de transport s\u00fbr : pr\u00e8s de 6 adultes sur 10 le jugent tr\u00e8s ou assez s\u00fbr selon un sondage AP-NORC. Les incidents r\u00e9cents ont entam\u00e9 cette confiance, surtout envers les autorit\u00e9s f\u00e9d\u00e9rales, sans renverser la perception globalement positive.<\/div>\n<ul>\n<li>6 adultes sur 10 estiment voyager en avion tr\u00e8s ou assez s\u00fbr<\/li>\n<li>La confiance envers les pilotes reste le point le plus solide<\/li>\n<li>La confiance envers les agences f\u00e9d\u00e9rales recule de 62 % (2024) \u00e0 55 % (2025)<\/li>\n<li>La perception varie nettement selon l&rsquo;\u00e2ge, le genre et le niveau d&rsquo;\u00e9ducation<\/li>\n<\/ul>\n<\/div>\n<h2>La confiance des passagers face aux r\u00e9cents incidents<\/h2>\n<p>La majorit\u00e9 des voyageurs continue de consid\u00e9rer le transport a\u00e9rien comme une option s\u00fbre. Cependant, des incidents r\u00e9cents, comme la collision d&rsquo;un h\u00e9licopt\u00e8re et d&rsquo;un avion pr\u00e8s de Washington D.C., ont fait vaciller cette confiance. En cons\u00e9quence, un sondage r\u00e9alis\u00e9 par l&rsquo;AP-NORC r\u00e9v\u00e8le que pr\u00e8s de 6 adultes sur 10 estiment que voyager en avion est tr\u00e8s ou assez s\u00fbr.<\/p>\n<p>Ce sondage a \u00e9t\u00e9 men\u00e9 apr\u00e8s une s\u00e9rie d&rsquo;accidents tragiques, y compris des crashs mortels en Alaska et \u00e0 Philadelphie. Malgr\u00e9 ces \u00e9v\u00e9nements, une part significative de la population maintient sa perception positive du transport a\u00e9rien. Les hommes, ainsi que les personnes de 45 ans et plus, sont plus enclins \u00e0 consid\u00e9rer les avions comme s\u00fbrs.<\/p>\n<div class=\"va-securaerienne-stats\">\n<div class=\"va-securaerienne-stat\"><span class=\"va-securaerienne-sn\">6\/10<\/span><span class=\"va-securaerienne-sl\">adultes jugent l&rsquo;avion tr\u00e8s ou assez s\u00fbr<\/span><\/div>\n<div class=\"va-securaerienne-stat\"><span class=\"va-securaerienne-sn\">55 %<\/span><span class=\"va-securaerienne-sl\">font confiance aux agences f\u00e9d\u00e9rales en 2025<\/span><\/div>\n<div class=\"va-securaerienne-stat\"><span class=\"va-securaerienne-sn\">60 %<\/span><span class=\"va-securaerienne-sl\">jugent voiture et marche assez s\u00fbres<\/span><\/div>\n<\/div>\n<h2>Une confiance in\u00e9gale envers les autorit\u00e9s<\/h2>\n<p>Les r\u00e9sultats du sondage montrent que le public a le plus de confiance en la capacit\u00e9 des pilotes \u00e0 assurer la s\u00e9curit\u00e9 a\u00e9rienne. En revanche, la confiance envers les agences gouvernementales f\u00e9d\u00e9rales est en d\u00e9clin, passant de 62% en 2024 \u00e0 seulement 55% en 2025. Ce recul est notamment not\u00e9 parmi les \u00e9lecteurs d\u00e9mocrates, o\u00f9 la confiance a chut\u00e9 de 73% \u00e0 60%.<\/p>\n<p>Les variations de confiance peuvent \u00eatre attribu\u00e9es \u00e0 des probl\u00e8mes de fabrication rencontr\u00e9s par Boeing. Ce contexte a incit\u00e9 certains adultes, notamment ceux se situant au centre du spectre politique, \u00e0 r\u00e9\u00e9valuer leur perception de la s\u00e9curit\u00e9 des voyages a\u00e9riens. Ainsi, la perception de la s\u00e9curit\u00e9 d\u00e9pend fortement des sources d&rsquo;information et de l&rsquo;exp\u00e9rience personnelle des individus.<\/p>\n<h2>Les tendances de confiance dans le transport a\u00e9rien<\/h2>\n<p>Les r\u00e9sultats du sondage r\u00e9v\u00e8lent des tendances int\u00e9ressantes concernant la perception de la s\u00e9curit\u00e9 des diff\u00e9rents modes de transport. Les voyages en voiture et \u00e0 pied sont \u00e9galement jug\u00e9s assez s\u00fbrs par 60% de la population. De plus, les syst\u00e8mes de m\u00e9tro et de tramway locaux obtiennent une note de s\u00e9curit\u00e9 similaire.<\/p>\n<p>Il est essentiel de noter que la perception de la s\u00e9curit\u00e9 varie selon les groupes d\u00e9mographiques. Les jeunes adultes et les personnes ayant moins d&rsquo;\u00e9ducation sont g\u00e9n\u00e9ralement moins confiants que les dipl\u00f4m\u00e9s universitaires. Cette disparit\u00e9 met en lumi\u00e8re la n\u00e9cessit\u00e9 de communiquer clairement sur les mesures de s\u00e9curit\u00e9 mises en place dans l&rsquo;aviation.<\/p>\n<blockquote><p>\u00ab La confiance du public dans les pilotes est un \u00e9l\u00e9ment cl\u00e9 pour maintenir la perception de s\u00e9curit\u00e9 en aviation. \u00bb<\/p><\/blockquote>\n<p><iframe loading=\"lazy\" title=\"Pourquoi personne ne veut monter dans un BOEING (et ils ont raison)\" width=\"1200\" height=\"675\" src=\"https:\/\/www.youtube.com\/embed\/TnhhCZaAy5k?feature=oembed\" frameborder=\"0\" allow=\"accelerometer; autoplay; clipboard-write; encrypted-media; gyroscope; picture-in-picture; web-share\" referrerpolicy=\"strict-origin-when-cross-origin\" allowfullscreen><\/iframe><\/p>\n<h2>Les facteurs influen\u00e7ant la perception de la s\u00e9curit\u00e9<\/h2>\n<p>Diverse informations influencent la mani\u00e8re dont les gens per\u00e7oivent la s\u00e9curit\u00e9 des voyages a\u00e9riens. Les nouvelles sur les accidents, les probl\u00e8mes techniques et les d\u00e9clarations des autorit\u00e9s jouent un r\u00f4le majeur. En outre, la r\u00e9assurance des compagnies a\u00e9riennes et des pilotes est cruciale pour maintenir la confiance des passagers.<\/p>\n<p>Pour mieux comprendre cette perception, il est utile de consid\u00e9rer plusieurs \u00e9l\u00e9ments cl\u00e9s. Voici quelques facteurs qui affectent la confiance en la s\u00e9curit\u00e9 a\u00e9rienne :<\/p>\n<ul>\n<li>Fr\u00e9quence des accidents rapport\u00e9s dans les m\u00e9dias<\/li>\n<li>Historique de s\u00e9curit\u00e9 des compagnies a\u00e9riennes<\/li>\n<li>Formation et qualifications des pilotes<\/li>\n<li>R\u00e9ponse des autorit\u00e9s en cas d&rsquo;incidents<\/li>\n<li>Technologies de s\u00e9curit\u00e9 mises en place par les compagnies a\u00e9riennes<\/li>\n<\/ul>\n<div class=\"va-securaerienne-grid\">\n<div class=\"va-securaerienne-card\">\n<div class=\"va-securaerienne-ct\">Le poids du r\u00e9cit m\u00e9diatique<\/div>\n<div class=\"va-securaerienne-cx\">Un accident d&rsquo;avion est rare mais tr\u00e8s visible : il fait la une, marque les esprits et p\u00e8se durablement sur la perception, m\u00eame quand les chiffres de fond restent stables.<\/div>\n<\/div>\n<div class=\"va-securaerienne-card\">\n<div class=\"va-securaerienne-ct\">La confiance dans les acteurs<\/div>\n<div class=\"va-securaerienne-cx\">Le ressenti d\u00e9pend moins de la machine que des humains qui l&rsquo;encadrent : pilotes, compagnies, r\u00e9gulateurs. C&rsquo;est l\u00e0 que se joue l&rsquo;essentiel de la confiance.<\/div>\n<\/div>\n<div class=\"va-securaerienne-card\">\n<div class=\"va-securaerienne-ct\">L&rsquo;exp\u00e9rience personnelle<\/div>\n<div class=\"va-securaerienne-cx\">Avoir d\u00e9j\u00e0 vol\u00e9, connu des turbulences sans incident ou au contraire v\u00e9cu un vol stressant oriente fortement la perception individuelle du risque.<\/div>\n<\/div>\n<\/div>\n<div class=\"va-securaerienne-warn\">\n<span class=\"va-securaerienne-kick\">\u00c0 garder en t\u00eate<\/span><\/p>\n<div>Perception et risque r\u00e9el ne se recouvrent pas toujours. Une <strong>peur de l&rsquo;avion<\/strong> peut \u00eatre bien r\u00e9elle pour celui qui la vit, ind\u00e9pendamment des statistiques. Cet article ne constitue pas un avis m\u00e9dical : en cas d&rsquo;angoisse handicapante, mieux vaut en parler \u00e0 un professionnel de sant\u00e9.<\/div>\n<\/div>\n<p>En somme, la perception de la s\u00e9curit\u00e9 des voyages a\u00e9riens est un \u00e9quilibre d\u00e9licat entre confiance et appr\u00e9hension. Les r\u00e9cents \u00e9v\u00e9nements ont mis \u00e0 l&rsquo;\u00e9preuve la foi du public dans ce mode de transport, mais la majorit\u00e9 continue de le consid\u00e9rer comme s\u00fbr. La communication et la transparence des compagnies a\u00e9riennes et des autorit\u00e9s sont essentielles pour restaurer et maintenir cette confiance.<\/p>\n<div class=\"va-securaerienne-retain\">\n<span class=\"va-securaerienne-kick\">\u00c0 retenir<\/span><\/p>\n<ul>\n<li>Pr\u00e8s de 6 adultes sur 10 jugent l&rsquo;avion tr\u00e8s ou assez s\u00fbr : la perception reste majoritairement positive.<\/li>\n<li>La confiance la plus solide va aux pilotes ; celle envers les autorit\u00e9s f\u00e9d\u00e9rales s&rsquo;est \u00e9rod\u00e9e en 2025.<\/li>\n<li>Le ressenti varie selon l&rsquo;\u00e2ge, le genre, le niveau d&rsquo;\u00e9ducation et les sources d&rsquo;information.<\/li>\n<li>La transparence des compagnies et des r\u00e9gulateurs est la cl\u00e9 pour entretenir cette confiance.<\/li>\n<\/ul>\n<\/div>\n<div class=\"va-securaerienne-faq\">\n<details>\n<summary>L&rsquo;avion est-il un mode de transport s\u00fbr ?<\/summary>\n<div class=\"va-securaerienne-fa\">Selon le sondage AP-NORC \u00e9voqu\u00e9 dans cet article, pr\u00e8s de 6 adultes sur 10 estiment que voyager en avion est tr\u00e8s ou assez s\u00fbr \u2014 une perception comparable \u00e0 celle de la voiture ou de la marche (jug\u00e9es assez s\u00fbres par 60 % de la population). La confiance envers les pilotes reste l&rsquo;\u00e9l\u00e9ment le plus fort de cette perception.<\/div>\n<\/details>\n<details>\n<summary>Pourquoi les gens ont-ils peur de l&rsquo;avion ?<\/summary>\n<div class=\"va-securaerienne-fa\">La peur de l&rsquo;avion tient surtout \u00e0 un d\u00e9calage entre perception et risque r\u00e9el : un accident a\u00e9rien est rare mais tr\u00e8s m\u00e9diatis\u00e9, ce qui le rend marquant. S&rsquo;y ajoutent l&rsquo;absence de contr\u00f4le ressentie par le passager, le caract\u00e8re inhabituel du vol et l&rsquo;effet des nouvelles sur les incidents. Le ressenti varie aussi selon l&rsquo;\u00e2ge, le genre et l&rsquo;exp\u00e9rience personnelle.<\/div>\n<\/details>\n<details>\n<summary>Pourquoi la perception du risque diff\u00e8re-t-elle du risque r\u00e9el ?<\/summary>\n<div class=\"va-securaerienne-fa\">Notre jugement s&rsquo;appuie davantage sur ce qui est visible et \u00e9motionnellement frappant que sur des donn\u00e9es de fond. Un incident tr\u00e8s relay\u00e9 dans les m\u00e9dias p\u00e8se plus lourd dans l&rsquo;esprit qu&rsquo;une longue s\u00e9rie de vols sans probl\u00e8me. La confiance d\u00e9pend donc fortement des sources d&rsquo;information, de l&rsquo;exp\u00e9rience v\u00e9cue et de la communication des autorit\u00e9s et des compagnies.<\/div>\n<\/details>\n<\/div>\n<\/div>\n<p><img decoding=\"async\" width=\"1024\" height=\"576\" src=\"https:\/\/voyage-aventure.com\/blog\/wp-content\/uploads\/2025\/02\/stability-la-perception-de-la-securite-aerienne-entre-confiance-et-inquietude-croissante-1.png\" class=\"aligncenter\" alt=\"Illustration d\u00e9taill\u00e9e sur la perception de la s\u00e9curit\u00e9 a\u00e9rienne : entre confiance et inqui\u00e9tude croissante\" title=\"la perception de la s\u00e9curit\u00e9 a\u00e9rienne : entre confiance et inqui\u00e9tude croissante\" loading=\"lazy\" \/><\/p>\n","protected":false},"excerpt":{"rendered":"","protected":false},"author":34,"featured_media":10657,"comment_status":"open","ping_status":"open","sticky":false,"template":"","format":"standard","meta":{"_acf_changed":false,"manual_indexmenow":false,"indexmenow_id_project":0,"footnotes":""},"categories":[1],"tags":[5110,4672,3170,5904,4635],"class_list":["post-10656","post","type-post","status-publish","format-standard","has-post-thumbnail","hentry","category-a-la-une","tag-confiance","tag-experiences","tag-securite","tag-transport-aerien","tag-voyage","generate-columns","tablet-grid-50","mobile-grid-100","grid-parent","grid-25"],"acf":[],"yoast_head":"<!-- This site is optimized with the Yoast SEO Premium plugin v21.3 (Yoast SEO v25.1) - https:\/\/yoast.com\/wordpress\/plugins\/seo\/ -->\n<title>la perception de la s\u00e9curit\u00e9 a\u00e9rienne : entre confiance et<\/title>\n<meta name=\"description\" content=\"Comment le public juge-t-il vraiment la s\u00e9curit\u00e9 a\u00e9rienne ? Entre une s\u00e9rie d&#039;incidents m\u00e9diatis\u00e9s d\u00e9but 2025 et un historique de s\u00fbret\u00e9 qui reste solide\" \/>\n<meta name=\"robots\" content=\"index, follow, max-snippet:-1, max-image-preview:large, max-video-preview:-1\" \/>\n<link rel=\"canonical\" href=\"https:\/\/voyage-aventure.com\/blog\/a-la-une\/la-perception-de-la-securite-aerienne-entre-confiance-et-inquietude-croissante\/\" \/>\n<meta property=\"og:locale\" content=\"fr_FR\" \/>\n<meta property=\"og:type\" content=\"article\" \/>\n<meta property=\"og:title\" content=\"la perception de la s\u00e9curit\u00e9 a\u00e9rienne : entre confiance et\" \/>\n<meta property=\"og:description\" content=\"Comment le public juge-t-il vraiment la s\u00e9curit\u00e9 a\u00e9rienne ? Entre une s\u00e9rie d&#039;incidents m\u00e9diatis\u00e9s d\u00e9but 2025 et un historique de s\u00fbret\u00e9 qui reste solide\" \/>\n<meta property=\"og:url\" content=\"https:\/\/voyage-aventure.com\/blog\/a-la-une\/la-perception-de-la-securite-aerienne-entre-confiance-et-inquietude-croissante\/\" \/>\n<meta property=\"og:site_name\" content=\"voyage-aventure\" \/>\n<meta property=\"og:image\" content=\"https:\/\/voyage-aventure.com\/blog\/wp-content\/uploads\/2025\/02\/stability-la-perception-de-la-securite-aerienne-entre-confiance-et-inquietude-croissante.png\" \/>\n\t<meta property=\"og:image:width\" content=\"1024\" \/>\n\t<meta property=\"og:image:height\" content=\"576\" \/>\n\t<meta property=\"og:image:type\" content=\"image\/png\" \/>\n<meta name=\"author\" content=\"Camille Rouvray\" \/>\n<meta name=\"twitter:card\" content=\"summary_large_image\" \/>\n<script type=\"application\/ld+json\" class=\"yoast-schema-graph\">{\"@context\":\"https:\/\/schema.org\",\"@graph\":[{\"@type\":\"NewsArticle\",\"@id\":\"https:\/\/voyage-aventure.com\/blog\/a-la-une\/la-perception-de-la-securite-aerienne-entre-confiance-et-inquietude-croissante\/#article\",\"isPartOf\":{\"@id\":\"https:\/\/voyage-aventure.com\/blog\/a-la-une\/la-perception-de-la-securite-aerienne-entre-confiance-et-inquietude-croissante\/\"},\"author\":{\"name\":\"Camille Rouvray\",\"@id\":\"https:\/\/voyage-aventure.com\/blog\/#\/schema\/person\/3c864cdc320801e3db34b663e7e3f816\"},\"headline\":\"la perception de la s\u00e9curit\u00e9 a\u00e9rienne : entre confiance et inqui\u00e9tude croissante\",\"datePublished\":\"2026-06-16T14:35:42+00:00\",\"mainEntityOfPage\":{\"@id\":\"https:\/\/voyage-aventure.com\/blog\/a-la-une\/la-perception-de-la-securite-aerienne-entre-confiance-et-inquietude-croissante\/\"},\"wordCount\":1332,\"commentCount\":24,\"publisher\":{\"@id\":\"https:\/\/voyage-aventure.com\/blog\/#organization\"},\"image\":{\"@id\":\"https:\/\/voyage-aventure.com\/blog\/a-la-une\/la-perception-de-la-securite-aerienne-entre-confiance-et-inquietude-croissante\/#primaryimage\"},\"thumbnailUrl\":\"https:\/\/voyage-aventure.com\/blog\/wp-content\/uploads\/2025\/02\/stability-la-perception-de-la-securite-aerienne-entre-confiance-et-inquietude-croissante.png\",\"keywords\":[\"Confiance\",\"Exp\u00e9riences\",\"S\u00e9curit\u00e9\",\"Transport A\u00e9rien\",\"Voyage\"],\"articleSection\":[\"\u00c0 la une\"],\"inLanguage\":\"fr-FR\",\"potentialAction\":[{\"@type\":\"CommentAction\",\"name\":\"Comment\",\"target\":[\"https:\/\/voyage-aventure.com\/blog\/a-la-une\/la-perception-de-la-securite-aerienne-entre-confiance-et-inquietude-croissante\/#respond\"]}]},{\"@type\":\"WebPage\",\"@id\":\"https:\/\/voyage-aventure.com\/blog\/a-la-une\/la-perception-de-la-securite-aerienne-entre-confiance-et-inquietude-croissante\/\",\"url\":\"https:\/\/voyage-aventure.com\/blog\/a-la-une\/la-perception-de-la-securite-aerienne-entre-confiance-et-inquietude-croissante\/\",\"name\":\"la perception de la s\u00e9curit\u00e9 a\u00e9rienne : entre confiance et\",\"isPartOf\":{\"@id\":\"https:\/\/voyage-aventure.com\/blog\/#website\"},\"primaryImageOfPage\":{\"@id\":\"https:\/\/voyage-aventure.com\/blog\/a-la-une\/la-perception-de-la-securite-aerienne-entre-confiance-et-inquietude-croissante\/#primaryimage\"},\"image\":{\"@id\":\"https:\/\/voyage-aventure.com\/blog\/a-la-une\/la-perception-de-la-securite-aerienne-entre-confiance-et-inquietude-croissante\/#primaryimage\"},\"thumbnailUrl\":\"https:\/\/voyage-aventure.com\/blog\/wp-content\/uploads\/2025\/02\/stability-la-perception-de-la-securite-aerienne-entre-confiance-et-inquietude-croissante.png\",\"datePublished\":\"2026-06-16T14:35:42+00:00\",\"description\":\"Comment le public juge-t-il vraiment la s\u00e9curit\u00e9 a\u00e9rienne ? Entre une s\u00e9rie d'incidents m\u00e9diatis\u00e9s d\u00e9but 2025 et un historique de s\u00fbret\u00e9 qui reste solide\",\"inLanguage\":\"fr-FR\",\"potentialAction\":[{\"@type\":\"ReadAction\",\"target\":[\"https:\/\/voyage-aventure.com\/blog\/a-la-une\/la-perception-de-la-securite-aerienne-entre-confiance-et-inquietude-croissante\/\"]}]},{\"@type\":\"ImageObject\",\"inLanguage\":\"fr-FR\",\"@id\":\"https:\/\/voyage-aventure.com\/blog\/a-la-une\/la-perception-de-la-securite-aerienne-entre-confiance-et-inquietude-croissante\/#primaryimage\",\"url\":\"https:\/\/voyage-aventure.com\/blog\/wp-content\/uploads\/2025\/02\/stability-la-perception-de-la-securite-aerienne-entre-confiance-et-inquietude-croissante.png\",\"contentUrl\":\"https:\/\/voyage-aventure.com\/blog\/wp-content\/uploads\/2025\/02\/stability-la-perception-de-la-securite-aerienne-entre-confiance-et-inquietude-croissante.png\",\"width\":1024,\"height\":576},{\"@type\":\"WebSite\",\"@id\":\"https:\/\/voyage-aventure.com\/blog\/#website\",\"url\":\"https:\/\/voyage-aventure.com\/blog\/\",\"name\":\"voyage-aventure.com\",\"description\":\"Votre passeport pour l\u2019inattendu.\",\"publisher\":{\"@id\":\"https:\/\/voyage-aventure.com\/blog\/#organization\"},\"alternateName\":\"Votre passeport pour l\u2019inattendu.\",\"potentialAction\":[{\"@type\":\"SearchAction\",\"target\":{\"@type\":\"EntryPoint\",\"urlTemplate\":\"https:\/\/voyage-aventure.com\/blog\/?s={search_term_string}\"},\"query-input\":{\"@type\":\"PropertyValueSpecification\",\"valueRequired\":true,\"valueName\":\"search_term_string\"}}],\"inLanguage\":\"fr-FR\"},{\"@type\":\"Organization\",\"@id\":\"https:\/\/voyage-aventure.com\/blog\/#organization\",\"name\":\"Foretsensations.fr\",\"url\":\"https:\/\/voyage-aventure.com\/blog\/\",\"logo\":{\"@type\":\"ImageObject\",\"inLanguage\":\"fr-FR\",\"@id\":\"https:\/\/voyage-aventure.com\/blog\/#\/schema\/logo\/image\/\",\"url\":\"https:\/\/voyage-aventure.com\/blog\/wp-content\/uploads\/2024\/12\/19.png\",\"contentUrl\":\"https:\/\/voyage-aventure.com\/blog\/wp-content\/uploads\/2024\/12\/19.png\",\"width\":512,\"height\":512,\"caption\":\"Foretsensations.fr\"},\"image\":{\"@id\":\"https:\/\/voyage-aventure.com\/blog\/#\/schema\/logo\/image\/\"}},{\"@type\":\"Person\",\"@id\":\"https:\/\/voyage-aventure.com\/blog\/#\/schema\/person\/3c864cdc320801e3db34b663e7e3f816\",\"name\":\"Camille Rouvray\",\"image\":{\"@type\":\"ImageObject\",\"inLanguage\":\"fr-FR\",\"@id\":\"https:\/\/voyage-aventure.com\/blog\/#\/schema\/person\/image\/\",\"url\":\"https:\/\/voyage-aventure.com\/blog\/wp-content\/uploads\/2026\/06\/persona_camille-r-96x96.jpg\",\"contentUrl\":\"https:\/\/voyage-aventure.com\/blog\/wp-content\/uploads\/2026\/06\/persona_camille-r-96x96.jpg\",\"caption\":\"Camille Rouvray\"},\"description\":\"Je voyage et j'\u00e9cris sur le voyage depuis une douzaine d'ann\u00e9es, d'abord en tant que routarde au long cours, puis comme r\u00e9dactrice sp\u00e9cialis\u00e9e. Mon terrain de pr\u00e9dilection, ce sont les circuits organis\u00e9s et l'art de bien pr\u00e9parer un itin\u00e9raire : choix de la saison, dur\u00e9e r\u00e9aliste des \u00e9tapes, budget jour par jour, logement et transport sur place. J'aime aussi raconter les p\u00e9pites urbaines, ces adresses qu'on ne trouve pas dans les guides classiques. Avant de publier un dossier destination, je croise toujours plusieurs sources, je v\u00e9rifie les tarifs et les formalit\u00e9s d'entr\u00e9e \u00e0 jour, et je teste moi-m\u00eame quand je le peux. Mon angle reste pratique avant tout : aider le lecteur \u00e0 partir l'esprit tranquille, sans mauvaise surprise une fois sur place. Je m'attache \u00e0 distinguer le coup de c\u0153ur sinc\u00e8re du simple argument marketing.\",\"sameAs\":[\"https:\/\/camillerouvray.fr\/\"],\"url\":\"https:\/\/voyage-aventure.com\/blog\/auteur\/noname\/\"}]}<\/script>\n<!-- \/ Yoast SEO Premium plugin. -->","yoast_head_json":{"title":"la perception de la s\u00e9curit\u00e9 a\u00e9rienne : entre confiance et","description":"Comment le public juge-t-il vraiment la s\u00e9curit\u00e9 a\u00e9rienne ? Entre une s\u00e9rie d'incidents m\u00e9diatis\u00e9s d\u00e9but 2025 et un historique de s\u00fbret\u00e9 qui reste solide","robots":{"index":"index","follow":"follow","max-snippet":"max-snippet:-1","max-image-preview":"max-image-preview:large","max-video-preview":"max-video-preview:-1"},"canonical":"https:\/\/voyage-aventure.com\/blog\/a-la-une\/la-perception-de-la-securite-aerienne-entre-confiance-et-inquietude-croissante\/","og_locale":"fr_FR","og_type":"article","og_title":"la perception de la s\u00e9curit\u00e9 a\u00e9rienne : entre confiance et","og_description":"Comment le public juge-t-il vraiment la s\u00e9curit\u00e9 a\u00e9rienne ? Entre une s\u00e9rie d'incidents m\u00e9diatis\u00e9s d\u00e9but 2025 et un historique de s\u00fbret\u00e9 qui reste solide","og_url":"https:\/\/voyage-aventure.com\/blog\/a-la-une\/la-perception-de-la-securite-aerienne-entre-confiance-et-inquietude-croissante\/","og_site_name":"voyage-aventure","og_image":[{"width":1024,"height":576,"url":"https:\/\/voyage-aventure.com\/blog\/wp-content\/uploads\/2025\/02\/stability-la-perception-de-la-securite-aerienne-entre-confiance-et-inquietude-croissante.png","type":"image\/png"}],"author":"Camille Rouvray","twitter_card":"summary_large_image","schema":{"@context":"https:\/\/schema.org","@graph":[{"@type":"NewsArticle","@id":"https:\/\/voyage-aventure.com\/blog\/a-la-une\/la-perception-de-la-securite-aerienne-entre-confiance-et-inquietude-croissante\/#article","isPartOf":{"@id":"https:\/\/voyage-aventure.com\/blog\/a-la-une\/la-perception-de-la-securite-aerienne-entre-confiance-et-inquietude-croissante\/"},"author":{"name":"Camille Rouvray","@id":"https:\/\/voyage-aventure.com\/blog\/#\/schema\/person\/3c864cdc320801e3db34b663e7e3f816"},"headline":"la perception de la s\u00e9curit\u00e9 a\u00e9rienne : entre confiance et inqui\u00e9tude croissante","datePublished":"2026-06-16T14:35:42+00:00","mainEntityOfPage":{"@id":"https:\/\/voyage-aventure.com\/blog\/a-la-une\/la-perception-de-la-securite-aerienne-entre-confiance-et-inquietude-croissante\/"},"wordCount":1332,"commentCount":24,"publisher":{"@id":"https:\/\/voyage-aventure.com\/blog\/#organization"},"image":{"@id":"https:\/\/voyage-aventure.com\/blog\/a-la-une\/la-perception-de-la-securite-aerienne-entre-confiance-et-inquietude-croissante\/#primaryimage"},"thumbnailUrl":"https:\/\/voyage-aventure.com\/blog\/wp-content\/uploads\/2025\/02\/stability-la-perception-de-la-securite-aerienne-entre-confiance-et-inquietude-croissante.png","keywords":["Confiance","Exp\u00e9riences","S\u00e9curit\u00e9","Transport A\u00e9rien","Voyage"],"articleSection":["\u00c0 la une"],"inLanguage":"fr-FR","potentialAction":[{"@type":"CommentAction","name":"Comment","target":["https:\/\/voyage-aventure.com\/blog\/a-la-une\/la-perception-de-la-securite-aerienne-entre-confiance-et-inquietude-croissante\/#respond"]}]},{"@type":"WebPage","@id":"https:\/\/voyage-aventure.com\/blog\/a-la-une\/la-perception-de-la-securite-aerienne-entre-confiance-et-inquietude-croissante\/","url":"https:\/\/voyage-aventure.com\/blog\/a-la-une\/la-perception-de-la-securite-aerienne-entre-confiance-et-inquietude-croissante\/","name":"la perception de la s\u00e9curit\u00e9 a\u00e9rienne : entre confiance et","isPartOf":{"@id":"https:\/\/voyage-aventure.com\/blog\/#website"},"primaryImageOfPage":{"@id":"https:\/\/voyage-aventure.com\/blog\/a-la-une\/la-perception-de-la-securite-aerienne-entre-confiance-et-inquietude-croissante\/#primaryimage"},"image":{"@id":"https:\/\/voyage-aventure.com\/blog\/a-la-une\/la-perception-de-la-securite-aerienne-entre-confiance-et-inquietude-croissante\/#primaryimage"},"thumbnailUrl":"https:\/\/voyage-aventure.com\/blog\/wp-content\/uploads\/2025\/02\/stability-la-perception-de-la-securite-aerienne-entre-confiance-et-inquietude-croissante.png","datePublished":"2026-06-16T14:35:42+00:00","description":"Comment le public juge-t-il vraiment la s\u00e9curit\u00e9 a\u00e9rienne ? Entre une s\u00e9rie d'incidents m\u00e9diatis\u00e9s d\u00e9but 2025 et un historique de s\u00fbret\u00e9 qui reste solide","inLanguage":"fr-FR","potentialAction":[{"@type":"ReadAction","target":["https:\/\/voyage-aventure.com\/blog\/a-la-une\/la-perception-de-la-securite-aerienne-entre-confiance-et-inquietude-croissante\/"]}]},{"@type":"ImageObject","inLanguage":"fr-FR","@id":"https:\/\/voyage-aventure.com\/blog\/a-la-une\/la-perception-de-la-securite-aerienne-entre-confiance-et-inquietude-croissante\/#primaryimage","url":"https:\/\/voyage-aventure.com\/blog\/wp-content\/uploads\/2025\/02\/stability-la-perception-de-la-securite-aerienne-entre-confiance-et-inquietude-croissante.png","contentUrl":"https:\/\/voyage-aventure.com\/blog\/wp-content\/uploads\/2025\/02\/stability-la-perception-de-la-securite-aerienne-entre-confiance-et-inquietude-croissante.png","width":1024,"height":576},{"@type":"WebSite","@id":"https:\/\/voyage-aventure.com\/blog\/#website","url":"https:\/\/voyage-aventure.com\/blog\/","name":"voyage-aventure.com","description":"Votre passeport pour l\u2019inattendu.","publisher":{"@id":"https:\/\/voyage-aventure.com\/blog\/#organization"},"alternateName":"Votre passeport pour l\u2019inattendu.","potentialAction":[{"@type":"SearchAction","target":{"@type":"EntryPoint","urlTemplate":"https:\/\/voyage-aventure.com\/blog\/?s={search_term_string}"},"query-input":{"@type":"PropertyValueSpecification","valueRequired":true,"valueName":"search_term_string"}}],"inLanguage":"fr-FR"},{"@type":"Organization","@id":"https:\/\/voyage-aventure.com\/blog\/#organization","name":"Foretsensations.fr","url":"https:\/\/voyage-aventure.com\/blog\/","logo":{"@type":"ImageObject","inLanguage":"fr-FR","@id":"https:\/\/voyage-aventure.com\/blog\/#\/schema\/logo\/image\/","url":"https:\/\/voyage-aventure.com\/blog\/wp-content\/uploads\/2024\/12\/19.png","contentUrl":"https:\/\/voyage-aventure.com\/blog\/wp-content\/uploads\/2024\/12\/19.png","width":512,"height":512,"caption":"Foretsensations.fr"},"image":{"@id":"https:\/\/voyage-aventure.com\/blog\/#\/schema\/logo\/image\/"}},{"@type":"Person","@id":"https:\/\/voyage-aventure.com\/blog\/#\/schema\/person\/3c864cdc320801e3db34b663e7e3f816","name":"Camille Rouvray","image":{"@type":"ImageObject","inLanguage":"fr-FR","@id":"https:\/\/voyage-aventure.com\/blog\/#\/schema\/person\/image\/","url":"https:\/\/voyage-aventure.com\/blog\/wp-content\/uploads\/2026\/06\/persona_camille-r-96x96.jpg","contentUrl":"https:\/\/voyage-aventure.com\/blog\/wp-content\/uploads\/2026\/06\/persona_camille-r-96x96.jpg","caption":"Camille Rouvray"},"description":"Je voyage et j'\u00e9cris sur le voyage depuis une douzaine d'ann\u00e9es, d'abord en tant que routarde au long cours, puis comme r\u00e9dactrice sp\u00e9cialis\u00e9e. Mon terrain de pr\u00e9dilection, ce sont les circuits organis\u00e9s et l'art de bien pr\u00e9parer un itin\u00e9raire : choix de la saison, dur\u00e9e r\u00e9aliste des \u00e9tapes, budget jour par jour, logement et transport sur place. J'aime aussi raconter les p\u00e9pites urbaines, ces adresses qu'on ne trouve pas dans les guides classiques. Avant de publier un dossier destination, je croise toujours plusieurs sources, je v\u00e9rifie les tarifs et les formalit\u00e9s d'entr\u00e9e \u00e0 jour, et je teste moi-m\u00eame quand je le peux. Mon angle reste pratique avant tout : aider le lecteur \u00e0 partir l'esprit tranquille, sans mauvaise surprise une fois sur place. Je m'attache \u00e0 distinguer le coup de c\u0153ur sinc\u00e8re du simple argument marketing.","sameAs":["https:\/\/camillerouvray.fr\/"],"url":"https:\/\/voyage-aventure.com\/blog\/auteur\/noname\/"}]}},"_links":{"self":[{"href":"https:\/\/voyage-aventure.com\/blog\/wp-json\/wp\/v2\/posts\/10656","targetHints":{"allow":["GET"]}}],"collection":[{"href":"https:\/\/voyage-aventure.com\/blog\/wp-json\/wp\/v2\/posts"}],"about":[{"href":"https:\/\/voyage-aventure.com\/blog\/wp-json\/wp\/v2\/types\/post"}],"author":[{"embeddable":true,"href":"https:\/\/voyage-aventure.com\/blog\/wp-json\/wp\/v2\/users\/34"}],"replies":[{"embeddable":true,"href":"https:\/\/voyage-aventure.com\/blog\/wp-json\/wp\/v2\/comments?post=10656"}],"version-history":[{"count":3,"href":"https:\/\/voyage-aventure.com\/blog\/wp-json\/wp\/v2\/posts\/10656\/revisions"}],"predecessor-version":[{"id":22573,"href":"https:\/\/voyage-aventure.com\/blog\/wp-json\/wp\/v2\/posts\/10656\/revisions\/22573"}],"wp:featuredmedia":[{"embeddable":true,"href":"https:\/\/voyage-aventure.com\/blog\/wp-json\/wp\/v2\/media\/10657"}],"wp:attachment":[{"href":"https:\/\/voyage-aventure.com\/blog\/wp-json\/wp\/v2\/media?parent=10656"}],"wp:term":[{"taxonomy":"category","embeddable":true,"href":"https:\/\/voyage-aventure.com\/blog\/wp-json\/wp\/v2\/categories?post=10656"},{"taxonomy":"post_tag","embeddable":true,"href":"https:\/\/voyage-aventure.com\/blog\/wp-json\/wp\/v2\/tags?post=10656"}],"curies":[{"name":"wp","href":"https:\/\/api.w.org\/{rel}","templated":true}]}}