{"id":10567,"date":"2026-05-22T09:43:01","date_gmt":"2026-05-22T07:43:01","guid":{"rendered":"https:\/\/voyage-aventure.com\/blog\/?p=10567"},"modified":"2026-05-22T09:43:01","modified_gmt":"2026-05-22T07:43:01","slug":"decouvrez-amsterdam-et-son-festival-des-tulipes-pour-moins-de-100e","status":"publish","type":"post","link":"https:\/\/voyage-aventure.com\/blog\/a-la-une\/decouvrez-amsterdam-et-son-festival-des-tulipes-pour-moins-de-100e\/","title":{"rendered":"D\u00e9couvrez Amsterdam et son festival des tulipes pour moins de 100\u20ac"},"content":{"rendered":"<aside style=\"background:#f1f5f1;border-left:5px solid #6a4a2a;padding:22px 28px;margin:24px 0;font-family:-apple-system,BlinkMacSystemFont,'Segoe UI',Roboto,sans-serif;\">\n<div style=\"margin:0;font-size:19px;line-height:1.55;color:#2a2a2a;font-weight:500;letter-spacing:-0.005em;\">\n    Trois jours \u00e0 Amsterdam au c\u0153ur du festival des tulipes, h\u00f4tel central inclus, \u00e0 partir de 80 \u20ac par personne : voil\u00e0 la promesse d&rsquo;un printemps qui se savoure sans grever le budget vacances. Mode d&#8217;emploi.\n  <\/div>\n<\/aside>\n<h2>Amsterdam, un printemps enchanteur<\/h2>\n<p>Amsterdam se transforme chaque printemps en un v\u00e9ritable tableau vivant gr\u00e2ce au festival des tulipes. Ce festival, qui attire des visiteurs du monde entier, se d\u00e9roule g\u00e9n\u00e9ralement du 21 mars au 12 mai. Pendant cette p\u00e9riode, la ville s&rsquo;illumine de couleurs \u00e9clatantes, offrant une exp\u00e9rience visuelle inoubliable.<\/p>\n<p>Les tulipes, symboles des Pays-Bas, fleurissent dans les parcs et les jardins, notamment au c\u00e9l\u00e8bre parc Keukenhof. Ce dernier est un incontournable pour quiconque souhaite admirer la beaut\u00e9 des fleurs, avec des installations florales qui \u00e9merveillent petits et grands.<\/p>\n<aside style=\"background:#fafaf7;border:1px solid #e5e5e0;border-radius:8px;padding:24px 26px 26px;margin:28px 0;font-family:-apple-system,BlinkMacSystemFont,'Segoe UI',Roboto,sans-serif;\">\n<div style=\"margin:0 0 18px 0;font-size:11px;font-weight:700;text-transform:uppercase;letter-spacing:2.2px;color:#6a4a2a;\">\u00c0 retenir<\/div>\n<div style=\"display:grid;grid-template-columns:repeat(auto-fit,minmax(240px,1fr));gap:10px;\">\n<div style=\"display:flex;gap:12px;background:#fff;border:1px solid #ebebe5;padding:12px 14px;border-radius:6px;align-items:flex-start;\">\n      <span style=\"flex:0 0 26px;width:26px;height:26px;background:#6a4a2a;color:#fff;border-radius:50%;display:inline-flex;align-items:center;justify-content:center;font-size:12px;font-weight:700;font-family:-apple-system,sans-serif;\">1<\/span><br \/>\n      <span style=\"font-size:14px;line-height:1.5;color:#2a2a2a;\">Le festival des tulipes se tient du 21 mars au 12 mai \u2014 la pleine floraison s&rsquo;observe mi-avril.<\/span>\n    <\/div>\n<div style=\"display:flex;gap:12px;background:#fff;border:1px solid #ebebe5;padding:12px 14px;border-radius:6px;align-items:flex-start;\">\n      <span style=\"flex:0 0 26px;width:26px;height:26px;background:#6a4a2a;color:#fff;border-radius:50%;display:inline-flex;align-items:center;justify-content:center;font-size:12px;font-weight:700;font-family:-apple-system,sans-serif;\">2<\/span><br \/>\n      <span style=\"font-size:14px;line-height:1.5;color:#2a2a2a;\">Un city-trip de trois jours s&rsquo;organise \u00e0 partir de 80 \u20ac par personne, h\u00e9bergement central inclus.<\/span>\n    <\/div>\n<div style=\"display:flex;gap:12px;background:#fff;border:1px solid #ebebe5;padding:12px 14px;border-radius:6px;align-items:flex-start;\">\n      <span style=\"flex:0 0 26px;width:26px;height:26px;background:#6a4a2a;color:#fff;border-radius:50%;display:inline-flex;align-items:center;justify-content:center;font-size:12px;font-weight:700;font-family:-apple-system,sans-serif;\">3<\/span><br \/>\n      <span style=\"font-size:14px;line-height:1.5;color:#2a2a2a;\">Le parc Keukenhof concentre l&rsquo;essentiel du spectacle floral \u00e0 40 minutes de la gare centrale.<\/span>\n    <\/div>\n<div style=\"display:flex;gap:12px;background:#fff;border:1px solid #ebebe5;padding:12px 14px;border-radius:6px;align-items:flex-start;\">\n      <span style=\"flex:0 0 26px;width:26px;height:26px;background:#6a4a2a;color:#fff;border-radius:50%;display:inline-flex;align-items:center;justify-content:center;font-size:12px;font-weight:700;font-family:-apple-system,sans-serif;\">4<\/span><br \/>\n      <span style=\"font-size:14px;line-height:1.5;color:#2a2a2a;\">Le Holiday Inn Express, central et bien not\u00e9, reste l&rsquo;option fiable pour rester proche des transports.<\/span>\n    <\/div>\n<div style=\"display:flex;gap:12px;background:#fff;border:1px solid #ebebe5;padding:12px 14px;border-radius:6px;align-items:flex-start;\">\n      <span style=\"flex:0 0 26px;width:26px;height:26px;background:#6a4a2a;color:#fff;border-radius:50%;display:inline-flex;align-items:center;justify-content:center;font-size:12px;font-weight:700;font-family:-apple-system,sans-serif;\">5<\/span><br \/>\n      <span style=\"font-size:14px;line-height:1.5;color:#2a2a2a;\">R\u00e9server \u00e0 l&rsquo;avance, surtout en avril : la demande explose et les tarifs grimpent vite.<\/span>\n    <\/div>\n<div style=\"display:flex;gap:12px;background:#fff;border:1px solid #ebebe5;padding:12px 14px;border-radius:6px;align-items:flex-start;\">\n      <span style=\"flex:0 0 26px;width:26px;height:26px;background:#6a4a2a;color:#fff;border-radius:50%;display:inline-flex;align-items:center;justify-content:center;font-size:12px;font-weight:700;font-family:-apple-system,sans-serif;\">6<\/span><br \/>\n      <span style=\"font-size:14px;line-height:1.5;color:#2a2a2a;\">Une croisi\u00e8re sur les canaux UNESCO reste l&rsquo;angle de vue le plus juste sur la ville.<\/span>\n    <\/div>\n<\/p><\/div>\n<\/aside>\n<aside style=\"background:#fff7e0;border-left:4px solid #d4a017;padding:14px 18px;margin:18px 0;border-radius:0 4px 4px 0;font-family:-apple-system,BlinkMacSystemFont,'Segoe UI',Roboto,sans-serif;\">\n  <strong style=\"display:inline-block;color:#7a5e00;font-size:12px;text-transform:uppercase;letter-spacing:1.5px;margin-right:8px;\">&#128161; Bon \u00e0 savoir<\/strong><br \/>\n  <span style=\"font-size:14.5px;line-height:1.55;color:#3a3a3a;\">Le pic de floraison \u00e0 Keukenhof tombe g\u00e9n\u00e9ralement entre le 15 et le 25 avril, en fonction des temp\u00e9ratures du printemps. Pour voir un maximum de vari\u00e9t\u00e9s en fleurs simultan\u00e9ment, viser cette fen\u00eatre.<\/span><br \/>\n<\/aside>\n<h2>Un s\u00e9jour abordable et m\u00e9morable<\/h2>\n<p>Pour profiter pleinement de cette exp\u00e9rience sans se ruiner, envisagez un city-trip de trois jours \u00e0 Amsterdam. Vous pouvez trouver des s\u00e9jours \u00e0 partir de 80\u20ac par personne, incluant un h\u00e9bergement dans un h\u00f4tel central. De plus, votre s\u00e9jour peut \u00eatre agr\u00e9ment\u00e9 d&rsquo;un petit-d\u00e9jeuner inclus, un v\u00e9ritable atout pour bien commencer la journ\u00e9e.<\/p>\n<p>L&rsquo;Holiday Inn Express Amsterdam, bien situ\u00e9 et tr\u00e8s bien not\u00e9, est une option id\u00e9ale. Avec un acc\u00e8s facile aux transports en commun, il permet de rejoindre rapidement le festival des tulipes et d&rsquo;explorer la ville \u00e0 votre rythme. Le quartier offre aussi de quoi sortir le soir sans devoir multiplier les trajets, ce qui p\u00e8se lourd quand on calcule le co\u00fbt r\u00e9el d&rsquo;un week-end.<\/p>\n<figure style=\"margin:32px 0;padding:0;font-family:-apple-system,BlinkMacSystemFont,'Segoe UI',Roboto,sans-serif;\">\n<div style=\"display:grid;grid-template-columns:repeat(auto-fit,minmax(140px,1fr));background:#1a1a1a;border-radius:6px;overflow:hidden;\">\n<div style=\"padding:22px 16px;text-align:center;border-right:1px solid #2f2f2f;\">\n<div style=\"font-size:36px;font-weight:900;color:#fff;letter-spacing:-0.04em;font-feature-settings:'tnum';line-height:1;\">7M+<\/div>\n<div style=\"font-size:11px;text-transform:uppercase;letter-spacing:1.5px;color:#9a9a9a;margin-top:8px;\">bulbes \u00e0 Keukenhof<\/div>\n<\/p><\/div>\n<div style=\"padding:22px 16px;text-align:center;border-right:1px solid #2f2f2f;\">\n<div style=\"font-size:36px;font-weight:900;color:#fff;letter-spacing:-0.04em;font-feature-settings:'tnum';line-height:1;\">32 ha<\/div>\n<div style=\"font-size:11px;text-transform:uppercase;letter-spacing:1.5px;color:#9a9a9a;margin-top:8px;\">de jardin floral<\/div>\n<\/p><\/div>\n<div style=\"padding:22px 16px;text-align:center;\">\n<div style=\"font-size:36px;font-weight:900;color:#a8814a;letter-spacing:-0.04em;font-feature-settings:'tnum';line-height:1;\">80&nbsp;&euro;<\/div>\n<div style=\"font-size:11px;text-transform:uppercase;letter-spacing:1.5px;color:#9a9a9a;margin-top:8px;\">point de d\u00e9part \/pers.<\/div>\n<\/p><\/div>\n<\/p><\/div><figcaption style=\"font-size:11px;color:#7a7a7a;margin-top:8px;text-align:right;letter-spacing:0.3px;\">Donn\u00e9es indicatives \u2014 packages city-trip observ\u00e9s sur la saison.<\/figcaption><\/figure>\n<h3>Comment optimiser le budget sans rogner sur l&rsquo;exp\u00e9rience<\/h3>\n<p>Le secret d&rsquo;un s\u00e9jour \u00e0 moins de 100 \u20ac tient \u00e0 trois leviers : la p\u00e9riode choisie, le mode de transport, et la s\u00e9lection d&rsquo;activit\u00e9s gratuites en compl\u00e9ment du festival. Voyager en milieu de semaine plut\u00f4t qu&rsquo;en week-end fait baisser la note d&rsquo;h\u00f4tel de 20 \u00e0 30 %. Le bus longue distance ou le train direct depuis Paris reste comp\u00e9titif face \u00e0 l&rsquo;avion une fois bagages et transferts int\u00e9gr\u00e9s au calcul.<\/p>\n<p>Sur place, la carte transports illimit\u00e9e (IAmsterdam City Card) se rentabilise d\u00e8s trois mus\u00e9es visit\u00e9s. Pour les budgets serr\u00e9s, pr\u00e9voir plut\u00f4t un pass GVB simple : il suffit pour aller \u00e0 Keukenhof via la navette d\u00e9di\u00e9e et rentrer en tram le soir.<\/p>\n<figure style=\"margin:32px 0;font-family:-apple-system,BlinkMacSystemFont,'Segoe UI',Roboto,sans-serif;\">\n<div style=\"overflow-x:auto;border:1px solid #e5e5e0;border-radius:8px;\">\n<table style=\"width:100%;border-collapse:collapse;font-size:14px;color:#2a2a2a;min-width:500px;\">\n<thead>\n<tr style=\"background:#1a1a1a;color:#fff;\">\n<th style=\"text-align:left;padding:14px 18px;font-weight:700;font-size:12px;text-transform:uppercase;letter-spacing:1.5px;\">Poste de d\u00e9pense<\/th>\n<th style=\"text-align:left;padding:14px 18px;font-weight:700;font-size:12px;text-transform:uppercase;letter-spacing:1.5px;\">Fourchette indicative<\/th>\n<th style=\"text-align:center;padding:14px 18px;font-weight:700;font-size:12px;text-transform:uppercase;letter-spacing:1.5px;\">Astuce \u00e9conomie<\/th>\n<\/tr>\n<\/thead>\n<tbody>\n<tr style=\"background:#fff;border-bottom:1px solid #f0ede5;\">\n<td style=\"padding:14px 18px;font-weight:600;\">H\u00e9bergement 2 nuits<\/td>\n<td style=\"padding:14px 18px;color:#4a4a4a;\">60 \u00e0 110 \u20ac\/pers.<\/td>\n<td style=\"padding:14px 18px;text-align:center;color:#6a6a6a;\">H\u00f4tel hors centre + tram<\/td>\n<\/tr>\n<tr style=\"background:#fafaf7;border-bottom:1px solid #f0ede5;\">\n<td style=\"padding:14px 18px;font-weight:600;\">Entr\u00e9e Keukenhof<\/td>\n<td style=\"padding:14px 18px;color:#4a4a4a;\">19 \u00e0 22 \u20ac<\/td>\n<td style=\"padding:14px 18px;text-align:center;color:#6a6a6a;\">Billet combin\u00e9 navette<\/td>\n<\/tr>\n<tr style=\"background:#fff;border-bottom:1px solid #f0ede5;\">\n<td style=\"padding:14px 18px;font-weight:600;\">Croisi\u00e8re canaux<\/td>\n<td style=\"padding:14px 18px;color:#4a4a4a;\">17 \u00e0 25 \u20ac<\/td>\n<td style=\"padding:14px 18px;text-align:center;color:#6a6a6a;\">Tour court en fin de journ\u00e9e<\/td>\n<\/tr>\n<tr style=\"background:#fafaf7;border-bottom:1px solid #f0ede5;\">\n<td style=\"padding:14px 18px;font-weight:600;\">Repas (jour)<\/td>\n<td style=\"padding:14px 18px;color:#4a4a4a;\">10 \u00e0 18 \u20ac<\/td>\n<td style=\"padding:14px 18px;text-align:center;color:#6a6a6a;\">Stroopwafel + broodjes locaux<\/td>\n<\/tr>\n<tr style=\"background:#fff;\">\n<td style=\"padding:14px 18px;font-weight:600;\">Transports locaux<\/td>\n<td style=\"padding:14px 18px;color:#4a4a4a;\">8 \u00e0 16 \u20ac<\/td>\n<td style=\"padding:14px 18px;text-align:center;color:#6a6a6a;\">V\u00e9lo en libre-service<\/td>\n<\/tr>\n<\/tbody>\n<\/table><\/div>\n<\/figure>\n<h2>Les incontournables \u00e0 ne pas manquer<\/h2>\n<p>Lors de votre visite \u00e0 Amsterdam pendant le festival des tulipes, plusieurs sites m\u00e9ritent votre attention. Parmi eux, le parc Keukenhof, un v\u00e9ritable paradis floral, o\u00f9 des millions de tulipes, jonquilles et autres fleurs s&rsquo;\u00e9panouissent. La balade dans ses all\u00e9es vous plongera dans un univers color\u00e9 et parfum\u00e9.<\/p>\n<p>Ne manquez pas non plus de d\u00e9couvrir les canaux d&rsquo;Amsterdam, class\u00e9s au patrimoine mondial de l&rsquo;UNESCO. Une croisi\u00e8re sur ces voies navigables offre une perspective unique sur la ville et ses magnifiques maisons \u00e0 pignon. Le coucher de soleil sur les fa\u00e7ades du XVII\u1d49 si\u00e8cle reste l&rsquo;un des moments les plus photog\u00e9niques du s\u00e9jour, \u00e0 condition de r\u00e9server son tour avant 18 h en haute saison.<\/p>\n<div style=\"display:grid;grid-template-columns:repeat(auto-fit,minmax(220px,1fr));gap:14px;margin:28px 0;font-family:-apple-system,BlinkMacSystemFont,'Segoe UI',Roboto,sans-serif;\">\n<article style=\"background:#fff;border:1px solid #e5e5e0;border-top:3px solid #6a4a2a;border-radius:6px;padding:18px 18px 16px;\">\n<div style=\"width:36px;height:36px;background:#f1f5f1;border-radius:50%;display:inline-flex;align-items:center;justify-content:center;margin-bottom:12px;\">\n      <span style=\"font-size:18px;color:#6a4a2a;font-weight:900;font-family:Georgia,serif;\">01<\/span>\n    <\/div>\n<h3 style=\"margin:0 0 6px 0;font-size:16px;font-weight:700;color:#1a1a1a;letter-spacing:-0.01em;\">Parc Keukenhof<\/h3>\n<div style=\"margin:0;font-size:13.5px;line-height:1.55;color:#4a4a4a;\">Sept millions de bulbes plant\u00e9s \u00e0 la main, vingt-cinq jardins th\u00e9matiques et quatre pavillons d&rsquo;exposition. Compter une demi-journ\u00e9e minimum.<\/div>\n<\/article>\n<article style=\"background:#fff;border:1px solid #e5e5e0;border-top:3px solid #6a4a2a;border-radius:6px;padding:18px 18px 16px;\">\n<div style=\"width:36px;height:36px;background:#f1f5f1;border-radius:50%;display:inline-flex;align-items:center;justify-content:center;margin-bottom:12px;\">\n      <span style=\"font-size:18px;color:#6a4a2a;font-weight:900;font-family:Georgia,serif;\">02<\/span>\n    <\/div>\n<h3 style=\"margin:0 0 6px 0;font-size:16px;font-weight:700;color:#1a1a1a;letter-spacing:-0.01em;\">Croisi\u00e8re canaux<\/h3>\n<div style=\"margin:0;font-size:13.5px;line-height:1.55;color:#4a4a4a;\">Une heure pour comprendre l&rsquo;urbanisme de la ville depuis l&rsquo;eau. Pr\u00e9f\u00e9rer les bateaux d\u00e9couverts hors p\u00e9riode de pluie.<\/div>\n<\/article>\n<article style=\"background:#fff;border:1px solid #e5e5e0;border-top:3px solid #6a4a2a;border-radius:6px;padding:18px 18px 16px;\">\n<div style=\"width:36px;height:36px;background:#f1f5f1;border-radius:50%;display:inline-flex;align-items:center;justify-content:center;margin-bottom:12px;\">\n      <span style=\"font-size:18px;color:#6a4a2a;font-weight:900;font-family:Georgia,serif;\">03<\/span>\n    <\/div>\n<h3 style=\"margin:0 0 6px 0;font-size:16px;font-weight:700;color:#1a1a1a;letter-spacing:-0.01em;\">Balade \u00e0 v\u00e9lo<\/h3>\n<div style=\"margin:0;font-size:13.5px;line-height:1.55;color:#4a4a4a;\">Le v\u00e9lo reste le mode de d\u00e9placement local par excellence. Vondelpark et Jordaan se traversent sans effort.<\/div>\n<\/article>\n<article style=\"background:#fff;border:1px solid #e5e5e0;border-top:3px solid #6a4a2a;border-radius:6px;padding:18px 18px 16px;\">\n<div style=\"width:36px;height:36px;background:#f1f5f1;border-radius:50%;display:inline-flex;align-items:center;justify-content:center;margin-bottom:12px;\">\n      <span style=\"font-size:18px;color:#6a4a2a;font-weight:900;font-family:Georgia,serif;\">04<\/span>\n    <\/div>\n<h3 style=\"margin:0 0 6px 0;font-size:16px;font-weight:700;color:#1a1a1a;letter-spacing:-0.01em;\">Mus\u00e9es d&rsquo;Amsterdam<\/h3>\n<div style=\"margin:0;font-size:13.5px;line-height:1.55;color:#4a4a4a;\">Rijksmuseum, Van Gogh Museum, Maison d&rsquo;Anne Frank \u2014 billets en ligne obligatoires pour \u00e9viter trois heures de file.<\/div>\n<\/article>\n<article style=\"background:#fff;border:1px solid #e5e5e0;border-top:3px solid #6a4a2a;border-radius:6px;padding:18px 18px 16px;\">\n<div style=\"width:36px;height:36px;background:#f1f5f1;border-radius:50%;display:inline-flex;align-items:center;justify-content:center;margin-bottom:12px;\">\n      <span style=\"font-size:18px;color:#6a4a2a;font-weight:900;font-family:Georgia,serif;\">05<\/span>\n    <\/div>\n<h3 style=\"margin:0 0 6px 0;font-size:16px;font-weight:700;color:#1a1a1a;letter-spacing:-0.01em;\">Sp\u00e9cialit\u00e9s locales<\/h3>\n<div style=\"margin:0;font-size:13.5px;line-height:1.55;color:#4a4a4a;\">Stroopwafel chaud au march\u00e9 Albert Cuyp, harengs sur les \u00e9tals du Singel, bitterballen en happy hour.<\/div>\n<\/article>\n<\/div>\n<ul>\n<li>Visite du parc Keukenhof<\/li>\n<li>Balade en v\u00e9lo dans la ville<\/li>\n<li>D\u00e9couverte des canaux<\/li>\n<li>Visite des mus\u00e9es d&rsquo;Amsterdam<\/li>\n<li>D\u00e9gustation de sp\u00e9cialit\u00e9s locales<\/li>\n<\/ul>\n<aside style=\"background:#e7f5ec;border-left:4px solid #6a4a2a;padding:14px 18px;margin:18px 0;border-radius:0 4px 4px 0;font-family:-apple-system,BlinkMacSystemFont,'Segoe UI',Roboto,sans-serif;\">\n  <strong style=\"display:inline-block;color:#5a3a1a;font-size:12px;text-transform:uppercase;letter-spacing:1.5px;margin-right:8px;\">&#10022; Astuce<\/strong><br \/>\n  <span style=\"font-size:14.5px;line-height:1.55;color:#3a3a3a;\">Pour Keukenhof, viser l&rsquo;ouverture (8 h) ou la derni\u00e8re entr\u00e9e (16 h) : les cars de touristes se vident, et la lumi\u00e8re rasante magnifie les massifs.<\/span><br \/>\n<\/aside>\n<h3>Bien planifier ses journ\u00e9es sur place<\/h3>\n<p>Trois jours suffisent largement pour vivre l&rsquo;essentiel sans courir. Le premier jour gagne \u00e0 \u00eatre consacr\u00e9 \u00e0 Amsterdam intra-muros : canaux, mus\u00e9e principal, quartier Jordaan. Le deuxi\u00e8me jour, on s&rsquo;\u00e9vade vers Keukenhof t\u00f4t le matin, et l&rsquo;on revient d\u00e9jeuner pr\u00e8s du Vondelpark. Le troisi\u00e8me jour reste flexible \u2014 march\u00e9 flottant, balade \u00e0 v\u00e9lo le long de l&rsquo;Amstel, ou \u00e9chapp\u00e9e vers Zaanse Schans pour les moulins.<\/p>\n<figure style=\"margin:38px auto;padding:28px 24px;text-align:center;border-top:1px solid #2a2a2a;border-bottom:1px solid #2a2a2a;max-width:640px;position:relative;font-family:Georgia,'Hoefler Text',serif;\">\n<div style=\"position:absolute;top:-20px;left:50%;transform:translateX(-50%);background:#ffffff;padding:0 14px;font-size:48px;line-height:1;color:#6a4a2a;font-family:Georgia,serif;\">&laquo;<\/div>\n<blockquote style=\"margin:0;padding:0;font-size:24px;line-height:1.45;font-style:italic;color:#1a1a1a;letter-spacing:-0.005em;\"><p>\n    Amsterdam est une ville qui sait s\u00e9duire par sa beaut\u00e9 et son ambiance unique.<br \/>\n  <\/blockquote><figcaption style=\"margin-top:14px;font-size:12px;text-transform:uppercase;letter-spacing:2px;color:#6a6a6a;font-family:-apple-system,sans-serif;font-style:normal;\">\u2014 Un voyageur passionn\u00e9<\/figcaption><\/figure>\n<h2>Itin\u00e9raire-type : 3 jours, deux profils<\/h2>\n<p>Selon que l&rsquo;on voyage en couple ou en famille, le rythme id\u00e9al change. Le couple privil\u00e9gie les soir\u00e9es tardives le long des canaux, la famille pr\u00e9f\u00e8re organiser des pauses r\u00e9guli\u00e8res. Voici une comparaison rapide pour caler les choix selon les attentes.<\/p>\n<div style=\"display:grid;grid-template-columns:repeat(auto-fit,minmax(260px,1fr));gap:14px;margin:28px 0;font-family:-apple-system,BlinkMacSystemFont,'Segoe UI',Roboto,sans-serif;\">\n<div style=\"background:#fdecec;border:1px solid #f3cccc;border-radius:6px;padding:20px 22px;\">\n<div style=\"display:flex;align-items:center;gap:10px;margin-bottom:14px;padding-bottom:10px;border-bottom:1px solid #f3cccc;\">\n      <span style=\"width:32px;height:32px;background:#c54848;color:#fff;border-radius:50%;display:inline-flex;align-items:center;justify-content:center;font-size:16px;font-weight:700;\">&#9829;<\/span><\/p>\n<h3 style=\"margin:0;font-size:16px;font-weight:700;color:#8a2020;letter-spacing:-0.01em;\">Programme couple<\/h3>\n<\/p><\/div>\n<ul style=\"margin:0;padding-left:18px;font-size:14px;line-height:1.7;color:#3a3a3a;\">\n<li>Croisi\u00e8re canaux au coucher du soleil<\/li>\n<li>D\u00eener dans une brown caf\u00e9 du Jordaan<\/li>\n<li>Keukenhof en fin de journ\u00e9e pour la lumi\u00e8re<\/li>\n<li>V\u00e9lo en duo le long de l&rsquo;Amstel<\/li>\n<\/ul><\/div>\n<div style=\"background:#e7f5ec;border:1px solid #c4dfcd;border-radius:6px;padding:20px 22px;\">\n<div style=\"display:flex;align-items:center;gap:10px;margin-bottom:14px;padding-bottom:10px;border-bottom:1px solid #c4dfcd;\">\n      <span style=\"width:32px;height:32px;background:#2a5f3f;color:#fff;border-radius:50%;display:inline-flex;align-items:center;justify-content:center;font-size:18px;font-weight:700;\">&#10003;<\/span><\/p>\n<h3 style=\"margin:0;font-size:16px;font-weight:700;color:#1d4a30;letter-spacing:-0.01em;\">Programme famille<\/h3>\n<\/p><\/div>\n<ul style=\"margin:0;padding-left:18px;font-size:14px;line-height:1.7;color:#3a3a3a;\">\n<li>Keukenhof t\u00f4t le matin (jeu de piste enfants)<\/li>\n<li>NEMO Science Museum apr\u00e8s le d\u00e9jeuner<\/li>\n<li>Vondelpark : aire de jeux et glaces<\/li>\n<li>Bateau-p\u00e9dalo sur les canaux<\/li>\n<\/ul><\/div>\n<\/div>\n<aside style=\"background:#fdecec;border-left:4px solid #c54848;padding:14px 18px;margin:18px 0;border-radius:0 4px 4px 0;font-family:-apple-system,BlinkMacSystemFont,'Segoe UI',Roboto,sans-serif;\">\n  <strong style=\"display:inline-block;color:#8a2020;font-size:12px;text-transform:uppercase;letter-spacing:1.5px;margin-right:8px;\">&#9888;&#65039; Attention<\/strong><br \/>\n  <span style=\"font-size:14.5px;line-height:1.55;color:#3a3a3a;\">Ne jamais cueillir une tulipe dans un champ priv\u00e9 : les producteurs sanctionnent et l&rsquo;amende grimpe vite. Les zones photo sont clairement balis\u00e9es.<\/span><br \/>\n<\/aside>\n<h2>Pr\u00e9parer son arriv\u00e9e et \u00e9viter les faux pas<\/h2>\n<p>Trois habitudes locales font la diff\u00e9rence entre un voyage fluide et une succession d&rsquo;agacements. Premi\u00e8re r\u00e8gle : marcher en file indienne ou s&rsquo;\u00e9carter d\u00e8s qu&rsquo;on entend une sonnette de v\u00e9lo. Deuxi\u00e8me r\u00e8gle : ne jamais s&rsquo;arr\u00eater au milieu d&rsquo;une piste cyclable pour prendre une photo. Troisi\u00e8me r\u00e8gle : r\u00e9gler tout en carte sans contact \u2014 beaucoup de commerces refusent d\u00e9sormais les esp\u00e8ces.<\/p>\n<div style=\"display:grid;grid-template-columns:repeat(auto-fit,minmax(260px,1fr));gap:14px;margin:28px 0;font-family:-apple-system,BlinkMacSystemFont,'Segoe UI',Roboto,sans-serif;\">\n<div style=\"background:#fafaf7;border:1px solid #c4dfcd;border-top:4px solid #6a4a2a;border-radius:4px;padding:20px 22px;\">\n<h3 style=\"margin:0 0 14px 0;font-size:13px;font-weight:700;text-transform:uppercase;letter-spacing:1.8px;color:#5a3a1a;\">&#10003; \u00c0 faire<\/h3>\n<ul style=\"margin:0;padding:0;list-style:none;\">\n<li style=\"display:flex;gap:10px;align-items:flex-start;padding:6px 0;font-size:14px;line-height:1.5;color:#2a2a2a;border-bottom:1px solid #ebebe5;\"><span style=\"color:#6a4a2a;font-weight:700;flex:0 0 14px;\">&#10003;<\/span><span>R\u00e9server Keukenhof avec billet horodat\u00e9<\/span><\/li>\n<li style=\"display:flex;gap:10px;align-items:flex-start;padding:6px 0;font-size:14px;line-height:1.5;color:#2a2a2a;border-bottom:1px solid #ebebe5;\"><span style=\"color:#6a4a2a;font-weight:700;flex:0 0 14px;\">&#10003;<\/span><span>Pr\u00e9voir une couche imperm\u00e9able l\u00e9g\u00e8re<\/span><\/li>\n<li style=\"display:flex;gap:10px;align-items:flex-start;padding:6px 0;font-size:14px;line-height:1.5;color:#2a2a2a;border-bottom:1px solid #ebebe5;\"><span style=\"color:#6a4a2a;font-weight:700;flex:0 0 14px;\">&#10003;<\/span><span>Charger une carte de paiement sans contact<\/span><\/li>\n<li style=\"display:flex;gap:10px;align-items:flex-start;padding:6px 0;font-size:14px;line-height:1.5;color:#2a2a2a;\"><span style=\"color:#6a4a2a;font-weight:700;flex:0 0 14px;\">&#10003;<\/span><span>T\u00e9l\u00e9charger l&rsquo;appli GVB pour les transports<\/span><\/li>\n<\/ul><\/div>\n<div style=\"background:#fafaf7;border:1px solid #f3cccc;border-top:4px solid #c54848;border-radius:4px;padding:20px 22px;\">\n<h3 style=\"margin:0 0 14px 0;font-size:13px;font-weight:700;text-transform:uppercase;letter-spacing:1.8px;color:#8a2020;\">&#10005; \u00c0 \u00e9viter<\/h3>\n<ul style=\"margin:0;padding:0;list-style:none;\">\n<li style=\"display:flex;gap:10px;align-items:flex-start;padding:6px 0;font-size:14px;line-height:1.5;color:#2a2a2a;border-bottom:1px solid #ebebe5;\"><span style=\"color:#c54848;font-weight:700;flex:0 0 14px;\">&#10005;<\/span><span>Marcher sur les pistes cyclables rouges<\/span><\/li>\n<li style=\"display:flex;gap:10px;align-items:flex-start;padding:6px 0;font-size:14px;line-height:1.5;color:#2a2a2a;border-bottom:1px solid #ebebe5;\"><span style=\"color:#c54848;font-weight:700;flex:0 0 14px;\">&#10005;<\/span><span>Acheter ses billets mus\u00e9es sur place<\/span><\/li>\n<li style=\"display:flex;gap:10px;align-items:flex-start;padding:6px 0;font-size:14px;line-height:1.5;color:#2a2a2a;border-bottom:1px solid #ebebe5;\"><span style=\"color:#c54848;font-weight:700;flex:0 0 14px;\">&#10005;<\/span><span>R\u00e9server un h\u00f4tel \u00e0 Amsterdam Sud-Est sans tester les transports<\/span><\/li>\n<li style=\"display:flex;gap:10px;align-items:flex-start;padding:6px 0;font-size:14px;line-height:1.5;color:#2a2a2a;\"><span style=\"color:#c54848;font-weight:700;flex:0 0 14px;\">&#10005;<\/span><span>Visiter Keukenhof en plein milieu de journ\u00e9e le week-end<\/span><\/li>\n<\/ul><\/div>\n<\/div>\n<h2>Quand le festival des tulipes devient un moment d&rsquo;ann\u00e9e<\/h2>\n<p>Le festival des tulipes \u00e0 Amsterdam est une exp\u00e9rience qui reste grav\u00e9e dans les m\u00e9moires. En combinant nature, culture et gastronomie, cette ville offre un \u00e9ventail d&rsquo;activit\u00e9s qui ravira tous les visiteurs. Que vous soyez en couple, en famille ou entre amis, Amsterdam saura vous accueillir avec chaleur et enthousiasme.<\/p>\n<p>N&rsquo;attendez plus pour planifier votre escapade florale \u00e0 Amsterdam ! Avec ses prix attractifs et ses multiples attractions, cette destination est id\u00e9ale pour un s\u00e9jour printanier inoubliable. Pensez \u00e0 r\u00e9server votre h\u00f4tel et vos activit\u00e9s \u00e0 l&rsquo;avance pour profiter au maximum de ce festival exceptionnel.<img decoding=\"async\" width=\"1024\" height=\"576\" src=\"https:\/\/voyage-aventure.com\/blog\/wp-content\/uploads\/2025\/02\/stability-decouvrez-amsterdam-et-son-festival-des-tulipes-pour-moins-de-100e-1.png\" class=\"aligncenter\" alt=\"Illustration d\u00e9taill\u00e9e sur D\u00e9couvrez Amsterdam et son festival des tulipes pour moins de 100\u20ac\" title=\"D\u00e9couvrez Amsterdam et son festival des tulipes pour moins de 100\u20ac\" loading=\"lazy\" \/><\/p>\n<section style=\"margin:32px 0;font-family:-apple-system,BlinkMacSystemFont,'Segoe UI',Roboto,sans-serif;\">\n<h2 style=\"margin:0 0 18px 0;font-size:22px;font-weight:800;color:#1a1a1a;letter-spacing:-0.01em;\">Questions fr\u00e9quentes<\/h2>\n<div style=\"border-top:1px solid #d4cfc4;\">\n<details style=\"border-bottom:1px solid #d4cfc4;padding:0;\">\n<summary style=\"cursor:pointer;padding:16px 0;font-size:17px;font-weight:700;color:#1a1a1a;list-style:none;display:flex;justify-content:space-between;align-items:center;gap:14px;\">\n        <span>Quand a lieu le festival des tulipes \u00e0 Amsterdam ?<\/span><br \/>\n        <span style=\"font-size:22px;font-weight:300;color:#6a4a2a;line-height:1;\">+<\/span><br \/>\n      <\/summary>\n<div style=\"padding:0 0 16px 0;font-size:15px;line-height:1.7;color:#4a4a4a;\">Le festival s&rsquo;\u00e9tale g\u00e9n\u00e9ralement du 21 mars au 12 mai. Le pic de floraison se situe entre la mi-avril et la fin avril, en fonction de la m\u00e9t\u00e9o printani\u00e8re.<\/div>\n<\/details>\n<details style=\"border-bottom:1px solid #d4cfc4;padding:0;\">\n<summary style=\"cursor:pointer;padding:16px 0;font-size:17px;font-weight:700;color:#1a1a1a;list-style:none;display:flex;justify-content:space-between;align-items:center;gap:14px;\">\n        <span>Comment rejoindre le parc Keukenhof depuis Amsterdam ?<\/span><br \/>\n        <span style=\"font-size:22px;font-weight:300;color:#6a4a2a;line-height:1;\">+<\/span><br \/>\n      <\/summary>\n<div style=\"padding:0 0 16px 0;font-size:15px;line-height:1.7;color:#4a4a4a;\">Une navette d\u00e9di\u00e9e part de la gare centrale ou de Schiphol et rejoint Keukenhof en 40 minutes environ. Le billet combin\u00e9 transport + entr\u00e9e se r\u00e9v\u00e8le le choix le plus rentable.<\/div>\n<\/details>\n<details style=\"border-bottom:1px solid #d4cfc4;padding:0;\">\n<summary style=\"cursor:pointer;padding:16px 0;font-size:17px;font-weight:700;color:#1a1a1a;list-style:none;display:flex;justify-content:space-between;align-items:center;gap:14px;\">\n        <span>Peut-on vraiment partir \u00e0 moins de 100 \u20ac par personne ?<\/span><br \/>\n        <span style=\"font-size:22px;font-weight:300;color:#6a4a2a;line-height:1;\">+<\/span><br \/>\n      <\/summary>\n<div style=\"padding:0 0 16px 0;font-size:15px;line-height:1.7;color:#4a4a4a;\">Oui, \u00e0 condition de viser un city-trip de 2 \u00e0 3 jours, en semaine, avec un h\u00f4tel central type Holiday Inn Express et un transport choisi en avance. Des offres \u00e0 80 \u20ac par personne existent en pr\u00e9-saison.<\/div>\n<\/details>\n<details style=\"border-bottom:1px solid #d4cfc4;padding:0;\">\n<summary style=\"cursor:pointer;padding:16px 0;font-size:17px;font-weight:700;color:#1a1a1a;list-style:none;display:flex;justify-content:space-between;align-items:center;gap:14px;\">\n        <span>Le parc Keukenhof est-il adapt\u00e9 aux enfants ?<\/span><br \/>\n        <span style=\"font-size:22px;font-weight:300;color:#6a4a2a;line-height:1;\">+<\/span><br \/>\n      <\/summary>\n<div style=\"padding:0 0 16px 0;font-size:15px;line-height:1.7;color:#4a4a4a;\">Tout \u00e0 fait. Le parc propose un jeu de piste familial, un labyrinthe et un parcours-aventure pour les plus grands. Les all\u00e9es sont planes et accessibles en poussette.<\/div>\n<\/details>\n<details style=\"border-bottom:1px solid #d4cfc4;padding:0;\">\n<summary style=\"cursor:pointer;padding:16px 0;font-size:17px;font-weight:700;color:#1a1a1a;list-style:none;display:flex;justify-content:space-between;align-items:center;gap:14px;\">\n        <span>Quelles tenues pr\u00e9voir pour le festival ?<\/span><br \/>\n        <span style=\"font-size:22px;font-weight:300;color:#6a4a2a;line-height:1;\">+<\/span><br \/>\n      <\/summary>\n<div style=\"padding:0 0 16px 0;font-size:15px;line-height:1.7;color:#4a4a4a;\">Le printemps n\u00e9erlandais reste capricieux : pr\u00e9voir plusieurs couches, une veste coupe-vent imperm\u00e9able et de bonnes chaussures ferm\u00e9es. Les averses br\u00e8ves sont la norme entre deux \u00e9claircies.<\/div>\n<\/details><\/div>\n<\/section>\n","protected":false},"excerpt":{"rendered":"","protected":false},"author":34,"featured_media":10568,"comment_status":"open","ping_status":"open","sticky":false,"template":"","format":"standard","meta":{"_acf_changed":false,"manual_indexmenow":false,"indexmenow_id_project":0,"footnotes":""},"categories":[1],"tags":[4538,4527,4530,4535,4528],"class_list":["post-10567","post","type-post","status-publish","format-standard","has-post-thumbnail","hentry","category-a-la-une","tag-activites-variees","tag-decouverte-culturelle","tag-escapade-en-europe","tag-gastronomie-locale","tag-hebergement-abordable","generate-columns","tablet-grid-50","mobile-grid-100","grid-parent","grid-25"],"acf":[],"yoast_head":"<!-- This site is optimized with the Yoast SEO Premium plugin v21.3 (Yoast SEO v25.1) - https:\/\/yoast.com\/wordpress\/plugins\/seo\/ -->\n<title>D\u00e9couvrez Amsterdam et son festival des tulipes pour moins<\/title>\n<meta name=\"description\" content=\"Trois jours \u00e0 Amsterdam au c\u0153ur du festival des tulipes, h\u00f4tel central inclus, \u00e0 partir de 80 \u20ac par personne : voil\u00e0 la promesse d&#039;un printemps qui se\" \/>\n<meta name=\"robots\" content=\"index, follow, max-snippet:-1, max-image-preview:large, max-video-preview:-1\" \/>\n<link rel=\"canonical\" href=\"https:\/\/voyage-aventure.com\/blog\/a-la-une\/decouvrez-amsterdam-et-son-festival-des-tulipes-pour-moins-de-100e\/\" \/>\n<meta property=\"og:locale\" content=\"fr_FR\" \/>\n<meta property=\"og:type\" content=\"article\" \/>\n<meta property=\"og:title\" content=\"D\u00e9couvrez Amsterdam et son festival des tulipes pour moins\" \/>\n<meta property=\"og:description\" content=\"Trois jours \u00e0 Amsterdam au c\u0153ur du festival des tulipes, h\u00f4tel central inclus, \u00e0 partir de 80 \u20ac par personne : voil\u00e0 la promesse d&#039;un printemps qui se\" \/>\n<meta property=\"og:url\" content=\"https:\/\/voyage-aventure.com\/blog\/a-la-une\/decouvrez-amsterdam-et-son-festival-des-tulipes-pour-moins-de-100e\/\" \/>\n<meta property=\"og:site_name\" content=\"voyage-aventure\" \/>\n<meta property=\"og:image\" content=\"https:\/\/voyage-aventure.com\/blog\/wp-content\/uploads\/2025\/02\/stability-decouvrez-amsterdam-et-son-festival-des-tulipes-pour-moins-de-100e.png\" \/>\n\t<meta property=\"og:image:width\" content=\"1024\" \/>\n\t<meta property=\"og:image:height\" content=\"576\" \/>\n\t<meta property=\"og:image:type\" content=\"image\/png\" \/>\n<meta name=\"author\" content=\"Camille Rouvray\" \/>\n<meta name=\"twitter:card\" content=\"summary_large_image\" \/>\n<script type=\"application\/ld+json\" class=\"yoast-schema-graph\">{\"@context\":\"https:\/\/schema.org\",\"@graph\":[{\"@type\":\"NewsArticle\",\"@id\":\"https:\/\/voyage-aventure.com\/blog\/a-la-une\/decouvrez-amsterdam-et-son-festival-des-tulipes-pour-moins-de-100e\/#article\",\"isPartOf\":{\"@id\":\"https:\/\/voyage-aventure.com\/blog\/a-la-une\/decouvrez-amsterdam-et-son-festival-des-tulipes-pour-moins-de-100e\/\"},\"author\":{\"name\":\"Camille Rouvray\",\"@id\":\"https:\/\/voyage-aventure.com\/blog\/#\/schema\/person\/3c864cdc320801e3db34b663e7e3f816\"},\"headline\":\"D\u00e9couvrez Amsterdam et son festival des tulipes pour moins de 100\u20ac\",\"datePublished\":\"2026-05-22T07:43:01+00:00\",\"mainEntityOfPage\":{\"@id\":\"https:\/\/voyage-aventure.com\/blog\/a-la-une\/decouvrez-amsterdam-et-son-festival-des-tulipes-pour-moins-de-100e\/\"},\"wordCount\":1629,\"commentCount\":25,\"publisher\":{\"@id\":\"https:\/\/voyage-aventure.com\/blog\/#organization\"},\"image\":{\"@id\":\"https:\/\/voyage-aventure.com\/blog\/a-la-une\/decouvrez-amsterdam-et-son-festival-des-tulipes-pour-moins-de-100e\/#primaryimage\"},\"thumbnailUrl\":\"https:\/\/voyage-aventure.com\/blog\/wp-content\/uploads\/2025\/02\/stability-decouvrez-amsterdam-et-son-festival-des-tulipes-pour-moins-de-100e.png\",\"keywords\":[\"Activit\u00e9s Vari\u00e9es\",\"D\u00e9couverte Culturelle\",\"Escapade en Europe\",\"Gastronomie Locale\",\"H\u00e9bergement Abordable\"],\"articleSection\":[\"\u00c0 la une\"],\"inLanguage\":\"fr-FR\",\"potentialAction\":[{\"@type\":\"CommentAction\",\"name\":\"Comment\",\"target\":[\"https:\/\/voyage-aventure.com\/blog\/a-la-une\/decouvrez-amsterdam-et-son-festival-des-tulipes-pour-moins-de-100e\/#respond\"]}]},{\"@type\":\"WebPage\",\"@id\":\"https:\/\/voyage-aventure.com\/blog\/a-la-une\/decouvrez-amsterdam-et-son-festival-des-tulipes-pour-moins-de-100e\/\",\"url\":\"https:\/\/voyage-aventure.com\/blog\/a-la-une\/decouvrez-amsterdam-et-son-festival-des-tulipes-pour-moins-de-100e\/\",\"name\":\"D\u00e9couvrez Amsterdam et son festival des tulipes pour moins\",\"isPartOf\":{\"@id\":\"https:\/\/voyage-aventure.com\/blog\/#website\"},\"primaryImageOfPage\":{\"@id\":\"https:\/\/voyage-aventure.com\/blog\/a-la-une\/decouvrez-amsterdam-et-son-festival-des-tulipes-pour-moins-de-100e\/#primaryimage\"},\"image\":{\"@id\":\"https:\/\/voyage-aventure.com\/blog\/a-la-une\/decouvrez-amsterdam-et-son-festival-des-tulipes-pour-moins-de-100e\/#primaryimage\"},\"thumbnailUrl\":\"https:\/\/voyage-aventure.com\/blog\/wp-content\/uploads\/2025\/02\/stability-decouvrez-amsterdam-et-son-festival-des-tulipes-pour-moins-de-100e.png\",\"datePublished\":\"2026-05-22T07:43:01+00:00\",\"description\":\"Trois jours \u00e0 Amsterdam au c\u0153ur du festival des tulipes, h\u00f4tel central inclus, \u00e0 partir de 80 \u20ac par personne : voil\u00e0 la promesse d'un printemps qui se\",\"inLanguage\":\"fr-FR\",\"potentialAction\":[{\"@type\":\"ReadAction\",\"target\":[\"https:\/\/voyage-aventure.com\/blog\/a-la-une\/decouvrez-amsterdam-et-son-festival-des-tulipes-pour-moins-de-100e\/\"]}]},{\"@type\":\"ImageObject\",\"inLanguage\":\"fr-FR\",\"@id\":\"https:\/\/voyage-aventure.com\/blog\/a-la-une\/decouvrez-amsterdam-et-son-festival-des-tulipes-pour-moins-de-100e\/#primaryimage\",\"url\":\"https:\/\/voyage-aventure.com\/blog\/wp-content\/uploads\/2025\/02\/stability-decouvrez-amsterdam-et-son-festival-des-tulipes-pour-moins-de-100e.png\",\"contentUrl\":\"https:\/\/voyage-aventure.com\/blog\/wp-content\/uploads\/2025\/02\/stability-decouvrez-amsterdam-et-son-festival-des-tulipes-pour-moins-de-100e.png\",\"width\":1024,\"height\":576},{\"@type\":\"WebSite\",\"@id\":\"https:\/\/voyage-aventure.com\/blog\/#website\",\"url\":\"https:\/\/voyage-aventure.com\/blog\/\",\"name\":\"voyage-aventure.com\",\"description\":\"Votre passeport pour l\u2019inattendu.\",\"publisher\":{\"@id\":\"https:\/\/voyage-aventure.com\/blog\/#organization\"},\"alternateName\":\"Votre passeport pour l\u2019inattendu.\",\"potentialAction\":[{\"@type\":\"SearchAction\",\"target\":{\"@type\":\"EntryPoint\",\"urlTemplate\":\"https:\/\/voyage-aventure.com\/blog\/?s={search_term_string}\"},\"query-input\":{\"@type\":\"PropertyValueSpecification\",\"valueRequired\":true,\"valueName\":\"search_term_string\"}}],\"inLanguage\":\"fr-FR\"},{\"@type\":\"Organization\",\"@id\":\"https:\/\/voyage-aventure.com\/blog\/#organization\",\"name\":\"Foretsensations.fr\",\"url\":\"https:\/\/voyage-aventure.com\/blog\/\",\"logo\":{\"@type\":\"ImageObject\",\"inLanguage\":\"fr-FR\",\"@id\":\"https:\/\/voyage-aventure.com\/blog\/#\/schema\/logo\/image\/\",\"url\":\"https:\/\/voyage-aventure.com\/blog\/wp-content\/uploads\/2024\/12\/19.png\",\"contentUrl\":\"https:\/\/voyage-aventure.com\/blog\/wp-content\/uploads\/2024\/12\/19.png\",\"width\":512,\"height\":512,\"caption\":\"Foretsensations.fr\"},\"image\":{\"@id\":\"https:\/\/voyage-aventure.com\/blog\/#\/schema\/logo\/image\/\"}},{\"@type\":\"Person\",\"@id\":\"https:\/\/voyage-aventure.com\/blog\/#\/schema\/person\/3c864cdc320801e3db34b663e7e3f816\",\"name\":\"Camille Rouvray\",\"image\":{\"@type\":\"ImageObject\",\"inLanguage\":\"fr-FR\",\"@id\":\"https:\/\/voyage-aventure.com\/blog\/#\/schema\/person\/image\/\",\"url\":\"https:\/\/voyage-aventure.com\/blog\/wp-content\/uploads\/2026\/06\/persona_camille-r-96x96.jpg\",\"contentUrl\":\"https:\/\/voyage-aventure.com\/blog\/wp-content\/uploads\/2026\/06\/persona_camille-r-96x96.jpg\",\"caption\":\"Camille Rouvray\"},\"description\":\"Je voyage et j'\u00e9cris sur le voyage depuis une douzaine d'ann\u00e9es, d'abord en tant que routarde au long cours, puis comme r\u00e9dactrice sp\u00e9cialis\u00e9e. Mon terrain de pr\u00e9dilection, ce sont les circuits organis\u00e9s et l'art de bien pr\u00e9parer un itin\u00e9raire : choix de la saison, dur\u00e9e r\u00e9aliste des \u00e9tapes, budget jour par jour, logement et transport sur place. J'aime aussi raconter les p\u00e9pites urbaines, ces adresses qu'on ne trouve pas dans les guides classiques. Avant de publier un dossier destination, je croise toujours plusieurs sources, je v\u00e9rifie les tarifs et les formalit\u00e9s d'entr\u00e9e \u00e0 jour, et je teste moi-m\u00eame quand je le peux. Mon angle reste pratique avant tout : aider le lecteur \u00e0 partir l'esprit tranquille, sans mauvaise surprise une fois sur place. Je m'attache \u00e0 distinguer le coup de c\u0153ur sinc\u00e8re du simple argument marketing.\",\"sameAs\":[\"https:\/\/camillerouvray.fr\/\"],\"url\":\"https:\/\/voyage-aventure.com\/blog\/auteur\/noname\/\"}]}<\/script>\n<!-- \/ Yoast SEO Premium plugin. -->","yoast_head_json":{"title":"D\u00e9couvrez Amsterdam et son festival des tulipes pour moins","description":"Trois jours \u00e0 Amsterdam au c\u0153ur du festival des tulipes, h\u00f4tel central inclus, \u00e0 partir de 80 \u20ac par personne : voil\u00e0 la promesse d'un printemps qui se","robots":{"index":"index","follow":"follow","max-snippet":"max-snippet:-1","max-image-preview":"max-image-preview:large","max-video-preview":"max-video-preview:-1"},"canonical":"https:\/\/voyage-aventure.com\/blog\/a-la-une\/decouvrez-amsterdam-et-son-festival-des-tulipes-pour-moins-de-100e\/","og_locale":"fr_FR","og_type":"article","og_title":"D\u00e9couvrez Amsterdam et son festival des tulipes pour moins","og_description":"Trois jours \u00e0 Amsterdam au c\u0153ur du festival des tulipes, h\u00f4tel central inclus, \u00e0 partir de 80 \u20ac par personne : voil\u00e0 la promesse d'un printemps qui se","og_url":"https:\/\/voyage-aventure.com\/blog\/a-la-une\/decouvrez-amsterdam-et-son-festival-des-tulipes-pour-moins-de-100e\/","og_site_name":"voyage-aventure","og_image":[{"width":1024,"height":576,"url":"https:\/\/voyage-aventure.com\/blog\/wp-content\/uploads\/2025\/02\/stability-decouvrez-amsterdam-et-son-festival-des-tulipes-pour-moins-de-100e.png","type":"image\/png"}],"author":"Camille Rouvray","twitter_card":"summary_large_image","schema":{"@context":"https:\/\/schema.org","@graph":[{"@type":"NewsArticle","@id":"https:\/\/voyage-aventure.com\/blog\/a-la-une\/decouvrez-amsterdam-et-son-festival-des-tulipes-pour-moins-de-100e\/#article","isPartOf":{"@id":"https:\/\/voyage-aventure.com\/blog\/a-la-une\/decouvrez-amsterdam-et-son-festival-des-tulipes-pour-moins-de-100e\/"},"author":{"name":"Camille Rouvray","@id":"https:\/\/voyage-aventure.com\/blog\/#\/schema\/person\/3c864cdc320801e3db34b663e7e3f816"},"headline":"D\u00e9couvrez Amsterdam et son festival des tulipes pour moins de 100\u20ac","datePublished":"2026-05-22T07:43:01+00:00","mainEntityOfPage":{"@id":"https:\/\/voyage-aventure.com\/blog\/a-la-une\/decouvrez-amsterdam-et-son-festival-des-tulipes-pour-moins-de-100e\/"},"wordCount":1629,"commentCount":25,"publisher":{"@id":"https:\/\/voyage-aventure.com\/blog\/#organization"},"image":{"@id":"https:\/\/voyage-aventure.com\/blog\/a-la-une\/decouvrez-amsterdam-et-son-festival-des-tulipes-pour-moins-de-100e\/#primaryimage"},"thumbnailUrl":"https:\/\/voyage-aventure.com\/blog\/wp-content\/uploads\/2025\/02\/stability-decouvrez-amsterdam-et-son-festival-des-tulipes-pour-moins-de-100e.png","keywords":["Activit\u00e9s Vari\u00e9es","D\u00e9couverte Culturelle","Escapade en Europe","Gastronomie Locale","H\u00e9bergement Abordable"],"articleSection":["\u00c0 la une"],"inLanguage":"fr-FR","potentialAction":[{"@type":"CommentAction","name":"Comment","target":["https:\/\/voyage-aventure.com\/blog\/a-la-une\/decouvrez-amsterdam-et-son-festival-des-tulipes-pour-moins-de-100e\/#respond"]}]},{"@type":"WebPage","@id":"https:\/\/voyage-aventure.com\/blog\/a-la-une\/decouvrez-amsterdam-et-son-festival-des-tulipes-pour-moins-de-100e\/","url":"https:\/\/voyage-aventure.com\/blog\/a-la-une\/decouvrez-amsterdam-et-son-festival-des-tulipes-pour-moins-de-100e\/","name":"D\u00e9couvrez Amsterdam et son festival des tulipes pour moins","isPartOf":{"@id":"https:\/\/voyage-aventure.com\/blog\/#website"},"primaryImageOfPage":{"@id":"https:\/\/voyage-aventure.com\/blog\/a-la-une\/decouvrez-amsterdam-et-son-festival-des-tulipes-pour-moins-de-100e\/#primaryimage"},"image":{"@id":"https:\/\/voyage-aventure.com\/blog\/a-la-une\/decouvrez-amsterdam-et-son-festival-des-tulipes-pour-moins-de-100e\/#primaryimage"},"thumbnailUrl":"https:\/\/voyage-aventure.com\/blog\/wp-content\/uploads\/2025\/02\/stability-decouvrez-amsterdam-et-son-festival-des-tulipes-pour-moins-de-100e.png","datePublished":"2026-05-22T07:43:01+00:00","description":"Trois jours \u00e0 Amsterdam au c\u0153ur du festival des tulipes, h\u00f4tel central inclus, \u00e0 partir de 80 \u20ac par personne : voil\u00e0 la promesse d'un printemps qui se","inLanguage":"fr-FR","potentialAction":[{"@type":"ReadAction","target":["https:\/\/voyage-aventure.com\/blog\/a-la-une\/decouvrez-amsterdam-et-son-festival-des-tulipes-pour-moins-de-100e\/"]}]},{"@type":"ImageObject","inLanguage":"fr-FR","@id":"https:\/\/voyage-aventure.com\/blog\/a-la-une\/decouvrez-amsterdam-et-son-festival-des-tulipes-pour-moins-de-100e\/#primaryimage","url":"https:\/\/voyage-aventure.com\/blog\/wp-content\/uploads\/2025\/02\/stability-decouvrez-amsterdam-et-son-festival-des-tulipes-pour-moins-de-100e.png","contentUrl":"https:\/\/voyage-aventure.com\/blog\/wp-content\/uploads\/2025\/02\/stability-decouvrez-amsterdam-et-son-festival-des-tulipes-pour-moins-de-100e.png","width":1024,"height":576},{"@type":"WebSite","@id":"https:\/\/voyage-aventure.com\/blog\/#website","url":"https:\/\/voyage-aventure.com\/blog\/","name":"voyage-aventure.com","description":"Votre passeport pour l\u2019inattendu.","publisher":{"@id":"https:\/\/voyage-aventure.com\/blog\/#organization"},"alternateName":"Votre passeport pour l\u2019inattendu.","potentialAction":[{"@type":"SearchAction","target":{"@type":"EntryPoint","urlTemplate":"https:\/\/voyage-aventure.com\/blog\/?s={search_term_string}"},"query-input":{"@type":"PropertyValueSpecification","valueRequired":true,"valueName":"search_term_string"}}],"inLanguage":"fr-FR"},{"@type":"Organization","@id":"https:\/\/voyage-aventure.com\/blog\/#organization","name":"Foretsensations.fr","url":"https:\/\/voyage-aventure.com\/blog\/","logo":{"@type":"ImageObject","inLanguage":"fr-FR","@id":"https:\/\/voyage-aventure.com\/blog\/#\/schema\/logo\/image\/","url":"https:\/\/voyage-aventure.com\/blog\/wp-content\/uploads\/2024\/12\/19.png","contentUrl":"https:\/\/voyage-aventure.com\/blog\/wp-content\/uploads\/2024\/12\/19.png","width":512,"height":512,"caption":"Foretsensations.fr"},"image":{"@id":"https:\/\/voyage-aventure.com\/blog\/#\/schema\/logo\/image\/"}},{"@type":"Person","@id":"https:\/\/voyage-aventure.com\/blog\/#\/schema\/person\/3c864cdc320801e3db34b663e7e3f816","name":"Camille Rouvray","image":{"@type":"ImageObject","inLanguage":"fr-FR","@id":"https:\/\/voyage-aventure.com\/blog\/#\/schema\/person\/image\/","url":"https:\/\/voyage-aventure.com\/blog\/wp-content\/uploads\/2026\/06\/persona_camille-r-96x96.jpg","contentUrl":"https:\/\/voyage-aventure.com\/blog\/wp-content\/uploads\/2026\/06\/persona_camille-r-96x96.jpg","caption":"Camille Rouvray"},"description":"Je voyage et j'\u00e9cris sur le voyage depuis une douzaine d'ann\u00e9es, d'abord en tant que routarde au long cours, puis comme r\u00e9dactrice sp\u00e9cialis\u00e9e. Mon terrain de pr\u00e9dilection, ce sont les circuits organis\u00e9s et l'art de bien pr\u00e9parer un itin\u00e9raire : choix de la saison, dur\u00e9e r\u00e9aliste des \u00e9tapes, budget jour par jour, logement et transport sur place. J'aime aussi raconter les p\u00e9pites urbaines, ces adresses qu'on ne trouve pas dans les guides classiques. Avant de publier un dossier destination, je croise toujours plusieurs sources, je v\u00e9rifie les tarifs et les formalit\u00e9s d'entr\u00e9e \u00e0 jour, et je teste moi-m\u00eame quand je le peux. Mon angle reste pratique avant tout : aider le lecteur \u00e0 partir l'esprit tranquille, sans mauvaise surprise une fois sur place. Je m'attache \u00e0 distinguer le coup de c\u0153ur sinc\u00e8re du simple argument marketing.","sameAs":["https:\/\/camillerouvray.fr\/"],"url":"https:\/\/voyage-aventure.com\/blog\/auteur\/noname\/"}]}},"_links":{"self":[{"href":"https:\/\/voyage-aventure.com\/blog\/wp-json\/wp\/v2\/posts\/10567","targetHints":{"allow":["GET"]}}],"collection":[{"href":"https:\/\/voyage-aventure.com\/blog\/wp-json\/wp\/v2\/posts"}],"about":[{"href":"https:\/\/voyage-aventure.com\/blog\/wp-json\/wp\/v2\/types\/post"}],"author":[{"embeddable":true,"href":"https:\/\/voyage-aventure.com\/blog\/wp-json\/wp\/v2\/users\/34"}],"replies":[{"embeddable":true,"href":"https:\/\/voyage-aventure.com\/blog\/wp-json\/wp\/v2\/comments?post=10567"}],"version-history":[{"count":2,"href":"https:\/\/voyage-aventure.com\/blog\/wp-json\/wp\/v2\/posts\/10567\/revisions"}],"predecessor-version":[{"id":21259,"href":"https:\/\/voyage-aventure.com\/blog\/wp-json\/wp\/v2\/posts\/10567\/revisions\/21259"}],"wp:featuredmedia":[{"embeddable":true,"href":"https:\/\/voyage-aventure.com\/blog\/wp-json\/wp\/v2\/media\/10568"}],"wp:attachment":[{"href":"https:\/\/voyage-aventure.com\/blog\/wp-json\/wp\/v2\/media?parent=10567"}],"wp:term":[{"taxonomy":"category","embeddable":true,"href":"https:\/\/voyage-aventure.com\/blog\/wp-json\/wp\/v2\/categories?post=10567"},{"taxonomy":"post_tag","embeddable":true,"href":"https:\/\/voyage-aventure.com\/blog\/wp-json\/wp\/v2\/tags?post=10567"}],"curies":[{"name":"wp","href":"https:\/\/api.w.org\/{rel}","templated":true}]}}