{"id":10462,"date":"2025-02-19T23:42:58","date_gmt":"2025-02-19T22:42:58","guid":{"rendered":"https:\/\/voyage-aventure.com\/blog\/?p=10462"},"modified":"2025-02-19T02:07:41","modified_gmt":"2025-02-19T01:07:41","slug":"les-inquietudes-sur-la-securite-aerienne-augmentent-apres-des-accidents-recents","status":"publish","type":"post","link":"https:\/\/voyage-aventure.com\/blog\/a-la-une\/les-inquietudes-sur-la-securite-aerienne-augmentent-apres-des-accidents-recents\/","title":{"rendered":"Les inqui\u00e9tudes sur la s\u00e9curit\u00e9 a\u00e9rienne augmentent apr\u00e8s des accidents r\u00e9cents"},"content":{"rendered":"<h2>Des incidents a\u00e9riens r\u00e9cents soul\u00e8vent des inqui\u00e9tudes<\/h2>\n<p>Bien que ces \u00e9v\u00e9nements dramatiques aient perturb\u00e9 de nombreux passagers, il est important de rappeler que l&rsquo;avion reste un des moyens de transport les plus s\u00fbrs. La probabilit\u00e9 de subir un accident a\u00e9rien est extr\u00eamement faible, m\u00eame dans les moments de crise.<\/p>\n<p>Le site FlightAware, qui suit les vols en temps r\u00e9el, d\u00e9montre qu&rsquo;\u00e0 tout moment, des milliers d&rsquo;avions de passagers sont en vol. Chaque jour, les compagnies a\u00e9riennes transportent plus de 2,5 millions de voyageurs dans le monde. Ces statistiques soulignent la s\u00e9curit\u00e9 relative de l&rsquo;aviation commerciale, malgr\u00e9 les inqui\u00e9tudes g\u00e9n\u00e9r\u00e9es par les r\u00e9cents accidents.<\/p>\n<h2>Le contexte des accidents r\u00e9cents<\/h2>\n<p>Avant les incidents survenus r\u00e9cemment, les \u00c9tats-Unis n&rsquo;avaient pas enregistr\u00e9 d&rsquo;accident mortel d&rsquo;avion commercial depuis plus de 20 ans. Cependant, trois accidents se sont produits en l&rsquo;espace de quelques semaines, renfor\u00e7ant ainsi les craintes parmi les passagers. Un des accidents les plus marquants a eu lieu \u00e0 Toronto, o\u00f9 tous les 80 passagers ont miraculeusement surv\u00e9cu.<img decoding=\"async\" width=\"1024\" height=\"576\" src=\"https:\/\/voyage-aventure.com\/blog\/wp-content\/uploads\/2025\/02\/stability-les-inquietudes-sur-la-securite-aerienne-augmentent-apres-des-accidents-recents-1.png\" class=\"aligncenter\" alt=\"Illustration d\u00e9taill\u00e9e sur Les inqui\u00e9tudes sur la s\u00e9curit\u00e9 a\u00e9rienne augmentent apr\u00e8s des accidents r\u00e9cents\" title=\"Les inqui\u00e9tudes sur la s\u00e9curit\u00e9 a\u00e9rienne augmentent apr\u00e8s des accidents r\u00e9cents\" loading=\"lazy\" \/><\/p>\n<p>Ces \u00e9v\u00e9nements tragiques, bien qu&rsquo;exceptionnels, peuvent raviver des peurs latentes chez certains voyageurs. Les experts insistent sur le fait qu&rsquo;il est essentiel de g\u00e9rer ces angoisses afin de ne pas laisser la peur de l&rsquo;avion limiter les possibilit\u00e9s de voyage.<\/p>\n<p><iframe loading=\"lazy\" title=\"Air Canada 621 : Proc\u00e9dures dangereuses\" width=\"1200\" height=\"675\" src=\"https:\/\/www.youtube.com\/embed\/SrmjcIwTIIE?feature=oembed\" frameborder=\"0\" allow=\"accelerometer; autoplay; clipboard-write; encrypted-media; gyroscope; picture-in-picture; web-share\" referrerpolicy=\"strict-origin-when-cross-origin\" allowfullscreen><\/iframe><\/p>\n<h2>La perception du risque et la recherche d&rsquo;aide<\/h2>\n<p>Malgr\u00e9 la faible probabilit\u00e9 d&rsquo;accidents, la peur de l&rsquo;avion peut avoir un impact significatif sur la vie des individus. Pour ceux qui \u00e9prouvent une anxi\u00e9t\u00e9 intense li\u00e9e \u00e0 l&rsquo;aviation, il est recommand\u00e9 de chercher une aide professionnelle. Les th\u00e9rapeutes sp\u00e9cialis\u00e9s peuvent aider \u00e0 surmonter ces peurs et \u00e0 retrouver une exp\u00e9rience de vol sereine.<\/p>\n<p>Selon le Conseil national de la s\u00e9curit\u00e9, les chances de mourir dans un accident d&rsquo;avion commercial sont tellement minimes qu&rsquo;elles sont difficilement quantifiables. Ces donn\u00e9es placent le risque d&rsquo;accident a\u00e9rien au m\u00eame niveau que celui d&rsquo;\u00eatre frapp\u00e9 par la foudre. Il est donc crucial de garder une perspective rationnelle face \u00e0 ces peurs.<\/p>\n<ul>\n<li>Les avions sont l&rsquo;un des moyens de transport les plus s\u00e9curis\u00e9s.<\/li>\n<li>Plus de 2,5 millions de passagers volent chaque jour dans le monde.<\/li>\n<li>Les r\u00e9cents accidents sont des \u00e9v\u00e9nements rares et exceptionnels.<\/li>\n<li>La peur de l&rsquo;avion peut \u00eatre g\u00e9r\u00e9e avec l&rsquo;aide de professionnels.<\/li>\n<li>Les statistiques r\u00e9v\u00e8lent que le risque d&rsquo;accident est comparable \u00e0 d&rsquo;autres dangers, comme la foudre.<\/li>\n<\/ul>\n<blockquote><p>\u201cLa peur de l&rsquo;avion est un ph\u00e9nom\u00e8ne courant, mais elle ne devrait pas vous emp\u00eacher de voyager et d&rsquo;explorer le monde.\u201d<\/p><\/blockquote>\n","protected":false},"excerpt":{"rendered":"","protected":false},"author":34,"featured_media":10463,"comment_status":"open","ping_status":"open","sticky":false,"template":"","format":"standard","meta":{"_acf_changed":false,"manual_indexmenow":false,"indexmenow_id_project":0,"footnotes":""},"categories":[1],"tags":[4646,3800,4713,3170,4635],"class_list":["post-10462","post","type-post","status-publish","format-standard","has-post-thumbnail","hentry","category-a-la-une","tag-assistance","tag-emotions","tag-preparation","tag-securite","tag-voyage","generate-columns","tablet-grid-50","mobile-grid-100","grid-parent","grid-25"],"acf":[],"yoast_head":"<!-- This site is optimized with the Yoast SEO Premium plugin v21.3 (Yoast SEO v25.1) - https:\/\/yoast.com\/wordpress\/plugins\/seo\/ -->\n<title>Les inqui\u00e9tudes sur la s\u00e9curit\u00e9 a\u00e9rienne augmentent apr\u00e8s<\/title>\n<meta name=\"description\" content=\"Des incidents a\u00e9riens r\u00e9cents soul\u00e8vent des inqui\u00e9tudes Bien que ces \u00e9v\u00e9nements dramatiques aient perturb\u00e9 de nombreux passagers, il est important de\" \/>\n<meta name=\"robots\" content=\"index, follow, max-snippet:-1, max-image-preview:large, max-video-preview:-1\" \/>\n<link rel=\"canonical\" href=\"https:\/\/voyage-aventure.com\/blog\/a-la-une\/les-inquietudes-sur-la-securite-aerienne-augmentent-apres-des-accidents-recents\/\" \/>\n<meta property=\"og:locale\" content=\"fr_FR\" \/>\n<meta property=\"og:type\" content=\"article\" \/>\n<meta property=\"og:title\" content=\"Les inqui\u00e9tudes sur la s\u00e9curit\u00e9 a\u00e9rienne augmentent apr\u00e8s\" \/>\n<meta property=\"og:description\" content=\"Des incidents a\u00e9riens r\u00e9cents soul\u00e8vent des inqui\u00e9tudes Bien que ces \u00e9v\u00e9nements dramatiques aient perturb\u00e9 de nombreux passagers, il est important de\" \/>\n<meta property=\"og:url\" content=\"https:\/\/voyage-aventure.com\/blog\/a-la-une\/les-inquietudes-sur-la-securite-aerienne-augmentent-apres-des-accidents-recents\/\" \/>\n<meta property=\"og:site_name\" content=\"voyage-aventure\" \/>\n<meta property=\"og:image\" content=\"https:\/\/voyage-aventure.com\/blog\/wp-content\/uploads\/2025\/02\/stability-les-inquietudes-sur-la-securite-aerienne-augmentent-apres-des-accidents-recents.png\" \/>\n\t<meta property=\"og:image:width\" content=\"1024\" \/>\n\t<meta property=\"og:image:height\" content=\"576\" \/>\n\t<meta property=\"og:image:type\" content=\"image\/png\" \/>\n<meta name=\"author\" content=\"Camille Rouvray\" \/>\n<meta name=\"twitter:card\" content=\"summary_large_image\" \/>\n<script type=\"application\/ld+json\" class=\"yoast-schema-graph\">{\"@context\":\"https:\/\/schema.org\",\"@graph\":[{\"@type\":\"NewsArticle\",\"@id\":\"https:\/\/voyage-aventure.com\/blog\/a-la-une\/les-inquietudes-sur-la-securite-aerienne-augmentent-apres-des-accidents-recents\/#article\",\"isPartOf\":{\"@id\":\"https:\/\/voyage-aventure.com\/blog\/a-la-une\/les-inquietudes-sur-la-securite-aerienne-augmentent-apres-des-accidents-recents\/\"},\"author\":{\"name\":\"Camille Rouvray\",\"@id\":\"https:\/\/voyage-aventure.com\/blog\/#\/schema\/person\/3c864cdc320801e3db34b663e7e3f816\"},\"headline\":\"Les inqui\u00e9tudes sur la s\u00e9curit\u00e9 a\u00e9rienne augmentent apr\u00e8s des accidents r\u00e9cents\",\"datePublished\":\"2025-02-19T22:42:58+00:00\",\"mainEntityOfPage\":{\"@id\":\"https:\/\/voyage-aventure.com\/blog\/a-la-une\/les-inquietudes-sur-la-securite-aerienne-augmentent-apres-des-accidents-recents\/\"},\"wordCount\":479,\"commentCount\":20,\"publisher\":{\"@id\":\"https:\/\/voyage-aventure.com\/blog\/#organization\"},\"image\":{\"@id\":\"https:\/\/voyage-aventure.com\/blog\/a-la-une\/les-inquietudes-sur-la-securite-aerienne-augmentent-apres-des-accidents-recents\/#primaryimage\"},\"thumbnailUrl\":\"https:\/\/voyage-aventure.com\/blog\/wp-content\/uploads\/2025\/02\/stability-les-inquietudes-sur-la-securite-aerienne-augmentent-apres-des-accidents-recents.png\",\"keywords\":[\"Assistance\",\"\u00c9motions\",\"Pr\u00e9paration\",\"S\u00e9curit\u00e9\",\"Voyage\"],\"articleSection\":[\"\u00c0 la une\"],\"inLanguage\":\"fr-FR\",\"potentialAction\":[{\"@type\":\"CommentAction\",\"name\":\"Comment\",\"target\":[\"https:\/\/voyage-aventure.com\/blog\/a-la-une\/les-inquietudes-sur-la-securite-aerienne-augmentent-apres-des-accidents-recents\/#respond\"]}]},{\"@type\":\"WebPage\",\"@id\":\"https:\/\/voyage-aventure.com\/blog\/a-la-une\/les-inquietudes-sur-la-securite-aerienne-augmentent-apres-des-accidents-recents\/\",\"url\":\"https:\/\/voyage-aventure.com\/blog\/a-la-une\/les-inquietudes-sur-la-securite-aerienne-augmentent-apres-des-accidents-recents\/\",\"name\":\"Les inqui\u00e9tudes sur la s\u00e9curit\u00e9 a\u00e9rienne augmentent apr\u00e8s\",\"isPartOf\":{\"@id\":\"https:\/\/voyage-aventure.com\/blog\/#website\"},\"primaryImageOfPage\":{\"@id\":\"https:\/\/voyage-aventure.com\/blog\/a-la-une\/les-inquietudes-sur-la-securite-aerienne-augmentent-apres-des-accidents-recents\/#primaryimage\"},\"image\":{\"@id\":\"https:\/\/voyage-aventure.com\/blog\/a-la-une\/les-inquietudes-sur-la-securite-aerienne-augmentent-apres-des-accidents-recents\/#primaryimage\"},\"thumbnailUrl\":\"https:\/\/voyage-aventure.com\/blog\/wp-content\/uploads\/2025\/02\/stability-les-inquietudes-sur-la-securite-aerienne-augmentent-apres-des-accidents-recents.png\",\"datePublished\":\"2025-02-19T22:42:58+00:00\",\"description\":\"Des incidents a\u00e9riens r\u00e9cents soul\u00e8vent des inqui\u00e9tudes Bien que ces \u00e9v\u00e9nements dramatiques aient perturb\u00e9 de nombreux passagers, il est important de\",\"inLanguage\":\"fr-FR\",\"potentialAction\":[{\"@type\":\"ReadAction\",\"target\":[\"https:\/\/voyage-aventure.com\/blog\/a-la-une\/les-inquietudes-sur-la-securite-aerienne-augmentent-apres-des-accidents-recents\/\"]}]},{\"@type\":\"ImageObject\",\"inLanguage\":\"fr-FR\",\"@id\":\"https:\/\/voyage-aventure.com\/blog\/a-la-une\/les-inquietudes-sur-la-securite-aerienne-augmentent-apres-des-accidents-recents\/#primaryimage\",\"url\":\"https:\/\/voyage-aventure.com\/blog\/wp-content\/uploads\/2025\/02\/stability-les-inquietudes-sur-la-securite-aerienne-augmentent-apres-des-accidents-recents.png\",\"contentUrl\":\"https:\/\/voyage-aventure.com\/blog\/wp-content\/uploads\/2025\/02\/stability-les-inquietudes-sur-la-securite-aerienne-augmentent-apres-des-accidents-recents.png\",\"width\":1024,\"height\":576},{\"@type\":\"WebSite\",\"@id\":\"https:\/\/voyage-aventure.com\/blog\/#website\",\"url\":\"https:\/\/voyage-aventure.com\/blog\/\",\"name\":\"voyage-aventure.com\",\"description\":\"Votre passeport pour l\u2019inattendu.\",\"publisher\":{\"@id\":\"https:\/\/voyage-aventure.com\/blog\/#organization\"},\"alternateName\":\"Votre passeport pour l\u2019inattendu.\",\"potentialAction\":[{\"@type\":\"SearchAction\",\"target\":{\"@type\":\"EntryPoint\",\"urlTemplate\":\"https:\/\/voyage-aventure.com\/blog\/?s={search_term_string}\"},\"query-input\":{\"@type\":\"PropertyValueSpecification\",\"valueRequired\":true,\"valueName\":\"search_term_string\"}}],\"inLanguage\":\"fr-FR\"},{\"@type\":\"Organization\",\"@id\":\"https:\/\/voyage-aventure.com\/blog\/#organization\",\"name\":\"Foretsensations.fr\",\"url\":\"https:\/\/voyage-aventure.com\/blog\/\",\"logo\":{\"@type\":\"ImageObject\",\"inLanguage\":\"fr-FR\",\"@id\":\"https:\/\/voyage-aventure.com\/blog\/#\/schema\/logo\/image\/\",\"url\":\"https:\/\/voyage-aventure.com\/blog\/wp-content\/uploads\/2024\/12\/19.png\",\"contentUrl\":\"https:\/\/voyage-aventure.com\/blog\/wp-content\/uploads\/2024\/12\/19.png\",\"width\":512,\"height\":512,\"caption\":\"Foretsensations.fr\"},\"image\":{\"@id\":\"https:\/\/voyage-aventure.com\/blog\/#\/schema\/logo\/image\/\"}},{\"@type\":\"Person\",\"@id\":\"https:\/\/voyage-aventure.com\/blog\/#\/schema\/person\/3c864cdc320801e3db34b663e7e3f816\",\"name\":\"Camille Rouvray\",\"image\":{\"@type\":\"ImageObject\",\"inLanguage\":\"fr-FR\",\"@id\":\"https:\/\/voyage-aventure.com\/blog\/#\/schema\/person\/image\/\",\"url\":\"https:\/\/voyage-aventure.com\/blog\/wp-content\/uploads\/2026\/06\/persona_camille-r-96x96.jpg\",\"contentUrl\":\"https:\/\/voyage-aventure.com\/blog\/wp-content\/uploads\/2026\/06\/persona_camille-r-96x96.jpg\",\"caption\":\"Camille Rouvray\"},\"description\":\"Je voyage et j'\u00e9cris sur le voyage depuis une douzaine d'ann\u00e9es, d'abord en tant que routarde au long cours, puis comme r\u00e9dactrice sp\u00e9cialis\u00e9e. Mon terrain de pr\u00e9dilection, ce sont les circuits organis\u00e9s et l'art de bien pr\u00e9parer un itin\u00e9raire : choix de la saison, dur\u00e9e r\u00e9aliste des \u00e9tapes, budget jour par jour, logement et transport sur place. J'aime aussi raconter les p\u00e9pites urbaines, ces adresses qu'on ne trouve pas dans les guides classiques. Avant de publier un dossier destination, je croise toujours plusieurs sources, je v\u00e9rifie les tarifs et les formalit\u00e9s d'entr\u00e9e \u00e0 jour, et je teste moi-m\u00eame quand je le peux. Mon angle reste pratique avant tout : aider le lecteur \u00e0 partir l'esprit tranquille, sans mauvaise surprise une fois sur place. Je m'attache \u00e0 distinguer le coup de c\u0153ur sinc\u00e8re du simple argument marketing.\",\"sameAs\":[\"https:\/\/camillerouvray.fr\/\"],\"url\":\"https:\/\/voyage-aventure.com\/blog\/auteur\/noname\/\"}]}<\/script>\n<!-- \/ Yoast SEO Premium plugin. -->","yoast_head_json":{"title":"Les inqui\u00e9tudes sur la s\u00e9curit\u00e9 a\u00e9rienne augmentent apr\u00e8s","description":"Des incidents a\u00e9riens r\u00e9cents soul\u00e8vent des inqui\u00e9tudes Bien que ces \u00e9v\u00e9nements dramatiques aient perturb\u00e9 de nombreux passagers, il est important de","robots":{"index":"index","follow":"follow","max-snippet":"max-snippet:-1","max-image-preview":"max-image-preview:large","max-video-preview":"max-video-preview:-1"},"canonical":"https:\/\/voyage-aventure.com\/blog\/a-la-une\/les-inquietudes-sur-la-securite-aerienne-augmentent-apres-des-accidents-recents\/","og_locale":"fr_FR","og_type":"article","og_title":"Les inqui\u00e9tudes sur la s\u00e9curit\u00e9 a\u00e9rienne augmentent apr\u00e8s","og_description":"Des incidents a\u00e9riens r\u00e9cents soul\u00e8vent des inqui\u00e9tudes Bien que ces \u00e9v\u00e9nements dramatiques aient perturb\u00e9 de nombreux passagers, il est important de","og_url":"https:\/\/voyage-aventure.com\/blog\/a-la-une\/les-inquietudes-sur-la-securite-aerienne-augmentent-apres-des-accidents-recents\/","og_site_name":"voyage-aventure","og_image":[{"width":1024,"height":576,"url":"https:\/\/voyage-aventure.com\/blog\/wp-content\/uploads\/2025\/02\/stability-les-inquietudes-sur-la-securite-aerienne-augmentent-apres-des-accidents-recents.png","type":"image\/png"}],"author":"Camille Rouvray","twitter_card":"summary_large_image","schema":{"@context":"https:\/\/schema.org","@graph":[{"@type":"NewsArticle","@id":"https:\/\/voyage-aventure.com\/blog\/a-la-une\/les-inquietudes-sur-la-securite-aerienne-augmentent-apres-des-accidents-recents\/#article","isPartOf":{"@id":"https:\/\/voyage-aventure.com\/blog\/a-la-une\/les-inquietudes-sur-la-securite-aerienne-augmentent-apres-des-accidents-recents\/"},"author":{"name":"Camille Rouvray","@id":"https:\/\/voyage-aventure.com\/blog\/#\/schema\/person\/3c864cdc320801e3db34b663e7e3f816"},"headline":"Les inqui\u00e9tudes sur la s\u00e9curit\u00e9 a\u00e9rienne augmentent apr\u00e8s des accidents r\u00e9cents","datePublished":"2025-02-19T22:42:58+00:00","mainEntityOfPage":{"@id":"https:\/\/voyage-aventure.com\/blog\/a-la-une\/les-inquietudes-sur-la-securite-aerienne-augmentent-apres-des-accidents-recents\/"},"wordCount":479,"commentCount":20,"publisher":{"@id":"https:\/\/voyage-aventure.com\/blog\/#organization"},"image":{"@id":"https:\/\/voyage-aventure.com\/blog\/a-la-une\/les-inquietudes-sur-la-securite-aerienne-augmentent-apres-des-accidents-recents\/#primaryimage"},"thumbnailUrl":"https:\/\/voyage-aventure.com\/blog\/wp-content\/uploads\/2025\/02\/stability-les-inquietudes-sur-la-securite-aerienne-augmentent-apres-des-accidents-recents.png","keywords":["Assistance","\u00c9motions","Pr\u00e9paration","S\u00e9curit\u00e9","Voyage"],"articleSection":["\u00c0 la une"],"inLanguage":"fr-FR","potentialAction":[{"@type":"CommentAction","name":"Comment","target":["https:\/\/voyage-aventure.com\/blog\/a-la-une\/les-inquietudes-sur-la-securite-aerienne-augmentent-apres-des-accidents-recents\/#respond"]}]},{"@type":"WebPage","@id":"https:\/\/voyage-aventure.com\/blog\/a-la-une\/les-inquietudes-sur-la-securite-aerienne-augmentent-apres-des-accidents-recents\/","url":"https:\/\/voyage-aventure.com\/blog\/a-la-une\/les-inquietudes-sur-la-securite-aerienne-augmentent-apres-des-accidents-recents\/","name":"Les inqui\u00e9tudes sur la s\u00e9curit\u00e9 a\u00e9rienne augmentent apr\u00e8s","isPartOf":{"@id":"https:\/\/voyage-aventure.com\/blog\/#website"},"primaryImageOfPage":{"@id":"https:\/\/voyage-aventure.com\/blog\/a-la-une\/les-inquietudes-sur-la-securite-aerienne-augmentent-apres-des-accidents-recents\/#primaryimage"},"image":{"@id":"https:\/\/voyage-aventure.com\/blog\/a-la-une\/les-inquietudes-sur-la-securite-aerienne-augmentent-apres-des-accidents-recents\/#primaryimage"},"thumbnailUrl":"https:\/\/voyage-aventure.com\/blog\/wp-content\/uploads\/2025\/02\/stability-les-inquietudes-sur-la-securite-aerienne-augmentent-apres-des-accidents-recents.png","datePublished":"2025-02-19T22:42:58+00:00","description":"Des incidents a\u00e9riens r\u00e9cents soul\u00e8vent des inqui\u00e9tudes Bien que ces \u00e9v\u00e9nements dramatiques aient perturb\u00e9 de nombreux passagers, il est important de","inLanguage":"fr-FR","potentialAction":[{"@type":"ReadAction","target":["https:\/\/voyage-aventure.com\/blog\/a-la-une\/les-inquietudes-sur-la-securite-aerienne-augmentent-apres-des-accidents-recents\/"]}]},{"@type":"ImageObject","inLanguage":"fr-FR","@id":"https:\/\/voyage-aventure.com\/blog\/a-la-une\/les-inquietudes-sur-la-securite-aerienne-augmentent-apres-des-accidents-recents\/#primaryimage","url":"https:\/\/voyage-aventure.com\/blog\/wp-content\/uploads\/2025\/02\/stability-les-inquietudes-sur-la-securite-aerienne-augmentent-apres-des-accidents-recents.png","contentUrl":"https:\/\/voyage-aventure.com\/blog\/wp-content\/uploads\/2025\/02\/stability-les-inquietudes-sur-la-securite-aerienne-augmentent-apres-des-accidents-recents.png","width":1024,"height":576},{"@type":"WebSite","@id":"https:\/\/voyage-aventure.com\/blog\/#website","url":"https:\/\/voyage-aventure.com\/blog\/","name":"voyage-aventure.com","description":"Votre passeport pour l\u2019inattendu.","publisher":{"@id":"https:\/\/voyage-aventure.com\/blog\/#organization"},"alternateName":"Votre passeport pour l\u2019inattendu.","potentialAction":[{"@type":"SearchAction","target":{"@type":"EntryPoint","urlTemplate":"https:\/\/voyage-aventure.com\/blog\/?s={search_term_string}"},"query-input":{"@type":"PropertyValueSpecification","valueRequired":true,"valueName":"search_term_string"}}],"inLanguage":"fr-FR"},{"@type":"Organization","@id":"https:\/\/voyage-aventure.com\/blog\/#organization","name":"Foretsensations.fr","url":"https:\/\/voyage-aventure.com\/blog\/","logo":{"@type":"ImageObject","inLanguage":"fr-FR","@id":"https:\/\/voyage-aventure.com\/blog\/#\/schema\/logo\/image\/","url":"https:\/\/voyage-aventure.com\/blog\/wp-content\/uploads\/2024\/12\/19.png","contentUrl":"https:\/\/voyage-aventure.com\/blog\/wp-content\/uploads\/2024\/12\/19.png","width":512,"height":512,"caption":"Foretsensations.fr"},"image":{"@id":"https:\/\/voyage-aventure.com\/blog\/#\/schema\/logo\/image\/"}},{"@type":"Person","@id":"https:\/\/voyage-aventure.com\/blog\/#\/schema\/person\/3c864cdc320801e3db34b663e7e3f816","name":"Camille Rouvray","image":{"@type":"ImageObject","inLanguage":"fr-FR","@id":"https:\/\/voyage-aventure.com\/blog\/#\/schema\/person\/image\/","url":"https:\/\/voyage-aventure.com\/blog\/wp-content\/uploads\/2026\/06\/persona_camille-r-96x96.jpg","contentUrl":"https:\/\/voyage-aventure.com\/blog\/wp-content\/uploads\/2026\/06\/persona_camille-r-96x96.jpg","caption":"Camille Rouvray"},"description":"Je voyage et j'\u00e9cris sur le voyage depuis une douzaine d'ann\u00e9es, d'abord en tant que routarde au long cours, puis comme r\u00e9dactrice sp\u00e9cialis\u00e9e. Mon terrain de pr\u00e9dilection, ce sont les circuits organis\u00e9s et l'art de bien pr\u00e9parer un itin\u00e9raire : choix de la saison, dur\u00e9e r\u00e9aliste des \u00e9tapes, budget jour par jour, logement et transport sur place. J'aime aussi raconter les p\u00e9pites urbaines, ces adresses qu'on ne trouve pas dans les guides classiques. Avant de publier un dossier destination, je croise toujours plusieurs sources, je v\u00e9rifie les tarifs et les formalit\u00e9s d'entr\u00e9e \u00e0 jour, et je teste moi-m\u00eame quand je le peux. Mon angle reste pratique avant tout : aider le lecteur \u00e0 partir l'esprit tranquille, sans mauvaise surprise une fois sur place. Je m'attache \u00e0 distinguer le coup de c\u0153ur sinc\u00e8re du simple argument marketing.","sameAs":["https:\/\/camillerouvray.fr\/"],"url":"https:\/\/voyage-aventure.com\/blog\/auteur\/noname\/"}]}},"_links":{"self":[{"href":"https:\/\/voyage-aventure.com\/blog\/wp-json\/wp\/v2\/posts\/10462","targetHints":{"allow":["GET"]}}],"collection":[{"href":"https:\/\/voyage-aventure.com\/blog\/wp-json\/wp\/v2\/posts"}],"about":[{"href":"https:\/\/voyage-aventure.com\/blog\/wp-json\/wp\/v2\/types\/post"}],"author":[{"embeddable":true,"href":"https:\/\/voyage-aventure.com\/blog\/wp-json\/wp\/v2\/users\/34"}],"replies":[{"embeddable":true,"href":"https:\/\/voyage-aventure.com\/blog\/wp-json\/wp\/v2\/comments?post=10462"}],"version-history":[{"count":2,"href":"https:\/\/voyage-aventure.com\/blog\/wp-json\/wp\/v2\/posts\/10462\/revisions"}],"predecessor-version":[{"id":10825,"href":"https:\/\/voyage-aventure.com\/blog\/wp-json\/wp\/v2\/posts\/10462\/revisions\/10825"}],"wp:featuredmedia":[{"embeddable":true,"href":"https:\/\/voyage-aventure.com\/blog\/wp-json\/wp\/v2\/media\/10463"}],"wp:attachment":[{"href":"https:\/\/voyage-aventure.com\/blog\/wp-json\/wp\/v2\/media?parent=10462"}],"wp:term":[{"taxonomy":"category","embeddable":true,"href":"https:\/\/voyage-aventure.com\/blog\/wp-json\/wp\/v2\/categories?post=10462"},{"taxonomy":"post_tag","embeddable":true,"href":"https:\/\/voyage-aventure.com\/blog\/wp-json\/wp\/v2\/tags?post=10462"}],"curies":[{"name":"wp","href":"https:\/\/api.w.org\/{rel}","templated":true}]}}