{"id":10445,"date":"2025-02-19T01:07:51","date_gmt":"2025-02-19T00:07:51","guid":{"rendered":"https:\/\/voyage-aventure.com\/blog\/?p=10445"},"modified":"2025-02-19T00:19:16","modified_gmt":"2025-02-18T23:19:16","slug":"les-premiers-mois-de-2025-marques-par-une-serie-tragique-daccidents-aeriens","status":"publish","type":"post","link":"https:\/\/voyage-aventure.com\/blog\/a-la-une\/les-premiers-mois-de-2025-marques-par-une-serie-tragique-daccidents-aeriens\/","title":{"rendered":"les premiers mois de 2025 marqu\u00e9s par une s\u00e9rie tragique d&rsquo;accidents a\u00e9riens"},"content":{"rendered":"<h2>Une s\u00e9rie tragique d&rsquo;accidents a\u00e9riens en 2025<\/h2>\n<p>Ces incidents ont eu lieu dans des villes comme Toronto, Anchorage, Philadelphie et Washington, D.C. Malheureusement, trois de ces accidents ont entra\u00een\u00e9 des pertes humaines, suscitant une profonde inqui\u00e9tude au sein du public.<\/p>\n<p>Les autorit\u00e9s a\u00e9ronautiques et les compagnies a\u00e9riennes sont sous pression pour identifier les causes de ces incidents. Chaque accident impliquait des op\u00e9rateurs diff\u00e9rents, ce qui soul\u00e8ve des questions sur les normes de s\u00e9curit\u00e9 et les mesures pr\u00e9ventives dans l&rsquo;aviation civile. Les familles des victimes et les passagers survivants attendent des r\u00e9ponses claires et des actions concr\u00e8tes.<\/p>\n<h2>Le crash du vol Delta Connection 4819<\/h2>\n<p>Le vol Delta Connection 4819 a fait la une des journaux apr\u00e8s avoir atterri de mani\u00e8re brutale \u00e0 l&rsquo;a\u00e9roport international Pearson de Toronto le 17 f\u00e9vrier 2025. Les images de l&rsquo;accident ont montr\u00e9 l&rsquo;avion en train de rouler \u00e0 l&rsquo;envers avant de glisser sur la piste. Bien qu&rsquo;il n&rsquo;y ait eu aucune perte de vie, 21 des 80 personnes \u00e0 bord ont \u00e9t\u00e9 transport\u00e9es \u00e0 l&rsquo;h\u00f4pital pour des blessures.<\/p>\n<p>Ed Bastian, le PDG de Delta, a exprim\u00e9 ses pr\u00e9occupations dans une d\u00e9claration : <\/p>\n<blockquote><p>\u00ab Notre priorit\u00e9 est de veiller sur tous les clients et membres d&rsquo;\u00e9quipage impliqu\u00e9s. \u00bb<\/p><\/blockquote>\n<p> L&rsquo;enqu\u00eate sur cet incident est dirig\u00e9e par le Bureau de la s\u00e9curit\u00e9 des transports du Canada, et les r\u00e9sultats sont attendus avec impatience. Les passagers rescap\u00e9s ont re\u00e7u un soutien psychologique pour surmonter ce traumatisme.<img decoding=\"async\" width=\"1024\" height=\"576\" src=\"https:\/\/voyage-aventure.com\/blog\/wp-content\/uploads\/2025\/02\/stability-les-premiers-mois-de-2025-marques-par-une-serie-tragique-daccidents-aeriens-1.png\" class=\"aligncenter\" alt=\"Illustration d\u00e9taill\u00e9e sur les premiers mois de 2025 marqu\u00e9s par une s\u00e9rie tragique d&#039;accidents a\u00e9riens\" title=\"les premiers mois de 2025 marqu\u00e9s par une s\u00e9rie tragique d&#039;accidents a\u00e9riens\" loading=\"lazy\" \/><\/p>\n<p><iframe loading=\"lazy\" title=\"Images spectaculaires d&#039;un crash d&#039;avion\" width=\"1200\" height=\"675\" src=\"https:\/\/www.youtube.com\/embed\/FQaoqc1bVDs?feature=oembed\" frameborder=\"0\" allow=\"accelerometer; autoplay; clipboard-write; encrypted-media; gyroscope; picture-in-picture; web-share\" referrerpolicy=\"strict-origin-when-cross-origin\" allowfullscreen><\/iframe><\/p>\n<h2>Les trag\u00e9dies de Bering Air et de Philadelphia<\/h2>\n<p>Le crash du vol Bering Air 445 le 6 f\u00e9vrier a co\u00fbt\u00e9 la vie \u00e0 10 personnes lorsqu&rsquo;il s&rsquo;est \u00e9cras\u00e9 pr\u00e8s de Nome, en Alaska. Selon Bering Air, ce tragique \u00e9v\u00e9nement a profond\u00e9ment affect\u00e9 la communaut\u00e9, et des d\u00e9clarations officielles ont \u00e9t\u00e9 \u00e9mises pour exprimer leur chagrin. <\/p>\n<blockquote><p>\u00ab Nous sommes v\u00e9ritablement d\u00e9vast\u00e9s par cette perte, \u00bb<\/p><\/blockquote>\n<p> a d\u00e9clar\u00e9 la compagnie dans un communiqu\u00e9.<\/p>\n<p>Dans un autre incident, un jet m\u00e9dical s&rsquo;est \u00e9cras\u00e9 \u00e0 Philadelphie, tuant six personnes, dont un patient p\u00e9diatrique et sa m\u00e8re. Ce sinistre accident a \u00e9galement bless\u00e9 plusieurs passants au sol, provoquant une trag\u00e9die qui a touch\u00e9 de nombreuses familles. Le maire de Philadelphie a exprim\u00e9 ses condol\u00e9ances, qualifiant cet \u00e9v\u00e9nement de terrible trag\u00e9die pour la ville.<\/p>\n<h2>Les cons\u00e9quences des accidents a\u00e9riens<\/h2>\n<p>Les accidents a\u00e9riens engendrent non seulement des pertes humaines, mais \u00e9galement des cons\u00e9quences \u00e9motionnelles et psychologiques profondes pour les survivants et les familles des victimes. Les communaut\u00e9s touch\u00e9es par ces trag\u00e9dies font face \u00e0 un processus de deuil difficile, et la n\u00e9cessit\u00e9 d&rsquo;un soutien psychologique devient cruciale. Les compagnies a\u00e9riennes doivent intensifier leurs efforts pour garantir la s\u00e9curit\u00e9 et la confiance du public.<\/p>\n<p>Les autorit\u00e9s doivent \u00e9galement examiner de pr\u00e8s les protocoles de s\u00e9curit\u00e9 en place et les appliquer rigoureusement. Voici quelques mesures que pourraient envisager les organismes de r\u00e9glementation : <\/p>\n<ul>\n<li>Renforcer les normes de s\u00e9curit\u00e9 a\u00e9rienne.<\/li>\n<li>Am\u00e9liorer la formation des pilotes et des membres d&rsquo;\u00e9quipage.<\/li>\n<li>Accro\u00eetre la transparence des enqu\u00eates sur les accidents.<\/li>\n<li>Offrir un soutien psychologique aux victimes et aux familles.<\/li>\n<\/ul>\n<p>Alors que 2025 commence sur une note tragique pour le transport a\u00e9rien, il est essentiel que les parties prenantes collaborent pour am\u00e9liorer la s\u00e9curit\u00e9. Les le\u00e7ons tir\u00e9es de ces incidents doivent \u00eatre int\u00e9gr\u00e9es dans les pratiques futures afin d&rsquo;\u00e9viter de telles trag\u00e9dies \u00e0 l&rsquo;avenir. Le monde de l&rsquo;aviation doit se rassembler pour honorer la m\u00e9moire des victimes et prot\u00e9ger ceux qui continuent de voyager.<\/p>\n","protected":false},"excerpt":{"rendered":"","protected":false},"author":34,"featured_media":10446,"comment_status":"open","ping_status":"open","sticky":false,"template":"","format":"standard","meta":{"_acf_changed":false,"manual_indexmenow":false,"indexmenow_id_project":0,"footnotes":""},"categories":[1],"tags":[4564,3800,3878,3170,5886],"class_list":["post-10445","post","type-post","status-publish","format-standard","has-post-thumbnail","hentry","category-a-la-une","tag-assistance-medicale","tag-emotions","tag-protection","tag-securite","tag-soutien-psychologique","generate-columns","tablet-grid-50","mobile-grid-100","grid-parent","grid-25"],"acf":[],"yoast_head":"<!-- This site is optimized with the Yoast SEO Premium plugin v21.3 (Yoast SEO v25.1) - https:\/\/yoast.com\/wordpress\/plugins\/seo\/ -->\n<title>les premiers mois de 2025 marqu\u00e9s par une s\u00e9rie tragique<\/title>\n<meta name=\"description\" content=\"Ces incidents ont eu lieu dans des villes comme Toronto, Anchorage, Philadelphie et Washington, D.C. Malheureusement, trois de ces accidents ont entra\u00een\u00e9\" \/>\n<meta name=\"robots\" content=\"index, follow, max-snippet:-1, max-image-preview:large, max-video-preview:-1\" \/>\n<link rel=\"canonical\" href=\"https:\/\/voyage-aventure.com\/blog\/a-la-une\/les-premiers-mois-de-2025-marques-par-une-serie-tragique-daccidents-aeriens\/\" \/>\n<meta property=\"og:locale\" content=\"fr_FR\" \/>\n<meta property=\"og:type\" content=\"article\" \/>\n<meta property=\"og:title\" content=\"les premiers mois de 2025 marqu\u00e9s par une s\u00e9rie tragique\" \/>\n<meta property=\"og:description\" content=\"Ces incidents ont eu lieu dans des villes comme Toronto, Anchorage, Philadelphie et Washington, D.C. Malheureusement, trois de ces accidents ont entra\u00een\u00e9\" \/>\n<meta property=\"og:url\" content=\"https:\/\/voyage-aventure.com\/blog\/a-la-une\/les-premiers-mois-de-2025-marques-par-une-serie-tragique-daccidents-aeriens\/\" \/>\n<meta property=\"og:site_name\" content=\"voyage-aventure\" \/>\n<meta property=\"og:image\" content=\"https:\/\/voyage-aventure.com\/blog\/wp-content\/uploads\/2025\/02\/stability-les-premiers-mois-de-2025-marques-par-une-serie-tragique-daccidents-aeriens.png\" \/>\n\t<meta property=\"og:image:width\" content=\"1024\" \/>\n\t<meta property=\"og:image:height\" content=\"576\" \/>\n\t<meta property=\"og:image:type\" content=\"image\/png\" \/>\n<meta name=\"author\" content=\"Camille Rouvray\" \/>\n<meta name=\"twitter:card\" content=\"summary_large_image\" \/>\n<script type=\"application\/ld+json\" class=\"yoast-schema-graph\">{\"@context\":\"https:\/\/schema.org\",\"@graph\":[{\"@type\":\"NewsArticle\",\"@id\":\"https:\/\/voyage-aventure.com\/blog\/a-la-une\/les-premiers-mois-de-2025-marques-par-une-serie-tragique-daccidents-aeriens\/#article\",\"isPartOf\":{\"@id\":\"https:\/\/voyage-aventure.com\/blog\/a-la-une\/les-premiers-mois-de-2025-marques-par-une-serie-tragique-daccidents-aeriens\/\"},\"author\":{\"name\":\"Camille Rouvray\",\"@id\":\"https:\/\/voyage-aventure.com\/blog\/#\/schema\/person\/3c864cdc320801e3db34b663e7e3f816\"},\"headline\":\"les premiers mois de 2025 marqu\u00e9s par une s\u00e9rie tragique d&rsquo;accidents a\u00e9riens\",\"datePublished\":\"2025-02-19T00:07:51+00:00\",\"mainEntityOfPage\":{\"@id\":\"https:\/\/voyage-aventure.com\/blog\/a-la-une\/les-premiers-mois-de-2025-marques-par-une-serie-tragique-daccidents-aeriens\/\"},\"wordCount\":647,\"commentCount\":26,\"publisher\":{\"@id\":\"https:\/\/voyage-aventure.com\/blog\/#organization\"},\"image\":{\"@id\":\"https:\/\/voyage-aventure.com\/blog\/a-la-une\/les-premiers-mois-de-2025-marques-par-une-serie-tragique-daccidents-aeriens\/#primaryimage\"},\"thumbnailUrl\":\"https:\/\/voyage-aventure.com\/blog\/wp-content\/uploads\/2025\/02\/stability-les-premiers-mois-de-2025-marques-par-une-serie-tragique-daccidents-aeriens.png\",\"keywords\":[\"Assistance M\u00e9dicale\",\"\u00c9motions\",\"Protection\",\"S\u00e9curit\u00e9\",\"Soutien Psychologique\"],\"articleSection\":[\"\u00c0 la une\"],\"inLanguage\":\"fr-FR\",\"potentialAction\":[{\"@type\":\"CommentAction\",\"name\":\"Comment\",\"target\":[\"https:\/\/voyage-aventure.com\/blog\/a-la-une\/les-premiers-mois-de-2025-marques-par-une-serie-tragique-daccidents-aeriens\/#respond\"]}]},{\"@type\":\"WebPage\",\"@id\":\"https:\/\/voyage-aventure.com\/blog\/a-la-une\/les-premiers-mois-de-2025-marques-par-une-serie-tragique-daccidents-aeriens\/\",\"url\":\"https:\/\/voyage-aventure.com\/blog\/a-la-une\/les-premiers-mois-de-2025-marques-par-une-serie-tragique-daccidents-aeriens\/\",\"name\":\"les premiers mois de 2025 marqu\u00e9s par une s\u00e9rie tragique\",\"isPartOf\":{\"@id\":\"https:\/\/voyage-aventure.com\/blog\/#website\"},\"primaryImageOfPage\":{\"@id\":\"https:\/\/voyage-aventure.com\/blog\/a-la-une\/les-premiers-mois-de-2025-marques-par-une-serie-tragique-daccidents-aeriens\/#primaryimage\"},\"image\":{\"@id\":\"https:\/\/voyage-aventure.com\/blog\/a-la-une\/les-premiers-mois-de-2025-marques-par-une-serie-tragique-daccidents-aeriens\/#primaryimage\"},\"thumbnailUrl\":\"https:\/\/voyage-aventure.com\/blog\/wp-content\/uploads\/2025\/02\/stability-les-premiers-mois-de-2025-marques-par-une-serie-tragique-daccidents-aeriens.png\",\"datePublished\":\"2025-02-19T00:07:51+00:00\",\"description\":\"Ces incidents ont eu lieu dans des villes comme Toronto, Anchorage, Philadelphie et Washington, D.C. Malheureusement, trois de ces accidents ont entra\u00een\u00e9\",\"inLanguage\":\"fr-FR\",\"potentialAction\":[{\"@type\":\"ReadAction\",\"target\":[\"https:\/\/voyage-aventure.com\/blog\/a-la-une\/les-premiers-mois-de-2025-marques-par-une-serie-tragique-daccidents-aeriens\/\"]}]},{\"@type\":\"ImageObject\",\"inLanguage\":\"fr-FR\",\"@id\":\"https:\/\/voyage-aventure.com\/blog\/a-la-une\/les-premiers-mois-de-2025-marques-par-une-serie-tragique-daccidents-aeriens\/#primaryimage\",\"url\":\"https:\/\/voyage-aventure.com\/blog\/wp-content\/uploads\/2025\/02\/stability-les-premiers-mois-de-2025-marques-par-une-serie-tragique-daccidents-aeriens.png\",\"contentUrl\":\"https:\/\/voyage-aventure.com\/blog\/wp-content\/uploads\/2025\/02\/stability-les-premiers-mois-de-2025-marques-par-une-serie-tragique-daccidents-aeriens.png\",\"width\":1024,\"height\":576},{\"@type\":\"WebSite\",\"@id\":\"https:\/\/voyage-aventure.com\/blog\/#website\",\"url\":\"https:\/\/voyage-aventure.com\/blog\/\",\"name\":\"voyage-aventure.com\",\"description\":\"Votre passeport pour l\u2019inattendu.\",\"publisher\":{\"@id\":\"https:\/\/voyage-aventure.com\/blog\/#organization\"},\"alternateName\":\"Votre passeport pour l\u2019inattendu.\",\"potentialAction\":[{\"@type\":\"SearchAction\",\"target\":{\"@type\":\"EntryPoint\",\"urlTemplate\":\"https:\/\/voyage-aventure.com\/blog\/?s={search_term_string}\"},\"query-input\":{\"@type\":\"PropertyValueSpecification\",\"valueRequired\":true,\"valueName\":\"search_term_string\"}}],\"inLanguage\":\"fr-FR\"},{\"@type\":\"Organization\",\"@id\":\"https:\/\/voyage-aventure.com\/blog\/#organization\",\"name\":\"Foretsensations.fr\",\"url\":\"https:\/\/voyage-aventure.com\/blog\/\",\"logo\":{\"@type\":\"ImageObject\",\"inLanguage\":\"fr-FR\",\"@id\":\"https:\/\/voyage-aventure.com\/blog\/#\/schema\/logo\/image\/\",\"url\":\"https:\/\/voyage-aventure.com\/blog\/wp-content\/uploads\/2024\/12\/19.png\",\"contentUrl\":\"https:\/\/voyage-aventure.com\/blog\/wp-content\/uploads\/2024\/12\/19.png\",\"width\":512,\"height\":512,\"caption\":\"Foretsensations.fr\"},\"image\":{\"@id\":\"https:\/\/voyage-aventure.com\/blog\/#\/schema\/logo\/image\/\"}},{\"@type\":\"Person\",\"@id\":\"https:\/\/voyage-aventure.com\/blog\/#\/schema\/person\/3c864cdc320801e3db34b663e7e3f816\",\"name\":\"Camille Rouvray\",\"image\":{\"@type\":\"ImageObject\",\"inLanguage\":\"fr-FR\",\"@id\":\"https:\/\/voyage-aventure.com\/blog\/#\/schema\/person\/image\/\",\"url\":\"https:\/\/voyage-aventure.com\/blog\/wp-content\/uploads\/2026\/06\/persona_camille-r-96x96.jpg\",\"contentUrl\":\"https:\/\/voyage-aventure.com\/blog\/wp-content\/uploads\/2026\/06\/persona_camille-r-96x96.jpg\",\"caption\":\"Camille Rouvray\"},\"description\":\"Je voyage et j'\u00e9cris sur le voyage depuis une douzaine d'ann\u00e9es, d'abord en tant que routarde au long cours, puis comme r\u00e9dactrice sp\u00e9cialis\u00e9e. Mon terrain de pr\u00e9dilection, ce sont les circuits organis\u00e9s et l'art de bien pr\u00e9parer un itin\u00e9raire : choix de la saison, dur\u00e9e r\u00e9aliste des \u00e9tapes, budget jour par jour, logement et transport sur place. J'aime aussi raconter les p\u00e9pites urbaines, ces adresses qu'on ne trouve pas dans les guides classiques. Avant de publier un dossier destination, je croise toujours plusieurs sources, je v\u00e9rifie les tarifs et les formalit\u00e9s d'entr\u00e9e \u00e0 jour, et je teste moi-m\u00eame quand je le peux. Mon angle reste pratique avant tout : aider le lecteur \u00e0 partir l'esprit tranquille, sans mauvaise surprise une fois sur place. Je m'attache \u00e0 distinguer le coup de c\u0153ur sinc\u00e8re du simple argument marketing.\",\"sameAs\":[\"https:\/\/camillerouvray.fr\/\"],\"url\":\"https:\/\/voyage-aventure.com\/blog\/auteur\/noname\/\"}]}<\/script>\n<!-- \/ Yoast SEO Premium plugin. -->","yoast_head_json":{"title":"les premiers mois de 2025 marqu\u00e9s par une s\u00e9rie tragique","description":"Ces incidents ont eu lieu dans des villes comme Toronto, Anchorage, Philadelphie et Washington, D.C. Malheureusement, trois de ces accidents ont entra\u00een\u00e9","robots":{"index":"index","follow":"follow","max-snippet":"max-snippet:-1","max-image-preview":"max-image-preview:large","max-video-preview":"max-video-preview:-1"},"canonical":"https:\/\/voyage-aventure.com\/blog\/a-la-une\/les-premiers-mois-de-2025-marques-par-une-serie-tragique-daccidents-aeriens\/","og_locale":"fr_FR","og_type":"article","og_title":"les premiers mois de 2025 marqu\u00e9s par une s\u00e9rie tragique","og_description":"Ces incidents ont eu lieu dans des villes comme Toronto, Anchorage, Philadelphie et Washington, D.C. Malheureusement, trois de ces accidents ont entra\u00een\u00e9","og_url":"https:\/\/voyage-aventure.com\/blog\/a-la-une\/les-premiers-mois-de-2025-marques-par-une-serie-tragique-daccidents-aeriens\/","og_site_name":"voyage-aventure","og_image":[{"width":1024,"height":576,"url":"https:\/\/voyage-aventure.com\/blog\/wp-content\/uploads\/2025\/02\/stability-les-premiers-mois-de-2025-marques-par-une-serie-tragique-daccidents-aeriens.png","type":"image\/png"}],"author":"Camille Rouvray","twitter_card":"summary_large_image","schema":{"@context":"https:\/\/schema.org","@graph":[{"@type":"NewsArticle","@id":"https:\/\/voyage-aventure.com\/blog\/a-la-une\/les-premiers-mois-de-2025-marques-par-une-serie-tragique-daccidents-aeriens\/#article","isPartOf":{"@id":"https:\/\/voyage-aventure.com\/blog\/a-la-une\/les-premiers-mois-de-2025-marques-par-une-serie-tragique-daccidents-aeriens\/"},"author":{"name":"Camille Rouvray","@id":"https:\/\/voyage-aventure.com\/blog\/#\/schema\/person\/3c864cdc320801e3db34b663e7e3f816"},"headline":"les premiers mois de 2025 marqu\u00e9s par une s\u00e9rie tragique d&rsquo;accidents a\u00e9riens","datePublished":"2025-02-19T00:07:51+00:00","mainEntityOfPage":{"@id":"https:\/\/voyage-aventure.com\/blog\/a-la-une\/les-premiers-mois-de-2025-marques-par-une-serie-tragique-daccidents-aeriens\/"},"wordCount":647,"commentCount":26,"publisher":{"@id":"https:\/\/voyage-aventure.com\/blog\/#organization"},"image":{"@id":"https:\/\/voyage-aventure.com\/blog\/a-la-une\/les-premiers-mois-de-2025-marques-par-une-serie-tragique-daccidents-aeriens\/#primaryimage"},"thumbnailUrl":"https:\/\/voyage-aventure.com\/blog\/wp-content\/uploads\/2025\/02\/stability-les-premiers-mois-de-2025-marques-par-une-serie-tragique-daccidents-aeriens.png","keywords":["Assistance M\u00e9dicale","\u00c9motions","Protection","S\u00e9curit\u00e9","Soutien Psychologique"],"articleSection":["\u00c0 la une"],"inLanguage":"fr-FR","potentialAction":[{"@type":"CommentAction","name":"Comment","target":["https:\/\/voyage-aventure.com\/blog\/a-la-une\/les-premiers-mois-de-2025-marques-par-une-serie-tragique-daccidents-aeriens\/#respond"]}]},{"@type":"WebPage","@id":"https:\/\/voyage-aventure.com\/blog\/a-la-une\/les-premiers-mois-de-2025-marques-par-une-serie-tragique-daccidents-aeriens\/","url":"https:\/\/voyage-aventure.com\/blog\/a-la-une\/les-premiers-mois-de-2025-marques-par-une-serie-tragique-daccidents-aeriens\/","name":"les premiers mois de 2025 marqu\u00e9s par une s\u00e9rie tragique","isPartOf":{"@id":"https:\/\/voyage-aventure.com\/blog\/#website"},"primaryImageOfPage":{"@id":"https:\/\/voyage-aventure.com\/blog\/a-la-une\/les-premiers-mois-de-2025-marques-par-une-serie-tragique-daccidents-aeriens\/#primaryimage"},"image":{"@id":"https:\/\/voyage-aventure.com\/blog\/a-la-une\/les-premiers-mois-de-2025-marques-par-une-serie-tragique-daccidents-aeriens\/#primaryimage"},"thumbnailUrl":"https:\/\/voyage-aventure.com\/blog\/wp-content\/uploads\/2025\/02\/stability-les-premiers-mois-de-2025-marques-par-une-serie-tragique-daccidents-aeriens.png","datePublished":"2025-02-19T00:07:51+00:00","description":"Ces incidents ont eu lieu dans des villes comme Toronto, Anchorage, Philadelphie et Washington, D.C. Malheureusement, trois de ces accidents ont entra\u00een\u00e9","inLanguage":"fr-FR","potentialAction":[{"@type":"ReadAction","target":["https:\/\/voyage-aventure.com\/blog\/a-la-une\/les-premiers-mois-de-2025-marques-par-une-serie-tragique-daccidents-aeriens\/"]}]},{"@type":"ImageObject","inLanguage":"fr-FR","@id":"https:\/\/voyage-aventure.com\/blog\/a-la-une\/les-premiers-mois-de-2025-marques-par-une-serie-tragique-daccidents-aeriens\/#primaryimage","url":"https:\/\/voyage-aventure.com\/blog\/wp-content\/uploads\/2025\/02\/stability-les-premiers-mois-de-2025-marques-par-une-serie-tragique-daccidents-aeriens.png","contentUrl":"https:\/\/voyage-aventure.com\/blog\/wp-content\/uploads\/2025\/02\/stability-les-premiers-mois-de-2025-marques-par-une-serie-tragique-daccidents-aeriens.png","width":1024,"height":576},{"@type":"WebSite","@id":"https:\/\/voyage-aventure.com\/blog\/#website","url":"https:\/\/voyage-aventure.com\/blog\/","name":"voyage-aventure.com","description":"Votre passeport pour l\u2019inattendu.","publisher":{"@id":"https:\/\/voyage-aventure.com\/blog\/#organization"},"alternateName":"Votre passeport pour l\u2019inattendu.","potentialAction":[{"@type":"SearchAction","target":{"@type":"EntryPoint","urlTemplate":"https:\/\/voyage-aventure.com\/blog\/?s={search_term_string}"},"query-input":{"@type":"PropertyValueSpecification","valueRequired":true,"valueName":"search_term_string"}}],"inLanguage":"fr-FR"},{"@type":"Organization","@id":"https:\/\/voyage-aventure.com\/blog\/#organization","name":"Foretsensations.fr","url":"https:\/\/voyage-aventure.com\/blog\/","logo":{"@type":"ImageObject","inLanguage":"fr-FR","@id":"https:\/\/voyage-aventure.com\/blog\/#\/schema\/logo\/image\/","url":"https:\/\/voyage-aventure.com\/blog\/wp-content\/uploads\/2024\/12\/19.png","contentUrl":"https:\/\/voyage-aventure.com\/blog\/wp-content\/uploads\/2024\/12\/19.png","width":512,"height":512,"caption":"Foretsensations.fr"},"image":{"@id":"https:\/\/voyage-aventure.com\/blog\/#\/schema\/logo\/image\/"}},{"@type":"Person","@id":"https:\/\/voyage-aventure.com\/blog\/#\/schema\/person\/3c864cdc320801e3db34b663e7e3f816","name":"Camille Rouvray","image":{"@type":"ImageObject","inLanguage":"fr-FR","@id":"https:\/\/voyage-aventure.com\/blog\/#\/schema\/person\/image\/","url":"https:\/\/voyage-aventure.com\/blog\/wp-content\/uploads\/2026\/06\/persona_camille-r-96x96.jpg","contentUrl":"https:\/\/voyage-aventure.com\/blog\/wp-content\/uploads\/2026\/06\/persona_camille-r-96x96.jpg","caption":"Camille Rouvray"},"description":"Je voyage et j'\u00e9cris sur le voyage depuis une douzaine d'ann\u00e9es, d'abord en tant que routarde au long cours, puis comme r\u00e9dactrice sp\u00e9cialis\u00e9e. Mon terrain de pr\u00e9dilection, ce sont les circuits organis\u00e9s et l'art de bien pr\u00e9parer un itin\u00e9raire : choix de la saison, dur\u00e9e r\u00e9aliste des \u00e9tapes, budget jour par jour, logement et transport sur place. J'aime aussi raconter les p\u00e9pites urbaines, ces adresses qu'on ne trouve pas dans les guides classiques. Avant de publier un dossier destination, je croise toujours plusieurs sources, je v\u00e9rifie les tarifs et les formalit\u00e9s d'entr\u00e9e \u00e0 jour, et je teste moi-m\u00eame quand je le peux. Mon angle reste pratique avant tout : aider le lecteur \u00e0 partir l'esprit tranquille, sans mauvaise surprise une fois sur place. Je m'attache \u00e0 distinguer le coup de c\u0153ur sinc\u00e8re du simple argument marketing.","sameAs":["https:\/\/camillerouvray.fr\/"],"url":"https:\/\/voyage-aventure.com\/blog\/auteur\/noname\/"}]}},"_links":{"self":[{"href":"https:\/\/voyage-aventure.com\/blog\/wp-json\/wp\/v2\/posts\/10445","targetHints":{"allow":["GET"]}}],"collection":[{"href":"https:\/\/voyage-aventure.com\/blog\/wp-json\/wp\/v2\/posts"}],"about":[{"href":"https:\/\/voyage-aventure.com\/blog\/wp-json\/wp\/v2\/types\/post"}],"author":[{"embeddable":true,"href":"https:\/\/voyage-aventure.com\/blog\/wp-json\/wp\/v2\/users\/34"}],"replies":[{"embeddable":true,"href":"https:\/\/voyage-aventure.com\/blog\/wp-json\/wp\/v2\/comments?post=10445"}],"version-history":[{"count":2,"href":"https:\/\/voyage-aventure.com\/blog\/wp-json\/wp\/v2\/posts\/10445\/revisions"}],"predecessor-version":[{"id":10460,"href":"https:\/\/voyage-aventure.com\/blog\/wp-json\/wp\/v2\/posts\/10445\/revisions\/10460"}],"wp:featuredmedia":[{"embeddable":true,"href":"https:\/\/voyage-aventure.com\/blog\/wp-json\/wp\/v2\/media\/10446"}],"wp:attachment":[{"href":"https:\/\/voyage-aventure.com\/blog\/wp-json\/wp\/v2\/media?parent=10445"}],"wp:term":[{"taxonomy":"category","embeddable":true,"href":"https:\/\/voyage-aventure.com\/blog\/wp-json\/wp\/v2\/categories?post=10445"},{"taxonomy":"post_tag","embeddable":true,"href":"https:\/\/voyage-aventure.com\/blog\/wp-json\/wp\/v2\/tags?post=10445"}],"curies":[{"name":"wp","href":"https:\/\/api.w.org\/{rel}","templated":true}]}}