{"id":10441,"date":"2025-02-19T06:43:57","date_gmt":"2025-02-19T05:43:57","guid":{"rendered":"https:\/\/voyage-aventure.com\/blog\/?p=10441"},"modified":"2025-02-19T00:18:36","modified_gmt":"2025-02-18T23:18:36","slug":"tempete-hivernale-perturbe-les-voyages-a-laeroport-international-will-rogers-dokc","status":"publish","type":"post","link":"https:\/\/voyage-aventure.com\/blog\/a-la-une\/tempete-hivernale-perturbe-les-voyages-a-laeroport-international-will-rogers-dokc\/","title":{"rendered":"temp\u00eate hivernale perturbe les voyages \u00e0 l&rsquo;a\u00e9roport international Will Rogers d&rsquo;OKC"},"content":{"rendered":"<h2>Des perturbations \u00e0 l&rsquo;a\u00e9roport<\/h2>\n<p>Mardi apr\u00e8s-midi, les responsables de l&rsquo;a\u00e9roport ont signal\u00e9 l&rsquo;annulation de trente et un vols, tandis qu&rsquo;une douzaine d&rsquo;autres ont subi des retards. La compagnie Southwest Airlines a \u00e9t\u00e9 particuli\u00e8rement touch\u00e9e, repr\u00e9sentant la majorit\u00e9 des annulations.<\/p>\n<p>Les voyageurs, comme Damian Goggans, un guitariste qui se rendait \u00e0 un audition musicale, ont d\u00fb s&rsquo;adapter rapidement \u00e0 ces changements. Malgr\u00e9 plusieurs avertissements sur les retards possibles, Goggans s&rsquo;est rendu \u00e0 l&rsquo;a\u00e9roport six heures avant son vol, esp\u00e9rant que les conditions s&rsquo;am\u00e9lioreraient.<\/p>\n<h2>La r\u00e9alit\u00e9 des voyageurs<\/h2>\n<p>Pour de nombreux passagers, la temp\u00eate a signifi\u00e9 des heures d&rsquo;attente et une incertitude quant \u00e0 leurs voyages. Goggans a exprim\u00e9 ses pr\u00e9occupations concernant les conditions de la route en se rendant \u00e0 l&rsquo;a\u00e9roport, esp\u00e9rant que les pistes seraient d\u00e9gag\u00e9es. \u00ab\u00a0Les routes \u00e9taient vraiment mauvaises, ce qui est inqui\u00e9tant\u00a0\u00bb, a-t-il d\u00e9clar\u00e9.<img decoding=\"async\" width=\"1024\" height=\"576\" src=\"https:\/\/voyage-aventure.com\/blog\/wp-content\/uploads\/2025\/02\/stability-tempete-hivernale-perturbe-les-voyages-a-laeroport-international-will-rogers-dokc-1.png\" class=\"aligncenter\" alt=\"Illustration d\u00e9taill\u00e9e sur temp\u00eate hivernale perturbe les voyages \u00e0 l&#039;a\u00e9roport international Will Rogers d&#039;OKC\" title=\"temp\u00eate hivernale perturbe les voyages \u00e0 l&#039;a\u00e9roport international Will Rogers d&#039;OKC\" loading=\"lazy\" \/><\/p>\n<p>Les responsables de l&rsquo;a\u00e9roport, comme Stacey Hamm, ont soulign\u00e9 que la gestion des vols annul\u00e9s ou retard\u00e9s est au-del\u00e0 de leur contr\u00f4le. \u00ab\u00a0Cela vient des compagnies a\u00e9riennes et de leurs d\u00e9cisions\u00a0\u00bb, a-t-elle pr\u00e9cis\u00e9, mettant en lumi\u00e8re les d\u00e9fis auxquels font face les autorit\u00e9s a\u00e9roportuaires durant les temp\u00eates hivernales.<\/p>\n<h2>Pr\u00e9parer son voyage en hiver<\/h2>\n<p>La temp\u00eate a rappel\u00e9 \u00e0 tous l&rsquo;importance de la pr\u00e9paration lors de voyages en hiver. Les \u00e9quipes de l&rsquo;a\u00e9roport continuent de traiter les pistes pour assurer la s\u00e9curit\u00e9 des vols. Les voyageurs sont encourag\u00e9s \u00e0 pr\u00e9voir suffisamment de temps pour atteindre l&rsquo;a\u00e9roport, surtout dans des conditions m\u00e9t\u00e9orologiques difficiles.<\/p>\n<p>En plus de v\u00e9rifier les mises \u00e0 jour concernant leur vol, les passagers devraient \u00e9galement consulter les conditions routi\u00e8res. Passer du temps \u00e0 l&rsquo;a\u00e9roport peut \u00eatre moins stressant si l&rsquo;on se pr\u00e9pare \u00e0 l&rsquo;avance, comme l&rsquo;a fait Goggans avec sa guitare.<\/p>\n<ul>\n<li>V\u00e9rifiez r\u00e9guli\u00e8rement les mises \u00e0 jour des vols.<\/li>\n<li>Pr\u00e9voyez des marges de temps pour arriver \u00e0 l&rsquo;a\u00e9roport.<\/li>\n<li>Consultez les conditions routi\u00e8res avant de partir.<\/li>\n<li>Emportez des divertissements pour passer le temps en cas de retard.<\/li>\n<li>Restez inform\u00e9 des pr\u00e9visions m\u00e9t\u00e9orologiques locales.<\/li>\n<\/ul>\n<blockquote><p>\u201cNous n&rsquo;avons aucun contr\u00f4le sur les retards ou les annulations de vols. Cela d\u00e9pend des compagnies a\u00e9riennes\u201d, a d\u00e9clar\u00e9 Stacey Hamm.<\/p><\/blockquote>\n<p>La temp\u00eate hivernale \u00e0 Oklahoma City rappelle \u00e0 chacun l&rsquo;importance d&rsquo;une bonne pr\u00e9paration avant de voyager. Les conditions m\u00e9t\u00e9orologiques peuvent changer rapidement, et il est essentiel d&rsquo;\u00eatre inform\u00e9 et pr\u00eat \u00e0 faire face \u00e0 l&rsquo;impr\u00e9vu. Que vous soyez un musicien en route pour une audition ou un voyageur d&rsquo;affaires, assurez-vous de prendre en compte les conditions climatiques lors de vos d\u00e9placements.<\/p>\n","protected":false},"excerpt":{"rendered":"","protected":false},"author":34,"featured_media":10442,"comment_status":"open","ping_status":"open","sticky":false,"template":"","format":"standard","meta":{"_acf_changed":false,"manual_indexmenow":false,"indexmenow_id_project":0,"footnotes":""},"categories":[1],"tags":[4620,3726,4713,3170,4635],"class_list":["post-10441","post","type-post","status-publish","format-standard","has-post-thumbnail","hentry","category-a-la-une","tag-annulation-de-voyage","tag-conditions-meteorologiques","tag-preparation","tag-securite","tag-voyage","generate-columns","tablet-grid-50","mobile-grid-100","grid-parent","grid-25"],"acf":[],"yoast_head":"<!-- This site is optimized with the Yoast SEO Premium plugin v21.3 (Yoast SEO v25.1) - https:\/\/yoast.com\/wordpress\/plugins\/seo\/ -->\n<title>temp\u00eate hivernale perturbe les voyages \u00e0 l&#039;a\u00e9roport<\/title>\n<meta name=\"description\" content=\"Mardi apr\u00e8s-midi, les responsables de l&#039;a\u00e9roport ont signal\u00e9 l&#039;annulation de trente et un vols, tandis qu&#039;une douzaine d&#039;autres ont subi des retards. La\" \/>\n<meta name=\"robots\" content=\"index, follow, max-snippet:-1, max-image-preview:large, max-video-preview:-1\" \/>\n<link rel=\"canonical\" href=\"https:\/\/voyage-aventure.com\/blog\/a-la-une\/tempete-hivernale-perturbe-les-voyages-a-laeroport-international-will-rogers-dokc\/\" \/>\n<meta property=\"og:locale\" content=\"fr_FR\" \/>\n<meta property=\"og:type\" content=\"article\" \/>\n<meta property=\"og:title\" content=\"temp\u00eate hivernale perturbe les voyages \u00e0 l&#039;a\u00e9roport\" \/>\n<meta property=\"og:description\" content=\"Mardi apr\u00e8s-midi, les responsables de l&#039;a\u00e9roport ont signal\u00e9 l&#039;annulation de trente et un vols, tandis qu&#039;une douzaine d&#039;autres ont subi des retards. La\" \/>\n<meta property=\"og:url\" content=\"https:\/\/voyage-aventure.com\/blog\/a-la-une\/tempete-hivernale-perturbe-les-voyages-a-laeroport-international-will-rogers-dokc\/\" \/>\n<meta property=\"og:site_name\" content=\"voyage-aventure\" \/>\n<meta property=\"og:image\" content=\"https:\/\/voyage-aventure.com\/blog\/wp-content\/uploads\/2025\/02\/stability-tempete-hivernale-perturbe-les-voyages-a-laeroport-international-will-rogers-dokc.png\" \/>\n\t<meta property=\"og:image:width\" content=\"1024\" \/>\n\t<meta property=\"og:image:height\" content=\"576\" \/>\n\t<meta property=\"og:image:type\" content=\"image\/png\" \/>\n<meta name=\"author\" content=\"Camille Rouvray\" \/>\n<meta name=\"twitter:card\" content=\"summary_large_image\" \/>\n<script type=\"application\/ld+json\" class=\"yoast-schema-graph\">{\"@context\":\"https:\/\/schema.org\",\"@graph\":[{\"@type\":\"NewsArticle\",\"@id\":\"https:\/\/voyage-aventure.com\/blog\/a-la-une\/tempete-hivernale-perturbe-les-voyages-a-laeroport-international-will-rogers-dokc\/#article\",\"isPartOf\":{\"@id\":\"https:\/\/voyage-aventure.com\/blog\/a-la-une\/tempete-hivernale-perturbe-les-voyages-a-laeroport-international-will-rogers-dokc\/\"},\"author\":{\"name\":\"Camille Rouvray\",\"@id\":\"https:\/\/voyage-aventure.com\/blog\/#\/schema\/person\/3c864cdc320801e3db34b663e7e3f816\"},\"headline\":\"temp\u00eate hivernale perturbe les voyages \u00e0 l&rsquo;a\u00e9roport international Will Rogers d&rsquo;OKC\",\"datePublished\":\"2025-02-19T05:43:57+00:00\",\"mainEntityOfPage\":{\"@id\":\"https:\/\/voyage-aventure.com\/blog\/a-la-une\/tempete-hivernale-perturbe-les-voyages-a-laeroport-international-will-rogers-dokc\/\"},\"wordCount\":489,\"commentCount\":24,\"publisher\":{\"@id\":\"https:\/\/voyage-aventure.com\/blog\/#organization\"},\"image\":{\"@id\":\"https:\/\/voyage-aventure.com\/blog\/a-la-une\/tempete-hivernale-perturbe-les-voyages-a-laeroport-international-will-rogers-dokc\/#primaryimage\"},\"thumbnailUrl\":\"https:\/\/voyage-aventure.com\/blog\/wp-content\/uploads\/2025\/02\/stability-tempete-hivernale-perturbe-les-voyages-a-laeroport-international-will-rogers-dokc.png\",\"keywords\":[\"Annulation de Voyage\",\"Conditions M\u00e9t\u00e9orologiques\",\"Pr\u00e9paration\",\"S\u00e9curit\u00e9\",\"Voyage\"],\"articleSection\":[\"\u00c0 la une\"],\"inLanguage\":\"fr-FR\",\"potentialAction\":[{\"@type\":\"CommentAction\",\"name\":\"Comment\",\"target\":[\"https:\/\/voyage-aventure.com\/blog\/a-la-une\/tempete-hivernale-perturbe-les-voyages-a-laeroport-international-will-rogers-dokc\/#respond\"]}]},{\"@type\":\"WebPage\",\"@id\":\"https:\/\/voyage-aventure.com\/blog\/a-la-une\/tempete-hivernale-perturbe-les-voyages-a-laeroport-international-will-rogers-dokc\/\",\"url\":\"https:\/\/voyage-aventure.com\/blog\/a-la-une\/tempete-hivernale-perturbe-les-voyages-a-laeroport-international-will-rogers-dokc\/\",\"name\":\"temp\u00eate hivernale perturbe les voyages \u00e0 l'a\u00e9roport\",\"isPartOf\":{\"@id\":\"https:\/\/voyage-aventure.com\/blog\/#website\"},\"primaryImageOfPage\":{\"@id\":\"https:\/\/voyage-aventure.com\/blog\/a-la-une\/tempete-hivernale-perturbe-les-voyages-a-laeroport-international-will-rogers-dokc\/#primaryimage\"},\"image\":{\"@id\":\"https:\/\/voyage-aventure.com\/blog\/a-la-une\/tempete-hivernale-perturbe-les-voyages-a-laeroport-international-will-rogers-dokc\/#primaryimage\"},\"thumbnailUrl\":\"https:\/\/voyage-aventure.com\/blog\/wp-content\/uploads\/2025\/02\/stability-tempete-hivernale-perturbe-les-voyages-a-laeroport-international-will-rogers-dokc.png\",\"datePublished\":\"2025-02-19T05:43:57+00:00\",\"description\":\"Mardi apr\u00e8s-midi, les responsables de l'a\u00e9roport ont signal\u00e9 l'annulation de trente et un vols, tandis qu'une douzaine d'autres ont subi des retards. La\",\"inLanguage\":\"fr-FR\",\"potentialAction\":[{\"@type\":\"ReadAction\",\"target\":[\"https:\/\/voyage-aventure.com\/blog\/a-la-une\/tempete-hivernale-perturbe-les-voyages-a-laeroport-international-will-rogers-dokc\/\"]}]},{\"@type\":\"ImageObject\",\"inLanguage\":\"fr-FR\",\"@id\":\"https:\/\/voyage-aventure.com\/blog\/a-la-une\/tempete-hivernale-perturbe-les-voyages-a-laeroport-international-will-rogers-dokc\/#primaryimage\",\"url\":\"https:\/\/voyage-aventure.com\/blog\/wp-content\/uploads\/2025\/02\/stability-tempete-hivernale-perturbe-les-voyages-a-laeroport-international-will-rogers-dokc.png\",\"contentUrl\":\"https:\/\/voyage-aventure.com\/blog\/wp-content\/uploads\/2025\/02\/stability-tempete-hivernale-perturbe-les-voyages-a-laeroport-international-will-rogers-dokc.png\",\"width\":1024,\"height\":576},{\"@type\":\"WebSite\",\"@id\":\"https:\/\/voyage-aventure.com\/blog\/#website\",\"url\":\"https:\/\/voyage-aventure.com\/blog\/\",\"name\":\"voyage-aventure.com\",\"description\":\"Votre passeport pour l\u2019inattendu.\",\"publisher\":{\"@id\":\"https:\/\/voyage-aventure.com\/blog\/#organization\"},\"alternateName\":\"Votre passeport pour l\u2019inattendu.\",\"potentialAction\":[{\"@type\":\"SearchAction\",\"target\":{\"@type\":\"EntryPoint\",\"urlTemplate\":\"https:\/\/voyage-aventure.com\/blog\/?s={search_term_string}\"},\"query-input\":{\"@type\":\"PropertyValueSpecification\",\"valueRequired\":true,\"valueName\":\"search_term_string\"}}],\"inLanguage\":\"fr-FR\"},{\"@type\":\"Organization\",\"@id\":\"https:\/\/voyage-aventure.com\/blog\/#organization\",\"name\":\"Foretsensations.fr\",\"url\":\"https:\/\/voyage-aventure.com\/blog\/\",\"logo\":{\"@type\":\"ImageObject\",\"inLanguage\":\"fr-FR\",\"@id\":\"https:\/\/voyage-aventure.com\/blog\/#\/schema\/logo\/image\/\",\"url\":\"https:\/\/voyage-aventure.com\/blog\/wp-content\/uploads\/2024\/12\/19.png\",\"contentUrl\":\"https:\/\/voyage-aventure.com\/blog\/wp-content\/uploads\/2024\/12\/19.png\",\"width\":512,\"height\":512,\"caption\":\"Foretsensations.fr\"},\"image\":{\"@id\":\"https:\/\/voyage-aventure.com\/blog\/#\/schema\/logo\/image\/\"}},{\"@type\":\"Person\",\"@id\":\"https:\/\/voyage-aventure.com\/blog\/#\/schema\/person\/3c864cdc320801e3db34b663e7e3f816\",\"name\":\"Camille Rouvray\",\"image\":{\"@type\":\"ImageObject\",\"inLanguage\":\"fr-FR\",\"@id\":\"https:\/\/voyage-aventure.com\/blog\/#\/schema\/person\/image\/\",\"url\":\"https:\/\/voyage-aventure.com\/blog\/wp-content\/uploads\/2026\/06\/persona_camille-r-96x96.jpg\",\"contentUrl\":\"https:\/\/voyage-aventure.com\/blog\/wp-content\/uploads\/2026\/06\/persona_camille-r-96x96.jpg\",\"caption\":\"Camille Rouvray\"},\"description\":\"Je voyage et j'\u00e9cris sur le voyage depuis une douzaine d'ann\u00e9es, d'abord en tant que routarde au long cours, puis comme r\u00e9dactrice sp\u00e9cialis\u00e9e. Mon terrain de pr\u00e9dilection, ce sont les circuits organis\u00e9s et l'art de bien pr\u00e9parer un itin\u00e9raire : choix de la saison, dur\u00e9e r\u00e9aliste des \u00e9tapes, budget jour par jour, logement et transport sur place. J'aime aussi raconter les p\u00e9pites urbaines, ces adresses qu'on ne trouve pas dans les guides classiques. Avant de publier un dossier destination, je croise toujours plusieurs sources, je v\u00e9rifie les tarifs et les formalit\u00e9s d'entr\u00e9e \u00e0 jour, et je teste moi-m\u00eame quand je le peux. Mon angle reste pratique avant tout : aider le lecteur \u00e0 partir l'esprit tranquille, sans mauvaise surprise une fois sur place. Je m'attache \u00e0 distinguer le coup de c\u0153ur sinc\u00e8re du simple argument marketing.\",\"sameAs\":[\"https:\/\/camillerouvray.fr\/\"],\"url\":\"https:\/\/voyage-aventure.com\/blog\/auteur\/noname\/\"}]}<\/script>\n<!-- \/ Yoast SEO Premium plugin. -->","yoast_head_json":{"title":"temp\u00eate hivernale perturbe les voyages \u00e0 l'a\u00e9roport","description":"Mardi apr\u00e8s-midi, les responsables de l'a\u00e9roport ont signal\u00e9 l'annulation de trente et un vols, tandis qu'une douzaine d'autres ont subi des retards. La","robots":{"index":"index","follow":"follow","max-snippet":"max-snippet:-1","max-image-preview":"max-image-preview:large","max-video-preview":"max-video-preview:-1"},"canonical":"https:\/\/voyage-aventure.com\/blog\/a-la-une\/tempete-hivernale-perturbe-les-voyages-a-laeroport-international-will-rogers-dokc\/","og_locale":"fr_FR","og_type":"article","og_title":"temp\u00eate hivernale perturbe les voyages \u00e0 l'a\u00e9roport","og_description":"Mardi apr\u00e8s-midi, les responsables de l'a\u00e9roport ont signal\u00e9 l'annulation de trente et un vols, tandis qu'une douzaine d'autres ont subi des retards. La","og_url":"https:\/\/voyage-aventure.com\/blog\/a-la-une\/tempete-hivernale-perturbe-les-voyages-a-laeroport-international-will-rogers-dokc\/","og_site_name":"voyage-aventure","og_image":[{"width":1024,"height":576,"url":"https:\/\/voyage-aventure.com\/blog\/wp-content\/uploads\/2025\/02\/stability-tempete-hivernale-perturbe-les-voyages-a-laeroport-international-will-rogers-dokc.png","type":"image\/png"}],"author":"Camille Rouvray","twitter_card":"summary_large_image","schema":{"@context":"https:\/\/schema.org","@graph":[{"@type":"NewsArticle","@id":"https:\/\/voyage-aventure.com\/blog\/a-la-une\/tempete-hivernale-perturbe-les-voyages-a-laeroport-international-will-rogers-dokc\/#article","isPartOf":{"@id":"https:\/\/voyage-aventure.com\/blog\/a-la-une\/tempete-hivernale-perturbe-les-voyages-a-laeroport-international-will-rogers-dokc\/"},"author":{"name":"Camille Rouvray","@id":"https:\/\/voyage-aventure.com\/blog\/#\/schema\/person\/3c864cdc320801e3db34b663e7e3f816"},"headline":"temp\u00eate hivernale perturbe les voyages \u00e0 l&rsquo;a\u00e9roport international Will Rogers d&rsquo;OKC","datePublished":"2025-02-19T05:43:57+00:00","mainEntityOfPage":{"@id":"https:\/\/voyage-aventure.com\/blog\/a-la-une\/tempete-hivernale-perturbe-les-voyages-a-laeroport-international-will-rogers-dokc\/"},"wordCount":489,"commentCount":24,"publisher":{"@id":"https:\/\/voyage-aventure.com\/blog\/#organization"},"image":{"@id":"https:\/\/voyage-aventure.com\/blog\/a-la-une\/tempete-hivernale-perturbe-les-voyages-a-laeroport-international-will-rogers-dokc\/#primaryimage"},"thumbnailUrl":"https:\/\/voyage-aventure.com\/blog\/wp-content\/uploads\/2025\/02\/stability-tempete-hivernale-perturbe-les-voyages-a-laeroport-international-will-rogers-dokc.png","keywords":["Annulation de Voyage","Conditions M\u00e9t\u00e9orologiques","Pr\u00e9paration","S\u00e9curit\u00e9","Voyage"],"articleSection":["\u00c0 la une"],"inLanguage":"fr-FR","potentialAction":[{"@type":"CommentAction","name":"Comment","target":["https:\/\/voyage-aventure.com\/blog\/a-la-une\/tempete-hivernale-perturbe-les-voyages-a-laeroport-international-will-rogers-dokc\/#respond"]}]},{"@type":"WebPage","@id":"https:\/\/voyage-aventure.com\/blog\/a-la-une\/tempete-hivernale-perturbe-les-voyages-a-laeroport-international-will-rogers-dokc\/","url":"https:\/\/voyage-aventure.com\/blog\/a-la-une\/tempete-hivernale-perturbe-les-voyages-a-laeroport-international-will-rogers-dokc\/","name":"temp\u00eate hivernale perturbe les voyages \u00e0 l'a\u00e9roport","isPartOf":{"@id":"https:\/\/voyage-aventure.com\/blog\/#website"},"primaryImageOfPage":{"@id":"https:\/\/voyage-aventure.com\/blog\/a-la-une\/tempete-hivernale-perturbe-les-voyages-a-laeroport-international-will-rogers-dokc\/#primaryimage"},"image":{"@id":"https:\/\/voyage-aventure.com\/blog\/a-la-une\/tempete-hivernale-perturbe-les-voyages-a-laeroport-international-will-rogers-dokc\/#primaryimage"},"thumbnailUrl":"https:\/\/voyage-aventure.com\/blog\/wp-content\/uploads\/2025\/02\/stability-tempete-hivernale-perturbe-les-voyages-a-laeroport-international-will-rogers-dokc.png","datePublished":"2025-02-19T05:43:57+00:00","description":"Mardi apr\u00e8s-midi, les responsables de l'a\u00e9roport ont signal\u00e9 l'annulation de trente et un vols, tandis qu'une douzaine d'autres ont subi des retards. La","inLanguage":"fr-FR","potentialAction":[{"@type":"ReadAction","target":["https:\/\/voyage-aventure.com\/blog\/a-la-une\/tempete-hivernale-perturbe-les-voyages-a-laeroport-international-will-rogers-dokc\/"]}]},{"@type":"ImageObject","inLanguage":"fr-FR","@id":"https:\/\/voyage-aventure.com\/blog\/a-la-une\/tempete-hivernale-perturbe-les-voyages-a-laeroport-international-will-rogers-dokc\/#primaryimage","url":"https:\/\/voyage-aventure.com\/blog\/wp-content\/uploads\/2025\/02\/stability-tempete-hivernale-perturbe-les-voyages-a-laeroport-international-will-rogers-dokc.png","contentUrl":"https:\/\/voyage-aventure.com\/blog\/wp-content\/uploads\/2025\/02\/stability-tempete-hivernale-perturbe-les-voyages-a-laeroport-international-will-rogers-dokc.png","width":1024,"height":576},{"@type":"WebSite","@id":"https:\/\/voyage-aventure.com\/blog\/#website","url":"https:\/\/voyage-aventure.com\/blog\/","name":"voyage-aventure.com","description":"Votre passeport pour l\u2019inattendu.","publisher":{"@id":"https:\/\/voyage-aventure.com\/blog\/#organization"},"alternateName":"Votre passeport pour l\u2019inattendu.","potentialAction":[{"@type":"SearchAction","target":{"@type":"EntryPoint","urlTemplate":"https:\/\/voyage-aventure.com\/blog\/?s={search_term_string}"},"query-input":{"@type":"PropertyValueSpecification","valueRequired":true,"valueName":"search_term_string"}}],"inLanguage":"fr-FR"},{"@type":"Organization","@id":"https:\/\/voyage-aventure.com\/blog\/#organization","name":"Foretsensations.fr","url":"https:\/\/voyage-aventure.com\/blog\/","logo":{"@type":"ImageObject","inLanguage":"fr-FR","@id":"https:\/\/voyage-aventure.com\/blog\/#\/schema\/logo\/image\/","url":"https:\/\/voyage-aventure.com\/blog\/wp-content\/uploads\/2024\/12\/19.png","contentUrl":"https:\/\/voyage-aventure.com\/blog\/wp-content\/uploads\/2024\/12\/19.png","width":512,"height":512,"caption":"Foretsensations.fr"},"image":{"@id":"https:\/\/voyage-aventure.com\/blog\/#\/schema\/logo\/image\/"}},{"@type":"Person","@id":"https:\/\/voyage-aventure.com\/blog\/#\/schema\/person\/3c864cdc320801e3db34b663e7e3f816","name":"Camille Rouvray","image":{"@type":"ImageObject","inLanguage":"fr-FR","@id":"https:\/\/voyage-aventure.com\/blog\/#\/schema\/person\/image\/","url":"https:\/\/voyage-aventure.com\/blog\/wp-content\/uploads\/2026\/06\/persona_camille-r-96x96.jpg","contentUrl":"https:\/\/voyage-aventure.com\/blog\/wp-content\/uploads\/2026\/06\/persona_camille-r-96x96.jpg","caption":"Camille Rouvray"},"description":"Je voyage et j'\u00e9cris sur le voyage depuis une douzaine d'ann\u00e9es, d'abord en tant que routarde au long cours, puis comme r\u00e9dactrice sp\u00e9cialis\u00e9e. Mon terrain de pr\u00e9dilection, ce sont les circuits organis\u00e9s et l'art de bien pr\u00e9parer un itin\u00e9raire : choix de la saison, dur\u00e9e r\u00e9aliste des \u00e9tapes, budget jour par jour, logement et transport sur place. J'aime aussi raconter les p\u00e9pites urbaines, ces adresses qu'on ne trouve pas dans les guides classiques. Avant de publier un dossier destination, je croise toujours plusieurs sources, je v\u00e9rifie les tarifs et les formalit\u00e9s d'entr\u00e9e \u00e0 jour, et je teste moi-m\u00eame quand je le peux. Mon angle reste pratique avant tout : aider le lecteur \u00e0 partir l'esprit tranquille, sans mauvaise surprise une fois sur place. Je m'attache \u00e0 distinguer le coup de c\u0153ur sinc\u00e8re du simple argument marketing.","sameAs":["https:\/\/camillerouvray.fr\/"],"url":"https:\/\/voyage-aventure.com\/blog\/auteur\/noname\/"}]}},"_links":{"self":[{"href":"https:\/\/voyage-aventure.com\/blog\/wp-json\/wp\/v2\/posts\/10441","targetHints":{"allow":["GET"]}}],"collection":[{"href":"https:\/\/voyage-aventure.com\/blog\/wp-json\/wp\/v2\/posts"}],"about":[{"href":"https:\/\/voyage-aventure.com\/blog\/wp-json\/wp\/v2\/types\/post"}],"author":[{"embeddable":true,"href":"https:\/\/voyage-aventure.com\/blog\/wp-json\/wp\/v2\/users\/34"}],"replies":[{"embeddable":true,"href":"https:\/\/voyage-aventure.com\/blog\/wp-json\/wp\/v2\/comments?post=10441"}],"version-history":[{"count":2,"href":"https:\/\/voyage-aventure.com\/blog\/wp-json\/wp\/v2\/posts\/10441\/revisions"}],"predecessor-version":[{"id":10529,"href":"https:\/\/voyage-aventure.com\/blog\/wp-json\/wp\/v2\/posts\/10441\/revisions\/10529"}],"wp:featuredmedia":[{"embeddable":true,"href":"https:\/\/voyage-aventure.com\/blog\/wp-json\/wp\/v2\/media\/10442"}],"wp:attachment":[{"href":"https:\/\/voyage-aventure.com\/blog\/wp-json\/wp\/v2\/media?parent=10441"}],"wp:term":[{"taxonomy":"category","embeddable":true,"href":"https:\/\/voyage-aventure.com\/blog\/wp-json\/wp\/v2\/categories?post=10441"},{"taxonomy":"post_tag","embeddable":true,"href":"https:\/\/voyage-aventure.com\/blog\/wp-json\/wp\/v2\/tags?post=10441"}],"curies":[{"name":"wp","href":"https:\/\/api.w.org\/{rel}","templated":true}]}}