{"id":10337,"date":"2026-06-03T01:51:43","date_gmt":"2026-06-02T23:51:43","guid":{"rendered":"https:\/\/voyage-aventure.com\/blog\/a-la-une\/les-voyages-des-talibans-une-hypocrisie-face-aux-droits-des-afghans\/"},"modified":"2026-06-03T01:51:43","modified_gmt":"2026-06-02T23:51:43","slug":"les-voyages-des-talibans-une-hypocrisie-face-aux-droits-des-afghans","status":"publish","type":"post","link":"https:\/\/voyage-aventure.com\/blog\/a-la-une\/les-voyages-des-talibans-une-hypocrisie-face-aux-droits-des-afghans\/","title":{"rendered":"les voyages des talibans : une hypocrisie face aux droits des afghans"},"content":{"rendered":"<link rel=\"stylesheet\" href=\"https:\/\/fonts.googleapis.com\/css2?family=Newsreader:ital,opsz,wght@0,6..72,500;0,6..72,600;0,6..72,700;1,6..72,500;1,6..72,600&#038;family=Inter:wght@400;500;600&#038;family=JetBrains+Mono:wght@500&#038;display=swap\">\n<style>\n.va-taliban-wrap{font-family:'Inter',-apple-system,BlinkMacSystemFont,sans-serif;color:#1f2937;line-height:1.7;}\n.va-taliban-wrap h2{font-family:'Newsreader',Georgia,serif;font-weight:700;font-size:clamp(24px,3.2vw,33px);letter-spacing:-0.01em;color:#111827;margin:46px 0 16px;line-height:1.2;}\n.va-taliban-wrap h3{font-family:'Newsreader',Georgia,serif;font-weight:600;font-size:20px;color:#1f2937;margin:24px 0 10px;}\n.va-taliban-wrap p{font-size:17.5px;line-height:1.75;margin:16px 0;}\n.va-taliban-lead{font-family:'Newsreader',Georgia,serif;font-style:italic;font-size:21px;line-height:1.5;color:#374151;border-left:4px solid #1F2937;padding:6px 0 6px 22px;margin:24px 0 30px;}\n.va-taliban-kicker{font-family:'JetBrains Mono',monospace;font-size:11.5px;font-weight:500;text-transform:uppercase;letter-spacing:2.6px;color:#1F2937;}\n.va-taliban-ess{background:#f3f4f6;border:1px solid #e2e5ea;border-left:5px solid #1F2937;border-radius:0 8px 8px 0;padding:24px 26px 26px;margin:28px 0;}\n.va-taliban-ess .va-taliban-grid{display:grid;grid-template-columns:repeat(auto-fit,minmax(230px,1fr));gap:12px;margin-top:16px;}\n.va-taliban-cell{display:flex;gap:12px;background:#fff;border:1px solid #e2e5ea;border-radius:7px;padding:13px 15px;align-items:flex-start;transition:.25s ease;}\n.va-taliban-cell:hover{transform:translateY(-3px);box-shadow:0 10px 24px -16px rgba(16,24,40,.4);border-color:#cbd2db;}\n.va-taliban-tag{font-family:'JetBrains Mono',monospace;font-size:10.5px;font-weight:500;text-transform:uppercase;letter-spacing:1.6px;color:#1F2937;flex:0 0 auto;padding-top:2px;}\n.va-taliban-cell .va-taliban-txt{font-size:14.5px;line-height:1.5;color:#374151;}\n.va-taliban-cards{display:grid;grid-template-columns:repeat(auto-fit,minmax(240px,1fr));gap:14px;margin:26px 0;}\n.va-taliban-card{background:#fff;border:1px solid #e2e5ea;border-top:3px solid #1F2937;border-radius:7px;padding:18px 20px;transition:.25s ease;box-shadow:0 1px 2px rgba(16,24,40,.05);}\n.va-taliban-card:hover{transform:translateY(-3px);box-shadow:0 14px 30px -18px rgba(16,24,40,.5);}\n.va-taliban-card h3{margin:0 0 7px;font-size:17px;}\n.va-taliban-card .va-taliban-txt{font-size:14px;line-height:1.55;color:#4b5563;}\n.va-taliban-quote{font-family:'Newsreader',Georgia,serif;margin:38px auto;padding:26px 22px;text-align:center;border-top:1px solid #1f2937;border-bottom:1px solid #1f2937;max-width:660px;position:relative;}\n.va-taliban-quote .va-taliban-mark{position:absolute;top:-22px;left:50%;transform:translateX(-50%);background:#fff;padding:0 14px;font-size:50px;line-height:1;color:#1F2937;}\n.va-taliban-quote .va-taliban-q{font-size:24px;line-height:1.45;font-style:italic;color:#111827;}\n.va-taliban-quote .va-taliban-cite{margin-top:13px;font-family:'JetBrains Mono',monospace;font-size:11px;text-transform:uppercase;letter-spacing:2px;color:#6b7280;}\n.va-taliban-retenir{background:#fafbfc;border:1px solid #e2e5ea;border-radius:9px;padding:24px 26px;margin:34px 0;}\n.va-taliban-retenir .va-taliban-rh{font-family:'JetBrains Mono',monospace;font-size:11px;font-weight:500;text-transform:uppercase;letter-spacing:2.4px;color:#1F2937;margin-bottom:14px;}\n.va-taliban-retenir ul{margin:0;padding:0;list-style:none;}\n.va-taliban-retenir li{display:flex;gap:11px;align-items:flex-start;font-size:15px;line-height:1.55;color:#1f2937;padding:8px 0;border-bottom:1px solid #edeff2;}\n.va-taliban-retenir li:last-child{border-bottom:none;}\n.va-taliban-retenir li span{color:#1F2937;font-weight:700;flex:0 0 16px;font-family:'JetBrains Mono',monospace;}\n.va-taliban-faq{margin:34px 0;}\n.va-taliban-faq h2{margin-bottom:10px;}\n.va-taliban-faq details{border-bottom:1px solid #e2e5ea;}\n.va-taliban-faq summary{cursor:pointer;padding:16px 0;font-family:'Newsreader',Georgia,serif;font-size:18px;font-weight:600;color:#111827;list-style:none;display:flex;justify-content:space-between;align-items:center;gap:14px;}\n.va-taliban-faq summary::-webkit-details-marker{display:none;}\n.va-taliban-faq summary .va-taliban-plus{font-size:22px;font-weight:400;color:#1F2937;line-height:1;font-family:'Inter',sans-serif;}\n.va-taliban-faq .va-taliban-ans{padding:0 0 16px;font-size:15.5px;line-height:1.7;color:#4b5563;}\n.va-taliban-note{font-family:'Inter',sans-serif;font-size:13px;line-height:1.6;color:#6b7280;background:#f3f4f6;border-radius:7px;padding:14px 18px;margin:30px 0 10px;}\n<\/style>\n<div class=\"va-taliban-wrap\">\n<p class=\"va-taliban-lead\">Pendant que certains responsables talibans circulent \u00e0 travers le monde pour participer \u00e0 des rencontres internationales, les droits fondamentaux de millions d&rsquo;Afghans \u2014 et en premier lieu ceux des femmes \u2014 restent document\u00e9s comme bafou\u00e8s \u00e0 l&rsquo;int\u00e9rieur du pays. Un contraste que plusieurs organisations entendent rendre visible.<\/p>\n<div class=\"va-taliban-ess\">\n<div class=\"va-taliban-kicker\">L&rsquo;essentiel<\/div>\n<div class=\"va-taliban-grid\">\n<div class=\"va-taliban-cell\"><span class=\"va-taliban-tag\">Quoi<\/span><span class=\"va-taliban-txt\">Des dirigeants talibans voyagent \u00e0 l&rsquo;international malgr\u00e9 des restrictions, tandis que les droits des Afghans demeurent restreints sur le terrain.<\/span><\/div>\n<div class=\"va-taliban-cell\"><span class=\"va-taliban-tag\">Qui<\/span><span class=\"va-taliban-txt\">Le \u00ab Taliban Travel Tracker \u00bb du George W. Bush Institute recense ces d\u00e9placements et leurs exemptions.<\/span><\/div>\n<div class=\"va-taliban-cell\"><span class=\"va-taliban-tag\">Enjeu<\/span><span class=\"va-taliban-txt\">Ces voyages interrogent la coh\u00e9rence des sanctions internationales et la question de la l\u00e9gitimit\u00e9 accord\u00e9e au r\u00e9gime.<\/span><\/div>\n<\/p><\/div>\n<\/div>\n<h2>Des sanctions au cadre contourn\u00e9<\/h2>\n<p>Selon les constats relay\u00e9s par le rapport, les sanctions internationales visant les talibans font r\u00e9guli\u00e8rement l&rsquo;objet d&rsquo;exemptions qui en limitent la port\u00e9e. La <strong>r\u00e9solution 1988 des Nations unies<\/strong> pr\u00e9voit des restrictions de voyage \u00e0 l&rsquo;encontre de certains responsables, mais le rapport souligne que de nombreux membres actuels du r\u00e9gime \u00e9chappent dans les faits \u00e0 ces mesures. Plusieurs d&rsquo;entre eux participent ainsi \u00e0 des \u00e9v\u00e9nements internationaux.<\/p>\n<p>Le <strong>\u00ab Taliban Travel Tracker \u00bb<\/strong>, lanc\u00e9 par le <strong>George W. Bush Institute<\/strong>, s&rsquo;attache \u00e0 documenter ces exemptions et les d\u00e9placements qu&rsquo;elles autorisent. D&rsquo;apr\u00e8s les responsables du rapport, ces d\u00e9rogations affaiblissent les efforts internationaux destin\u00e9s \u00e0 faire \u00e9voluer la situation en Afghanistan. En parall\u00e8le de ces d\u00e9placements, les femmes afghanes et d&rsquo;autres groupes d\u00e9crits comme marginalis\u00e9s voient, selon ces m\u00eames constats, leurs droits fondamentaux restreints.<\/p>\n<div class=\"va-taliban-cards\">\n<div class=\"va-taliban-card\">\n<div class=\"va-taliban-kicker\">Le cadre<\/div>\n<h3>R\u00e9solution 1988 de l&rsquo;ONU<\/h3>\n<div class=\"va-taliban-txt\">Elle pr\u00e9voit des restrictions de voyage ciblant certains responsables talibans, mais son application fait l&rsquo;objet d&rsquo;exemptions selon le rapport.<\/div>\n<\/div>\n<div class=\"va-taliban-card\">\n<div class=\"va-taliban-kicker\">L&rsquo;observation<\/div>\n<h3>Taliban Travel Tracker<\/h3>\n<div class=\"va-taliban-txt\">Outil de suivi du George W. Bush Institute qui recense les d\u00e9placements internationaux et les d\u00e9rogations accord\u00e9es.<\/div>\n<\/div>\n<div class=\"va-taliban-card\">\n<div class=\"va-taliban-kicker\">Le contraste<\/div>\n<h3>Droits restreints sur place<\/h3>\n<div class=\"va-taliban-txt\">Les constats rapport\u00e9s font \u00e9tat de restrictions visant les femmes afghanes et d&rsquo;autres groupes \u00e0 l&rsquo;int\u00e9rieur du pays.<\/div>\n<\/div>\n<\/div>\n<p><iframe loading=\"lazy\" title=\"Les Talibans se lient d\u2019amiti\u00e9 avec la Chine et esp\u00e8rent n\u00e9gocier\" width=\"1200\" height=\"675\" src=\"https:\/\/www.youtube.com\/embed\/x0Cf85fVyy0?feature=oembed\" frameborder=\"0\" allow=\"accelerometer; autoplay; clipboard-write; encrypted-media; gyroscope; picture-in-picture; web-share\" referrerpolicy=\"strict-origin-when-cross-origin\" allowfullscreen><\/iframe><\/p>\n<h2>La question de la l\u00e9gitimit\u00e9 internationale<\/h2>\n<p>Au-del\u00e0 du cadre des sanctions, ces d\u00e9placements posent la question de la reconnaissance accord\u00e9e au r\u00e9gime. En prenant part \u00e0 des conf\u00e9rences et en nouant des contacts diplomatiques, des responsables talibans cherchent, selon le rapport, \u00e0 consolider leur image sur la sc\u00e8ne internationale, malgr\u00e9 un historique de violations des droits humains document\u00e9 par des organisations de d\u00e9fense des droits.<\/p>\n<p>Le rapport rel\u00e8ve \u00e9galement que des pays comme <strong>la Russie<\/strong> et <strong>la Chine<\/strong> re\u00e7oivent r\u00e9guli\u00e8rement des dirigeants talibans, facilitant leurs d\u00e9placements et certains \u00e9changes. Pour les auteurs, cette visibilit\u00e9 renforce la position du r\u00e9gime tout en compliquant les efforts de la communaut\u00e9 internationale visant \u00e0 le tenir responsable de ses actes.<\/p>\n<figure class=\"va-taliban-quote\">\n<div class=\"va-taliban-mark\" aria-hidden=\"true\">\u00ab<\/div>\n<div class=\"va-taliban-q\">Alors que les responsables talibans parcourent le monde, les femmes afghanes sont priv\u00e9es de leurs droits fondamentaux.<\/div>\n<div class=\"va-taliban-cite\">\u2014 Natalie Gonnella-Platts<\/div>\n<\/figure>\n<h2>Vers une approche plus coh\u00e9rente des sanctions<\/h2>\n<p>Pour que les sanctions gagnent en efficacit\u00e9, le rapport plaide pour une approche internationale plus coh\u00e9rente et plus stricte. Parmi les pistes avanc\u00e9es : ne pas financer les d\u00e9placements des responsables talibans, ce qui pourrait \u00eatre interpr\u00e9t\u00e9 comme une forme de reconnaissance, et renforcer l&rsquo;isolement du r\u00e9gime afin de maintenir une pression diplomatique.<\/p>\n<p>Les auteurs sugg\u00e8rent aussi d&rsquo;assortir cette strat\u00e9gie d&rsquo;<strong>objectifs clairs et mesurables<\/strong>, permettant d&rsquo;\u00e9valuer l&rsquo;effet r\u00e9el des sanctions dans le temps. Dans cette logique, l&rsquo;acc\u00e8s \u00e0 la sc\u00e8ne internationale serait conditionn\u00e9 \u00e0 des \u00e9volutions concr\u00e8tes sur le respect des droits des Afghans.<\/p>\n<div class=\"va-taliban-retenir\">\n<div class=\"va-taliban-rh\">\u00c0 retenir<\/div>\n<ul>\n<li><span>01<\/span>Selon le rapport, des responsables talibans b\u00e9n\u00e9ficient d&rsquo;exemptions de voyage malgr\u00e9 les restrictions pr\u00e9vues par la r\u00e9solution 1988 de l&rsquo;ONU.<\/li>\n<li><span>02<\/span>Des pays comme la Russie et la Chine accueillent r\u00e9guli\u00e8rement ces dirigeants, facilitant leurs d\u00e9placements.<\/li>\n<li><span>03<\/span>Le \u00ab Taliban Travel Tracker \u00bb du George W. Bush Institute documente ces d\u00e9placements et leurs d\u00e9rogations.<\/li>\n<li><span>04<\/span>Les auteurs appellent \u00e0 des sanctions plus coh\u00e9rentes, assorties d&rsquo;objectifs clairs et mesurables.<\/li>\n<\/ul>\n<\/div>\n<h2>L&rsquo;essentiel \u00e0 comprendre<\/h2>\n<p>La situation d\u00e9crite par le rapport met en regard deux r\u00e9alit\u00e9s : la libert\u00e9 de d\u00e9placement dont disposent certains responsables talibans \u00e0 l&rsquo;\u00e9tranger, et les restrictions document\u00e9es qui p\u00e8sent \u00e0 l&rsquo;int\u00e9rieur de l&rsquo;Afghanistan, notamment sur les femmes. Pour les organisations qui suivent ce dossier, cette tension justifie une vigilance soutenue de la communaut\u00e9 internationale et une application plus rigoureuse des mesures existantes.<\/p>\n<div class=\"va-taliban-faq\">\n<h2>Questions fr\u00e9quentes<\/h2>\n<details>\n<summary><span>Qu&rsquo;est-ce que le \u00ab Taliban Travel Tracker \u00bb ?<\/span><span class=\"va-taliban-plus\">+<\/span><\/summary>\n<div class=\"va-taliban-ans\">C&rsquo;est un dispositif de suivi lanc\u00e9 par le George W. Bush Institute, qui recense les d\u00e9placements internationaux de responsables talibans et les exemptions dont ils b\u00e9n\u00e9ficient au regard des restrictions de voyage.<\/div>\n<\/details>\n<details>\n<summary><span>Que pr\u00e9voit la r\u00e9solution 1988 des Nations unies ?<\/span><span class=\"va-taliban-plus\">+<\/span><\/summary>\n<div class=\"va-taliban-ans\">Selon le rapport, elle impose des restrictions de voyage \u00e0 certains responsables talibans. Le rapport rel\u00e8ve toutefois que de nombreux membres actuels du r\u00e9gime \u00e9chappent dans les faits \u00e0 ces mesures via des exemptions.<\/div>\n<\/details>\n<details>\n<summary><span>Pourquoi ces voyages font-ils d\u00e9bat ?<\/span><span class=\"va-taliban-plus\">+<\/span><\/summary>\n<div class=\"va-taliban-ans\">Parce qu&rsquo;ils contrastent, d&rsquo;apr\u00e8s les constats rapport\u00e9s, avec les restrictions document\u00e9es visant les droits des Afghans \u2014 en particulier des femmes \u2014 \u00e0 l&rsquo;int\u00e9rieur du pays, et qu&rsquo;ils interrogent la coh\u00e9rence des sanctions internationales.<\/div>\n<\/details>\n<details>\n<summary><span>Quels pays sont cit\u00e9s comme accueillant des dirigeants talibans ?<\/span><span class=\"va-taliban-plus\">+<\/span><\/summary>\n<div class=\"va-taliban-ans\">Le rapport mentionne notamment la Russie et la Chine, qui re\u00e7oivent r\u00e9guli\u00e8rement des responsables talibans et facilitent leurs d\u00e9placements.<\/div>\n<\/details>\n<\/div>\n<div class=\"va-taliban-note\">Cet article est informatif et s&rsquo;appuie sur les constats publics du rapport \u00ab Taliban Travel Tracker \u00bb du George W. Bush Institute. Les \u00e9l\u00e9ments rapport\u00e9s sont attribu\u00e9s \u00e0 leurs sources et ne constituent pas une prise de position.<\/div>\n<p><img decoding=\"async\" width=\"1024\" height=\"576\" src=\"https:\/\/voyage-aventure.com\/blog\/wp-content\/uploads\/2025\/02\/stability-les-voyages-des-talibans-une-hypocrisie-face-aux-droits-des-afghans-1.png\" class=\"aligncenter\" alt=\"Illustration d\u00e9taill\u00e9e sur les voyages des talibans : une hypocrisie face aux droits des afghans\" title=\"les voyages des talibans : une hypocrisie face aux droits des afghans\" loading=\"lazy\" \/>\n<\/div>\n","protected":false},"excerpt":{"rendered":"","protected":false},"author":34,"featured_media":10338,"comment_status":"open","ping_status":"open","sticky":false,"template":"","format":"standard","meta":{"_acf_changed":false,"manual_indexmenow":false,"indexmenow_id_project":0,"footnotes":""},"categories":[1],"tags":[5880,5782,5879,5878,5881],"class_list":["post-10337","post","type-post","status-publish","format-standard","has-post-thumbnail","hentry","category-a-la-une","tag-afghanistan","tag-droits-humains","tag-legitimite-internationale","tag-sanctions","tag-securite-mondiale","generate-columns","tablet-grid-50","mobile-grid-100","grid-parent","grid-25"],"acf":[],"yoast_head":"<!-- This site is optimized with the Yoast SEO Premium plugin v21.3 (Yoast SEO v25.1) - https:\/\/yoast.com\/wordpress\/plugins\/seo\/ -->\n<title>les voyages des talibans : une hypocrisie face aux droits<\/title>\n<meta name=\"description\" content=\"Pendant que certains responsables talibans circulent \u00e0 travers le monde pour participer \u00e0 des rencontres internationales, les droits fondamentaux de\" \/>\n<meta name=\"robots\" content=\"index, follow, max-snippet:-1, max-image-preview:large, max-video-preview:-1\" \/>\n<link rel=\"canonical\" href=\"https:\/\/voyage-aventure.com\/blog\/a-la-une\/les-voyages-des-talibans-une-hypocrisie-face-aux-droits-des-afghans\/\" \/>\n<meta property=\"og:locale\" content=\"fr_FR\" \/>\n<meta property=\"og:type\" content=\"article\" \/>\n<meta property=\"og:title\" content=\"les voyages des talibans : une hypocrisie face aux droits\" \/>\n<meta property=\"og:description\" content=\"Pendant que certains responsables talibans circulent \u00e0 travers le monde pour participer \u00e0 des rencontres internationales, les droits fondamentaux de\" \/>\n<meta property=\"og:url\" content=\"https:\/\/voyage-aventure.com\/blog\/a-la-une\/les-voyages-des-talibans-une-hypocrisie-face-aux-droits-des-afghans\/\" \/>\n<meta property=\"og:site_name\" content=\"voyage-aventure\" \/>\n<meta property=\"og:image\" content=\"https:\/\/voyage-aventure.com\/blog\/wp-content\/uploads\/2025\/02\/stability-les-voyages-des-talibans-une-hypocrisie-face-aux-droits-des-afghans.png\" \/>\n\t<meta property=\"og:image:width\" content=\"1024\" \/>\n\t<meta property=\"og:image:height\" content=\"576\" \/>\n\t<meta property=\"og:image:type\" content=\"image\/png\" \/>\n<meta name=\"author\" content=\"Camille Rouvray\" \/>\n<meta name=\"twitter:card\" content=\"summary_large_image\" \/>\n<script type=\"application\/ld+json\" class=\"yoast-schema-graph\">{\"@context\":\"https:\/\/schema.org\",\"@graph\":[{\"@type\":\"NewsArticle\",\"@id\":\"https:\/\/voyage-aventure.com\/blog\/a-la-une\/les-voyages-des-talibans-une-hypocrisie-face-aux-droits-des-afghans\/#article\",\"isPartOf\":{\"@id\":\"https:\/\/voyage-aventure.com\/blog\/a-la-une\/les-voyages-des-talibans-une-hypocrisie-face-aux-droits-des-afghans\/\"},\"author\":{\"name\":\"Camille Rouvray\",\"@id\":\"https:\/\/voyage-aventure.com\/blog\/#\/schema\/person\/3c864cdc320801e3db34b663e7e3f816\"},\"headline\":\"les voyages des talibans : une hypocrisie face aux droits des afghans\",\"datePublished\":\"2026-06-02T23:51:43+00:00\",\"mainEntityOfPage\":{\"@id\":\"https:\/\/voyage-aventure.com\/blog\/a-la-une\/les-voyages-des-talibans-une-hypocrisie-face-aux-droits-des-afghans\/\"},\"wordCount\":975,\"commentCount\":24,\"publisher\":{\"@id\":\"https:\/\/voyage-aventure.com\/blog\/#organization\"},\"image\":{\"@id\":\"https:\/\/voyage-aventure.com\/blog\/a-la-une\/les-voyages-des-talibans-une-hypocrisie-face-aux-droits-des-afghans\/#primaryimage\"},\"thumbnailUrl\":\"https:\/\/voyage-aventure.com\/blog\/wp-content\/uploads\/2025\/02\/stability-les-voyages-des-talibans-une-hypocrisie-face-aux-droits-des-afghans.png\",\"keywords\":[\"Afghanistan\",\"Droits Humains\",\"L\u00e9gitimit\u00e9 Internationale\",\"Sanctions\",\"S\u00e9curit\u00e9 Mondiale\"],\"articleSection\":[\"\u00c0 la une\"],\"inLanguage\":\"fr-FR\",\"potentialAction\":[{\"@type\":\"CommentAction\",\"name\":\"Comment\",\"target\":[\"https:\/\/voyage-aventure.com\/blog\/a-la-une\/les-voyages-des-talibans-une-hypocrisie-face-aux-droits-des-afghans\/#respond\"]}]},{\"@type\":\"WebPage\",\"@id\":\"https:\/\/voyage-aventure.com\/blog\/a-la-une\/les-voyages-des-talibans-une-hypocrisie-face-aux-droits-des-afghans\/\",\"url\":\"https:\/\/voyage-aventure.com\/blog\/a-la-une\/les-voyages-des-talibans-une-hypocrisie-face-aux-droits-des-afghans\/\",\"name\":\"les voyages des talibans : une hypocrisie face aux droits\",\"isPartOf\":{\"@id\":\"https:\/\/voyage-aventure.com\/blog\/#website\"},\"primaryImageOfPage\":{\"@id\":\"https:\/\/voyage-aventure.com\/blog\/a-la-une\/les-voyages-des-talibans-une-hypocrisie-face-aux-droits-des-afghans\/#primaryimage\"},\"image\":{\"@id\":\"https:\/\/voyage-aventure.com\/blog\/a-la-une\/les-voyages-des-talibans-une-hypocrisie-face-aux-droits-des-afghans\/#primaryimage\"},\"thumbnailUrl\":\"https:\/\/voyage-aventure.com\/blog\/wp-content\/uploads\/2025\/02\/stability-les-voyages-des-talibans-une-hypocrisie-face-aux-droits-des-afghans.png\",\"datePublished\":\"2026-06-02T23:51:43+00:00\",\"description\":\"Pendant que certains responsables talibans circulent \u00e0 travers le monde pour participer \u00e0 des rencontres internationales, les droits fondamentaux de\",\"inLanguage\":\"fr-FR\",\"potentialAction\":[{\"@type\":\"ReadAction\",\"target\":[\"https:\/\/voyage-aventure.com\/blog\/a-la-une\/les-voyages-des-talibans-une-hypocrisie-face-aux-droits-des-afghans\/\"]}]},{\"@type\":\"ImageObject\",\"inLanguage\":\"fr-FR\",\"@id\":\"https:\/\/voyage-aventure.com\/blog\/a-la-une\/les-voyages-des-talibans-une-hypocrisie-face-aux-droits-des-afghans\/#primaryimage\",\"url\":\"https:\/\/voyage-aventure.com\/blog\/wp-content\/uploads\/2025\/02\/stability-les-voyages-des-talibans-une-hypocrisie-face-aux-droits-des-afghans.png\",\"contentUrl\":\"https:\/\/voyage-aventure.com\/blog\/wp-content\/uploads\/2025\/02\/stability-les-voyages-des-talibans-une-hypocrisie-face-aux-droits-des-afghans.png\",\"width\":1024,\"height\":576},{\"@type\":\"WebSite\",\"@id\":\"https:\/\/voyage-aventure.com\/blog\/#website\",\"url\":\"https:\/\/voyage-aventure.com\/blog\/\",\"name\":\"voyage-aventure.com\",\"description\":\"Votre passeport pour l\u2019inattendu.\",\"publisher\":{\"@id\":\"https:\/\/voyage-aventure.com\/blog\/#organization\"},\"alternateName\":\"Votre passeport pour l\u2019inattendu.\",\"potentialAction\":[{\"@type\":\"SearchAction\",\"target\":{\"@type\":\"EntryPoint\",\"urlTemplate\":\"https:\/\/voyage-aventure.com\/blog\/?s={search_term_string}\"},\"query-input\":{\"@type\":\"PropertyValueSpecification\",\"valueRequired\":true,\"valueName\":\"search_term_string\"}}],\"inLanguage\":\"fr-FR\"},{\"@type\":\"Organization\",\"@id\":\"https:\/\/voyage-aventure.com\/blog\/#organization\",\"name\":\"Foretsensations.fr\",\"url\":\"https:\/\/voyage-aventure.com\/blog\/\",\"logo\":{\"@type\":\"ImageObject\",\"inLanguage\":\"fr-FR\",\"@id\":\"https:\/\/voyage-aventure.com\/blog\/#\/schema\/logo\/image\/\",\"url\":\"https:\/\/voyage-aventure.com\/blog\/wp-content\/uploads\/2024\/12\/19.png\",\"contentUrl\":\"https:\/\/voyage-aventure.com\/blog\/wp-content\/uploads\/2024\/12\/19.png\",\"width\":512,\"height\":512,\"caption\":\"Foretsensations.fr\"},\"image\":{\"@id\":\"https:\/\/voyage-aventure.com\/blog\/#\/schema\/logo\/image\/\"}},{\"@type\":\"Person\",\"@id\":\"https:\/\/voyage-aventure.com\/blog\/#\/schema\/person\/3c864cdc320801e3db34b663e7e3f816\",\"name\":\"Camille Rouvray\",\"image\":{\"@type\":\"ImageObject\",\"inLanguage\":\"fr-FR\",\"@id\":\"https:\/\/voyage-aventure.com\/blog\/#\/schema\/person\/image\/\",\"url\":\"https:\/\/voyage-aventure.com\/blog\/wp-content\/uploads\/2026\/06\/persona_camille-r-96x96.jpg\",\"contentUrl\":\"https:\/\/voyage-aventure.com\/blog\/wp-content\/uploads\/2026\/06\/persona_camille-r-96x96.jpg\",\"caption\":\"Camille Rouvray\"},\"description\":\"Je voyage et j'\u00e9cris sur le voyage depuis une douzaine d'ann\u00e9es, d'abord en tant que routarde au long cours, puis comme r\u00e9dactrice sp\u00e9cialis\u00e9e. Mon terrain de pr\u00e9dilection, ce sont les circuits organis\u00e9s et l'art de bien pr\u00e9parer un itin\u00e9raire : choix de la saison, dur\u00e9e r\u00e9aliste des \u00e9tapes, budget jour par jour, logement et transport sur place. J'aime aussi raconter les p\u00e9pites urbaines, ces adresses qu'on ne trouve pas dans les guides classiques. Avant de publier un dossier destination, je croise toujours plusieurs sources, je v\u00e9rifie les tarifs et les formalit\u00e9s d'entr\u00e9e \u00e0 jour, et je teste moi-m\u00eame quand je le peux. Mon angle reste pratique avant tout : aider le lecteur \u00e0 partir l'esprit tranquille, sans mauvaise surprise une fois sur place. Je m'attache \u00e0 distinguer le coup de c\u0153ur sinc\u00e8re du simple argument marketing.\",\"sameAs\":[\"https:\/\/camillerouvray.fr\/\"],\"url\":\"https:\/\/voyage-aventure.com\/blog\/auteur\/noname\/\"}]}<\/script>\n<!-- \/ Yoast SEO Premium plugin. -->","yoast_head_json":{"title":"les voyages des talibans : une hypocrisie face aux droits","description":"Pendant que certains responsables talibans circulent \u00e0 travers le monde pour participer \u00e0 des rencontres internationales, les droits fondamentaux de","robots":{"index":"index","follow":"follow","max-snippet":"max-snippet:-1","max-image-preview":"max-image-preview:large","max-video-preview":"max-video-preview:-1"},"canonical":"https:\/\/voyage-aventure.com\/blog\/a-la-une\/les-voyages-des-talibans-une-hypocrisie-face-aux-droits-des-afghans\/","og_locale":"fr_FR","og_type":"article","og_title":"les voyages des talibans : une hypocrisie face aux droits","og_description":"Pendant que certains responsables talibans circulent \u00e0 travers le monde pour participer \u00e0 des rencontres internationales, les droits fondamentaux de","og_url":"https:\/\/voyage-aventure.com\/blog\/a-la-une\/les-voyages-des-talibans-une-hypocrisie-face-aux-droits-des-afghans\/","og_site_name":"voyage-aventure","og_image":[{"width":1024,"height":576,"url":"https:\/\/voyage-aventure.com\/blog\/wp-content\/uploads\/2025\/02\/stability-les-voyages-des-talibans-une-hypocrisie-face-aux-droits-des-afghans.png","type":"image\/png"}],"author":"Camille Rouvray","twitter_card":"summary_large_image","schema":{"@context":"https:\/\/schema.org","@graph":[{"@type":"NewsArticle","@id":"https:\/\/voyage-aventure.com\/blog\/a-la-une\/les-voyages-des-talibans-une-hypocrisie-face-aux-droits-des-afghans\/#article","isPartOf":{"@id":"https:\/\/voyage-aventure.com\/blog\/a-la-une\/les-voyages-des-talibans-une-hypocrisie-face-aux-droits-des-afghans\/"},"author":{"name":"Camille Rouvray","@id":"https:\/\/voyage-aventure.com\/blog\/#\/schema\/person\/3c864cdc320801e3db34b663e7e3f816"},"headline":"les voyages des talibans : une hypocrisie face aux droits des afghans","datePublished":"2026-06-02T23:51:43+00:00","mainEntityOfPage":{"@id":"https:\/\/voyage-aventure.com\/blog\/a-la-une\/les-voyages-des-talibans-une-hypocrisie-face-aux-droits-des-afghans\/"},"wordCount":975,"commentCount":24,"publisher":{"@id":"https:\/\/voyage-aventure.com\/blog\/#organization"},"image":{"@id":"https:\/\/voyage-aventure.com\/blog\/a-la-une\/les-voyages-des-talibans-une-hypocrisie-face-aux-droits-des-afghans\/#primaryimage"},"thumbnailUrl":"https:\/\/voyage-aventure.com\/blog\/wp-content\/uploads\/2025\/02\/stability-les-voyages-des-talibans-une-hypocrisie-face-aux-droits-des-afghans.png","keywords":["Afghanistan","Droits Humains","L\u00e9gitimit\u00e9 Internationale","Sanctions","S\u00e9curit\u00e9 Mondiale"],"articleSection":["\u00c0 la une"],"inLanguage":"fr-FR","potentialAction":[{"@type":"CommentAction","name":"Comment","target":["https:\/\/voyage-aventure.com\/blog\/a-la-une\/les-voyages-des-talibans-une-hypocrisie-face-aux-droits-des-afghans\/#respond"]}]},{"@type":"WebPage","@id":"https:\/\/voyage-aventure.com\/blog\/a-la-une\/les-voyages-des-talibans-une-hypocrisie-face-aux-droits-des-afghans\/","url":"https:\/\/voyage-aventure.com\/blog\/a-la-une\/les-voyages-des-talibans-une-hypocrisie-face-aux-droits-des-afghans\/","name":"les voyages des talibans : une hypocrisie face aux droits","isPartOf":{"@id":"https:\/\/voyage-aventure.com\/blog\/#website"},"primaryImageOfPage":{"@id":"https:\/\/voyage-aventure.com\/blog\/a-la-une\/les-voyages-des-talibans-une-hypocrisie-face-aux-droits-des-afghans\/#primaryimage"},"image":{"@id":"https:\/\/voyage-aventure.com\/blog\/a-la-une\/les-voyages-des-talibans-une-hypocrisie-face-aux-droits-des-afghans\/#primaryimage"},"thumbnailUrl":"https:\/\/voyage-aventure.com\/blog\/wp-content\/uploads\/2025\/02\/stability-les-voyages-des-talibans-une-hypocrisie-face-aux-droits-des-afghans.png","datePublished":"2026-06-02T23:51:43+00:00","description":"Pendant que certains responsables talibans circulent \u00e0 travers le monde pour participer \u00e0 des rencontres internationales, les droits fondamentaux de","inLanguage":"fr-FR","potentialAction":[{"@type":"ReadAction","target":["https:\/\/voyage-aventure.com\/blog\/a-la-une\/les-voyages-des-talibans-une-hypocrisie-face-aux-droits-des-afghans\/"]}]},{"@type":"ImageObject","inLanguage":"fr-FR","@id":"https:\/\/voyage-aventure.com\/blog\/a-la-une\/les-voyages-des-talibans-une-hypocrisie-face-aux-droits-des-afghans\/#primaryimage","url":"https:\/\/voyage-aventure.com\/blog\/wp-content\/uploads\/2025\/02\/stability-les-voyages-des-talibans-une-hypocrisie-face-aux-droits-des-afghans.png","contentUrl":"https:\/\/voyage-aventure.com\/blog\/wp-content\/uploads\/2025\/02\/stability-les-voyages-des-talibans-une-hypocrisie-face-aux-droits-des-afghans.png","width":1024,"height":576},{"@type":"WebSite","@id":"https:\/\/voyage-aventure.com\/blog\/#website","url":"https:\/\/voyage-aventure.com\/blog\/","name":"voyage-aventure.com","description":"Votre passeport pour l\u2019inattendu.","publisher":{"@id":"https:\/\/voyage-aventure.com\/blog\/#organization"},"alternateName":"Votre passeport pour l\u2019inattendu.","potentialAction":[{"@type":"SearchAction","target":{"@type":"EntryPoint","urlTemplate":"https:\/\/voyage-aventure.com\/blog\/?s={search_term_string}"},"query-input":{"@type":"PropertyValueSpecification","valueRequired":true,"valueName":"search_term_string"}}],"inLanguage":"fr-FR"},{"@type":"Organization","@id":"https:\/\/voyage-aventure.com\/blog\/#organization","name":"Foretsensations.fr","url":"https:\/\/voyage-aventure.com\/blog\/","logo":{"@type":"ImageObject","inLanguage":"fr-FR","@id":"https:\/\/voyage-aventure.com\/blog\/#\/schema\/logo\/image\/","url":"https:\/\/voyage-aventure.com\/blog\/wp-content\/uploads\/2024\/12\/19.png","contentUrl":"https:\/\/voyage-aventure.com\/blog\/wp-content\/uploads\/2024\/12\/19.png","width":512,"height":512,"caption":"Foretsensations.fr"},"image":{"@id":"https:\/\/voyage-aventure.com\/blog\/#\/schema\/logo\/image\/"}},{"@type":"Person","@id":"https:\/\/voyage-aventure.com\/blog\/#\/schema\/person\/3c864cdc320801e3db34b663e7e3f816","name":"Camille Rouvray","image":{"@type":"ImageObject","inLanguage":"fr-FR","@id":"https:\/\/voyage-aventure.com\/blog\/#\/schema\/person\/image\/","url":"https:\/\/voyage-aventure.com\/blog\/wp-content\/uploads\/2026\/06\/persona_camille-r-96x96.jpg","contentUrl":"https:\/\/voyage-aventure.com\/blog\/wp-content\/uploads\/2026\/06\/persona_camille-r-96x96.jpg","caption":"Camille Rouvray"},"description":"Je voyage et j'\u00e9cris sur le voyage depuis une douzaine d'ann\u00e9es, d'abord en tant que routarde au long cours, puis comme r\u00e9dactrice sp\u00e9cialis\u00e9e. Mon terrain de pr\u00e9dilection, ce sont les circuits organis\u00e9s et l'art de bien pr\u00e9parer un itin\u00e9raire : choix de la saison, dur\u00e9e r\u00e9aliste des \u00e9tapes, budget jour par jour, logement et transport sur place. J'aime aussi raconter les p\u00e9pites urbaines, ces adresses qu'on ne trouve pas dans les guides classiques. Avant de publier un dossier destination, je croise toujours plusieurs sources, je v\u00e9rifie les tarifs et les formalit\u00e9s d'entr\u00e9e \u00e0 jour, et je teste moi-m\u00eame quand je le peux. Mon angle reste pratique avant tout : aider le lecteur \u00e0 partir l'esprit tranquille, sans mauvaise surprise une fois sur place. Je m'attache \u00e0 distinguer le coup de c\u0153ur sinc\u00e8re du simple argument marketing.","sameAs":["https:\/\/camillerouvray.fr\/"],"url":"https:\/\/voyage-aventure.com\/blog\/auteur\/noname\/"}]}},"_links":{"self":[{"href":"https:\/\/voyage-aventure.com\/blog\/wp-json\/wp\/v2\/posts\/10337","targetHints":{"allow":["GET"]}}],"collection":[{"href":"https:\/\/voyage-aventure.com\/blog\/wp-json\/wp\/v2\/posts"}],"about":[{"href":"https:\/\/voyage-aventure.com\/blog\/wp-json\/wp\/v2\/types\/post"}],"author":[{"embeddable":true,"href":"https:\/\/voyage-aventure.com\/blog\/wp-json\/wp\/v2\/users\/34"}],"replies":[{"embeddable":true,"href":"https:\/\/voyage-aventure.com\/blog\/wp-json\/wp\/v2\/comments?post=10337"}],"version-history":[{"count":2,"href":"https:\/\/voyage-aventure.com\/blog\/wp-json\/wp\/v2\/posts\/10337\/revisions"}],"predecessor-version":[{"id":21471,"href":"https:\/\/voyage-aventure.com\/blog\/wp-json\/wp\/v2\/posts\/10337\/revisions\/21471"}],"wp:featuredmedia":[{"embeddable":true,"href":"https:\/\/voyage-aventure.com\/blog\/wp-json\/wp\/v2\/media\/10338"}],"wp:attachment":[{"href":"https:\/\/voyage-aventure.com\/blog\/wp-json\/wp\/v2\/media?parent=10337"}],"wp:term":[{"taxonomy":"category","embeddable":true,"href":"https:\/\/voyage-aventure.com\/blog\/wp-json\/wp\/v2\/categories?post=10337"},{"taxonomy":"post_tag","embeddable":true,"href":"https:\/\/voyage-aventure.com\/blog\/wp-json\/wp\/v2\/tags?post=10337"}],"curies":[{"name":"wp","href":"https:\/\/api.w.org\/{rel}","templated":true}]}}