{"id":10276,"date":"2025-02-18T17:25:28","date_gmt":"2025-02-18T16:25:28","guid":{"rendered":"https:\/\/voyage-aventure.com\/blog\/?p=10276"},"modified":"2025-02-18T15:53:23","modified_gmt":"2025-02-18T14:53:23","slug":"le-maire-de-deltona-echappe-a-des-sanctions-malgre-une-violation-de-la-politique-de-voyage","status":"publish","type":"post","link":"https:\/\/voyage-aventure.com\/blog\/a-la-une\/le-maire-de-deltona-echappe-a-des-sanctions-malgre-une-violation-de-la-politique-de-voyage\/","title":{"rendered":"Le maire de Deltona \u00e9chappe \u00e0 des sanctions malgr\u00e9 une violation de la politique de voyage"},"content":{"rendered":"<h2>Une controverse qui divise la ville<\/h2>\n<p>Le maire de Deltona, Santiago Avila Jr., a r\u00e9cemment \u00e9t\u00e9 au c\u0153ur d&rsquo;une pol\u00e9mique apr\u00e8s avoir \u00e9t\u00e9 accus\u00e9 de violations de la politique de voyage de la ville. Bien qu&rsquo;il ait \u00e9t\u00e9 reconnu coupable par plusieurs commissaires, un vote de non-confiance a \u00e9chou\u00e9 de justesse, soulignant les tensions au sein du conseil municipal. Cette situation a suscit\u00e9 un d\u00e9bat intense parmi les \u00e9lus et les habitants sur l&rsquo;\u00e9thique et la responsabilit\u00e9 des dirigeants locaux.<\/p>\n<p>Les accusations portent sur un voyage effectu\u00e9 \u00e0 Washington D.C. pendant l&rsquo;inauguration pr\u00e9sidentielle, voyage que le maire aurait effectu\u00e9 sans approbation pr\u00e9alable. Les d\u00e9penses associ\u00e9es, incluant l&rsquo;h\u00e9bergement et l&rsquo;utilisation d&rsquo;un v\u00e9hicule de la ville, ont soulev\u00e9 des inqui\u00e9tudes quant \u00e0 l&rsquo;utilisation appropri\u00e9e des fonds publics. La pr\u00e9sence de l&rsquo;\u00e9pouse du maire lors de ce voyage a \u00e9galement \u00e9t\u00e9 un point de discorde.<\/p>\n<h2>Une d\u00e9fense controvers\u00e9e<\/h2>\n<p>En r\u00e9ponse aux accusations, le maire Avila a fourni une explication d\u00e9taill\u00e9e de son d\u00e9placement. Il a d\u00e9clar\u00e9 que sa pr\u00e9sence \u00e0 Washington \u00e9tait li\u00e9e \u00e0 la Conf\u00e9rence des maires des \u00c9tats-Unis, qui se tenait du 17 au 19 janvier. Avila a \u00e9galement mentionn\u00e9 une rencontre avec le s\u00e9nateur Rick Scott durant son s\u00e9jour, affirmant que cela \u00e9tait crucial pour discuter de financements importants pour la ville.<\/p>\n<blockquote><p>\u00ab\u00a0Je n&rsquo;ai rien fait de mal. Le but de mon voyage \u00e9tait de repr\u00e9senter Deltona et de rechercher des opportunit\u00e9s de financement,\u00a0\u00bb a d\u00e9clar\u00e9 Avila dans un communiqu\u00e9.<\/p><\/blockquote>\n<p> Cette d\u00e9fense a toutefois \u00e9t\u00e9 accueillie avec scepticisme par certains membres du conseil municipal, qui estiment que les r\u00e8gles doivent \u00eatre respect\u00e9es pour maintenir la confiance du public.<\/p>\n<h2>Un appel \u00e0 la r\u00e9forme<\/h2>\n<p>Suite \u00e0 cette controverse, des membres du conseil municipal ont \u00e9voqu\u00e9 la n\u00e9cessit\u00e9 de revoir la politique de voyage de la ville. Actuellement, toute d\u00e9pense li\u00e9e \u00e0 des voyages en dehors de l&rsquo;\u00c9tat doit \u00eatre approuv\u00e9e par le conseil, une r\u00e8gle qui visiblement n&rsquo;a pas \u00e9t\u00e9 suivie dans ce cas. Les commissaires envisagent des changements pour \u00e9viter que de telles situations ne se reproduisent \u00e0 l&rsquo;avenir.<\/p>\n<p>La question de la responsabilit\u00e9 des \u00e9lus est au centre des pr\u00e9occupations des habitants. Beaucoup d&rsquo;entre eux estiment que des mesures doivent \u00eatre mises en place pour garantir la transparence et l&rsquo;int\u00e9grit\u00e9 dans l&rsquo;utilisation des fonds publics. Une r\u00e9vision des politiques pourrait renforcer la confiance des citoyens envers leurs repr\u00e9sentants.<\/p>\n<ul>\n<li>Le maire a \u00e9t\u00e9 accus\u00e9 d&rsquo;avoir utilis\u00e9 des fonds de la ville sans autorisation.<\/li>\n<li>Un vote de non-confiance a \u00e9chou\u00e9 par un seul vote.<\/li>\n<li>Les d\u00e9penses li\u00e9es au voyage incluent l&rsquo;h\u00e9bergement et le transport.<\/li>\n<li>Des changements dans la politique de voyage sont envisag\u00e9s par le conseil municipal.<\/li>\n<li>La d\u00e9fense du maire repose sur sa participation \u00e0 une conf\u00e9rence importante.<\/li>\n<\/ul>\n<p>La situation \u00e0 Deltona illustre les d\u00e9fis auxquels font face les dirigeants locaux en mati\u00e8re de transparence et de responsabilit\u00e9. Alors que les tensions persistent, il est essentiel que les \u00e9lus travaillent ensemble pour \u00e9tablir des normes claires et respecter les r\u00e8gles qui r\u00e9gissent l&rsquo;utilisation des fonds publics. La confiance des citoyens en leurs repr\u00e9sentants d\u00e9pend de leur capacit\u00e9 \u00e0 agir avec int\u00e9grit\u00e9 et \u00e0 rendre des comptes pour leurs d\u00e9cisions.<img decoding=\"async\" width=\"1024\" height=\"576\" src=\"https:\/\/voyage-aventure.com\/blog\/wp-content\/uploads\/2025\/02\/stability-le-maire-de-deltona-echappe-a-des-sanctions-malgre-une-violation-de-la-politique-de-voyage-1.png\" class=\"aligncenter\" alt=\"Illustration d\u00e9taill\u00e9e sur Le maire de Deltona \u00e9chappe \u00e0 des sanctions malgr\u00e9 une violation de la politique de voyage\" title=\"Le maire de Deltona \u00e9chappe \u00e0 des sanctions malgr\u00e9 une violation de la politique de voyage\" loading=\"lazy\" \/><\/p>\n","protected":false},"excerpt":{"rendered":"","protected":false},"author":34,"featured_media":10277,"comment_status":"open","ping_status":"open","sticky":false,"template":"","format":"standard","meta":{"_acf_changed":false,"manual_indexmenow":false,"indexmenow_id_project":0,"footnotes":""},"categories":[1],"tags":[5864,5863,5862,3662,4809],"class_list":["post-10276","post","type-post","status-publish","format-standard","has-post-thumbnail","hentry","category-a-la-une","tag-debats-locaux","tag-ethique","tag-politique-de-voyage","tag-responsabilite","tag-transparence","generate-columns","tablet-grid-50","mobile-grid-100","grid-parent","grid-25"],"acf":[],"yoast_head":"<!-- This site is optimized with the Yoast SEO Premium plugin v21.3 (Yoast SEO v25.1) - https:\/\/yoast.com\/wordpress\/plugins\/seo\/ -->\n<title>Le maire de Deltona \u00e9chappe \u00e0 des sanctions malgr\u00e9 une<\/title>\n<meta name=\"description\" content=\"Le maire de Deltona, Santiago Avila Jr., a r\u00e9cemment \u00e9t\u00e9 au c\u0153ur d&#039;une pol\u00e9mique apr\u00e8s avoir \u00e9t\u00e9 accus\u00e9 de violations de la politique de voyage de la\" \/>\n<meta name=\"robots\" content=\"index, follow, max-snippet:-1, max-image-preview:large, max-video-preview:-1\" \/>\n<link rel=\"canonical\" href=\"https:\/\/voyage-aventure.com\/blog\/a-la-une\/le-maire-de-deltona-echappe-a-des-sanctions-malgre-une-violation-de-la-politique-de-voyage\/\" \/>\n<meta property=\"og:locale\" content=\"fr_FR\" \/>\n<meta property=\"og:type\" content=\"article\" \/>\n<meta property=\"og:title\" content=\"Le maire de Deltona \u00e9chappe \u00e0 des sanctions malgr\u00e9 une\" \/>\n<meta property=\"og:description\" content=\"Le maire de Deltona, Santiago Avila Jr., a r\u00e9cemment \u00e9t\u00e9 au c\u0153ur d&#039;une pol\u00e9mique apr\u00e8s avoir \u00e9t\u00e9 accus\u00e9 de violations de la politique de voyage de la\" \/>\n<meta property=\"og:url\" content=\"https:\/\/voyage-aventure.com\/blog\/a-la-une\/le-maire-de-deltona-echappe-a-des-sanctions-malgre-une-violation-de-la-politique-de-voyage\/\" \/>\n<meta property=\"og:site_name\" content=\"voyage-aventure\" \/>\n<meta property=\"og:image\" content=\"https:\/\/voyage-aventure.com\/blog\/wp-content\/uploads\/2025\/02\/stability-le-maire-de-deltona-echappe-a-des-sanctions-malgre-une-violation-de-la-politique-de-voyage.png\" \/>\n\t<meta property=\"og:image:width\" content=\"1024\" \/>\n\t<meta property=\"og:image:height\" content=\"576\" \/>\n\t<meta property=\"og:image:type\" content=\"image\/png\" \/>\n<meta name=\"author\" content=\"Camille Rouvray\" \/>\n<meta name=\"twitter:card\" content=\"summary_large_image\" \/>\n<script type=\"application\/ld+json\" class=\"yoast-schema-graph\">{\"@context\":\"https:\/\/schema.org\",\"@graph\":[{\"@type\":\"NewsArticle\",\"@id\":\"https:\/\/voyage-aventure.com\/blog\/a-la-une\/le-maire-de-deltona-echappe-a-des-sanctions-malgre-une-violation-de-la-politique-de-voyage\/#article\",\"isPartOf\":{\"@id\":\"https:\/\/voyage-aventure.com\/blog\/a-la-une\/le-maire-de-deltona-echappe-a-des-sanctions-malgre-une-violation-de-la-politique-de-voyage\/\"},\"author\":{\"name\":\"Camille Rouvray\",\"@id\":\"https:\/\/voyage-aventure.com\/blog\/#\/schema\/person\/3c864cdc320801e3db34b663e7e3f816\"},\"headline\":\"Le maire de Deltona \u00e9chappe \u00e0 des sanctions malgr\u00e9 une violation de la politique de voyage\",\"datePublished\":\"2025-02-18T16:25:28+00:00\",\"mainEntityOfPage\":{\"@id\":\"https:\/\/voyage-aventure.com\/blog\/a-la-une\/le-maire-de-deltona-echappe-a-des-sanctions-malgre-une-violation-de-la-politique-de-voyage\/\"},\"wordCount\":596,\"commentCount\":27,\"publisher\":{\"@id\":\"https:\/\/voyage-aventure.com\/blog\/#organization\"},\"image\":{\"@id\":\"https:\/\/voyage-aventure.com\/blog\/a-la-une\/le-maire-de-deltona-echappe-a-des-sanctions-malgre-une-violation-de-la-politique-de-voyage\/#primaryimage\"},\"thumbnailUrl\":\"https:\/\/voyage-aventure.com\/blog\/wp-content\/uploads\/2025\/02\/stability-le-maire-de-deltona-echappe-a-des-sanctions-malgre-une-violation-de-la-politique-de-voyage.png\",\"keywords\":[\"D\u00e9bats Locaux\",\"\u00c9thique\",\"Politique de Voyage\",\"Responsabilit\u00e9\",\"Transparence\"],\"articleSection\":[\"\u00c0 la une\"],\"inLanguage\":\"fr-FR\",\"potentialAction\":[{\"@type\":\"CommentAction\",\"name\":\"Comment\",\"target\":[\"https:\/\/voyage-aventure.com\/blog\/a-la-une\/le-maire-de-deltona-echappe-a-des-sanctions-malgre-une-violation-de-la-politique-de-voyage\/#respond\"]}]},{\"@type\":\"WebPage\",\"@id\":\"https:\/\/voyage-aventure.com\/blog\/a-la-une\/le-maire-de-deltona-echappe-a-des-sanctions-malgre-une-violation-de-la-politique-de-voyage\/\",\"url\":\"https:\/\/voyage-aventure.com\/blog\/a-la-une\/le-maire-de-deltona-echappe-a-des-sanctions-malgre-une-violation-de-la-politique-de-voyage\/\",\"name\":\"Le maire de Deltona \u00e9chappe \u00e0 des sanctions malgr\u00e9 une\",\"isPartOf\":{\"@id\":\"https:\/\/voyage-aventure.com\/blog\/#website\"},\"primaryImageOfPage\":{\"@id\":\"https:\/\/voyage-aventure.com\/blog\/a-la-une\/le-maire-de-deltona-echappe-a-des-sanctions-malgre-une-violation-de-la-politique-de-voyage\/#primaryimage\"},\"image\":{\"@id\":\"https:\/\/voyage-aventure.com\/blog\/a-la-une\/le-maire-de-deltona-echappe-a-des-sanctions-malgre-une-violation-de-la-politique-de-voyage\/#primaryimage\"},\"thumbnailUrl\":\"https:\/\/voyage-aventure.com\/blog\/wp-content\/uploads\/2025\/02\/stability-le-maire-de-deltona-echappe-a-des-sanctions-malgre-une-violation-de-la-politique-de-voyage.png\",\"datePublished\":\"2025-02-18T16:25:28+00:00\",\"description\":\"Le maire de Deltona, Santiago Avila Jr., a r\u00e9cemment \u00e9t\u00e9 au c\u0153ur d'une pol\u00e9mique apr\u00e8s avoir \u00e9t\u00e9 accus\u00e9 de violations de la politique de voyage de la\",\"inLanguage\":\"fr-FR\",\"potentialAction\":[{\"@type\":\"ReadAction\",\"target\":[\"https:\/\/voyage-aventure.com\/blog\/a-la-une\/le-maire-de-deltona-echappe-a-des-sanctions-malgre-une-violation-de-la-politique-de-voyage\/\"]}]},{\"@type\":\"ImageObject\",\"inLanguage\":\"fr-FR\",\"@id\":\"https:\/\/voyage-aventure.com\/blog\/a-la-une\/le-maire-de-deltona-echappe-a-des-sanctions-malgre-une-violation-de-la-politique-de-voyage\/#primaryimage\",\"url\":\"https:\/\/voyage-aventure.com\/blog\/wp-content\/uploads\/2025\/02\/stability-le-maire-de-deltona-echappe-a-des-sanctions-malgre-une-violation-de-la-politique-de-voyage.png\",\"contentUrl\":\"https:\/\/voyage-aventure.com\/blog\/wp-content\/uploads\/2025\/02\/stability-le-maire-de-deltona-echappe-a-des-sanctions-malgre-une-violation-de-la-politique-de-voyage.png\",\"width\":1024,\"height\":576},{\"@type\":\"WebSite\",\"@id\":\"https:\/\/voyage-aventure.com\/blog\/#website\",\"url\":\"https:\/\/voyage-aventure.com\/blog\/\",\"name\":\"voyage-aventure.com\",\"description\":\"Votre passeport pour l\u2019inattendu.\",\"publisher\":{\"@id\":\"https:\/\/voyage-aventure.com\/blog\/#organization\"},\"alternateName\":\"Votre passeport pour l\u2019inattendu.\",\"potentialAction\":[{\"@type\":\"SearchAction\",\"target\":{\"@type\":\"EntryPoint\",\"urlTemplate\":\"https:\/\/voyage-aventure.com\/blog\/?s={search_term_string}\"},\"query-input\":{\"@type\":\"PropertyValueSpecification\",\"valueRequired\":true,\"valueName\":\"search_term_string\"}}],\"inLanguage\":\"fr-FR\"},{\"@type\":\"Organization\",\"@id\":\"https:\/\/voyage-aventure.com\/blog\/#organization\",\"name\":\"Foretsensations.fr\",\"url\":\"https:\/\/voyage-aventure.com\/blog\/\",\"logo\":{\"@type\":\"ImageObject\",\"inLanguage\":\"fr-FR\",\"@id\":\"https:\/\/voyage-aventure.com\/blog\/#\/schema\/logo\/image\/\",\"url\":\"https:\/\/voyage-aventure.com\/blog\/wp-content\/uploads\/2024\/12\/19.png\",\"contentUrl\":\"https:\/\/voyage-aventure.com\/blog\/wp-content\/uploads\/2024\/12\/19.png\",\"width\":512,\"height\":512,\"caption\":\"Foretsensations.fr\"},\"image\":{\"@id\":\"https:\/\/voyage-aventure.com\/blog\/#\/schema\/logo\/image\/\"}},{\"@type\":\"Person\",\"@id\":\"https:\/\/voyage-aventure.com\/blog\/#\/schema\/person\/3c864cdc320801e3db34b663e7e3f816\",\"name\":\"Camille Rouvray\",\"image\":{\"@type\":\"ImageObject\",\"inLanguage\":\"fr-FR\",\"@id\":\"https:\/\/voyage-aventure.com\/blog\/#\/schema\/person\/image\/\",\"url\":\"https:\/\/voyage-aventure.com\/blog\/wp-content\/uploads\/2026\/06\/persona_camille-r-96x96.jpg\",\"contentUrl\":\"https:\/\/voyage-aventure.com\/blog\/wp-content\/uploads\/2026\/06\/persona_camille-r-96x96.jpg\",\"caption\":\"Camille Rouvray\"},\"description\":\"Je voyage et j'\u00e9cris sur le voyage depuis une douzaine d'ann\u00e9es, d'abord en tant que routarde au long cours, puis comme r\u00e9dactrice sp\u00e9cialis\u00e9e. Mon terrain de pr\u00e9dilection, ce sont les circuits organis\u00e9s et l'art de bien pr\u00e9parer un itin\u00e9raire : choix de la saison, dur\u00e9e r\u00e9aliste des \u00e9tapes, budget jour par jour, logement et transport sur place. J'aime aussi raconter les p\u00e9pites urbaines, ces adresses qu'on ne trouve pas dans les guides classiques. Avant de publier un dossier destination, je croise toujours plusieurs sources, je v\u00e9rifie les tarifs et les formalit\u00e9s d'entr\u00e9e \u00e0 jour, et je teste moi-m\u00eame quand je le peux. Mon angle reste pratique avant tout : aider le lecteur \u00e0 partir l'esprit tranquille, sans mauvaise surprise une fois sur place. Je m'attache \u00e0 distinguer le coup de c\u0153ur sinc\u00e8re du simple argument marketing.\",\"sameAs\":[\"https:\/\/camillerouvray.fr\/\"],\"url\":\"https:\/\/voyage-aventure.com\/blog\/auteur\/noname\/\"}]}<\/script>\n<!-- \/ Yoast SEO Premium plugin. -->","yoast_head_json":{"title":"Le maire de Deltona \u00e9chappe \u00e0 des sanctions malgr\u00e9 une","description":"Le maire de Deltona, Santiago Avila Jr., a r\u00e9cemment \u00e9t\u00e9 au c\u0153ur d'une pol\u00e9mique apr\u00e8s avoir \u00e9t\u00e9 accus\u00e9 de violations de la politique de voyage de la","robots":{"index":"index","follow":"follow","max-snippet":"max-snippet:-1","max-image-preview":"max-image-preview:large","max-video-preview":"max-video-preview:-1"},"canonical":"https:\/\/voyage-aventure.com\/blog\/a-la-une\/le-maire-de-deltona-echappe-a-des-sanctions-malgre-une-violation-de-la-politique-de-voyage\/","og_locale":"fr_FR","og_type":"article","og_title":"Le maire de Deltona \u00e9chappe \u00e0 des sanctions malgr\u00e9 une","og_description":"Le maire de Deltona, Santiago Avila Jr., a r\u00e9cemment \u00e9t\u00e9 au c\u0153ur d'une pol\u00e9mique apr\u00e8s avoir \u00e9t\u00e9 accus\u00e9 de violations de la politique de voyage de la","og_url":"https:\/\/voyage-aventure.com\/blog\/a-la-une\/le-maire-de-deltona-echappe-a-des-sanctions-malgre-une-violation-de-la-politique-de-voyage\/","og_site_name":"voyage-aventure","og_image":[{"width":1024,"height":576,"url":"https:\/\/voyage-aventure.com\/blog\/wp-content\/uploads\/2025\/02\/stability-le-maire-de-deltona-echappe-a-des-sanctions-malgre-une-violation-de-la-politique-de-voyage.png","type":"image\/png"}],"author":"Camille Rouvray","twitter_card":"summary_large_image","schema":{"@context":"https:\/\/schema.org","@graph":[{"@type":"NewsArticle","@id":"https:\/\/voyage-aventure.com\/blog\/a-la-une\/le-maire-de-deltona-echappe-a-des-sanctions-malgre-une-violation-de-la-politique-de-voyage\/#article","isPartOf":{"@id":"https:\/\/voyage-aventure.com\/blog\/a-la-une\/le-maire-de-deltona-echappe-a-des-sanctions-malgre-une-violation-de-la-politique-de-voyage\/"},"author":{"name":"Camille Rouvray","@id":"https:\/\/voyage-aventure.com\/blog\/#\/schema\/person\/3c864cdc320801e3db34b663e7e3f816"},"headline":"Le maire de Deltona \u00e9chappe \u00e0 des sanctions malgr\u00e9 une violation de la politique de voyage","datePublished":"2025-02-18T16:25:28+00:00","mainEntityOfPage":{"@id":"https:\/\/voyage-aventure.com\/blog\/a-la-une\/le-maire-de-deltona-echappe-a-des-sanctions-malgre-une-violation-de-la-politique-de-voyage\/"},"wordCount":596,"commentCount":27,"publisher":{"@id":"https:\/\/voyage-aventure.com\/blog\/#organization"},"image":{"@id":"https:\/\/voyage-aventure.com\/blog\/a-la-une\/le-maire-de-deltona-echappe-a-des-sanctions-malgre-une-violation-de-la-politique-de-voyage\/#primaryimage"},"thumbnailUrl":"https:\/\/voyage-aventure.com\/blog\/wp-content\/uploads\/2025\/02\/stability-le-maire-de-deltona-echappe-a-des-sanctions-malgre-une-violation-de-la-politique-de-voyage.png","keywords":["D\u00e9bats Locaux","\u00c9thique","Politique de Voyage","Responsabilit\u00e9","Transparence"],"articleSection":["\u00c0 la une"],"inLanguage":"fr-FR","potentialAction":[{"@type":"CommentAction","name":"Comment","target":["https:\/\/voyage-aventure.com\/blog\/a-la-une\/le-maire-de-deltona-echappe-a-des-sanctions-malgre-une-violation-de-la-politique-de-voyage\/#respond"]}]},{"@type":"WebPage","@id":"https:\/\/voyage-aventure.com\/blog\/a-la-une\/le-maire-de-deltona-echappe-a-des-sanctions-malgre-une-violation-de-la-politique-de-voyage\/","url":"https:\/\/voyage-aventure.com\/blog\/a-la-une\/le-maire-de-deltona-echappe-a-des-sanctions-malgre-une-violation-de-la-politique-de-voyage\/","name":"Le maire de Deltona \u00e9chappe \u00e0 des sanctions malgr\u00e9 une","isPartOf":{"@id":"https:\/\/voyage-aventure.com\/blog\/#website"},"primaryImageOfPage":{"@id":"https:\/\/voyage-aventure.com\/blog\/a-la-une\/le-maire-de-deltona-echappe-a-des-sanctions-malgre-une-violation-de-la-politique-de-voyage\/#primaryimage"},"image":{"@id":"https:\/\/voyage-aventure.com\/blog\/a-la-une\/le-maire-de-deltona-echappe-a-des-sanctions-malgre-une-violation-de-la-politique-de-voyage\/#primaryimage"},"thumbnailUrl":"https:\/\/voyage-aventure.com\/blog\/wp-content\/uploads\/2025\/02\/stability-le-maire-de-deltona-echappe-a-des-sanctions-malgre-une-violation-de-la-politique-de-voyage.png","datePublished":"2025-02-18T16:25:28+00:00","description":"Le maire de Deltona, Santiago Avila Jr., a r\u00e9cemment \u00e9t\u00e9 au c\u0153ur d'une pol\u00e9mique apr\u00e8s avoir \u00e9t\u00e9 accus\u00e9 de violations de la politique de voyage de la","inLanguage":"fr-FR","potentialAction":[{"@type":"ReadAction","target":["https:\/\/voyage-aventure.com\/blog\/a-la-une\/le-maire-de-deltona-echappe-a-des-sanctions-malgre-une-violation-de-la-politique-de-voyage\/"]}]},{"@type":"ImageObject","inLanguage":"fr-FR","@id":"https:\/\/voyage-aventure.com\/blog\/a-la-une\/le-maire-de-deltona-echappe-a-des-sanctions-malgre-une-violation-de-la-politique-de-voyage\/#primaryimage","url":"https:\/\/voyage-aventure.com\/blog\/wp-content\/uploads\/2025\/02\/stability-le-maire-de-deltona-echappe-a-des-sanctions-malgre-une-violation-de-la-politique-de-voyage.png","contentUrl":"https:\/\/voyage-aventure.com\/blog\/wp-content\/uploads\/2025\/02\/stability-le-maire-de-deltona-echappe-a-des-sanctions-malgre-une-violation-de-la-politique-de-voyage.png","width":1024,"height":576},{"@type":"WebSite","@id":"https:\/\/voyage-aventure.com\/blog\/#website","url":"https:\/\/voyage-aventure.com\/blog\/","name":"voyage-aventure.com","description":"Votre passeport pour l\u2019inattendu.","publisher":{"@id":"https:\/\/voyage-aventure.com\/blog\/#organization"},"alternateName":"Votre passeport pour l\u2019inattendu.","potentialAction":[{"@type":"SearchAction","target":{"@type":"EntryPoint","urlTemplate":"https:\/\/voyage-aventure.com\/blog\/?s={search_term_string}"},"query-input":{"@type":"PropertyValueSpecification","valueRequired":true,"valueName":"search_term_string"}}],"inLanguage":"fr-FR"},{"@type":"Organization","@id":"https:\/\/voyage-aventure.com\/blog\/#organization","name":"Foretsensations.fr","url":"https:\/\/voyage-aventure.com\/blog\/","logo":{"@type":"ImageObject","inLanguage":"fr-FR","@id":"https:\/\/voyage-aventure.com\/blog\/#\/schema\/logo\/image\/","url":"https:\/\/voyage-aventure.com\/blog\/wp-content\/uploads\/2024\/12\/19.png","contentUrl":"https:\/\/voyage-aventure.com\/blog\/wp-content\/uploads\/2024\/12\/19.png","width":512,"height":512,"caption":"Foretsensations.fr"},"image":{"@id":"https:\/\/voyage-aventure.com\/blog\/#\/schema\/logo\/image\/"}},{"@type":"Person","@id":"https:\/\/voyage-aventure.com\/blog\/#\/schema\/person\/3c864cdc320801e3db34b663e7e3f816","name":"Camille Rouvray","image":{"@type":"ImageObject","inLanguage":"fr-FR","@id":"https:\/\/voyage-aventure.com\/blog\/#\/schema\/person\/image\/","url":"https:\/\/voyage-aventure.com\/blog\/wp-content\/uploads\/2026\/06\/persona_camille-r-96x96.jpg","contentUrl":"https:\/\/voyage-aventure.com\/blog\/wp-content\/uploads\/2026\/06\/persona_camille-r-96x96.jpg","caption":"Camille Rouvray"},"description":"Je voyage et j'\u00e9cris sur le voyage depuis une douzaine d'ann\u00e9es, d'abord en tant que routarde au long cours, puis comme r\u00e9dactrice sp\u00e9cialis\u00e9e. Mon terrain de pr\u00e9dilection, ce sont les circuits organis\u00e9s et l'art de bien pr\u00e9parer un itin\u00e9raire : choix de la saison, dur\u00e9e r\u00e9aliste des \u00e9tapes, budget jour par jour, logement et transport sur place. J'aime aussi raconter les p\u00e9pites urbaines, ces adresses qu'on ne trouve pas dans les guides classiques. Avant de publier un dossier destination, je croise toujours plusieurs sources, je v\u00e9rifie les tarifs et les formalit\u00e9s d'entr\u00e9e \u00e0 jour, et je teste moi-m\u00eame quand je le peux. Mon angle reste pratique avant tout : aider le lecteur \u00e0 partir l'esprit tranquille, sans mauvaise surprise une fois sur place. Je m'attache \u00e0 distinguer le coup de c\u0153ur sinc\u00e8re du simple argument marketing.","sameAs":["https:\/\/camillerouvray.fr\/"],"url":"https:\/\/voyage-aventure.com\/blog\/auteur\/noname\/"}]}},"_links":{"self":[{"href":"https:\/\/voyage-aventure.com\/blog\/wp-json\/wp\/v2\/posts\/10276","targetHints":{"allow":["GET"]}}],"collection":[{"href":"https:\/\/voyage-aventure.com\/blog\/wp-json\/wp\/v2\/posts"}],"about":[{"href":"https:\/\/voyage-aventure.com\/blog\/wp-json\/wp\/v2\/types\/post"}],"author":[{"embeddable":true,"href":"https:\/\/voyage-aventure.com\/blog\/wp-json\/wp\/v2\/users\/34"}],"replies":[{"embeddable":true,"href":"https:\/\/voyage-aventure.com\/blog\/wp-json\/wp\/v2\/comments?post=10276"}],"version-history":[{"count":1,"href":"https:\/\/voyage-aventure.com\/blog\/wp-json\/wp\/v2\/posts\/10276\/revisions"}],"predecessor-version":[{"id":10279,"href":"https:\/\/voyage-aventure.com\/blog\/wp-json\/wp\/v2\/posts\/10276\/revisions\/10279"}],"wp:featuredmedia":[{"embeddable":true,"href":"https:\/\/voyage-aventure.com\/blog\/wp-json\/wp\/v2\/media\/10277"}],"wp:attachment":[{"href":"https:\/\/voyage-aventure.com\/blog\/wp-json\/wp\/v2\/media?parent=10276"}],"wp:term":[{"taxonomy":"category","embeddable":true,"href":"https:\/\/voyage-aventure.com\/blog\/wp-json\/wp\/v2\/categories?post=10276"},{"taxonomy":"post_tag","embeddable":true,"href":"https:\/\/voyage-aventure.com\/blog\/wp-json\/wp\/v2\/tags?post=10276"}],"curies":[{"name":"wp","href":"https:\/\/api.w.org\/{rel}","templated":true}]}}