{"id":10239,"date":"2026-06-03T04:21:35","date_gmt":"2026-06-03T02:21:35","guid":{"rendered":"https:\/\/voyage-aventure.com\/blog\/?p=10239"},"modified":"2026-06-03T04:21:35","modified_gmt":"2026-06-03T02:21:35","slug":"oswego-county-conseils-de-voyage-et-fermeture-des-bureaux-gouvernementaux-a-cause-du-mauvais-temps","status":"publish","type":"post","link":"https:\/\/voyage-aventure.com\/blog\/a-la-une\/oswego-county-conseils-de-voyage-et-fermeture-des-bureaux-gouvernementaux-a-cause-du-mauvais-temps\/","title":{"rendered":"Oswego County : conseils de voyage et fermeture des bureaux gouvernementaux \u00e0 cause du mauvais temps"},"content":{"rendered":"<link rel=\"stylesheet\" href=\"https:\/\/fonts.googleapis.com\/css2?family=Newsreader:ital,opsz,wght@0,6..72,500..700;1,6..72,500..600&#038;family=Inter:wght@400;500;600&#038;family=JetBrains+Mono:wght@500&#038;display=swap\">\n<style>\n.va-oswego-wrap{font-family:\"Inter\",system-ui,sans-serif;color:#23272E;line-height:1.65;font-size:17px;--va-accent:#54708A;--va-ink:#1B2228;--va-line:#E2E6EA;--va-surf:#F4F6F8}\n.va-oswego-wrap h2{font-family:\"Newsreader\",Georgia,serif;font-weight:700;color:var(--va-ink);font-size:clamp(24px,3.2vw,33px);letter-spacing:-.01em;line-height:1.18;margin:48px 0 16px}\n.va-oswego-wrap p{margin:0 0 18px}\n.va-oswego-dateline{font-family:\"JetBrains Mono\",monospace;font-size:12.5px;letter-spacing:.06em;text-transform:uppercase;color:var(--va-accent);font-weight:500;margin:0 0 14px;display:flex;align-items:center;gap:10px}\n.va-oswego-dateline span{height:1px;flex:1;background:var(--va-line)}\n.va-oswego-lead{font-family:\"Newsreader\",Georgia,serif;font-size:clamp(19px,2.4vw,22px);line-height:1.5;color:#2C333B;font-weight:500;margin:0 0 28px}\n.va-oswego-essentiel{background:var(--va-surf);border-left:5px solid var(--va-accent);border-radius:10px;padding:24px 26px;margin:0 0 36px;box-shadow:0 1px 2px rgba(16,24,40,.05),0 12px 28px -18px rgba(16,24,40,.20)}\n.va-oswego-essentiel .va-oswego-tag{font-family:\"JetBrains Mono\",monospace;font-size:12px;letter-spacing:.1em;text-transform:uppercase;color:var(--va-accent);font-weight:500;margin-bottom:14px}\n.va-oswego-list{list-style:none;margin:0;padding:0;display:grid;gap:12px}\n.va-oswego-list li{display:grid;grid-template-columns:auto 1fr;gap:12px;align-items:baseline}\n.va-oswego-list li b{font-family:\"JetBrains Mono\",monospace;font-size:11.5px;letter-spacing:.05em;text-transform:uppercase;color:var(--va-accent);font-weight:500;padding-top:2px}\n.va-oswego-quote{font-family:\"Newsreader\",Georgia,serif;font-style:italic;font-size:clamp(20px,2.8vw,26px);line-height:1.4;color:var(--va-ink);border-top:3px solid var(--va-accent);border-bottom:1px solid var(--va-line);padding:24px 0 22px 44px;margin:38px 0;position:relative}\n.va-oswego-quote::before{content:\"\u201c\";position:absolute;left:0;top:14px;font-size:64px;color:var(--va-accent);line-height:1;opacity:.55}\n.va-oswego-quote cite{display:block;font-style:normal;font-family:\"JetBrains Mono\",monospace;font-size:12px;letter-spacing:.05em;text-transform:uppercase;color:#6A7682;margin-top:14px;font-weight:500}\n.va-oswego-tips{list-style:none;margin:18px 0 0;padding:0;display:grid;gap:10px}\n.va-oswego-tips li{background:#fff;border:1px solid var(--va-line);border-radius:9px;padding:13px 16px 13px 44px;position:relative;transition:.25s ease}\n.va-oswego-tips li:hover{transform:translateY(-3px);border-color:var(--va-accent);box-shadow:0 10px 22px -14px rgba(84,112,138,.55)}\n.va-oswego-tips li::before{content:\"\u203a\";position:absolute;left:18px;top:11px;color:var(--va-accent);font-weight:700;font-size:18px}\n.va-oswego-img{margin:30px 0}\n.va-oswego-img img{max-width:100%;height:auto;border-radius:11px;display:block;box-shadow:0 14px 32px -20px rgba(16,24,40,.45)}\n.va-oswego-retenir{margin:44px 0 12px;border:1px solid var(--va-line);border-top:3px solid var(--va-accent);border-radius:11px;padding:24px 26px;background:#fff;box-shadow:0 1px 2px rgba(16,24,40,.05),0 14px 30px -20px rgba(16,24,40,.20)}\n.va-oswego-retenir .va-oswego-tag{font-family:\"Newsreader\",Georgia,serif;font-weight:700;font-size:20px;color:var(--va-ink);margin-bottom:14px}\n.va-oswego-retenir ul{list-style:none;margin:0;padding:0;display:grid;gap:11px}\n.va-oswego-retenir li{display:grid;grid-template-columns:auto 1fr;gap:11px;align-items:baseline}\n.va-oswego-retenir li::before{content:\"\u25a0\";color:var(--va-accent);font-size:10px;line-height:1.6}\n@media(max-width:640px){.va-oswego-wrap h2{margin-top:38px}}\n<\/style>\n<div class=\"va-oswego-wrap\">\n<div class=\"va-oswego-dateline\">Oswego County \u00b7 18 f\u00e9vrier 2025 <span><\/span><\/div>\n<p class=\"va-oswego-lead\">Le 18 f\u00e9vrier 2025, le comt\u00e9 d&rsquo;Oswego (\u00c9tat de New York) a ferm\u00e9 ses bureaux gouvernementaux et appel\u00e9 les habitants \u00e0 \u00e9viter tout d\u00e9placement non essentiel, apr\u00e8s la mise en place d&rsquo;un avis de voyage li\u00e9 \u00e0 de fortes chutes de neige.<\/p>\n<div class=\"va-oswego-essentiel\">\n<div class=\"va-oswego-tag\">L&rsquo;essentiel<\/div>\n<ul class=\"va-oswego-list\">\n<li><b>Quoi<\/b><span>Avis de voyage et fermeture des bureaux gouvernementaux du comt\u00e9 d&rsquo;Oswego.<\/span><\/li>\n<li><b>O\u00f9 \u00b7 Quand<\/b><span>Comt\u00e9 d&rsquo;Oswego, le 18 f\u00e9vrier 2025 ; reprise des activit\u00e9s pr\u00e9vue d\u00e8s le 19 f\u00e9vrier.<\/span><\/li>\n<li><b>Pourquoi<\/b><span>Chutes de neige importantes, routes dangereuses et visibilit\u00e9 quasi nulle signal\u00e9es par le bureau du sh\u00e9rif.<\/span><\/li>\n<\/ul>\n<\/div>\n<h2>Des conditions m\u00e9t\u00e9orologiques difficiles \u00e0 Oswego County<\/h2>\n<p>Le 18 f\u00e9vrier, un avis de voyage a \u00e9t\u00e9 mis en place pour \u00e9viter tout d\u00e9placement non essentiel. Les pr\u00e9visions indiquent des chutes de neige importantes, rendant les routes dangereuses et la visibilit\u00e9 quasi nulle.<\/p>\n<p>Les responsables locaux encouragent la prudence et recommandent aux citoyens de rester chez eux. Le bureau du sh\u00e9rif du comt\u00e9 a signal\u00e9 des blizzards et des fermetures de routes, rendant les d\u00e9placements tr\u00e8s risqu\u00e9s. Cette situation souligne l&rsquo;importance de suivre les directives officielles en mati\u00e8re de s\u00e9curit\u00e9 routi\u00e8re.<\/p>\n<h2>Fermeture des bureaux gouvernementaux<\/h2>\n<p>En r\u00e9ponse \u00e0 ces conditions m\u00e9t\u00e9orologiques, le comt\u00e9 d&rsquo;Oswego a d\u00e9cid\u00e9 de fermer ses bureaux gouvernementaux le 18 f\u00e9vrier. Les employ\u00e9s ont \u00e9t\u00e9 inform\u00e9s de ne pas se rendre au travail, sauf pour les travailleurs d&rsquo;urgence. Cette mesure vise \u00e0 garantir la s\u00e9curit\u00e9 de tous et \u00e0 limiter les risques d&rsquo;accidents sur la route.<\/p>\n<div class=\"va-oswego-img\"><img decoding=\"async\" width=\"1024\" height=\"576\" src=\"https:\/\/voyage-aventure.com\/blog\/wp-content\/uploads\/2025\/02\/stability-oswego-county-conseils-de-voyage-et-fermeture-des-bureaux-gouvernementaux-a-cause-du-mauvais-temps-1.png\" class=\"aligncenter\" alt=\"Illustration d\u00e9taill\u00e9e sur Oswego County : conseils de voyage et fermeture des bureaux gouvernementaux \u00e0 cause du mauvais temps\" title=\"Oswego County : conseils de voyage et fermeture des bureaux gouvernementaux \u00e0 cause du mauvais temps\" loading=\"lazy\" \/><\/div>\n<p>Les bureaux devraient reprendre leurs activit\u00e9s normales d\u00e8s le 19 f\u00e9vrier. Les autorit\u00e9s locales s&rsquo;assurent que les citoyens soient inform\u00e9s des changements et des mises \u00e0 jour concernant les services. Ces d\u00e9cisions sont cruciales pour maintenir l&rsquo;ordre public et la s\u00e9curit\u00e9 des r\u00e9sidents.<\/p>\n<h2>Conseils pour les habitants d&rsquo;Oswego County<\/h2>\n<p>Pour aider les habitants \u00e0 naviguer en toute s\u00e9curit\u00e9 pendant cette p\u00e9riode difficile, voici quelques conseils pratiques. Restez inform\u00e9s des mises \u00e0 jour m\u00e9t\u00e9orologiques et des conseils de voyage. \u00c9vitez de prendre la route \u00e0 moins que cela ne soit absolument n\u00e9cessaire.<\/p>\n<ul class=\"va-oswego-tips\">\n<li>Restez chez vous si possible.<\/li>\n<li>\u00c9coutez les bulletins d&rsquo;information locaux.<\/li>\n<li>Pr\u00e9parez un kit d&rsquo;urgence avec des provisions.<\/li>\n<li>Assurez-vous que votre v\u00e9hicule est pr\u00eat pour l&rsquo;hiver.<\/li>\n<li>Contactez les autorit\u00e9s locales en cas d&rsquo;urgence.<\/li>\n<\/ul>\n<div class=\"va-oswego-quote\">\nLa s\u00e9curit\u00e9 de nos citoyens est notre priorit\u00e9 absolue.<br \/>\n<cite>\u2014 Un porte-parole du comt\u00e9 d&rsquo;Oswego<\/cite>\n<\/div>\n<p>Les autorit\u00e9s locales continueront de surveiller la situation et de fournir des mises \u00e0 jour au fur et \u00e0 mesure que les conditions s&rsquo;am\u00e9liorent. La collaboration entre les citoyens et les services d&rsquo;urgence est essentielle pour traverser ces moments difficiles. Restez vigilant et prenez soin de vous et de vos proches.<\/p>\n<div class=\"va-oswego-retenir\">\n<div class=\"va-oswego-tag\">Ce qu&rsquo;il faut retenir<\/div>\n<ul>\n<li>Un avis de voyage a \u00e9t\u00e9 \u00e9mis le 18 f\u00e9vrier 2025 en raison de fortes chutes de neige sur le comt\u00e9 d&rsquo;Oswego.<\/li>\n<li>Les bureaux gouvernementaux ont ferm\u00e9 ce jour-l\u00e0, hors travailleurs d&rsquo;urgence, avec une reprise attendue d\u00e8s le 19 f\u00e9vrier.<\/li>\n<li>Pour toute information \u00e0 jour, suivez les bulletins locaux et les canaux officiels du comt\u00e9 d&rsquo;Oswego.<\/li>\n<\/ul>\n<\/div>\n<\/div>\n","protected":false},"excerpt":{"rendered":"","protected":false},"author":34,"featured_media":10240,"comment_status":"open","ping_status":"open","sticky":false,"template":"","format":"standard","meta":{"_acf_changed":false,"manual_indexmenow":false,"indexmenow_id_project":0,"footnotes":""},"categories":[1],"tags":[4646,3726,4680,4713,3170],"class_list":["post-10239","post","type-post","status-publish","format-standard","has-post-thumbnail","hentry","category-a-la-une","tag-assistance","tag-conditions-meteorologiques","tag-conseils","tag-preparation","tag-securite","generate-columns","tablet-grid-50","mobile-grid-100","grid-parent","grid-25"],"acf":[],"yoast_head":"<!-- This site is optimized with the Yoast SEO Premium plugin v21.3 (Yoast SEO v25.1) - https:\/\/yoast.com\/wordpress\/plugins\/seo\/ -->\n<title>Oswego County : conseils de voyage et fermeture des bureaux<\/title>\n<meta name=\"description\" content=\"Le 18 f\u00e9vrier 2025, le comt\u00e9 d&#039;Oswego (\u00c9tat de New York) a ferm\u00e9 ses bureaux gouvernementaux et appel\u00e9 les habitants \u00e0 \u00e9viter tout d\u00e9placement non\" \/>\n<meta name=\"robots\" content=\"index, follow, max-snippet:-1, max-image-preview:large, max-video-preview:-1\" \/>\n<link rel=\"canonical\" href=\"https:\/\/voyage-aventure.com\/blog\/a-la-une\/oswego-county-conseils-de-voyage-et-fermeture-des-bureaux-gouvernementaux-a-cause-du-mauvais-temps\/\" \/>\n<meta property=\"og:locale\" content=\"fr_FR\" \/>\n<meta property=\"og:type\" content=\"article\" \/>\n<meta property=\"og:title\" content=\"Oswego County : conseils de voyage et fermeture des bureaux\" \/>\n<meta property=\"og:description\" content=\"Le 18 f\u00e9vrier 2025, le comt\u00e9 d&#039;Oswego (\u00c9tat de New York) a ferm\u00e9 ses bureaux gouvernementaux et appel\u00e9 les habitants \u00e0 \u00e9viter tout d\u00e9placement non\" \/>\n<meta property=\"og:url\" content=\"https:\/\/voyage-aventure.com\/blog\/a-la-une\/oswego-county-conseils-de-voyage-et-fermeture-des-bureaux-gouvernementaux-a-cause-du-mauvais-temps\/\" \/>\n<meta property=\"og:site_name\" content=\"voyage-aventure\" \/>\n<meta property=\"og:image\" content=\"https:\/\/voyage-aventure.com\/blog\/wp-content\/uploads\/2025\/02\/stability-oswego-county-conseils-de-voyage-et-fermeture-des-bureaux-gouvernementaux-a-cause-du-mauvais-temps.png\" \/>\n\t<meta property=\"og:image:width\" content=\"1024\" \/>\n\t<meta property=\"og:image:height\" content=\"576\" \/>\n\t<meta property=\"og:image:type\" content=\"image\/png\" \/>\n<meta name=\"author\" content=\"Camille Rouvray\" \/>\n<meta name=\"twitter:card\" content=\"summary_large_image\" \/>\n<script type=\"application\/ld+json\" class=\"yoast-schema-graph\">{\"@context\":\"https:\/\/schema.org\",\"@graph\":[{\"@type\":\"NewsArticle\",\"@id\":\"https:\/\/voyage-aventure.com\/blog\/a-la-une\/oswego-county-conseils-de-voyage-et-fermeture-des-bureaux-gouvernementaux-a-cause-du-mauvais-temps\/#article\",\"isPartOf\":{\"@id\":\"https:\/\/voyage-aventure.com\/blog\/a-la-une\/oswego-county-conseils-de-voyage-et-fermeture-des-bureaux-gouvernementaux-a-cause-du-mauvais-temps\/\"},\"author\":{\"name\":\"Camille Rouvray\",\"@id\":\"https:\/\/voyage-aventure.com\/blog\/#\/schema\/person\/3c864cdc320801e3db34b663e7e3f816\"},\"headline\":\"Oswego County : conseils de voyage et fermeture des bureaux gouvernementaux \u00e0 cause du mauvais temps\",\"datePublished\":\"2026-06-03T02:21:35+00:00\",\"mainEntityOfPage\":{\"@id\":\"https:\/\/voyage-aventure.com\/blog\/a-la-une\/oswego-county-conseils-de-voyage-et-fermeture-des-bureaux-gouvernementaux-a-cause-du-mauvais-temps\/\"},\"wordCount\":555,\"commentCount\":21,\"publisher\":{\"@id\":\"https:\/\/voyage-aventure.com\/blog\/#organization\"},\"image\":{\"@id\":\"https:\/\/voyage-aventure.com\/blog\/a-la-une\/oswego-county-conseils-de-voyage-et-fermeture-des-bureaux-gouvernementaux-a-cause-du-mauvais-temps\/#primaryimage\"},\"thumbnailUrl\":\"https:\/\/voyage-aventure.com\/blog\/wp-content\/uploads\/2025\/02\/stability-oswego-county-conseils-de-voyage-et-fermeture-des-bureaux-gouvernementaux-a-cause-du-mauvais-temps.png\",\"keywords\":[\"Assistance\",\"Conditions M\u00e9t\u00e9orologiques\",\"Conseils\",\"Pr\u00e9paration\",\"S\u00e9curit\u00e9\"],\"articleSection\":[\"\u00c0 la une\"],\"inLanguage\":\"fr-FR\",\"potentialAction\":[{\"@type\":\"CommentAction\",\"name\":\"Comment\",\"target\":[\"https:\/\/voyage-aventure.com\/blog\/a-la-une\/oswego-county-conseils-de-voyage-et-fermeture-des-bureaux-gouvernementaux-a-cause-du-mauvais-temps\/#respond\"]}]},{\"@type\":\"WebPage\",\"@id\":\"https:\/\/voyage-aventure.com\/blog\/a-la-une\/oswego-county-conseils-de-voyage-et-fermeture-des-bureaux-gouvernementaux-a-cause-du-mauvais-temps\/\",\"url\":\"https:\/\/voyage-aventure.com\/blog\/a-la-une\/oswego-county-conseils-de-voyage-et-fermeture-des-bureaux-gouvernementaux-a-cause-du-mauvais-temps\/\",\"name\":\"Oswego County : conseils de voyage et fermeture des bureaux\",\"isPartOf\":{\"@id\":\"https:\/\/voyage-aventure.com\/blog\/#website\"},\"primaryImageOfPage\":{\"@id\":\"https:\/\/voyage-aventure.com\/blog\/a-la-une\/oswego-county-conseils-de-voyage-et-fermeture-des-bureaux-gouvernementaux-a-cause-du-mauvais-temps\/#primaryimage\"},\"image\":{\"@id\":\"https:\/\/voyage-aventure.com\/blog\/a-la-une\/oswego-county-conseils-de-voyage-et-fermeture-des-bureaux-gouvernementaux-a-cause-du-mauvais-temps\/#primaryimage\"},\"thumbnailUrl\":\"https:\/\/voyage-aventure.com\/blog\/wp-content\/uploads\/2025\/02\/stability-oswego-county-conseils-de-voyage-et-fermeture-des-bureaux-gouvernementaux-a-cause-du-mauvais-temps.png\",\"datePublished\":\"2026-06-03T02:21:35+00:00\",\"description\":\"Le 18 f\u00e9vrier 2025, le comt\u00e9 d'Oswego (\u00c9tat de New York) a ferm\u00e9 ses bureaux gouvernementaux et appel\u00e9 les habitants \u00e0 \u00e9viter tout d\u00e9placement non\",\"inLanguage\":\"fr-FR\",\"potentialAction\":[{\"@type\":\"ReadAction\",\"target\":[\"https:\/\/voyage-aventure.com\/blog\/a-la-une\/oswego-county-conseils-de-voyage-et-fermeture-des-bureaux-gouvernementaux-a-cause-du-mauvais-temps\/\"]}]},{\"@type\":\"ImageObject\",\"inLanguage\":\"fr-FR\",\"@id\":\"https:\/\/voyage-aventure.com\/blog\/a-la-une\/oswego-county-conseils-de-voyage-et-fermeture-des-bureaux-gouvernementaux-a-cause-du-mauvais-temps\/#primaryimage\",\"url\":\"https:\/\/voyage-aventure.com\/blog\/wp-content\/uploads\/2025\/02\/stability-oswego-county-conseils-de-voyage-et-fermeture-des-bureaux-gouvernementaux-a-cause-du-mauvais-temps.png\",\"contentUrl\":\"https:\/\/voyage-aventure.com\/blog\/wp-content\/uploads\/2025\/02\/stability-oswego-county-conseils-de-voyage-et-fermeture-des-bureaux-gouvernementaux-a-cause-du-mauvais-temps.png\",\"width\":1024,\"height\":576},{\"@type\":\"WebSite\",\"@id\":\"https:\/\/voyage-aventure.com\/blog\/#website\",\"url\":\"https:\/\/voyage-aventure.com\/blog\/\",\"name\":\"voyage-aventure.com\",\"description\":\"Votre passeport pour l\u2019inattendu.\",\"publisher\":{\"@id\":\"https:\/\/voyage-aventure.com\/blog\/#organization\"},\"alternateName\":\"Votre passeport pour l\u2019inattendu.\",\"potentialAction\":[{\"@type\":\"SearchAction\",\"target\":{\"@type\":\"EntryPoint\",\"urlTemplate\":\"https:\/\/voyage-aventure.com\/blog\/?s={search_term_string}\"},\"query-input\":{\"@type\":\"PropertyValueSpecification\",\"valueRequired\":true,\"valueName\":\"search_term_string\"}}],\"inLanguage\":\"fr-FR\"},{\"@type\":\"Organization\",\"@id\":\"https:\/\/voyage-aventure.com\/blog\/#organization\",\"name\":\"Foretsensations.fr\",\"url\":\"https:\/\/voyage-aventure.com\/blog\/\",\"logo\":{\"@type\":\"ImageObject\",\"inLanguage\":\"fr-FR\",\"@id\":\"https:\/\/voyage-aventure.com\/blog\/#\/schema\/logo\/image\/\",\"url\":\"https:\/\/voyage-aventure.com\/blog\/wp-content\/uploads\/2024\/12\/19.png\",\"contentUrl\":\"https:\/\/voyage-aventure.com\/blog\/wp-content\/uploads\/2024\/12\/19.png\",\"width\":512,\"height\":512,\"caption\":\"Foretsensations.fr\"},\"image\":{\"@id\":\"https:\/\/voyage-aventure.com\/blog\/#\/schema\/logo\/image\/\"}},{\"@type\":\"Person\",\"@id\":\"https:\/\/voyage-aventure.com\/blog\/#\/schema\/person\/3c864cdc320801e3db34b663e7e3f816\",\"name\":\"Camille Rouvray\",\"image\":{\"@type\":\"ImageObject\",\"inLanguage\":\"fr-FR\",\"@id\":\"https:\/\/voyage-aventure.com\/blog\/#\/schema\/person\/image\/\",\"url\":\"https:\/\/voyage-aventure.com\/blog\/wp-content\/uploads\/2026\/06\/persona_camille-r-96x96.jpg\",\"contentUrl\":\"https:\/\/voyage-aventure.com\/blog\/wp-content\/uploads\/2026\/06\/persona_camille-r-96x96.jpg\",\"caption\":\"Camille Rouvray\"},\"description\":\"Je voyage et j'\u00e9cris sur le voyage depuis une douzaine d'ann\u00e9es, d'abord en tant que routarde au long cours, puis comme r\u00e9dactrice sp\u00e9cialis\u00e9e. Mon terrain de pr\u00e9dilection, ce sont les circuits organis\u00e9s et l'art de bien pr\u00e9parer un itin\u00e9raire : choix de la saison, dur\u00e9e r\u00e9aliste des \u00e9tapes, budget jour par jour, logement et transport sur place. J'aime aussi raconter les p\u00e9pites urbaines, ces adresses qu'on ne trouve pas dans les guides classiques. Avant de publier un dossier destination, je croise toujours plusieurs sources, je v\u00e9rifie les tarifs et les formalit\u00e9s d'entr\u00e9e \u00e0 jour, et je teste moi-m\u00eame quand je le peux. Mon angle reste pratique avant tout : aider le lecteur \u00e0 partir l'esprit tranquille, sans mauvaise surprise une fois sur place. Je m'attache \u00e0 distinguer le coup de c\u0153ur sinc\u00e8re du simple argument marketing.\",\"sameAs\":[\"https:\/\/camillerouvray.fr\/\"],\"url\":\"https:\/\/voyage-aventure.com\/blog\/auteur\/noname\/\"}]}<\/script>\n<!-- \/ Yoast SEO Premium plugin. -->","yoast_head_json":{"title":"Oswego County : conseils de voyage et fermeture des bureaux","description":"Le 18 f\u00e9vrier 2025, le comt\u00e9 d'Oswego (\u00c9tat de New York) a ferm\u00e9 ses bureaux gouvernementaux et appel\u00e9 les habitants \u00e0 \u00e9viter tout d\u00e9placement non","robots":{"index":"index","follow":"follow","max-snippet":"max-snippet:-1","max-image-preview":"max-image-preview:large","max-video-preview":"max-video-preview:-1"},"canonical":"https:\/\/voyage-aventure.com\/blog\/a-la-une\/oswego-county-conseils-de-voyage-et-fermeture-des-bureaux-gouvernementaux-a-cause-du-mauvais-temps\/","og_locale":"fr_FR","og_type":"article","og_title":"Oswego County : conseils de voyage et fermeture des bureaux","og_description":"Le 18 f\u00e9vrier 2025, le comt\u00e9 d'Oswego (\u00c9tat de New York) a ferm\u00e9 ses bureaux gouvernementaux et appel\u00e9 les habitants \u00e0 \u00e9viter tout d\u00e9placement non","og_url":"https:\/\/voyage-aventure.com\/blog\/a-la-une\/oswego-county-conseils-de-voyage-et-fermeture-des-bureaux-gouvernementaux-a-cause-du-mauvais-temps\/","og_site_name":"voyage-aventure","og_image":[{"width":1024,"height":576,"url":"https:\/\/voyage-aventure.com\/blog\/wp-content\/uploads\/2025\/02\/stability-oswego-county-conseils-de-voyage-et-fermeture-des-bureaux-gouvernementaux-a-cause-du-mauvais-temps.png","type":"image\/png"}],"author":"Camille Rouvray","twitter_card":"summary_large_image","schema":{"@context":"https:\/\/schema.org","@graph":[{"@type":"NewsArticle","@id":"https:\/\/voyage-aventure.com\/blog\/a-la-une\/oswego-county-conseils-de-voyage-et-fermeture-des-bureaux-gouvernementaux-a-cause-du-mauvais-temps\/#article","isPartOf":{"@id":"https:\/\/voyage-aventure.com\/blog\/a-la-une\/oswego-county-conseils-de-voyage-et-fermeture-des-bureaux-gouvernementaux-a-cause-du-mauvais-temps\/"},"author":{"name":"Camille Rouvray","@id":"https:\/\/voyage-aventure.com\/blog\/#\/schema\/person\/3c864cdc320801e3db34b663e7e3f816"},"headline":"Oswego County : conseils de voyage et fermeture des bureaux gouvernementaux \u00e0 cause du mauvais temps","datePublished":"2026-06-03T02:21:35+00:00","mainEntityOfPage":{"@id":"https:\/\/voyage-aventure.com\/blog\/a-la-une\/oswego-county-conseils-de-voyage-et-fermeture-des-bureaux-gouvernementaux-a-cause-du-mauvais-temps\/"},"wordCount":555,"commentCount":21,"publisher":{"@id":"https:\/\/voyage-aventure.com\/blog\/#organization"},"image":{"@id":"https:\/\/voyage-aventure.com\/blog\/a-la-une\/oswego-county-conseils-de-voyage-et-fermeture-des-bureaux-gouvernementaux-a-cause-du-mauvais-temps\/#primaryimage"},"thumbnailUrl":"https:\/\/voyage-aventure.com\/blog\/wp-content\/uploads\/2025\/02\/stability-oswego-county-conseils-de-voyage-et-fermeture-des-bureaux-gouvernementaux-a-cause-du-mauvais-temps.png","keywords":["Assistance","Conditions M\u00e9t\u00e9orologiques","Conseils","Pr\u00e9paration","S\u00e9curit\u00e9"],"articleSection":["\u00c0 la une"],"inLanguage":"fr-FR","potentialAction":[{"@type":"CommentAction","name":"Comment","target":["https:\/\/voyage-aventure.com\/blog\/a-la-une\/oswego-county-conseils-de-voyage-et-fermeture-des-bureaux-gouvernementaux-a-cause-du-mauvais-temps\/#respond"]}]},{"@type":"WebPage","@id":"https:\/\/voyage-aventure.com\/blog\/a-la-une\/oswego-county-conseils-de-voyage-et-fermeture-des-bureaux-gouvernementaux-a-cause-du-mauvais-temps\/","url":"https:\/\/voyage-aventure.com\/blog\/a-la-une\/oswego-county-conseils-de-voyage-et-fermeture-des-bureaux-gouvernementaux-a-cause-du-mauvais-temps\/","name":"Oswego County : conseils de voyage et fermeture des bureaux","isPartOf":{"@id":"https:\/\/voyage-aventure.com\/blog\/#website"},"primaryImageOfPage":{"@id":"https:\/\/voyage-aventure.com\/blog\/a-la-une\/oswego-county-conseils-de-voyage-et-fermeture-des-bureaux-gouvernementaux-a-cause-du-mauvais-temps\/#primaryimage"},"image":{"@id":"https:\/\/voyage-aventure.com\/blog\/a-la-une\/oswego-county-conseils-de-voyage-et-fermeture-des-bureaux-gouvernementaux-a-cause-du-mauvais-temps\/#primaryimage"},"thumbnailUrl":"https:\/\/voyage-aventure.com\/blog\/wp-content\/uploads\/2025\/02\/stability-oswego-county-conseils-de-voyage-et-fermeture-des-bureaux-gouvernementaux-a-cause-du-mauvais-temps.png","datePublished":"2026-06-03T02:21:35+00:00","description":"Le 18 f\u00e9vrier 2025, le comt\u00e9 d'Oswego (\u00c9tat de New York) a ferm\u00e9 ses bureaux gouvernementaux et appel\u00e9 les habitants \u00e0 \u00e9viter tout d\u00e9placement non","inLanguage":"fr-FR","potentialAction":[{"@type":"ReadAction","target":["https:\/\/voyage-aventure.com\/blog\/a-la-une\/oswego-county-conseils-de-voyage-et-fermeture-des-bureaux-gouvernementaux-a-cause-du-mauvais-temps\/"]}]},{"@type":"ImageObject","inLanguage":"fr-FR","@id":"https:\/\/voyage-aventure.com\/blog\/a-la-une\/oswego-county-conseils-de-voyage-et-fermeture-des-bureaux-gouvernementaux-a-cause-du-mauvais-temps\/#primaryimage","url":"https:\/\/voyage-aventure.com\/blog\/wp-content\/uploads\/2025\/02\/stability-oswego-county-conseils-de-voyage-et-fermeture-des-bureaux-gouvernementaux-a-cause-du-mauvais-temps.png","contentUrl":"https:\/\/voyage-aventure.com\/blog\/wp-content\/uploads\/2025\/02\/stability-oswego-county-conseils-de-voyage-et-fermeture-des-bureaux-gouvernementaux-a-cause-du-mauvais-temps.png","width":1024,"height":576},{"@type":"WebSite","@id":"https:\/\/voyage-aventure.com\/blog\/#website","url":"https:\/\/voyage-aventure.com\/blog\/","name":"voyage-aventure.com","description":"Votre passeport pour l\u2019inattendu.","publisher":{"@id":"https:\/\/voyage-aventure.com\/blog\/#organization"},"alternateName":"Votre passeport pour l\u2019inattendu.","potentialAction":[{"@type":"SearchAction","target":{"@type":"EntryPoint","urlTemplate":"https:\/\/voyage-aventure.com\/blog\/?s={search_term_string}"},"query-input":{"@type":"PropertyValueSpecification","valueRequired":true,"valueName":"search_term_string"}}],"inLanguage":"fr-FR"},{"@type":"Organization","@id":"https:\/\/voyage-aventure.com\/blog\/#organization","name":"Foretsensations.fr","url":"https:\/\/voyage-aventure.com\/blog\/","logo":{"@type":"ImageObject","inLanguage":"fr-FR","@id":"https:\/\/voyage-aventure.com\/blog\/#\/schema\/logo\/image\/","url":"https:\/\/voyage-aventure.com\/blog\/wp-content\/uploads\/2024\/12\/19.png","contentUrl":"https:\/\/voyage-aventure.com\/blog\/wp-content\/uploads\/2024\/12\/19.png","width":512,"height":512,"caption":"Foretsensations.fr"},"image":{"@id":"https:\/\/voyage-aventure.com\/blog\/#\/schema\/logo\/image\/"}},{"@type":"Person","@id":"https:\/\/voyage-aventure.com\/blog\/#\/schema\/person\/3c864cdc320801e3db34b663e7e3f816","name":"Camille Rouvray","image":{"@type":"ImageObject","inLanguage":"fr-FR","@id":"https:\/\/voyage-aventure.com\/blog\/#\/schema\/person\/image\/","url":"https:\/\/voyage-aventure.com\/blog\/wp-content\/uploads\/2026\/06\/persona_camille-r-96x96.jpg","contentUrl":"https:\/\/voyage-aventure.com\/blog\/wp-content\/uploads\/2026\/06\/persona_camille-r-96x96.jpg","caption":"Camille Rouvray"},"description":"Je voyage et j'\u00e9cris sur le voyage depuis une douzaine d'ann\u00e9es, d'abord en tant que routarde au long cours, puis comme r\u00e9dactrice sp\u00e9cialis\u00e9e. Mon terrain de pr\u00e9dilection, ce sont les circuits organis\u00e9s et l'art de bien pr\u00e9parer un itin\u00e9raire : choix de la saison, dur\u00e9e r\u00e9aliste des \u00e9tapes, budget jour par jour, logement et transport sur place. J'aime aussi raconter les p\u00e9pites urbaines, ces adresses qu'on ne trouve pas dans les guides classiques. Avant de publier un dossier destination, je croise toujours plusieurs sources, je v\u00e9rifie les tarifs et les formalit\u00e9s d'entr\u00e9e \u00e0 jour, et je teste moi-m\u00eame quand je le peux. Mon angle reste pratique avant tout : aider le lecteur \u00e0 partir l'esprit tranquille, sans mauvaise surprise une fois sur place. Je m'attache \u00e0 distinguer le coup de c\u0153ur sinc\u00e8re du simple argument marketing.","sameAs":["https:\/\/camillerouvray.fr\/"],"url":"https:\/\/voyage-aventure.com\/blog\/auteur\/noname\/"}]}},"_links":{"self":[{"href":"https:\/\/voyage-aventure.com\/blog\/wp-json\/wp\/v2\/posts\/10239","targetHints":{"allow":["GET"]}}],"collection":[{"href":"https:\/\/voyage-aventure.com\/blog\/wp-json\/wp\/v2\/posts"}],"about":[{"href":"https:\/\/voyage-aventure.com\/blog\/wp-json\/wp\/v2\/types\/post"}],"author":[{"embeddable":true,"href":"https:\/\/voyage-aventure.com\/blog\/wp-json\/wp\/v2\/users\/34"}],"replies":[{"embeddable":true,"href":"https:\/\/voyage-aventure.com\/blog\/wp-json\/wp\/v2\/comments?post=10239"}],"version-history":[{"count":3,"href":"https:\/\/voyage-aventure.com\/blog\/wp-json\/wp\/v2\/posts\/10239\/revisions"}],"predecessor-version":[{"id":21611,"href":"https:\/\/voyage-aventure.com\/blog\/wp-json\/wp\/v2\/posts\/10239\/revisions\/21611"}],"wp:featuredmedia":[{"embeddable":true,"href":"https:\/\/voyage-aventure.com\/blog\/wp-json\/wp\/v2\/media\/10240"}],"wp:attachment":[{"href":"https:\/\/voyage-aventure.com\/blog\/wp-json\/wp\/v2\/media?parent=10239"}],"wp:term":[{"taxonomy":"category","embeddable":true,"href":"https:\/\/voyage-aventure.com\/blog\/wp-json\/wp\/v2\/categories?post=10239"},{"taxonomy":"post_tag","embeddable":true,"href":"https:\/\/voyage-aventure.com\/blog\/wp-json\/wp\/v2\/tags?post=10239"}],"curies":[{"name":"wp","href":"https:\/\/api.w.org\/{rel}","templated":true}]}}