{"id":10215,"date":"2025-02-19T20:15:56","date_gmt":"2025-02-19T19:15:56","guid":{"rendered":"https:\/\/voyage-aventure.com\/blog\/?p=10215"},"modified":"2025-02-18T13:50:07","modified_gmt":"2025-02-18T12:50:07","slug":"decouvrez-porto-la-perle-du-portugal-a-prix-mini-pour-un-city-trip-inoubliable","status":"publish","type":"post","link":"https:\/\/voyage-aventure.com\/blog\/a-la-une\/decouvrez-porto-la-perle-du-portugal-a-prix-mini-pour-un-city-trip-inoubliable\/","title":{"rendered":"D\u00e9couvrez Porto, la perle du Portugal \u00e0 prix mini pour un city-trip inoubliable"},"content":{"rendered":"<h2>Porto, une destination \u00e0 ne pas manquer<\/h2>\n<p>Porto, la deuxi\u00e8me ville du Portugal, se distingue par son ambiance chaleureuse et ses paysages \u00e0 couper le souffle. Moins fr\u00e9quent\u00e9e que Lisbonne, elle offre une exp\u00e9rience authentique m\u00ealant histoire, culture et gastronomie. Une escapade \u00e0 Porto promet une immersion dans un cadre pittoresque, o\u00f9 chaque coin de rue raconte une histoire.<\/p>\n<p>La ville est c\u00e9l\u00e8bre pour ses ruelles color\u00e9es et son architecture unique. En fl\u00e2nant dans le quartier historique de Ribeira, les visiteurs peuvent admirer les fa\u00e7ades azulejos, ces carreaux de c\u00e9ramique typiques, avant de savourer un verre de vin de Porto en bord de Douro. Que vous soyez en couple, entre amis ou en solo, Porto a quelque chose \u00e0 offrir \u00e0 chacun.<\/p>\n<h2>Des offres attractives pour un s\u00e9jour inoubliable<\/h2>\n<p>Imaginez passer trois jours dans un appart&rsquo;h\u00f4tel central \u00e0 Porto, avec des vols aller-retour directs, le tout \u00e0 partir de 120\u20ac par personne. Ces offres incroyables rendent Porto accessible \u00e0 tous ceux qui souhaitent d\u00e9couvrir cette magnifique ville sans se ruiner. Pour profiter au mieux de votre s\u00e9jour, il est conseill\u00e9 de r\u00e9server votre vol et votre h\u00f4tel s\u00e9par\u00e9ment.<\/p>\n<p>Les voyageurs peuvent choisir parmi plusieurs villes de d\u00e9part en France, notamment Paris, Marseille et Lyon. Ces options permettent de s&rsquo;adapter \u00e0 diff\u00e9rents budgets et pr\u00e9f\u00e9rences de voyage. Que vous soyez \u00e0 la recherche d&rsquo;une escapade romantique ou d&rsquo;une aventure entre amis, Porto vous attend avec ses bras ouverts.<\/p>\n<h2>Les incontournables de Porto<\/h2>\n<p>Lors de votre visite \u00e0 Porto, plusieurs sites embl\u00e9matiques m\u00e9ritent d&rsquo;\u00eatre d\u00e9couverts. Parmi eux, la c\u00e9l\u00e8bre librairie Lello, souvent consid\u00e9r\u00e9e comme l&rsquo;une des plus belles au monde, attire de nombreux passionn\u00e9s de litt\u00e9rature. Il serait dommage de ne pas faire un tour sur le pont Dom Lu\u00eds I, qui offre une vue imprenable sur la ville et le fleuve Douro.<\/p>\n<p>La gastronomie portugaise est \u00e9galement un incontournable. Les plats traditionnels comme la Francesinha, un sandwich g\u00e9n\u00e9reux rempli de viande et napp\u00e9 de sauce, raviront vos papilles. De plus, n&rsquo;oubliez pas de d\u00e9guster un verre de vin de Porto, une sp\u00e9cialit\u00e9 locale qui vient parfaire votre exp\u00e9rience culinaire.<\/p>\n<blockquote><p>\n\u00ab\u00a0Porto est une ville qui vit au rythme de ses rivi\u00e8res et de ses traditions, une destination o\u00f9 chaque visiteur peut se sentir chez lui.\u00a0\u00bb\n<\/p><\/blockquote>\n<p><iframe loading=\"lazy\" title=\"Visiter Porto : les 12 choses incontournables \u00e0 faire\" width=\"1200\" height=\"675\" src=\"https:\/\/www.youtube.com\/embed\/No8R-PXomaU?feature=oembed\" frameborder=\"0\" allow=\"accelerometer; autoplay; clipboard-write; encrypted-media; gyroscope; picture-in-picture; web-share\" referrerpolicy=\"strict-origin-when-cross-origin\" allowfullscreen><\/iframe><\/p>\n<h2>Conseils pratiques pour votre city-trip<\/h2>\n<p>Pour profiter pleinement de votre s\u00e9jour \u00e0 Porto, voici quelques conseils pratiques. Tout d&rsquo;abord, pensez \u00e0 r\u00e9server votre h\u00e9bergement dans le centre-ville pour \u00eatre \u00e0 proximit\u00e9 des principales attractions. La plupart des sites sont accessibles \u00e0 pied, ce qui permet d&rsquo;explorer la ville \u00e0 votre rythme.<\/p>\n<p>De plus, il est recommand\u00e9 de voyager l\u00e9ger, surtout si vous pr\u00e9voyez d&rsquo;utiliser les transports en commun. La ville dispose d&rsquo;un bon r\u00e9seau de tramways et de m\u00e9tros, facilitant vos d\u00e9placements. Enfin, n&rsquo;h\u00e9sitez pas \u00e0 vous engager avec les habitants pour d\u00e9couvrir les meilleures adresses locales et profiter de l&rsquo;hospitalit\u00e9 portugaise.<\/p>\n<ul>\n<li>Visitez le quartier historique de Ribeira<\/li>\n<li>Ne manquez pas la librairie Lello<\/li>\n<li>Go\u00fbtez \u00e0 la Francesinha au d\u00e9jeuner<\/li>\n<li>Admirez le coucher de soleil depuis le pont Dom Lu\u00eds I<\/li>\n<li>Explorez les caves \u00e0 vin de Porto<\/li>\n<\/ul>\n<p>Porto est bien plus qu&rsquo;une simple destination touristique ; c&rsquo;est une aventure \u00e0 vivre pleinement. Que vous souhaitiez vous impr\u00e9gner de la culture locale ou simplement profiter d&rsquo;une escapade relaxante, cette ville saura vous s\u00e9duire. Alors, pr\u00e9parez vos valises et laissez-vous envo\u00fbter par le charme de Porto, \u00e0 prix dinguo !<img decoding=\"async\" width=\"1024\" height=\"576\" src=\"https:\/\/voyage-aventure.com\/blog\/wp-content\/uploads\/2025\/02\/stability-decouvrez-porto-la-perle-du-portugal-a-prix-mini-pour-un-city-trip-inoubliable-1.png\" class=\"aligncenter\" alt=\"Illustration d\u00e9taill\u00e9e sur D\u00e9couvrez Porto, la perle du Portugal \u00e0 prix mini pour un city-trip inoubliable\" title=\"D\u00e9couvrez Porto, la perle du Portugal \u00e0 prix mini pour un city-trip inoubliable\" loading=\"lazy\" \/><\/p>\n","protected":false},"excerpt":{"rendered":"","protected":false},"author":34,"featured_media":10216,"comment_status":"open","ping_status":"open","sticky":false,"template":"","format":"standard","meta":{"_acf_changed":false,"manual_indexmenow":false,"indexmenow_id_project":0,"footnotes":""},"categories":[1],"tags":[4527,4530,4535,4528,4526],"class_list":["post-10215","post","type-post","status-publish","format-standard","has-post-thumbnail","hentry","category-a-la-une","tag-decouverte-culturelle","tag-escapade-en-europe","tag-gastronomie-locale","tag-hebergement-abordable","tag-voyage-economique","generate-columns","tablet-grid-50","mobile-grid-100","grid-parent","grid-25"],"acf":[],"yoast_head":"<!-- This site is optimized with the Yoast SEO Premium plugin v21.3 (Yoast SEO v25.1) - https:\/\/yoast.com\/wordpress\/plugins\/seo\/ -->\n<title>D\u00e9couvrez Porto, la perle du Portugal \u00e0 prix mini pour un<\/title>\n<meta name=\"description\" content=\"Porto, la deuxi\u00e8me ville du Portugal, se distingue par son ambiance chaleureuse et ses paysages \u00e0 couper le souffle. Moins fr\u00e9quent\u00e9e que Lisbonne, elle\" \/>\n<meta name=\"robots\" content=\"index, follow, max-snippet:-1, max-image-preview:large, max-video-preview:-1\" \/>\n<link rel=\"canonical\" href=\"https:\/\/voyage-aventure.com\/blog\/a-la-une\/decouvrez-porto-la-perle-du-portugal-a-prix-mini-pour-un-city-trip-inoubliable\/\" \/>\n<meta property=\"og:locale\" content=\"fr_FR\" \/>\n<meta property=\"og:type\" content=\"article\" \/>\n<meta property=\"og:title\" content=\"D\u00e9couvrez Porto, la perle du Portugal \u00e0 prix mini pour un\" \/>\n<meta property=\"og:description\" content=\"Porto, la deuxi\u00e8me ville du Portugal, se distingue par son ambiance chaleureuse et ses paysages \u00e0 couper le souffle. Moins fr\u00e9quent\u00e9e que Lisbonne, elle\" \/>\n<meta property=\"og:url\" content=\"https:\/\/voyage-aventure.com\/blog\/a-la-une\/decouvrez-porto-la-perle-du-portugal-a-prix-mini-pour-un-city-trip-inoubliable\/\" \/>\n<meta property=\"og:site_name\" content=\"voyage-aventure\" \/>\n<meta property=\"og:image\" content=\"https:\/\/voyage-aventure.com\/blog\/wp-content\/uploads\/2025\/02\/stability-decouvrez-porto-la-perle-du-portugal-a-prix-mini-pour-un-city-trip-inoubliable.png\" \/>\n\t<meta property=\"og:image:width\" content=\"1024\" \/>\n\t<meta property=\"og:image:height\" content=\"576\" \/>\n\t<meta property=\"og:image:type\" content=\"image\/png\" \/>\n<meta name=\"author\" content=\"Camille Rouvray\" \/>\n<meta name=\"twitter:card\" content=\"summary_large_image\" \/>\n<script type=\"application\/ld+json\" class=\"yoast-schema-graph\">{\"@context\":\"https:\/\/schema.org\",\"@graph\":[{\"@type\":\"NewsArticle\",\"@id\":\"https:\/\/voyage-aventure.com\/blog\/a-la-une\/decouvrez-porto-la-perle-du-portugal-a-prix-mini-pour-un-city-trip-inoubliable\/#article\",\"isPartOf\":{\"@id\":\"https:\/\/voyage-aventure.com\/blog\/a-la-une\/decouvrez-porto-la-perle-du-portugal-a-prix-mini-pour-un-city-trip-inoubliable\/\"},\"author\":{\"name\":\"Camille Rouvray\",\"@id\":\"https:\/\/voyage-aventure.com\/blog\/#\/schema\/person\/3c864cdc320801e3db34b663e7e3f816\"},\"headline\":\"D\u00e9couvrez Porto, la perle du Portugal \u00e0 prix mini pour un city-trip inoubliable\",\"datePublished\":\"2025-02-19T19:15:56+00:00\",\"mainEntityOfPage\":{\"@id\":\"https:\/\/voyage-aventure.com\/blog\/a-la-une\/decouvrez-porto-la-perle-du-portugal-a-prix-mini-pour-un-city-trip-inoubliable\/\"},\"wordCount\":628,\"commentCount\":22,\"publisher\":{\"@id\":\"https:\/\/voyage-aventure.com\/blog\/#organization\"},\"image\":{\"@id\":\"https:\/\/voyage-aventure.com\/blog\/a-la-une\/decouvrez-porto-la-perle-du-portugal-a-prix-mini-pour-un-city-trip-inoubliable\/#primaryimage\"},\"thumbnailUrl\":\"https:\/\/voyage-aventure.com\/blog\/wp-content\/uploads\/2025\/02\/stability-decouvrez-porto-la-perle-du-portugal-a-prix-mini-pour-un-city-trip-inoubliable.png\",\"keywords\":[\"D\u00e9couverte Culturelle\",\"Escapade en Europe\",\"Gastronomie Locale\",\"H\u00e9bergement Abordable\",\"Voyage \u00c9conomique\"],\"articleSection\":[\"\u00c0 la une\"],\"inLanguage\":\"fr-FR\",\"potentialAction\":[{\"@type\":\"CommentAction\",\"name\":\"Comment\",\"target\":[\"https:\/\/voyage-aventure.com\/blog\/a-la-une\/decouvrez-porto-la-perle-du-portugal-a-prix-mini-pour-un-city-trip-inoubliable\/#respond\"]}]},{\"@type\":\"WebPage\",\"@id\":\"https:\/\/voyage-aventure.com\/blog\/a-la-une\/decouvrez-porto-la-perle-du-portugal-a-prix-mini-pour-un-city-trip-inoubliable\/\",\"url\":\"https:\/\/voyage-aventure.com\/blog\/a-la-une\/decouvrez-porto-la-perle-du-portugal-a-prix-mini-pour-un-city-trip-inoubliable\/\",\"name\":\"D\u00e9couvrez Porto, la perle du Portugal \u00e0 prix mini pour un\",\"isPartOf\":{\"@id\":\"https:\/\/voyage-aventure.com\/blog\/#website\"},\"primaryImageOfPage\":{\"@id\":\"https:\/\/voyage-aventure.com\/blog\/a-la-une\/decouvrez-porto-la-perle-du-portugal-a-prix-mini-pour-un-city-trip-inoubliable\/#primaryimage\"},\"image\":{\"@id\":\"https:\/\/voyage-aventure.com\/blog\/a-la-une\/decouvrez-porto-la-perle-du-portugal-a-prix-mini-pour-un-city-trip-inoubliable\/#primaryimage\"},\"thumbnailUrl\":\"https:\/\/voyage-aventure.com\/blog\/wp-content\/uploads\/2025\/02\/stability-decouvrez-porto-la-perle-du-portugal-a-prix-mini-pour-un-city-trip-inoubliable.png\",\"datePublished\":\"2025-02-19T19:15:56+00:00\",\"description\":\"Porto, la deuxi\u00e8me ville du Portugal, se distingue par son ambiance chaleureuse et ses paysages \u00e0 couper le souffle. Moins fr\u00e9quent\u00e9e que Lisbonne, elle\",\"inLanguage\":\"fr-FR\",\"potentialAction\":[{\"@type\":\"ReadAction\",\"target\":[\"https:\/\/voyage-aventure.com\/blog\/a-la-une\/decouvrez-porto-la-perle-du-portugal-a-prix-mini-pour-un-city-trip-inoubliable\/\"]}]},{\"@type\":\"ImageObject\",\"inLanguage\":\"fr-FR\",\"@id\":\"https:\/\/voyage-aventure.com\/blog\/a-la-une\/decouvrez-porto-la-perle-du-portugal-a-prix-mini-pour-un-city-trip-inoubliable\/#primaryimage\",\"url\":\"https:\/\/voyage-aventure.com\/blog\/wp-content\/uploads\/2025\/02\/stability-decouvrez-porto-la-perle-du-portugal-a-prix-mini-pour-un-city-trip-inoubliable.png\",\"contentUrl\":\"https:\/\/voyage-aventure.com\/blog\/wp-content\/uploads\/2025\/02\/stability-decouvrez-porto-la-perle-du-portugal-a-prix-mini-pour-un-city-trip-inoubliable.png\",\"width\":1024,\"height\":576},{\"@type\":\"WebSite\",\"@id\":\"https:\/\/voyage-aventure.com\/blog\/#website\",\"url\":\"https:\/\/voyage-aventure.com\/blog\/\",\"name\":\"voyage-aventure.com\",\"description\":\"Votre passeport pour l\u2019inattendu.\",\"publisher\":{\"@id\":\"https:\/\/voyage-aventure.com\/blog\/#organization\"},\"alternateName\":\"Votre passeport pour l\u2019inattendu.\",\"potentialAction\":[{\"@type\":\"SearchAction\",\"target\":{\"@type\":\"EntryPoint\",\"urlTemplate\":\"https:\/\/voyage-aventure.com\/blog\/?s={search_term_string}\"},\"query-input\":{\"@type\":\"PropertyValueSpecification\",\"valueRequired\":true,\"valueName\":\"search_term_string\"}}],\"inLanguage\":\"fr-FR\"},{\"@type\":\"Organization\",\"@id\":\"https:\/\/voyage-aventure.com\/blog\/#organization\",\"name\":\"Foretsensations.fr\",\"url\":\"https:\/\/voyage-aventure.com\/blog\/\",\"logo\":{\"@type\":\"ImageObject\",\"inLanguage\":\"fr-FR\",\"@id\":\"https:\/\/voyage-aventure.com\/blog\/#\/schema\/logo\/image\/\",\"url\":\"https:\/\/voyage-aventure.com\/blog\/wp-content\/uploads\/2024\/12\/19.png\",\"contentUrl\":\"https:\/\/voyage-aventure.com\/blog\/wp-content\/uploads\/2024\/12\/19.png\",\"width\":512,\"height\":512,\"caption\":\"Foretsensations.fr\"},\"image\":{\"@id\":\"https:\/\/voyage-aventure.com\/blog\/#\/schema\/logo\/image\/\"}},{\"@type\":\"Person\",\"@id\":\"https:\/\/voyage-aventure.com\/blog\/#\/schema\/person\/3c864cdc320801e3db34b663e7e3f816\",\"name\":\"Camille Rouvray\",\"image\":{\"@type\":\"ImageObject\",\"inLanguage\":\"fr-FR\",\"@id\":\"https:\/\/voyage-aventure.com\/blog\/#\/schema\/person\/image\/\",\"url\":\"https:\/\/voyage-aventure.com\/blog\/wp-content\/uploads\/2026\/06\/persona_camille-r-96x96.jpg\",\"contentUrl\":\"https:\/\/voyage-aventure.com\/blog\/wp-content\/uploads\/2026\/06\/persona_camille-r-96x96.jpg\",\"caption\":\"Camille Rouvray\"},\"description\":\"Je voyage et j'\u00e9cris sur le voyage depuis une douzaine d'ann\u00e9es, d'abord en tant que routarde au long cours, puis comme r\u00e9dactrice sp\u00e9cialis\u00e9e. Mon terrain de pr\u00e9dilection, ce sont les circuits organis\u00e9s et l'art de bien pr\u00e9parer un itin\u00e9raire : choix de la saison, dur\u00e9e r\u00e9aliste des \u00e9tapes, budget jour par jour, logement et transport sur place. J'aime aussi raconter les p\u00e9pites urbaines, ces adresses qu'on ne trouve pas dans les guides classiques. Avant de publier un dossier destination, je croise toujours plusieurs sources, je v\u00e9rifie les tarifs et les formalit\u00e9s d'entr\u00e9e \u00e0 jour, et je teste moi-m\u00eame quand je le peux. Mon angle reste pratique avant tout : aider le lecteur \u00e0 partir l'esprit tranquille, sans mauvaise surprise une fois sur place. Je m'attache \u00e0 distinguer le coup de c\u0153ur sinc\u00e8re du simple argument marketing.\",\"sameAs\":[\"https:\/\/camillerouvray.fr\/\"],\"url\":\"https:\/\/voyage-aventure.com\/blog\/auteur\/noname\/\"}]}<\/script>\n<!-- \/ Yoast SEO Premium plugin. -->","yoast_head_json":{"title":"D\u00e9couvrez Porto, la perle du Portugal \u00e0 prix mini pour un","description":"Porto, la deuxi\u00e8me ville du Portugal, se distingue par son ambiance chaleureuse et ses paysages \u00e0 couper le souffle. Moins fr\u00e9quent\u00e9e que Lisbonne, elle","robots":{"index":"index","follow":"follow","max-snippet":"max-snippet:-1","max-image-preview":"max-image-preview:large","max-video-preview":"max-video-preview:-1"},"canonical":"https:\/\/voyage-aventure.com\/blog\/a-la-une\/decouvrez-porto-la-perle-du-portugal-a-prix-mini-pour-un-city-trip-inoubliable\/","og_locale":"fr_FR","og_type":"article","og_title":"D\u00e9couvrez Porto, la perle du Portugal \u00e0 prix mini pour un","og_description":"Porto, la deuxi\u00e8me ville du Portugal, se distingue par son ambiance chaleureuse et ses paysages \u00e0 couper le souffle. Moins fr\u00e9quent\u00e9e que Lisbonne, elle","og_url":"https:\/\/voyage-aventure.com\/blog\/a-la-une\/decouvrez-porto-la-perle-du-portugal-a-prix-mini-pour-un-city-trip-inoubliable\/","og_site_name":"voyage-aventure","og_image":[{"width":1024,"height":576,"url":"https:\/\/voyage-aventure.com\/blog\/wp-content\/uploads\/2025\/02\/stability-decouvrez-porto-la-perle-du-portugal-a-prix-mini-pour-un-city-trip-inoubliable.png","type":"image\/png"}],"author":"Camille Rouvray","twitter_card":"summary_large_image","schema":{"@context":"https:\/\/schema.org","@graph":[{"@type":"NewsArticle","@id":"https:\/\/voyage-aventure.com\/blog\/a-la-une\/decouvrez-porto-la-perle-du-portugal-a-prix-mini-pour-un-city-trip-inoubliable\/#article","isPartOf":{"@id":"https:\/\/voyage-aventure.com\/blog\/a-la-une\/decouvrez-porto-la-perle-du-portugal-a-prix-mini-pour-un-city-trip-inoubliable\/"},"author":{"name":"Camille Rouvray","@id":"https:\/\/voyage-aventure.com\/blog\/#\/schema\/person\/3c864cdc320801e3db34b663e7e3f816"},"headline":"D\u00e9couvrez Porto, la perle du Portugal \u00e0 prix mini pour un city-trip inoubliable","datePublished":"2025-02-19T19:15:56+00:00","mainEntityOfPage":{"@id":"https:\/\/voyage-aventure.com\/blog\/a-la-une\/decouvrez-porto-la-perle-du-portugal-a-prix-mini-pour-un-city-trip-inoubliable\/"},"wordCount":628,"commentCount":22,"publisher":{"@id":"https:\/\/voyage-aventure.com\/blog\/#organization"},"image":{"@id":"https:\/\/voyage-aventure.com\/blog\/a-la-une\/decouvrez-porto-la-perle-du-portugal-a-prix-mini-pour-un-city-trip-inoubliable\/#primaryimage"},"thumbnailUrl":"https:\/\/voyage-aventure.com\/blog\/wp-content\/uploads\/2025\/02\/stability-decouvrez-porto-la-perle-du-portugal-a-prix-mini-pour-un-city-trip-inoubliable.png","keywords":["D\u00e9couverte Culturelle","Escapade en Europe","Gastronomie Locale","H\u00e9bergement Abordable","Voyage \u00c9conomique"],"articleSection":["\u00c0 la une"],"inLanguage":"fr-FR","potentialAction":[{"@type":"CommentAction","name":"Comment","target":["https:\/\/voyage-aventure.com\/blog\/a-la-une\/decouvrez-porto-la-perle-du-portugal-a-prix-mini-pour-un-city-trip-inoubliable\/#respond"]}]},{"@type":"WebPage","@id":"https:\/\/voyage-aventure.com\/blog\/a-la-une\/decouvrez-porto-la-perle-du-portugal-a-prix-mini-pour-un-city-trip-inoubliable\/","url":"https:\/\/voyage-aventure.com\/blog\/a-la-une\/decouvrez-porto-la-perle-du-portugal-a-prix-mini-pour-un-city-trip-inoubliable\/","name":"D\u00e9couvrez Porto, la perle du Portugal \u00e0 prix mini pour un","isPartOf":{"@id":"https:\/\/voyage-aventure.com\/blog\/#website"},"primaryImageOfPage":{"@id":"https:\/\/voyage-aventure.com\/blog\/a-la-une\/decouvrez-porto-la-perle-du-portugal-a-prix-mini-pour-un-city-trip-inoubliable\/#primaryimage"},"image":{"@id":"https:\/\/voyage-aventure.com\/blog\/a-la-une\/decouvrez-porto-la-perle-du-portugal-a-prix-mini-pour-un-city-trip-inoubliable\/#primaryimage"},"thumbnailUrl":"https:\/\/voyage-aventure.com\/blog\/wp-content\/uploads\/2025\/02\/stability-decouvrez-porto-la-perle-du-portugal-a-prix-mini-pour-un-city-trip-inoubliable.png","datePublished":"2025-02-19T19:15:56+00:00","description":"Porto, la deuxi\u00e8me ville du Portugal, se distingue par son ambiance chaleureuse et ses paysages \u00e0 couper le souffle. Moins fr\u00e9quent\u00e9e que Lisbonne, elle","inLanguage":"fr-FR","potentialAction":[{"@type":"ReadAction","target":["https:\/\/voyage-aventure.com\/blog\/a-la-une\/decouvrez-porto-la-perle-du-portugal-a-prix-mini-pour-un-city-trip-inoubliable\/"]}]},{"@type":"ImageObject","inLanguage":"fr-FR","@id":"https:\/\/voyage-aventure.com\/blog\/a-la-une\/decouvrez-porto-la-perle-du-portugal-a-prix-mini-pour-un-city-trip-inoubliable\/#primaryimage","url":"https:\/\/voyage-aventure.com\/blog\/wp-content\/uploads\/2025\/02\/stability-decouvrez-porto-la-perle-du-portugal-a-prix-mini-pour-un-city-trip-inoubliable.png","contentUrl":"https:\/\/voyage-aventure.com\/blog\/wp-content\/uploads\/2025\/02\/stability-decouvrez-porto-la-perle-du-portugal-a-prix-mini-pour-un-city-trip-inoubliable.png","width":1024,"height":576},{"@type":"WebSite","@id":"https:\/\/voyage-aventure.com\/blog\/#website","url":"https:\/\/voyage-aventure.com\/blog\/","name":"voyage-aventure.com","description":"Votre passeport pour l\u2019inattendu.","publisher":{"@id":"https:\/\/voyage-aventure.com\/blog\/#organization"},"alternateName":"Votre passeport pour l\u2019inattendu.","potentialAction":[{"@type":"SearchAction","target":{"@type":"EntryPoint","urlTemplate":"https:\/\/voyage-aventure.com\/blog\/?s={search_term_string}"},"query-input":{"@type":"PropertyValueSpecification","valueRequired":true,"valueName":"search_term_string"}}],"inLanguage":"fr-FR"},{"@type":"Organization","@id":"https:\/\/voyage-aventure.com\/blog\/#organization","name":"Foretsensations.fr","url":"https:\/\/voyage-aventure.com\/blog\/","logo":{"@type":"ImageObject","inLanguage":"fr-FR","@id":"https:\/\/voyage-aventure.com\/blog\/#\/schema\/logo\/image\/","url":"https:\/\/voyage-aventure.com\/blog\/wp-content\/uploads\/2024\/12\/19.png","contentUrl":"https:\/\/voyage-aventure.com\/blog\/wp-content\/uploads\/2024\/12\/19.png","width":512,"height":512,"caption":"Foretsensations.fr"},"image":{"@id":"https:\/\/voyage-aventure.com\/blog\/#\/schema\/logo\/image\/"}},{"@type":"Person","@id":"https:\/\/voyage-aventure.com\/blog\/#\/schema\/person\/3c864cdc320801e3db34b663e7e3f816","name":"Camille Rouvray","image":{"@type":"ImageObject","inLanguage":"fr-FR","@id":"https:\/\/voyage-aventure.com\/blog\/#\/schema\/person\/image\/","url":"https:\/\/voyage-aventure.com\/blog\/wp-content\/uploads\/2026\/06\/persona_camille-r-96x96.jpg","contentUrl":"https:\/\/voyage-aventure.com\/blog\/wp-content\/uploads\/2026\/06\/persona_camille-r-96x96.jpg","caption":"Camille Rouvray"},"description":"Je voyage et j'\u00e9cris sur le voyage depuis une douzaine d'ann\u00e9es, d'abord en tant que routarde au long cours, puis comme r\u00e9dactrice sp\u00e9cialis\u00e9e. Mon terrain de pr\u00e9dilection, ce sont les circuits organis\u00e9s et l'art de bien pr\u00e9parer un itin\u00e9raire : choix de la saison, dur\u00e9e r\u00e9aliste des \u00e9tapes, budget jour par jour, logement et transport sur place. J'aime aussi raconter les p\u00e9pites urbaines, ces adresses qu'on ne trouve pas dans les guides classiques. Avant de publier un dossier destination, je croise toujours plusieurs sources, je v\u00e9rifie les tarifs et les formalit\u00e9s d'entr\u00e9e \u00e0 jour, et je teste moi-m\u00eame quand je le peux. Mon angle reste pratique avant tout : aider le lecteur \u00e0 partir l'esprit tranquille, sans mauvaise surprise une fois sur place. Je m'attache \u00e0 distinguer le coup de c\u0153ur sinc\u00e8re du simple argument marketing.","sameAs":["https:\/\/camillerouvray.fr\/"],"url":"https:\/\/voyage-aventure.com\/blog\/auteur\/noname\/"}]}},"_links":{"self":[{"href":"https:\/\/voyage-aventure.com\/blog\/wp-json\/wp\/v2\/posts\/10215","targetHints":{"allow":["GET"]}}],"collection":[{"href":"https:\/\/voyage-aventure.com\/blog\/wp-json\/wp\/v2\/posts"}],"about":[{"href":"https:\/\/voyage-aventure.com\/blog\/wp-json\/wp\/v2\/types\/post"}],"author":[{"embeddable":true,"href":"https:\/\/voyage-aventure.com\/blog\/wp-json\/wp\/v2\/users\/34"}],"replies":[{"embeddable":true,"href":"https:\/\/voyage-aventure.com\/blog\/wp-json\/wp\/v2\/comments?post=10215"}],"version-history":[{"count":1,"href":"https:\/\/voyage-aventure.com\/blog\/wp-json\/wp\/v2\/posts\/10215\/revisions"}],"predecessor-version":[{"id":10218,"href":"https:\/\/voyage-aventure.com\/blog\/wp-json\/wp\/v2\/posts\/10215\/revisions\/10218"}],"wp:featuredmedia":[{"embeddable":true,"href":"https:\/\/voyage-aventure.com\/blog\/wp-json\/wp\/v2\/media\/10216"}],"wp:attachment":[{"href":"https:\/\/voyage-aventure.com\/blog\/wp-json\/wp\/v2\/media?parent=10215"}],"wp:term":[{"taxonomy":"category","embeddable":true,"href":"https:\/\/voyage-aventure.com\/blog\/wp-json\/wp\/v2\/categories?post=10215"},{"taxonomy":"post_tag","embeddable":true,"href":"https:\/\/voyage-aventure.com\/blog\/wp-json\/wp\/v2\/tags?post=10215"}],"curies":[{"name":"wp","href":"https:\/\/api.w.org\/{rel}","templated":true}]}}