{"id":10209,"date":"2025-02-18T13:19:59","date_gmt":"2025-02-18T12:19:59","guid":{"rendered":"https:\/\/voyage-aventure.com\/blog\/a-la-une\/comment-tuberville-a-combattu-la-politique-davortement-militaire-de-biden\/"},"modified":"2025-02-18T13:20:29","modified_gmt":"2025-02-18T12:20:29","slug":"comment-tuberville-a-combattu-la-politique-davortement-militaire-de-biden","status":"publish","type":"post","link":"https:\/\/voyage-aventure.com\/blog\/a-la-une\/comment-tuberville-a-combattu-la-politique-davortement-militaire-de-biden\/","title":{"rendered":"Comment Tuberville a combattu la politique d&rsquo;avortement militaire de Biden"},"content":{"rendered":"<h2>Une promesse tenue pour l&rsquo;Alabama<\/h2>\n<p>Le s\u00e9nateur Tommy Tuberville a \u00e9t\u00e9 \u00e9lu avec un engagement clair : d\u00e9fendre les valeurs pro-vie des Alabamiens. En tant que repr\u00e9sentant, il a ressenti la responsabilit\u00e9 de s&rsquo;opposer aux politiques qu&rsquo;il jugeait contraires \u00e0 ces valeurs. Son combat contre la politique d&rsquo;avortement militaire du pr\u00e9sident Biden illustre cette d\u00e9termination.<\/p>\n<p>\u00c0 la suite de l&rsquo;annulation de la d\u00e9cision Dobbs vs. Jackson, Tuberville a d\u00e9nonc\u00e9 un m\u00e9mo du secr\u00e9taire \u00e0 la D\u00e9fense qui obligeait les contribuables \u00e0 financer les d\u00e9placements pour avortements des militaires. Pour lui, cette directive \u00e9tait non seulement ill\u00e9gale, mais elle contrevenait \u00e9galement \u00e0 l&rsquo;\u00e9thique du service militaire, qui doit se concentrer sur la d\u00e9fense des citoyens am\u00e9ricains.<\/p>\n<h2>Un combat pour la transparence<\/h2>\n<p>Durant pr\u00e8s d&rsquo;un an, Tuberville a cherch\u00e9 \u00e0 obtenir des r\u00e9ponses de la part du Pentagone concernant cette politique. Malgr\u00e9 ses multiples demandes de rencontre et ses lettres, il n\u2019a re\u00e7u aucune r\u00e9ponse satisfaisante. Face \u00e0 ce manque de transparence, il a d\u00e9cid\u00e9 de bloquer les nominations des officiers du D\u00e9partement de la D\u00e9fense.<\/p>\n<p>Le s\u00e9nateur Tuberville a d\u00e9clar\u00e9 : <\/p>\n<blockquote><p>\u00ab\u00a0Je me battais pour les contribuables et pour les non-n\u00e9s.\u00a0\u00bb <\/p><\/blockquote>\n<p> C&rsquo;est cette conviction qui l&rsquo;a pouss\u00e9 \u00e0 r\u00e9sister \u00e0 ce qu&rsquo;il consid\u00e9rait comme une d\u00e9rive politique au sein de l&rsquo;arm\u00e9e. Sa volont\u00e9 de d\u00e9fendre les int\u00e9r\u00eats des contribuables lui a valu des critiques, tant de ses coll\u00e8gues que des m\u00e9dias.<\/p>\n<h2>Un retour aux valeurs fondamentales<\/h2>\n<p>Sous l&rsquo;administration Biden, Tuberville a constat\u00e9 une militarisation de l&rsquo;id\u00e9ologie progressiste, qui a conduit \u00e0 des crises de recrutement et \u00e0 des changements controvers\u00e9s. Il a soulign\u00e9 que la mission de l&rsquo;arm\u00e9e am\u00e9ricaine devrait \u00eatre de prot\u00e9ger la nation, plut\u00f4t que de se concentrer sur des questions de politique sociale. Le s\u00e9nateur a mis en garde contre le risque que cette politisation nuise \u00e0 l&rsquo;efficacit\u00e9 militaire.<\/p>\n<p>Avec le retour de Donald Trump \u00e0 la pr\u00e9sidence, Tuberville a \u00e9t\u00e9 encourag\u00e9 par la promesse de restaurer des valeurs conservatrices au sein du gouvernement. Il a salu\u00e9 les efforts de Trump pour annuler la politique de d\u00e9placement pour avortements, ce qui, selon lui, restituera l&rsquo;int\u00e9grit\u00e9 de l&rsquo;arm\u00e9e. Cette victoire, bien qu&rsquo;accomplie dans des conditions difficiles, a \u00e9t\u00e9 vue comme un pas important vers la r\u00e9affirmation des principes pro-vie.<\/p>\n<ul>\n<li>La promesse de d\u00e9fendre les valeurs pro-vie<\/li>\n<li>Un manque de transparence du Pentagone<\/li>\n<li>Des critiques sur la politisation de l&rsquo;arm\u00e9e<\/li>\n<li>Le retour de Trump et l&rsquo;annulation de la politique d&rsquo;avortement<\/li>\n<\/ul>\n<p>Le s\u00e9nateur Tuberville a exprim\u00e9 sa fiert\u00e9 d&rsquo;avoir jou\u00e9 un r\u00f4le, m\u00eame modeste, dans cette lutte pour la transparence et la moralit\u00e9. Il reste d\u00e9termin\u00e9 \u00e0 d\u00e9fendre les principes qu&rsquo;il a promis de soutenir, m\u00eame face \u00e0 l&rsquo;adversit\u00e9. Les Alabamiens peuvent compter sur lui pour continuer \u00e0 se battre pour ce qu&rsquo;il consid\u00e8re comme juste et n\u00e9cessaire pour leur \u00e9tat et leur pays.<br \/>\n<img decoding=\"async\" width=\"1024\" height=\"576\" src=\"https:\/\/voyage-aventure.com\/blog\/wp-content\/uploads\/2025\/02\/stability-comment-tuberville-a-combattu-la-politique-davortement-militaire-de-biden-1.png\" class=\"aligncenter\" alt=\"Illustration d\u00e9taill\u00e9e sur Comment Tuberville a combattu la politique d&#039;avortement militaire de Biden\" title=\"Comment Tuberville a combattu la politique d&#039;avortement militaire de Biden\" loading=\"lazy\" \/><\/p>\n","protected":false},"excerpt":{"rendered":"","protected":false},"author":34,"featured_media":10211,"comment_status":"open","ping_status":"open","sticky":false,"template":"","format":"standard","meta":{"_acf_changed":false,"manual_indexmenow":false,"indexmenow_id_project":0,"footnotes":""},"categories":[1],"tags":[4527,4636,5688,3170,4526],"class_list":["post-10209","post","type-post","status-publish","format-standard","has-post-thumbnail","hentry","category-a-la-une","tag-decouverte-culturelle","tag-destinations","tag-relations-internationales","tag-securite","tag-voyage-economique","generate-columns","tablet-grid-50","mobile-grid-100","grid-parent","grid-25"],"acf":[],"yoast_head":"<!-- This site is optimized with the Yoast SEO Premium plugin v21.3 (Yoast SEO v25.1) - https:\/\/yoast.com\/wordpress\/plugins\/seo\/ -->\n<title>Comment Tuberville a combattu la politique d&#039;avortement<\/title>\n<meta name=\"description\" content=\"Le s\u00e9nateur Tommy Tuberville a \u00e9t\u00e9 \u00e9lu avec un engagement clair : d\u00e9fendre les valeurs pro-vie des Alabamiens. En tant que repr\u00e9sentant, il a ressenti la\" \/>\n<meta name=\"robots\" content=\"index, follow, max-snippet:-1, max-image-preview:large, max-video-preview:-1\" \/>\n<link rel=\"canonical\" href=\"https:\/\/voyage-aventure.com\/blog\/a-la-une\/comment-tuberville-a-combattu-la-politique-davortement-militaire-de-biden\/\" \/>\n<meta property=\"og:locale\" content=\"fr_FR\" \/>\n<meta property=\"og:type\" content=\"article\" \/>\n<meta property=\"og:title\" content=\"Comment Tuberville a combattu la politique d&#039;avortement\" \/>\n<meta property=\"og:description\" content=\"Le s\u00e9nateur Tommy Tuberville a \u00e9t\u00e9 \u00e9lu avec un engagement clair : d\u00e9fendre les valeurs pro-vie des Alabamiens. En tant que repr\u00e9sentant, il a ressenti la\" \/>\n<meta property=\"og:url\" content=\"https:\/\/voyage-aventure.com\/blog\/a-la-une\/comment-tuberville-a-combattu-la-politique-davortement-militaire-de-biden\/\" \/>\n<meta property=\"og:site_name\" content=\"voyage-aventure\" \/>\n<meta property=\"og:image\" content=\"https:\/\/voyage-aventure.com\/blog\/wp-content\/uploads\/2025\/02\/stability-comment-tuberville-a-combattu-la-politique-davortement-militaire-de-biden.png\" \/>\n\t<meta property=\"og:image:width\" content=\"1024\" \/>\n\t<meta property=\"og:image:height\" content=\"576\" \/>\n\t<meta property=\"og:image:type\" content=\"image\/png\" \/>\n<meta name=\"author\" content=\"Camille Rouvray\" \/>\n<meta name=\"twitter:card\" content=\"summary_large_image\" \/>\n<script type=\"application\/ld+json\" class=\"yoast-schema-graph\">{\"@context\":\"https:\/\/schema.org\",\"@graph\":[{\"@type\":\"NewsArticle\",\"@id\":\"https:\/\/voyage-aventure.com\/blog\/a-la-une\/comment-tuberville-a-combattu-la-politique-davortement-militaire-de-biden\/#article\",\"isPartOf\":{\"@id\":\"https:\/\/voyage-aventure.com\/blog\/a-la-une\/comment-tuberville-a-combattu-la-politique-davortement-militaire-de-biden\/\"},\"author\":{\"name\":\"Camille Rouvray\",\"@id\":\"https:\/\/voyage-aventure.com\/blog\/#\/schema\/person\/3c864cdc320801e3db34b663e7e3f816\"},\"headline\":\"Comment Tuberville a combattu la politique d&rsquo;avortement militaire de Biden\",\"datePublished\":\"2025-02-18T12:19:59+00:00\",\"dateModified\":\"2025-02-18T12:20:29+00:00\",\"mainEntityOfPage\":{\"@id\":\"https:\/\/voyage-aventure.com\/blog\/a-la-une\/comment-tuberville-a-combattu-la-politique-davortement-militaire-de-biden\/\"},\"wordCount\":537,\"commentCount\":22,\"publisher\":{\"@id\":\"https:\/\/voyage-aventure.com\/blog\/#organization\"},\"image\":{\"@id\":\"https:\/\/voyage-aventure.com\/blog\/a-la-une\/comment-tuberville-a-combattu-la-politique-davortement-militaire-de-biden\/#primaryimage\"},\"thumbnailUrl\":\"https:\/\/voyage-aventure.com\/blog\/wp-content\/uploads\/2025\/02\/stability-comment-tuberville-a-combattu-la-politique-davortement-militaire-de-biden.png\",\"keywords\":[\"D\u00e9couverte Culturelle\",\"Destinations\",\"Relations Internationales\",\"S\u00e9curit\u00e9\",\"Voyage \u00c9conomique\"],\"articleSection\":[\"\u00c0 la une\"],\"inLanguage\":\"fr-FR\",\"potentialAction\":[{\"@type\":\"CommentAction\",\"name\":\"Comment\",\"target\":[\"https:\/\/voyage-aventure.com\/blog\/a-la-une\/comment-tuberville-a-combattu-la-politique-davortement-militaire-de-biden\/#respond\"]}]},{\"@type\":\"WebPage\",\"@id\":\"https:\/\/voyage-aventure.com\/blog\/a-la-une\/comment-tuberville-a-combattu-la-politique-davortement-militaire-de-biden\/\",\"url\":\"https:\/\/voyage-aventure.com\/blog\/a-la-une\/comment-tuberville-a-combattu-la-politique-davortement-militaire-de-biden\/\",\"name\":\"Comment Tuberville a combattu la politique d'avortement\",\"isPartOf\":{\"@id\":\"https:\/\/voyage-aventure.com\/blog\/#website\"},\"primaryImageOfPage\":{\"@id\":\"https:\/\/voyage-aventure.com\/blog\/a-la-une\/comment-tuberville-a-combattu-la-politique-davortement-militaire-de-biden\/#primaryimage\"},\"image\":{\"@id\":\"https:\/\/voyage-aventure.com\/blog\/a-la-une\/comment-tuberville-a-combattu-la-politique-davortement-militaire-de-biden\/#primaryimage\"},\"thumbnailUrl\":\"https:\/\/voyage-aventure.com\/blog\/wp-content\/uploads\/2025\/02\/stability-comment-tuberville-a-combattu-la-politique-davortement-militaire-de-biden.png\",\"datePublished\":\"2025-02-18T12:19:59+00:00\",\"dateModified\":\"2025-02-18T12:20:29+00:00\",\"description\":\"Le s\u00e9nateur Tommy Tuberville a \u00e9t\u00e9 \u00e9lu avec un engagement clair : d\u00e9fendre les valeurs pro-vie des Alabamiens. En tant que repr\u00e9sentant, il a ressenti la\",\"inLanguage\":\"fr-FR\",\"potentialAction\":[{\"@type\":\"ReadAction\",\"target\":[\"https:\/\/voyage-aventure.com\/blog\/a-la-une\/comment-tuberville-a-combattu-la-politique-davortement-militaire-de-biden\/\"]}]},{\"@type\":\"ImageObject\",\"inLanguage\":\"fr-FR\",\"@id\":\"https:\/\/voyage-aventure.com\/blog\/a-la-une\/comment-tuberville-a-combattu-la-politique-davortement-militaire-de-biden\/#primaryimage\",\"url\":\"https:\/\/voyage-aventure.com\/blog\/wp-content\/uploads\/2025\/02\/stability-comment-tuberville-a-combattu-la-politique-davortement-militaire-de-biden.png\",\"contentUrl\":\"https:\/\/voyage-aventure.com\/blog\/wp-content\/uploads\/2025\/02\/stability-comment-tuberville-a-combattu-la-politique-davortement-militaire-de-biden.png\",\"width\":1024,\"height\":576},{\"@type\":\"WebSite\",\"@id\":\"https:\/\/voyage-aventure.com\/blog\/#website\",\"url\":\"https:\/\/voyage-aventure.com\/blog\/\",\"name\":\"voyage-aventure.com\",\"description\":\"Votre passeport pour l\u2019inattendu.\",\"publisher\":{\"@id\":\"https:\/\/voyage-aventure.com\/blog\/#organization\"},\"alternateName\":\"Votre passeport pour l\u2019inattendu.\",\"potentialAction\":[{\"@type\":\"SearchAction\",\"target\":{\"@type\":\"EntryPoint\",\"urlTemplate\":\"https:\/\/voyage-aventure.com\/blog\/?s={search_term_string}\"},\"query-input\":{\"@type\":\"PropertyValueSpecification\",\"valueRequired\":true,\"valueName\":\"search_term_string\"}}],\"inLanguage\":\"fr-FR\"},{\"@type\":\"Organization\",\"@id\":\"https:\/\/voyage-aventure.com\/blog\/#organization\",\"name\":\"Foretsensations.fr\",\"url\":\"https:\/\/voyage-aventure.com\/blog\/\",\"logo\":{\"@type\":\"ImageObject\",\"inLanguage\":\"fr-FR\",\"@id\":\"https:\/\/voyage-aventure.com\/blog\/#\/schema\/logo\/image\/\",\"url\":\"https:\/\/voyage-aventure.com\/blog\/wp-content\/uploads\/2024\/12\/19.png\",\"contentUrl\":\"https:\/\/voyage-aventure.com\/blog\/wp-content\/uploads\/2024\/12\/19.png\",\"width\":512,\"height\":512,\"caption\":\"Foretsensations.fr\"},\"image\":{\"@id\":\"https:\/\/voyage-aventure.com\/blog\/#\/schema\/logo\/image\/\"}},{\"@type\":\"Person\",\"@id\":\"https:\/\/voyage-aventure.com\/blog\/#\/schema\/person\/3c864cdc320801e3db34b663e7e3f816\",\"name\":\"Camille Rouvray\",\"image\":{\"@type\":\"ImageObject\",\"inLanguage\":\"fr-FR\",\"@id\":\"https:\/\/voyage-aventure.com\/blog\/#\/schema\/person\/image\/\",\"url\":\"https:\/\/voyage-aventure.com\/blog\/wp-content\/uploads\/2026\/06\/persona_camille-r-96x96.jpg\",\"contentUrl\":\"https:\/\/voyage-aventure.com\/blog\/wp-content\/uploads\/2026\/06\/persona_camille-r-96x96.jpg\",\"caption\":\"Camille Rouvray\"},\"description\":\"Je voyage et j'\u00e9cris sur le voyage depuis une douzaine d'ann\u00e9es, d'abord en tant que routarde au long cours, puis comme r\u00e9dactrice sp\u00e9cialis\u00e9e. Mon terrain de pr\u00e9dilection, ce sont les circuits organis\u00e9s et l'art de bien pr\u00e9parer un itin\u00e9raire : choix de la saison, dur\u00e9e r\u00e9aliste des \u00e9tapes, budget jour par jour, logement et transport sur place. J'aime aussi raconter les p\u00e9pites urbaines, ces adresses qu'on ne trouve pas dans les guides classiques. Avant de publier un dossier destination, je croise toujours plusieurs sources, je v\u00e9rifie les tarifs et les formalit\u00e9s d'entr\u00e9e \u00e0 jour, et je teste moi-m\u00eame quand je le peux. Mon angle reste pratique avant tout : aider le lecteur \u00e0 partir l'esprit tranquille, sans mauvaise surprise une fois sur place. Je m'attache \u00e0 distinguer le coup de c\u0153ur sinc\u00e8re du simple argument marketing.\",\"sameAs\":[\"https:\/\/camillerouvray.fr\/\"],\"url\":\"https:\/\/voyage-aventure.com\/blog\/auteur\/noname\/\"}]}<\/script>\n<!-- \/ Yoast SEO Premium plugin. -->","yoast_head_json":{"title":"Comment Tuberville a combattu la politique d'avortement","description":"Le s\u00e9nateur Tommy Tuberville a \u00e9t\u00e9 \u00e9lu avec un engagement clair : d\u00e9fendre les valeurs pro-vie des Alabamiens. En tant que repr\u00e9sentant, il a ressenti la","robots":{"index":"index","follow":"follow","max-snippet":"max-snippet:-1","max-image-preview":"max-image-preview:large","max-video-preview":"max-video-preview:-1"},"canonical":"https:\/\/voyage-aventure.com\/blog\/a-la-une\/comment-tuberville-a-combattu-la-politique-davortement-militaire-de-biden\/","og_locale":"fr_FR","og_type":"article","og_title":"Comment Tuberville a combattu la politique d'avortement","og_description":"Le s\u00e9nateur Tommy Tuberville a \u00e9t\u00e9 \u00e9lu avec un engagement clair : d\u00e9fendre les valeurs pro-vie des Alabamiens. En tant que repr\u00e9sentant, il a ressenti la","og_url":"https:\/\/voyage-aventure.com\/blog\/a-la-une\/comment-tuberville-a-combattu-la-politique-davortement-militaire-de-biden\/","og_site_name":"voyage-aventure","og_image":[{"width":1024,"height":576,"url":"https:\/\/voyage-aventure.com\/blog\/wp-content\/uploads\/2025\/02\/stability-comment-tuberville-a-combattu-la-politique-davortement-militaire-de-biden.png","type":"image\/png"}],"author":"Camille Rouvray","twitter_card":"summary_large_image","schema":{"@context":"https:\/\/schema.org","@graph":[{"@type":"NewsArticle","@id":"https:\/\/voyage-aventure.com\/blog\/a-la-une\/comment-tuberville-a-combattu-la-politique-davortement-militaire-de-biden\/#article","isPartOf":{"@id":"https:\/\/voyage-aventure.com\/blog\/a-la-une\/comment-tuberville-a-combattu-la-politique-davortement-militaire-de-biden\/"},"author":{"name":"Camille Rouvray","@id":"https:\/\/voyage-aventure.com\/blog\/#\/schema\/person\/3c864cdc320801e3db34b663e7e3f816"},"headline":"Comment Tuberville a combattu la politique d&rsquo;avortement militaire de Biden","datePublished":"2025-02-18T12:19:59+00:00","dateModified":"2025-02-18T12:20:29+00:00","mainEntityOfPage":{"@id":"https:\/\/voyage-aventure.com\/blog\/a-la-une\/comment-tuberville-a-combattu-la-politique-davortement-militaire-de-biden\/"},"wordCount":537,"commentCount":22,"publisher":{"@id":"https:\/\/voyage-aventure.com\/blog\/#organization"},"image":{"@id":"https:\/\/voyage-aventure.com\/blog\/a-la-une\/comment-tuberville-a-combattu-la-politique-davortement-militaire-de-biden\/#primaryimage"},"thumbnailUrl":"https:\/\/voyage-aventure.com\/blog\/wp-content\/uploads\/2025\/02\/stability-comment-tuberville-a-combattu-la-politique-davortement-militaire-de-biden.png","keywords":["D\u00e9couverte Culturelle","Destinations","Relations Internationales","S\u00e9curit\u00e9","Voyage \u00c9conomique"],"articleSection":["\u00c0 la une"],"inLanguage":"fr-FR","potentialAction":[{"@type":"CommentAction","name":"Comment","target":["https:\/\/voyage-aventure.com\/blog\/a-la-une\/comment-tuberville-a-combattu-la-politique-davortement-militaire-de-biden\/#respond"]}]},{"@type":"WebPage","@id":"https:\/\/voyage-aventure.com\/blog\/a-la-une\/comment-tuberville-a-combattu-la-politique-davortement-militaire-de-biden\/","url":"https:\/\/voyage-aventure.com\/blog\/a-la-une\/comment-tuberville-a-combattu-la-politique-davortement-militaire-de-biden\/","name":"Comment Tuberville a combattu la politique d'avortement","isPartOf":{"@id":"https:\/\/voyage-aventure.com\/blog\/#website"},"primaryImageOfPage":{"@id":"https:\/\/voyage-aventure.com\/blog\/a-la-une\/comment-tuberville-a-combattu-la-politique-davortement-militaire-de-biden\/#primaryimage"},"image":{"@id":"https:\/\/voyage-aventure.com\/blog\/a-la-une\/comment-tuberville-a-combattu-la-politique-davortement-militaire-de-biden\/#primaryimage"},"thumbnailUrl":"https:\/\/voyage-aventure.com\/blog\/wp-content\/uploads\/2025\/02\/stability-comment-tuberville-a-combattu-la-politique-davortement-militaire-de-biden.png","datePublished":"2025-02-18T12:19:59+00:00","dateModified":"2025-02-18T12:20:29+00:00","description":"Le s\u00e9nateur Tommy Tuberville a \u00e9t\u00e9 \u00e9lu avec un engagement clair : d\u00e9fendre les valeurs pro-vie des Alabamiens. En tant que repr\u00e9sentant, il a ressenti la","inLanguage":"fr-FR","potentialAction":[{"@type":"ReadAction","target":["https:\/\/voyage-aventure.com\/blog\/a-la-une\/comment-tuberville-a-combattu-la-politique-davortement-militaire-de-biden\/"]}]},{"@type":"ImageObject","inLanguage":"fr-FR","@id":"https:\/\/voyage-aventure.com\/blog\/a-la-une\/comment-tuberville-a-combattu-la-politique-davortement-militaire-de-biden\/#primaryimage","url":"https:\/\/voyage-aventure.com\/blog\/wp-content\/uploads\/2025\/02\/stability-comment-tuberville-a-combattu-la-politique-davortement-militaire-de-biden.png","contentUrl":"https:\/\/voyage-aventure.com\/blog\/wp-content\/uploads\/2025\/02\/stability-comment-tuberville-a-combattu-la-politique-davortement-militaire-de-biden.png","width":1024,"height":576},{"@type":"WebSite","@id":"https:\/\/voyage-aventure.com\/blog\/#website","url":"https:\/\/voyage-aventure.com\/blog\/","name":"voyage-aventure.com","description":"Votre passeport pour l\u2019inattendu.","publisher":{"@id":"https:\/\/voyage-aventure.com\/blog\/#organization"},"alternateName":"Votre passeport pour l\u2019inattendu.","potentialAction":[{"@type":"SearchAction","target":{"@type":"EntryPoint","urlTemplate":"https:\/\/voyage-aventure.com\/blog\/?s={search_term_string}"},"query-input":{"@type":"PropertyValueSpecification","valueRequired":true,"valueName":"search_term_string"}}],"inLanguage":"fr-FR"},{"@type":"Organization","@id":"https:\/\/voyage-aventure.com\/blog\/#organization","name":"Foretsensations.fr","url":"https:\/\/voyage-aventure.com\/blog\/","logo":{"@type":"ImageObject","inLanguage":"fr-FR","@id":"https:\/\/voyage-aventure.com\/blog\/#\/schema\/logo\/image\/","url":"https:\/\/voyage-aventure.com\/blog\/wp-content\/uploads\/2024\/12\/19.png","contentUrl":"https:\/\/voyage-aventure.com\/blog\/wp-content\/uploads\/2024\/12\/19.png","width":512,"height":512,"caption":"Foretsensations.fr"},"image":{"@id":"https:\/\/voyage-aventure.com\/blog\/#\/schema\/logo\/image\/"}},{"@type":"Person","@id":"https:\/\/voyage-aventure.com\/blog\/#\/schema\/person\/3c864cdc320801e3db34b663e7e3f816","name":"Camille Rouvray","image":{"@type":"ImageObject","inLanguage":"fr-FR","@id":"https:\/\/voyage-aventure.com\/blog\/#\/schema\/person\/image\/","url":"https:\/\/voyage-aventure.com\/blog\/wp-content\/uploads\/2026\/06\/persona_camille-r-96x96.jpg","contentUrl":"https:\/\/voyage-aventure.com\/blog\/wp-content\/uploads\/2026\/06\/persona_camille-r-96x96.jpg","caption":"Camille Rouvray"},"description":"Je voyage et j'\u00e9cris sur le voyage depuis une douzaine d'ann\u00e9es, d'abord en tant que routarde au long cours, puis comme r\u00e9dactrice sp\u00e9cialis\u00e9e. Mon terrain de pr\u00e9dilection, ce sont les circuits organis\u00e9s et l'art de bien pr\u00e9parer un itin\u00e9raire : choix de la saison, dur\u00e9e r\u00e9aliste des \u00e9tapes, budget jour par jour, logement et transport sur place. J'aime aussi raconter les p\u00e9pites urbaines, ces adresses qu'on ne trouve pas dans les guides classiques. Avant de publier un dossier destination, je croise toujours plusieurs sources, je v\u00e9rifie les tarifs et les formalit\u00e9s d'entr\u00e9e \u00e0 jour, et je teste moi-m\u00eame quand je le peux. Mon angle reste pratique avant tout : aider le lecteur \u00e0 partir l'esprit tranquille, sans mauvaise surprise une fois sur place. Je m'attache \u00e0 distinguer le coup de c\u0153ur sinc\u00e8re du simple argument marketing.","sameAs":["https:\/\/camillerouvray.fr\/"],"url":"https:\/\/voyage-aventure.com\/blog\/auteur\/noname\/"}]}},"_links":{"self":[{"href":"https:\/\/voyage-aventure.com\/blog\/wp-json\/wp\/v2\/posts\/10209","targetHints":{"allow":["GET"]}}],"collection":[{"href":"https:\/\/voyage-aventure.com\/blog\/wp-json\/wp\/v2\/posts"}],"about":[{"href":"https:\/\/voyage-aventure.com\/blog\/wp-json\/wp\/v2\/types\/post"}],"author":[{"embeddable":true,"href":"https:\/\/voyage-aventure.com\/blog\/wp-json\/wp\/v2\/users\/34"}],"replies":[{"embeddable":true,"href":"https:\/\/voyage-aventure.com\/blog\/wp-json\/wp\/v2\/comments?post=10209"}],"version-history":[{"count":1,"href":"https:\/\/voyage-aventure.com\/blog\/wp-json\/wp\/v2\/posts\/10209\/revisions"}],"predecessor-version":[{"id":10213,"href":"https:\/\/voyage-aventure.com\/blog\/wp-json\/wp\/v2\/posts\/10209\/revisions\/10213"}],"wp:featuredmedia":[{"embeddable":true,"href":"https:\/\/voyage-aventure.com\/blog\/wp-json\/wp\/v2\/media\/10211"}],"wp:attachment":[{"href":"https:\/\/voyage-aventure.com\/blog\/wp-json\/wp\/v2\/media?parent=10209"}],"wp:term":[{"taxonomy":"category","embeddable":true,"href":"https:\/\/voyage-aventure.com\/blog\/wp-json\/wp\/v2\/categories?post=10209"},{"taxonomy":"post_tag","embeddable":true,"href":"https:\/\/voyage-aventure.com\/blog\/wp-json\/wp\/v2\/tags?post=10209"}],"curies":[{"name":"wp","href":"https:\/\/api.w.org\/{rel}","templated":true}]}}