{"id":10205,"date":"2025-02-18T15:44:02","date_gmt":"2025-02-18T14:44:02","guid":{"rendered":"https:\/\/voyage-aventure.com\/blog\/?p=10205"},"modified":"2025-02-18T13:19:36","modified_gmt":"2025-02-18T12:19:36","slug":"le-long-chemin-dun-americain-vers-la-decouverte-de-la-coree-du-nord","status":"publish","type":"post","link":"https:\/\/voyage-aventure.com\/blog\/a-la-une\/le-long-chemin-dun-americain-vers-la-decouverte-de-la-coree-du-nord\/","title":{"rendered":"le long chemin d&rsquo;un am\u00e9ricain vers la d\u00e9couverte de la cor\u00e9e du nord"},"content":{"rendered":"<h2>Un voyage au-del\u00e0 des fronti\u00e8res<\/h2>\n<p>Ce cin\u00e9aste am\u00e9ricain, connu pour ses explorations de lieux inaccessibles, est devenu le premier Am\u00e9ricain \u00e0 fouler le sol nord-cor\u00e9en depuis plus de cinq ans. Malgr\u00e9 un contexte sanitaire strict, il a pu d\u00e9couvrir ce pays myst\u00e9rieux tout en s&rsquo;engageant dans un projet ambitieux de relancer le tourisme occidental.<\/p>\n<p>Les mesures de sant\u00e9, telles que le port du masque et les v\u00e9rifications de temp\u00e9rature, sont encore monnaie courante en Cor\u00e9e du Nord. Martell a not\u00e9 que les craintes li\u00e9es \u00e0 la transmission du virus persistent, rendant certaines attractions touristiques, comme les march\u00e9s locaux, inaccessibles. Cela montre que m\u00eame dans un pays aussi isol\u00e9, la peur du virus continue d&rsquo;influencer la vie quotidienne.<\/p>\n<h2>Les d\u00e9fis du tourisme nord-cor\u00e9en<\/h2>\n<p>Les op\u00e9rateurs de voyage, dont Martell faisait partie, ont visit\u00e9 la Cor\u00e9e du Nord pour poser les bases de retours limit\u00e9s des touristes occidentaux. Ils ont pr\u00e9vu d&#8217;emmener des groupes restreints dans la ville de Rason, un coin recul\u00e9 du pays. Des touristes de plusieurs pays, dont l&rsquo;Allemagne et le Royaume-Uni, sont d\u00e9j\u00e0 inscrits pour ces excursions tant attendues.<\/p>\n<p>Malgr\u00e9 l&rsquo;enthousiasme, le chemin vers une reprise normale du tourisme s&rsquo;annonce complexe. Les restrictions d&rsquo;acc\u00e8s \u00e0 certains lieux embl\u00e9matiques, comme les march\u00e9s, rendent les visites moins authentiques. Toutefois, Martell et ses coll\u00e8gues se montrent optimistes et discutent avec les autorit\u00e9s locales pour r\u00e9tablir l&rsquo;acc\u00e8s et reconstruire la confiance.<img decoding=\"async\" width=\"1024\" height=\"576\" src=\"https:\/\/voyage-aventure.com\/blog\/wp-content\/uploads\/2025\/02\/stability-le-long-chemin-dun-americain-vers-la-decouverte-de-la-coree-du-nord-1.png\" class=\"aligncenter\" alt=\"Illustration d\u00e9taill\u00e9e sur le long chemin d&#039;un am\u00e9ricain vers la d\u00e9couverte de la cor\u00e9e du nord\" title=\"le long chemin d&#039;un am\u00e9ricain vers la d\u00e9couverte de la cor\u00e9e du nord\" loading=\"lazy\" \/><\/p>\n<p><iframe loading=\"lazy\" title=\"Le soldat am\u00e9ricain qui a d\u00e9sert\u00e9 pour vivre en Cor\u00e9e du Nord - HDG #31\" width=\"1200\" height=\"675\" src=\"https:\/\/www.youtube.com\/embed\/MhznMxJm6bQ?feature=oembed\" frameborder=\"0\" allow=\"accelerometer; autoplay; clipboard-write; encrypted-media; gyroscope; picture-in-picture; web-share\" referrerpolicy=\"strict-origin-when-cross-origin\" allowfullscreen><\/iframe><\/p>\n<h2>Une d\u00e9marche audacieuse pour contourner les interdictions<\/h2>\n<p>Pour contourner l&rsquo;interdiction de voyage des \u00c9tats-Unis, Martell a obtenu la double nationalit\u00e9 aupr\u00e8s de Saint-Kitts-et-Nevis. En investissant une somme \u00e0 six chiffres dans le fonds de contribution durable de ce pays carib\u00e9en, il a pu obtenir un deuxi\u00e8me passeport. Cela lui a permis de retourner en Cor\u00e9e du Nord sans enfreindre les restrictions impos\u00e9es par le gouvernement am\u00e9ricain.<\/p>\n<p>Il a d\u00e9crit le processus comme long et complexe, impliquant des v\u00e9rifications de ant\u00e9c\u00e9dents et des divulgations financi\u00e8res. Toutefois, il estime que cet investissement en valait la peine, car son passeport de Saint-Kitts lui ouvre \u00e9galement d&rsquo;autres portes, comme un acc\u00e8s sans visa \u00e0 la Russie. Ce parcours atypique souligne l&rsquo;importance de la d\u00e9termination pour explorer des destinations rarement accessibles.<\/p>\n<ul>\n<li>Martell a \u00e9t\u00e9 le premier Am\u00e9ricain \u00e0 entrer en Cor\u00e9e du Nord depuis le d\u00e9but de la pand\u00e9mie.<\/li>\n<li>Des groupes de touristes occidentaux sont pr\u00e9vus pour visiter Rason, en Cor\u00e9e du Nord.<\/li>\n<li>Les mesures sanitaires strictes persistent, limitant l&rsquo;acc\u00e8s \u00e0 certaines attractions.<\/li>\n<li>Martell a obtenu un passeport par investissement pour contourner l&rsquo;interdiction de voyage des \u00c9tats-Unis.<\/li>\n<li>Les \u00e9changes humains, loin de la politique, ont marqu\u00e9 son voyage en Cor\u00e9e du Nord.<\/li>\n<\/ul>\n<blockquote><p>\n  \u201cJe ne voulais pas que la conversation s&rsquo;arr\u00eate\u201d, a d\u00e9clar\u00e9 Martell concernant son engagement \u00e0 visiter la Cor\u00e9e du Nord.\n<\/p><\/blockquote>\n<p>Avec des exp\u00e9riences de voyage soigneusement orchestr\u00e9es, Martell a pu rencontrer des Nord-Cor\u00e9ens curieux, cherchant \u00e0 comprendre le mode de vie am\u00e9ricain. Ces interactions ont mis en lumi\u00e8re l&rsquo;importance des connexions humaines au-del\u00e0 des fronti\u00e8res politiques. Les jeunes \u00e9tudiants, par exemple, ne s&rsquo;int\u00e9ressaient pas \u00e0 la politique, mais posaient des questions sur la musique et les sports.<\/p>\n<p>La volont\u00e9 de Martell d&rsquo;explorer la Cor\u00e9e du Nord, malgr\u00e9 les obstacles, t\u00e9moigne de la fascination continue que ce pays exerce sur le monde ext\u00e9rieur. Ses \u00e9changes avec les habitants r\u00e9v\u00e8lent que, m\u00eame au sein d&rsquo;un r\u00e9gime strict, le d\u00e9sir de connexion et de compr\u00e9hension perdure. Les voyages en Cor\u00e9e du Nord deviennent ainsi un moyen de briser les st\u00e9r\u00e9otypes et d&rsquo;initier un dialogue entre cultures.<\/p>\n","protected":false},"excerpt":{"rendered":"","protected":false},"author":34,"featured_media":10206,"comment_status":"open","ping_status":"open","sticky":false,"template":"","format":"standard","meta":{"_acf_changed":false,"manual_indexmenow":false,"indexmenow_id_project":0,"footnotes":""},"categories":[1],"tags":[4639,4527,4636,4769,4635],"class_list":["post-10205","post","type-post","status-publish","format-standard","has-post-thumbnail","hentry","category-a-la-une","tag-aventure","tag-decouverte-culturelle","tag-destinations","tag-immersion-culturelle","tag-voyage","generate-columns","tablet-grid-50","mobile-grid-100","grid-parent","grid-25"],"acf":[],"yoast_head":"<!-- This site is optimized with the Yoast SEO Premium plugin v21.3 (Yoast SEO v25.1) - https:\/\/yoast.com\/wordpress\/plugins\/seo\/ -->\n<title>le long chemin d&#039;un am\u00e9ricain vers la d\u00e9couverte de la<\/title>\n<meta name=\"description\" content=\"Ce cin\u00e9aste am\u00e9ricain, connu pour ses explorations de lieux inaccessibles, est devenu le premier Am\u00e9ricain \u00e0 fouler le sol nord-cor\u00e9en depuis plus de cinq\" \/>\n<meta name=\"robots\" content=\"index, follow, max-snippet:-1, max-image-preview:large, max-video-preview:-1\" \/>\n<link rel=\"canonical\" href=\"https:\/\/voyage-aventure.com\/blog\/a-la-une\/le-long-chemin-dun-americain-vers-la-decouverte-de-la-coree-du-nord\/\" \/>\n<meta property=\"og:locale\" content=\"fr_FR\" \/>\n<meta property=\"og:type\" content=\"article\" \/>\n<meta property=\"og:title\" content=\"le long chemin d&#039;un am\u00e9ricain vers la d\u00e9couverte de la\" \/>\n<meta property=\"og:description\" content=\"Ce cin\u00e9aste am\u00e9ricain, connu pour ses explorations de lieux inaccessibles, est devenu le premier Am\u00e9ricain \u00e0 fouler le sol nord-cor\u00e9en depuis plus de cinq\" \/>\n<meta property=\"og:url\" content=\"https:\/\/voyage-aventure.com\/blog\/a-la-une\/le-long-chemin-dun-americain-vers-la-decouverte-de-la-coree-du-nord\/\" \/>\n<meta property=\"og:site_name\" content=\"voyage-aventure\" \/>\n<meta property=\"og:image\" content=\"https:\/\/voyage-aventure.com\/blog\/wp-content\/uploads\/2025\/02\/stability-le-long-chemin-dun-americain-vers-la-decouverte-de-la-coree-du-nord.png\" \/>\n\t<meta property=\"og:image:width\" content=\"1024\" \/>\n\t<meta property=\"og:image:height\" content=\"576\" \/>\n\t<meta property=\"og:image:type\" content=\"image\/png\" \/>\n<meta name=\"author\" content=\"Camille Rouvray\" \/>\n<meta name=\"twitter:card\" content=\"summary_large_image\" \/>\n<script type=\"application\/ld+json\" class=\"yoast-schema-graph\">{\"@context\":\"https:\/\/schema.org\",\"@graph\":[{\"@type\":\"NewsArticle\",\"@id\":\"https:\/\/voyage-aventure.com\/blog\/a-la-une\/le-long-chemin-dun-americain-vers-la-decouverte-de-la-coree-du-nord\/#article\",\"isPartOf\":{\"@id\":\"https:\/\/voyage-aventure.com\/blog\/a-la-une\/le-long-chemin-dun-americain-vers-la-decouverte-de-la-coree-du-nord\/\"},\"author\":{\"name\":\"Camille Rouvray\",\"@id\":\"https:\/\/voyage-aventure.com\/blog\/#\/schema\/person\/3c864cdc320801e3db34b663e7e3f816\"},\"headline\":\"le long chemin d&rsquo;un am\u00e9ricain vers la d\u00e9couverte de la cor\u00e9e du nord\",\"datePublished\":\"2025-02-18T14:44:02+00:00\",\"mainEntityOfPage\":{\"@id\":\"https:\/\/voyage-aventure.com\/blog\/a-la-une\/le-long-chemin-dun-americain-vers-la-decouverte-de-la-coree-du-nord\/\"},\"wordCount\":671,\"commentCount\":13,\"publisher\":{\"@id\":\"https:\/\/voyage-aventure.com\/blog\/#organization\"},\"image\":{\"@id\":\"https:\/\/voyage-aventure.com\/blog\/a-la-une\/le-long-chemin-dun-americain-vers-la-decouverte-de-la-coree-du-nord\/#primaryimage\"},\"thumbnailUrl\":\"https:\/\/voyage-aventure.com\/blog\/wp-content\/uploads\/2025\/02\/stability-le-long-chemin-dun-americain-vers-la-decouverte-de-la-coree-du-nord.png\",\"keywords\":[\"Aventure\",\"D\u00e9couverte Culturelle\",\"Destinations\",\"Immersion Culturelle\",\"Voyage\"],\"articleSection\":[\"\u00c0 la une\"],\"inLanguage\":\"fr-FR\",\"potentialAction\":[{\"@type\":\"CommentAction\",\"name\":\"Comment\",\"target\":[\"https:\/\/voyage-aventure.com\/blog\/a-la-une\/le-long-chemin-dun-americain-vers-la-decouverte-de-la-coree-du-nord\/#respond\"]}]},{\"@type\":\"WebPage\",\"@id\":\"https:\/\/voyage-aventure.com\/blog\/a-la-une\/le-long-chemin-dun-americain-vers-la-decouverte-de-la-coree-du-nord\/\",\"url\":\"https:\/\/voyage-aventure.com\/blog\/a-la-une\/le-long-chemin-dun-americain-vers-la-decouverte-de-la-coree-du-nord\/\",\"name\":\"le long chemin d'un am\u00e9ricain vers la d\u00e9couverte de la\",\"isPartOf\":{\"@id\":\"https:\/\/voyage-aventure.com\/blog\/#website\"},\"primaryImageOfPage\":{\"@id\":\"https:\/\/voyage-aventure.com\/blog\/a-la-une\/le-long-chemin-dun-americain-vers-la-decouverte-de-la-coree-du-nord\/#primaryimage\"},\"image\":{\"@id\":\"https:\/\/voyage-aventure.com\/blog\/a-la-une\/le-long-chemin-dun-americain-vers-la-decouverte-de-la-coree-du-nord\/#primaryimage\"},\"thumbnailUrl\":\"https:\/\/voyage-aventure.com\/blog\/wp-content\/uploads\/2025\/02\/stability-le-long-chemin-dun-americain-vers-la-decouverte-de-la-coree-du-nord.png\",\"datePublished\":\"2025-02-18T14:44:02+00:00\",\"description\":\"Ce cin\u00e9aste am\u00e9ricain, connu pour ses explorations de lieux inaccessibles, est devenu le premier Am\u00e9ricain \u00e0 fouler le sol nord-cor\u00e9en depuis plus de cinq\",\"inLanguage\":\"fr-FR\",\"potentialAction\":[{\"@type\":\"ReadAction\",\"target\":[\"https:\/\/voyage-aventure.com\/blog\/a-la-une\/le-long-chemin-dun-americain-vers-la-decouverte-de-la-coree-du-nord\/\"]}]},{\"@type\":\"ImageObject\",\"inLanguage\":\"fr-FR\",\"@id\":\"https:\/\/voyage-aventure.com\/blog\/a-la-une\/le-long-chemin-dun-americain-vers-la-decouverte-de-la-coree-du-nord\/#primaryimage\",\"url\":\"https:\/\/voyage-aventure.com\/blog\/wp-content\/uploads\/2025\/02\/stability-le-long-chemin-dun-americain-vers-la-decouverte-de-la-coree-du-nord.png\",\"contentUrl\":\"https:\/\/voyage-aventure.com\/blog\/wp-content\/uploads\/2025\/02\/stability-le-long-chemin-dun-americain-vers-la-decouverte-de-la-coree-du-nord.png\",\"width\":1024,\"height\":576},{\"@type\":\"WebSite\",\"@id\":\"https:\/\/voyage-aventure.com\/blog\/#website\",\"url\":\"https:\/\/voyage-aventure.com\/blog\/\",\"name\":\"voyage-aventure.com\",\"description\":\"Votre passeport pour l\u2019inattendu.\",\"publisher\":{\"@id\":\"https:\/\/voyage-aventure.com\/blog\/#organization\"},\"alternateName\":\"Votre passeport pour l\u2019inattendu.\",\"potentialAction\":[{\"@type\":\"SearchAction\",\"target\":{\"@type\":\"EntryPoint\",\"urlTemplate\":\"https:\/\/voyage-aventure.com\/blog\/?s={search_term_string}\"},\"query-input\":{\"@type\":\"PropertyValueSpecification\",\"valueRequired\":true,\"valueName\":\"search_term_string\"}}],\"inLanguage\":\"fr-FR\"},{\"@type\":\"Organization\",\"@id\":\"https:\/\/voyage-aventure.com\/blog\/#organization\",\"name\":\"Foretsensations.fr\",\"url\":\"https:\/\/voyage-aventure.com\/blog\/\",\"logo\":{\"@type\":\"ImageObject\",\"inLanguage\":\"fr-FR\",\"@id\":\"https:\/\/voyage-aventure.com\/blog\/#\/schema\/logo\/image\/\",\"url\":\"https:\/\/voyage-aventure.com\/blog\/wp-content\/uploads\/2024\/12\/19.png\",\"contentUrl\":\"https:\/\/voyage-aventure.com\/blog\/wp-content\/uploads\/2024\/12\/19.png\",\"width\":512,\"height\":512,\"caption\":\"Foretsensations.fr\"},\"image\":{\"@id\":\"https:\/\/voyage-aventure.com\/blog\/#\/schema\/logo\/image\/\"}},{\"@type\":\"Person\",\"@id\":\"https:\/\/voyage-aventure.com\/blog\/#\/schema\/person\/3c864cdc320801e3db34b663e7e3f816\",\"name\":\"Camille Rouvray\",\"image\":{\"@type\":\"ImageObject\",\"inLanguage\":\"fr-FR\",\"@id\":\"https:\/\/voyage-aventure.com\/blog\/#\/schema\/person\/image\/\",\"url\":\"https:\/\/voyage-aventure.com\/blog\/wp-content\/uploads\/2026\/06\/persona_camille-r-96x96.jpg\",\"contentUrl\":\"https:\/\/voyage-aventure.com\/blog\/wp-content\/uploads\/2026\/06\/persona_camille-r-96x96.jpg\",\"caption\":\"Camille Rouvray\"},\"description\":\"Je voyage et j'\u00e9cris sur le voyage depuis une douzaine d'ann\u00e9es, d'abord en tant que routarde au long cours, puis comme r\u00e9dactrice sp\u00e9cialis\u00e9e. Mon terrain de pr\u00e9dilection, ce sont les circuits organis\u00e9s et l'art de bien pr\u00e9parer un itin\u00e9raire : choix de la saison, dur\u00e9e r\u00e9aliste des \u00e9tapes, budget jour par jour, logement et transport sur place. J'aime aussi raconter les p\u00e9pites urbaines, ces adresses qu'on ne trouve pas dans les guides classiques. Avant de publier un dossier destination, je croise toujours plusieurs sources, je v\u00e9rifie les tarifs et les formalit\u00e9s d'entr\u00e9e \u00e0 jour, et je teste moi-m\u00eame quand je le peux. Mon angle reste pratique avant tout : aider le lecteur \u00e0 partir l'esprit tranquille, sans mauvaise surprise une fois sur place. Je m'attache \u00e0 distinguer le coup de c\u0153ur sinc\u00e8re du simple argument marketing.\",\"sameAs\":[\"https:\/\/camillerouvray.fr\/\"],\"url\":\"https:\/\/voyage-aventure.com\/blog\/auteur\/noname\/\"}]}<\/script>\n<!-- \/ Yoast SEO Premium plugin. -->","yoast_head_json":{"title":"le long chemin d'un am\u00e9ricain vers la d\u00e9couverte de la","description":"Ce cin\u00e9aste am\u00e9ricain, connu pour ses explorations de lieux inaccessibles, est devenu le premier Am\u00e9ricain \u00e0 fouler le sol nord-cor\u00e9en depuis plus de cinq","robots":{"index":"index","follow":"follow","max-snippet":"max-snippet:-1","max-image-preview":"max-image-preview:large","max-video-preview":"max-video-preview:-1"},"canonical":"https:\/\/voyage-aventure.com\/blog\/a-la-une\/le-long-chemin-dun-americain-vers-la-decouverte-de-la-coree-du-nord\/","og_locale":"fr_FR","og_type":"article","og_title":"le long chemin d'un am\u00e9ricain vers la d\u00e9couverte de la","og_description":"Ce cin\u00e9aste am\u00e9ricain, connu pour ses explorations de lieux inaccessibles, est devenu le premier Am\u00e9ricain \u00e0 fouler le sol nord-cor\u00e9en depuis plus de cinq","og_url":"https:\/\/voyage-aventure.com\/blog\/a-la-une\/le-long-chemin-dun-americain-vers-la-decouverte-de-la-coree-du-nord\/","og_site_name":"voyage-aventure","og_image":[{"width":1024,"height":576,"url":"https:\/\/voyage-aventure.com\/blog\/wp-content\/uploads\/2025\/02\/stability-le-long-chemin-dun-americain-vers-la-decouverte-de-la-coree-du-nord.png","type":"image\/png"}],"author":"Camille Rouvray","twitter_card":"summary_large_image","schema":{"@context":"https:\/\/schema.org","@graph":[{"@type":"NewsArticle","@id":"https:\/\/voyage-aventure.com\/blog\/a-la-une\/le-long-chemin-dun-americain-vers-la-decouverte-de-la-coree-du-nord\/#article","isPartOf":{"@id":"https:\/\/voyage-aventure.com\/blog\/a-la-une\/le-long-chemin-dun-americain-vers-la-decouverte-de-la-coree-du-nord\/"},"author":{"name":"Camille Rouvray","@id":"https:\/\/voyage-aventure.com\/blog\/#\/schema\/person\/3c864cdc320801e3db34b663e7e3f816"},"headline":"le long chemin d&rsquo;un am\u00e9ricain vers la d\u00e9couverte de la cor\u00e9e du nord","datePublished":"2025-02-18T14:44:02+00:00","mainEntityOfPage":{"@id":"https:\/\/voyage-aventure.com\/blog\/a-la-une\/le-long-chemin-dun-americain-vers-la-decouverte-de-la-coree-du-nord\/"},"wordCount":671,"commentCount":13,"publisher":{"@id":"https:\/\/voyage-aventure.com\/blog\/#organization"},"image":{"@id":"https:\/\/voyage-aventure.com\/blog\/a-la-une\/le-long-chemin-dun-americain-vers-la-decouverte-de-la-coree-du-nord\/#primaryimage"},"thumbnailUrl":"https:\/\/voyage-aventure.com\/blog\/wp-content\/uploads\/2025\/02\/stability-le-long-chemin-dun-americain-vers-la-decouverte-de-la-coree-du-nord.png","keywords":["Aventure","D\u00e9couverte Culturelle","Destinations","Immersion Culturelle","Voyage"],"articleSection":["\u00c0 la une"],"inLanguage":"fr-FR","potentialAction":[{"@type":"CommentAction","name":"Comment","target":["https:\/\/voyage-aventure.com\/blog\/a-la-une\/le-long-chemin-dun-americain-vers-la-decouverte-de-la-coree-du-nord\/#respond"]}]},{"@type":"WebPage","@id":"https:\/\/voyage-aventure.com\/blog\/a-la-une\/le-long-chemin-dun-americain-vers-la-decouverte-de-la-coree-du-nord\/","url":"https:\/\/voyage-aventure.com\/blog\/a-la-une\/le-long-chemin-dun-americain-vers-la-decouverte-de-la-coree-du-nord\/","name":"le long chemin d'un am\u00e9ricain vers la d\u00e9couverte de la","isPartOf":{"@id":"https:\/\/voyage-aventure.com\/blog\/#website"},"primaryImageOfPage":{"@id":"https:\/\/voyage-aventure.com\/blog\/a-la-une\/le-long-chemin-dun-americain-vers-la-decouverte-de-la-coree-du-nord\/#primaryimage"},"image":{"@id":"https:\/\/voyage-aventure.com\/blog\/a-la-une\/le-long-chemin-dun-americain-vers-la-decouverte-de-la-coree-du-nord\/#primaryimage"},"thumbnailUrl":"https:\/\/voyage-aventure.com\/blog\/wp-content\/uploads\/2025\/02\/stability-le-long-chemin-dun-americain-vers-la-decouverte-de-la-coree-du-nord.png","datePublished":"2025-02-18T14:44:02+00:00","description":"Ce cin\u00e9aste am\u00e9ricain, connu pour ses explorations de lieux inaccessibles, est devenu le premier Am\u00e9ricain \u00e0 fouler le sol nord-cor\u00e9en depuis plus de cinq","inLanguage":"fr-FR","potentialAction":[{"@type":"ReadAction","target":["https:\/\/voyage-aventure.com\/blog\/a-la-une\/le-long-chemin-dun-americain-vers-la-decouverte-de-la-coree-du-nord\/"]}]},{"@type":"ImageObject","inLanguage":"fr-FR","@id":"https:\/\/voyage-aventure.com\/blog\/a-la-une\/le-long-chemin-dun-americain-vers-la-decouverte-de-la-coree-du-nord\/#primaryimage","url":"https:\/\/voyage-aventure.com\/blog\/wp-content\/uploads\/2025\/02\/stability-le-long-chemin-dun-americain-vers-la-decouverte-de-la-coree-du-nord.png","contentUrl":"https:\/\/voyage-aventure.com\/blog\/wp-content\/uploads\/2025\/02\/stability-le-long-chemin-dun-americain-vers-la-decouverte-de-la-coree-du-nord.png","width":1024,"height":576},{"@type":"WebSite","@id":"https:\/\/voyage-aventure.com\/blog\/#website","url":"https:\/\/voyage-aventure.com\/blog\/","name":"voyage-aventure.com","description":"Votre passeport pour l\u2019inattendu.","publisher":{"@id":"https:\/\/voyage-aventure.com\/blog\/#organization"},"alternateName":"Votre passeport pour l\u2019inattendu.","potentialAction":[{"@type":"SearchAction","target":{"@type":"EntryPoint","urlTemplate":"https:\/\/voyage-aventure.com\/blog\/?s={search_term_string}"},"query-input":{"@type":"PropertyValueSpecification","valueRequired":true,"valueName":"search_term_string"}}],"inLanguage":"fr-FR"},{"@type":"Organization","@id":"https:\/\/voyage-aventure.com\/blog\/#organization","name":"Foretsensations.fr","url":"https:\/\/voyage-aventure.com\/blog\/","logo":{"@type":"ImageObject","inLanguage":"fr-FR","@id":"https:\/\/voyage-aventure.com\/blog\/#\/schema\/logo\/image\/","url":"https:\/\/voyage-aventure.com\/blog\/wp-content\/uploads\/2024\/12\/19.png","contentUrl":"https:\/\/voyage-aventure.com\/blog\/wp-content\/uploads\/2024\/12\/19.png","width":512,"height":512,"caption":"Foretsensations.fr"},"image":{"@id":"https:\/\/voyage-aventure.com\/blog\/#\/schema\/logo\/image\/"}},{"@type":"Person","@id":"https:\/\/voyage-aventure.com\/blog\/#\/schema\/person\/3c864cdc320801e3db34b663e7e3f816","name":"Camille Rouvray","image":{"@type":"ImageObject","inLanguage":"fr-FR","@id":"https:\/\/voyage-aventure.com\/blog\/#\/schema\/person\/image\/","url":"https:\/\/voyage-aventure.com\/blog\/wp-content\/uploads\/2026\/06\/persona_camille-r-96x96.jpg","contentUrl":"https:\/\/voyage-aventure.com\/blog\/wp-content\/uploads\/2026\/06\/persona_camille-r-96x96.jpg","caption":"Camille Rouvray"},"description":"Je voyage et j'\u00e9cris sur le voyage depuis une douzaine d'ann\u00e9es, d'abord en tant que routarde au long cours, puis comme r\u00e9dactrice sp\u00e9cialis\u00e9e. Mon terrain de pr\u00e9dilection, ce sont les circuits organis\u00e9s et l'art de bien pr\u00e9parer un itin\u00e9raire : choix de la saison, dur\u00e9e r\u00e9aliste des \u00e9tapes, budget jour par jour, logement et transport sur place. J'aime aussi raconter les p\u00e9pites urbaines, ces adresses qu'on ne trouve pas dans les guides classiques. Avant de publier un dossier destination, je croise toujours plusieurs sources, je v\u00e9rifie les tarifs et les formalit\u00e9s d'entr\u00e9e \u00e0 jour, et je teste moi-m\u00eame quand je le peux. Mon angle reste pratique avant tout : aider le lecteur \u00e0 partir l'esprit tranquille, sans mauvaise surprise une fois sur place. Je m'attache \u00e0 distinguer le coup de c\u0153ur sinc\u00e8re du simple argument marketing.","sameAs":["https:\/\/camillerouvray.fr\/"],"url":"https:\/\/voyage-aventure.com\/blog\/auteur\/noname\/"}]}},"_links":{"self":[{"href":"https:\/\/voyage-aventure.com\/blog\/wp-json\/wp\/v2\/posts\/10205","targetHints":{"allow":["GET"]}}],"collection":[{"href":"https:\/\/voyage-aventure.com\/blog\/wp-json\/wp\/v2\/posts"}],"about":[{"href":"https:\/\/voyage-aventure.com\/blog\/wp-json\/wp\/v2\/types\/post"}],"author":[{"embeddable":true,"href":"https:\/\/voyage-aventure.com\/blog\/wp-json\/wp\/v2\/users\/34"}],"replies":[{"embeddable":true,"href":"https:\/\/voyage-aventure.com\/blog\/wp-json\/wp\/v2\/comments?post=10205"}],"version-history":[{"count":2,"href":"https:\/\/voyage-aventure.com\/blog\/wp-json\/wp\/v2\/posts\/10205\/revisions"}],"predecessor-version":[{"id":10251,"href":"https:\/\/voyage-aventure.com\/blog\/wp-json\/wp\/v2\/posts\/10205\/revisions\/10251"}],"wp:featuredmedia":[{"embeddable":true,"href":"https:\/\/voyage-aventure.com\/blog\/wp-json\/wp\/v2\/media\/10206"}],"wp:attachment":[{"href":"https:\/\/voyage-aventure.com\/blog\/wp-json\/wp\/v2\/media?parent=10205"}],"wp:term":[{"taxonomy":"category","embeddable":true,"href":"https:\/\/voyage-aventure.com\/blog\/wp-json\/wp\/v2\/categories?post=10205"},{"taxonomy":"post_tag","embeddable":true,"href":"https:\/\/voyage-aventure.com\/blog\/wp-json\/wp\/v2\/tags?post=10205"}],"curies":[{"name":"wp","href":"https:\/\/api.w.org\/{rel}","templated":true}]}}