{"id":10156,"date":"2026-06-16T16:31:41","date_gmt":"2026-06-16T14:31:41","guid":{"rendered":"https:\/\/voyage-aventure.com\/blog\/?p=10156"},"modified":"2026-06-16T16:31:41","modified_gmt":"2026-06-16T14:31:41","slug":"attention-aux-voyageurs-avertissement-pour-les-britanniques-se-rendant-en-belgique-en-mars","status":"publish","type":"post","link":"https:\/\/voyage-aventure.com\/blog\/a-la-une\/attention-aux-voyageurs-avertissement-pour-les-britanniques-se-rendant-en-belgique-en-mars\/","title":{"rendered":"Attention aux voyageurs : avertissement pour les Britanniques se rendant en Belgique en mars"},"content":{"rendered":"<link rel=\"stylesheet\" href=\"https:\/\/fonts.googleapis.com\/css2?family=Newsreader:ital,opsz,wght@0,6..72,500..700;1,6..72,500..600&#038;family=Inter:wght@400;500;600&#038;family=JetBrains+Mono:wght@500&#038;display=swap\">\n<style>\n.va-actunews-wrap{font-family:\"Inter\",system-ui,sans-serif;color:#23282f;line-height:1.65;font-size:17px;max-width:760px;margin:0 auto}\n.va-actunews-wrap h2{font-family:\"Newsreader\",Georgia,serif;font-weight:700;font-size:clamp(24px,3.2vw,33px);line-height:1.2;letter-spacing:-.01em;color:#161a1f;margin:48px 0 16px}\n.va-actunews-dateline{font-family:\"JetBrains Mono\",ui-monospace,monospace;font-size:12px;font-weight:500;letter-spacing:.08em;text-transform:uppercase;color:#b03a2e;margin-bottom:12px}\n.va-actunews-chapo{font-family:\"Newsreader\",Georgia,serif;font-size:21px;line-height:1.5;color:#2b3038;border-left:4px solid #b03a2e;background:#fdf4f2;padding:18px 22px;border-radius:0 8px 8px 0;margin:0 0 32px}\n.va-actunews-ess{background:#fff;border:1px solid #e7e2dd;border-top:3px solid #b03a2e;border-radius:10px;padding:24px 26px;margin:32px 0;box-shadow:0 1px 2px rgba(16,24,40,.05),0 12px 28px -16px rgba(16,24,40,.18);transition:.25s ease}\n.va-actunews-ess:hover{transform:translateY(-3px);box-shadow:0 1px 2px rgba(16,24,40,.06),0 18px 34px -16px rgba(16,24,40,.24)}\n.va-actunews-ess .va-actunews-h{font-family:\"Newsreader\",Georgia,serif;font-weight:700;font-size:19px;color:#161a1f;margin-bottom:14px}\n.va-actunews-ess ul{margin:0;padding-left:0;list-style:none}\n.va-actunews-ess li{position:relative;padding:8px 0 8px 26px;border-bottom:1px solid #f0ece7}\n.va-actunews-ess li:last-child{border-bottom:none}\n.va-actunews-ess li:before{content:\"\u25b8\";position:absolute;left:4px;top:8px;color:#b03a2e;font-weight:700}\n.va-actunews-ess .va-actunews-lab{font-family:\"JetBrains Mono\",monospace;font-size:11px;letter-spacing:.06em;text-transform:uppercase;color:#8a7f76;display:block;margin-bottom:2px}\n.va-actunews-quote{font-family:\"Newsreader\",Georgia,serif;font-style:italic;font-size:23px;line-height:1.45;color:#161a1f;border-left:4px solid #b03a2e;padding:6px 0 6px 24px;margin:36px 0;position:relative}\n.va-actunews-quote:before{content:\"\u00ab\";position:absolute;left:-2px;top:-18px;font-size:60px;color:#e6b6ae;font-family:\"Newsreader\",serif;line-height:1}\n.va-actunews-tips{background:#fbf7f4;border:1px solid #ece3dc;border-radius:10px;padding:22px 26px;margin:32px 0}\n.va-actunews-tips ul{margin:0;padding-left:20px}\n.va-actunews-tips li{margin:8px 0}\n.va-actunews-wrap img{max-width:100%;height:auto;border-radius:10px;margin:8px 0;box-shadow:0 12px 28px -16px rgba(16,24,40,.3)}\n.va-actunews-retenir{background:#161a1f;color:#f3efe9;border-radius:12px;padding:26px 28px;margin:40px 0;border-top:3px solid #b03a2e}\n.va-actunews-retenir .va-actunews-h{font-family:\"Newsreader\",Georgia,serif;font-weight:700;font-size:20px;color:#fff;margin-bottom:14px}\n.va-actunews-retenir ul{margin:0;padding-left:0;list-style:none}\n.va-actunews-retenir li{position:relative;padding:7px 0 7px 24px;border-bottom:1px solid #2c3138}\n.va-actunews-retenir li:last-child{border-bottom:none}\n.va-actunews-retenir li:before{content:\"\u2713\";position:absolute;left:0;top:7px;color:#e89a8f;font-weight:700}\n.va-actunews-faq{margin:32px 0}\n.va-actunews-faq details{border:1px solid #e7e2dd;border-radius:8px;padding:0;margin:10px 0;background:#fff;transition:.25s ease}\n.va-actunews-faq details:hover{border-color:#d9b3ab;transform:translateY(-2px);box-shadow:0 10px 24px -16px rgba(16,24,40,.25)}\n.va-actunews-faq summary{cursor:pointer;font-family:\"Newsreader\",Georgia,serif;font-weight:600;font-size:18px;color:#161a1f;padding:16px 20px;list-style:none}\n.va-actunews-faq summary:before{content:\"+\";color:#b03a2e;font-weight:700;margin-right:10px}\n.va-actunews-faq details[open] summary:before{content:\"\u2013\"}\n.va-actunews-faq .va-actunews-a{padding:0 20px 18px;color:#3a4049}\n@media(max-width:640px){.va-actunews-wrap{font-size:16px}}\n\/*RENDERFIX2*\/.va-actunews-retenir{color:#eef3f9!important}.va-actunews-retenir p,.va-actunews-retenir li,.va-actunews-retenir strong,.va-actunews-retenir em,.va-actunews-retenir a,.va-actunews-retenir span,.va-actunews-retenir b,.va-actunews-retenir td,.va-actunews-retenir th,.va-actunews-retenir h2,.va-actunews-retenir h3,.va-actunews-retenir h4{color:#eef3f9!important}.va-actunews-retenir strong,.va-actunews-retenir b{color:#ffffff!important}<\/style>\n<div class=\"va-actunews-wrap\">\n<div class=\"va-actunews-dateline\">Alerte voyageurs \u00b7 Belgique \u00b7 Mars<\/div>\n<div class=\"va-actunews-chapo\">Le FCDO appelle les voyageurs britanniques se rendant en Belgique \u00e0 la vigilance : une s\u00e9rie de gr\u00e8ves dans les transports, programm\u00e9es du 21 f\u00e9vrier au 2 mars puis le 31 mars, menace de perturber fortement a\u00e9roports, trains et bus pendant leur s\u00e9jour.<\/div>\n<div class=\"va-actunews-ess\">\n<div class=\"va-actunews-h\">L&rsquo;essentiel<\/div>\n<ul>\n<li><span class=\"va-actunews-lab\">Quoi<\/span>Gr\u00e8ves dans les transports belges, avec un mouvement g\u00e9n\u00e9ral le 31 mars annonc\u00e9 comme entra\u00eenant des \u00ab perturbations s\u00e9v\u00e8res \u00e0 travers tout le pays \u00bb.<\/li>\n<li><span class=\"va-actunews-lab\">Quand<\/span>Du 21 f\u00e9vrier au 2 mars, puis le 31 mars ; apr\u00e8s une gr\u00e8ve nationale le 13 f\u00e9vrier qui avait ferm\u00e9 tous les a\u00e9roports.<\/li>\n<li><span class=\"va-actunews-lab\">Pourquoi \u00e7a compte<\/span>A\u00e9roports, trains et bus touch\u00e9s : retards et changements de programme probables pour les Britanniques en voyage.<\/li>\n<\/ul>\n<\/div>\n<h2>Des gr\u00e8ves pr\u00e9vues pour les voyageurs britanniques<\/h2>\n<p>En effet, des gr\u00e8ves dans les transports sont programm\u00e9es du 21 f\u00e9vrier au 2 mars, entra\u00eenant des perturbations potentielles pour les voyageurs. Il est essentiel de rester inform\u00e9 des mises \u00e0 jour locales et de v\u00e9rifier aupr\u00e8s de votre fournisseur de voyage.<\/p>\n<p>Un mouvement de gr\u00e8ve g\u00e9n\u00e9ral est \u00e9galement pr\u00e9vu le 31 mars, ce qui pourrait entra\u00eener des \u00ab\u00a0perturbations s\u00e9v\u00e8res \u00e0 travers tout le pays\u00a0\u00bb. Les voyageurs doivent donc \u00eatre pr\u00e9par\u00e9s \u00e0 d&rsquo;\u00e9ventuels retards et \u00e0 des changements de programme pendant leur s\u00e9jour en Belgique.<\/p>\n<p><iframe loading=\"lazy\" title=\"Vol Malaysia Airlines MH370 : que s&#039;est-il vraiment pass\u00e9\u00a0?\" width=\"1200\" height=\"675\" src=\"https:\/\/www.youtube.com\/embed\/-YfJaYuLjVk?feature=oembed\" frameborder=\"0\" allow=\"accelerometer; autoplay; clipboard-write; encrypted-media; gyroscope; picture-in-picture; web-share\" referrerpolicy=\"strict-origin-when-cross-origin\" allowfullscreen><\/iframe><\/p>\n<h2>Impact des gr\u00e8ves sur le transport en Belgique<\/h2>\n<p>Les gr\u00e8ves pr\u00e9vues auront un impact significatif sur le r\u00e9seau de transport belge, y compris la fermeture des a\u00e9roports et des limitations sur les bus et trains. Lors de la gr\u00e8ve nationale du 13 f\u00e9vrier, tous les a\u00e9roports belges ont \u00e9t\u00e9 ferm\u00e9s, et le transport public a \u00e9t\u00e9 gravement r\u00e9duit. Cela a provoqu\u00e9 des d\u00e9sagr\u00e9ments tant pour les voyageurs domestiques qu&rsquo;internationaux.<\/p>\n<p>Bien que les services Eurostar continuent de fonctionner normalement, la situation g\u00e9n\u00e9rale pourrait causer des retards impr\u00e9vus. Les passagers sont donc encourag\u00e9s \u00e0 consulter r\u00e9guli\u00e8rement les m\u00e9dias locaux pour rester au courant des d\u00e9veloppements.<img decoding=\"async\" width=\"1024\" height=\"576\" src=\"https:\/\/voyage-aventure.com\/blog\/wp-content\/uploads\/2025\/02\/stability-attention-aux-voyageurs-avertissement-pour-les-britanniques-se-rendant-en-belgique-en-mars-1.png\" class=\"aligncenter\" alt=\"Illustration d\u00e9taill\u00e9e sur Attention aux voyageurs : avertissement pour les Britanniques se rendant en Belgique en mars\" title=\"Attention aux voyageurs : avertissement pour les Britanniques se rendant en Belgique en mars\" loading=\"lazy\" \/><\/p>\n<h2>Conseils pour \u00e9viter les d\u00e9sagr\u00e9ments<\/h2>\n<p>Pour naviguer en toute s\u00e9curit\u00e9 \u00e0 travers ces perturbations, les voyageurs doivent suivre quelques conseils pratiques. Premi\u00e8rement, il est recommand\u00e9 d&rsquo;\u00e9viter les zones o\u00f9 des manifestations sont pr\u00e9vues, car des \u00e9meutes ou des violences peuvent survenir. Rester vigilant et s&rsquo;\u00e9loigner rapidement en cas de d\u00e9sordre est primordial.<\/p>\n<p>De plus, les voyageurs devraient s&rsquo;attendre \u00e0 des retards sur certaines routes principales et suivre les instructions des autorit\u00e9s locales. La consultation r\u00e9guli\u00e8re des conseils de voyage du FCDO est essentielle pour avoir les informations les plus \u00e0 jour concernant la s\u00e9curit\u00e9 et les exigences d&rsquo;entr\u00e9e.<\/p>\n<div class=\"va-actunews-tips\">\n<ul>\n<li>V\u00e9rifiez les mises \u00e0 jour de votre fournisseur de voyage.<\/li>\n<li>\u00c9vitez les zones de manifestation pour votre s\u00e9curit\u00e9.<\/li>\n<li>Restez inform\u00e9 par les m\u00e9dias locaux.<\/li>\n<li>Consultez les conseils de voyage du FCDO.<\/li>\n<\/ul>\n<\/div>\n<div class=\"va-actunews-quote\">Si vous \u00eates dans des zones o\u00f9 de grands rassemblements ont lieu, restez vigilant et \u00e9loignez-vous rapidement en cas de signes de d\u00e9sordre.<\/div>\n<p>La Belgique, c\u00e9l\u00e8bre pour son chocolat, ses gaufres, ses frites et sa bi\u00e8re, attire chaque ann\u00e9e de nombreux touristes. Cependant, il est crucial de prendre en compte ces avertissements avant de planifier un voyage. En tenant compte des gr\u00e8ves pr\u00e9vues et des conseils de s\u00e9curit\u00e9, les Britanniques peuvent mieux planifier leur s\u00e9jour en Belgique.<\/p>\n<p>En fin de compte, bien que ces perturbations puissent sembler d\u00e9courageantes, une bonne pr\u00e9paration et des informations \u00e0 jour peuvent aider \u00e0 minimiser les d\u00e9sagr\u00e9ments. La beaut\u00e9 et la richesse culturelle de la Belgique valent certainement le d\u00e9tour, mais il est essentiel d&rsquo;\u00eatre conscient des situations potentielles qui pourraient affecter votre exp\u00e9rience de voyage.<\/p>\n<div class=\"va-actunews-retenir\">\n<div class=\"va-actunews-h\">\u00c0 retenir<\/div>\n<ul>\n<li>Gr\u00e8ves dans les transports du 21 f\u00e9vrier au 2 mars, puis mouvement g\u00e9n\u00e9ral le 31 mars.<\/li>\n<li>A\u00e9roports, bus et trains touch\u00e9s ; lors du 13 f\u00e9vrier, tous les a\u00e9roports belges avaient ferm\u00e9.<\/li>\n<li>Les services Eurostar continuent de fonctionner normalement, mais des retards restent possibles.<\/li>\n<li>\u00c9vitez les rassemblements, suivez les autorit\u00e9s locales et les conseils de voyage du FCDO.<\/li>\n<\/ul>\n<\/div>\n<div class=\"va-actunews-faq\">\n<details>\n<summary>Quelles dates de gr\u00e8ves sont annonc\u00e9es en Belgique ?<\/summary>\n<div class=\"va-actunews-a\">Des gr\u00e8ves dans les transports sont programm\u00e9es du 21 f\u00e9vrier au 2 mars, suivies d&rsquo;un mouvement de gr\u00e8ve g\u00e9n\u00e9ral le 31 mars annonc\u00e9 comme pouvant provoquer des \u00ab perturbations s\u00e9v\u00e8res \u00e0 travers tout le pays \u00bb.<\/div>\n<\/details>\n<details>\n<summary>L&rsquo;Eurostar est-il concern\u00e9 par ces perturbations ?<\/summary>\n<div class=\"va-actunews-a\">Les services Eurostar continuent de fonctionner normalement. La situation g\u00e9n\u00e9rale du r\u00e9seau belge pourrait toutefois entra\u00eener des retards impr\u00e9vus.<\/div>\n<\/details>\n<details>\n<summary>Quels transports sont impact\u00e9s par les gr\u00e8ves ?<\/summary>\n<div class=\"va-actunews-a\">Le r\u00e9seau de transport belge est touch\u00e9, avec la fermeture des a\u00e9roports et des limitations sur les bus et les trains. Lors de la gr\u00e8ve nationale du 13 f\u00e9vrier, tous les a\u00e9roports belges ont \u00e9t\u00e9 ferm\u00e9s et le transport public fortement r\u00e9duit.<\/div>\n<\/details>\n<details>\n<summary>Que recommande le FCDO aux voyageurs britanniques ?<\/summary>\n<div class=\"va-actunews-a\">V\u00e9rifier les mises \u00e0 jour de son fournisseur de voyage, \u00e9viter les zones de manifestation, rester inform\u00e9 via les m\u00e9dias locaux et consulter r\u00e9guli\u00e8rement les conseils de voyage du FCDO pour les informations de s\u00e9curit\u00e9 les plus \u00e0 jour.<\/div>\n<\/details>\n<\/div>\n<\/div>\n","protected":false},"excerpt":{"rendered":"","protected":false},"author":34,"featured_media":10157,"comment_status":"open","ping_status":"open","sticky":false,"template":"","format":"standard","meta":{"_acf_changed":false,"manual_indexmenow":false,"indexmenow_id_project":0,"footnotes":""},"categories":[1],"tags":[4646,4636,4713,3170,4526],"class_list":["post-10156","post","type-post","status-publish","format-standard","has-post-thumbnail","hentry","category-a-la-une","tag-assistance","tag-destinations","tag-preparation","tag-securite","tag-voyage-economique","generate-columns","tablet-grid-50","mobile-grid-100","grid-parent","grid-25"],"acf":[],"yoast_head":"<!-- This site is optimized with the Yoast SEO Premium plugin v21.3 (Yoast SEO v25.1) - https:\/\/yoast.com\/wordpress\/plugins\/seo\/ -->\n<title>Attention aux voyageurs : avertissement pour les<\/title>\n<meta name=\"description\" content=\"Le FCDO appelle les voyageurs britanniques se rendant en Belgique \u00e0 la vigilance : une s\u00e9rie de gr\u00e8ves dans les transports, programm\u00e9es du 21 f\u00e9vrier au 2\" \/>\n<meta name=\"robots\" content=\"index, follow, max-snippet:-1, max-image-preview:large, max-video-preview:-1\" \/>\n<link rel=\"canonical\" href=\"https:\/\/voyage-aventure.com\/blog\/a-la-une\/attention-aux-voyageurs-avertissement-pour-les-britanniques-se-rendant-en-belgique-en-mars\/\" \/>\n<meta property=\"og:locale\" content=\"fr_FR\" \/>\n<meta property=\"og:type\" content=\"article\" \/>\n<meta property=\"og:title\" content=\"Attention aux voyageurs : avertissement pour les\" \/>\n<meta property=\"og:description\" content=\"Le FCDO appelle les voyageurs britanniques se rendant en Belgique \u00e0 la vigilance : une s\u00e9rie de gr\u00e8ves dans les transports, programm\u00e9es du 21 f\u00e9vrier au 2\" \/>\n<meta property=\"og:url\" content=\"https:\/\/voyage-aventure.com\/blog\/a-la-une\/attention-aux-voyageurs-avertissement-pour-les-britanniques-se-rendant-en-belgique-en-mars\/\" \/>\n<meta property=\"og:site_name\" content=\"voyage-aventure\" \/>\n<meta property=\"og:image\" content=\"https:\/\/voyage-aventure.com\/blog\/wp-content\/uploads\/2025\/02\/stability-attention-aux-voyageurs-avertissement-pour-les-britanniques-se-rendant-en-belgique-en-mars.png\" \/>\n\t<meta property=\"og:image:width\" content=\"1024\" \/>\n\t<meta property=\"og:image:height\" content=\"576\" \/>\n\t<meta property=\"og:image:type\" content=\"image\/png\" \/>\n<meta name=\"author\" content=\"Camille Rouvray\" \/>\n<meta name=\"twitter:card\" content=\"summary_large_image\" \/>\n<script type=\"application\/ld+json\" class=\"yoast-schema-graph\">{\"@context\":\"https:\/\/schema.org\",\"@graph\":[{\"@type\":\"NewsArticle\",\"@id\":\"https:\/\/voyage-aventure.com\/blog\/a-la-une\/attention-aux-voyageurs-avertissement-pour-les-britanniques-se-rendant-en-belgique-en-mars\/#article\",\"isPartOf\":{\"@id\":\"https:\/\/voyage-aventure.com\/blog\/a-la-une\/attention-aux-voyageurs-avertissement-pour-les-britanniques-se-rendant-en-belgique-en-mars\/\"},\"author\":{\"name\":\"Camille Rouvray\",\"@id\":\"https:\/\/voyage-aventure.com\/blog\/#\/schema\/person\/3c864cdc320801e3db34b663e7e3f816\"},\"headline\":\"Attention aux voyageurs : avertissement pour les Britanniques se rendant en Belgique en mars\",\"datePublished\":\"2026-06-16T14:31:41+00:00\",\"mainEntityOfPage\":{\"@id\":\"https:\/\/voyage-aventure.com\/blog\/a-la-une\/attention-aux-voyageurs-avertissement-pour-les-britanniques-se-rendant-en-belgique-en-mars\/\"},\"wordCount\":901,\"commentCount\":28,\"publisher\":{\"@id\":\"https:\/\/voyage-aventure.com\/blog\/#organization\"},\"image\":{\"@id\":\"https:\/\/voyage-aventure.com\/blog\/a-la-une\/attention-aux-voyageurs-avertissement-pour-les-britanniques-se-rendant-en-belgique-en-mars\/#primaryimage\"},\"thumbnailUrl\":\"https:\/\/voyage-aventure.com\/blog\/wp-content\/uploads\/2025\/02\/stability-attention-aux-voyageurs-avertissement-pour-les-britanniques-se-rendant-en-belgique-en-mars.png\",\"keywords\":[\"Assistance\",\"Destinations\",\"Pr\u00e9paration\",\"S\u00e9curit\u00e9\",\"Voyage \u00c9conomique\"],\"articleSection\":[\"\u00c0 la une\"],\"inLanguage\":\"fr-FR\",\"potentialAction\":[{\"@type\":\"CommentAction\",\"name\":\"Comment\",\"target\":[\"https:\/\/voyage-aventure.com\/blog\/a-la-une\/attention-aux-voyageurs-avertissement-pour-les-britanniques-se-rendant-en-belgique-en-mars\/#respond\"]}]},{\"@type\":\"WebPage\",\"@id\":\"https:\/\/voyage-aventure.com\/blog\/a-la-une\/attention-aux-voyageurs-avertissement-pour-les-britanniques-se-rendant-en-belgique-en-mars\/\",\"url\":\"https:\/\/voyage-aventure.com\/blog\/a-la-une\/attention-aux-voyageurs-avertissement-pour-les-britanniques-se-rendant-en-belgique-en-mars\/\",\"name\":\"Attention aux voyageurs : avertissement pour les\",\"isPartOf\":{\"@id\":\"https:\/\/voyage-aventure.com\/blog\/#website\"},\"primaryImageOfPage\":{\"@id\":\"https:\/\/voyage-aventure.com\/blog\/a-la-une\/attention-aux-voyageurs-avertissement-pour-les-britanniques-se-rendant-en-belgique-en-mars\/#primaryimage\"},\"image\":{\"@id\":\"https:\/\/voyage-aventure.com\/blog\/a-la-une\/attention-aux-voyageurs-avertissement-pour-les-britanniques-se-rendant-en-belgique-en-mars\/#primaryimage\"},\"thumbnailUrl\":\"https:\/\/voyage-aventure.com\/blog\/wp-content\/uploads\/2025\/02\/stability-attention-aux-voyageurs-avertissement-pour-les-britanniques-se-rendant-en-belgique-en-mars.png\",\"datePublished\":\"2026-06-16T14:31:41+00:00\",\"description\":\"Le FCDO appelle les voyageurs britanniques se rendant en Belgique \u00e0 la vigilance : une s\u00e9rie de gr\u00e8ves dans les transports, programm\u00e9es du 21 f\u00e9vrier au 2\",\"inLanguage\":\"fr-FR\",\"potentialAction\":[{\"@type\":\"ReadAction\",\"target\":[\"https:\/\/voyage-aventure.com\/blog\/a-la-une\/attention-aux-voyageurs-avertissement-pour-les-britanniques-se-rendant-en-belgique-en-mars\/\"]}]},{\"@type\":\"ImageObject\",\"inLanguage\":\"fr-FR\",\"@id\":\"https:\/\/voyage-aventure.com\/blog\/a-la-une\/attention-aux-voyageurs-avertissement-pour-les-britanniques-se-rendant-en-belgique-en-mars\/#primaryimage\",\"url\":\"https:\/\/voyage-aventure.com\/blog\/wp-content\/uploads\/2025\/02\/stability-attention-aux-voyageurs-avertissement-pour-les-britanniques-se-rendant-en-belgique-en-mars.png\",\"contentUrl\":\"https:\/\/voyage-aventure.com\/blog\/wp-content\/uploads\/2025\/02\/stability-attention-aux-voyageurs-avertissement-pour-les-britanniques-se-rendant-en-belgique-en-mars.png\",\"width\":1024,\"height\":576},{\"@type\":\"WebSite\",\"@id\":\"https:\/\/voyage-aventure.com\/blog\/#website\",\"url\":\"https:\/\/voyage-aventure.com\/blog\/\",\"name\":\"voyage-aventure.com\",\"description\":\"Votre passeport pour l\u2019inattendu.\",\"publisher\":{\"@id\":\"https:\/\/voyage-aventure.com\/blog\/#organization\"},\"alternateName\":\"Votre passeport pour l\u2019inattendu.\",\"potentialAction\":[{\"@type\":\"SearchAction\",\"target\":{\"@type\":\"EntryPoint\",\"urlTemplate\":\"https:\/\/voyage-aventure.com\/blog\/?s={search_term_string}\"},\"query-input\":{\"@type\":\"PropertyValueSpecification\",\"valueRequired\":true,\"valueName\":\"search_term_string\"}}],\"inLanguage\":\"fr-FR\"},{\"@type\":\"Organization\",\"@id\":\"https:\/\/voyage-aventure.com\/blog\/#organization\",\"name\":\"Foretsensations.fr\",\"url\":\"https:\/\/voyage-aventure.com\/blog\/\",\"logo\":{\"@type\":\"ImageObject\",\"inLanguage\":\"fr-FR\",\"@id\":\"https:\/\/voyage-aventure.com\/blog\/#\/schema\/logo\/image\/\",\"url\":\"https:\/\/voyage-aventure.com\/blog\/wp-content\/uploads\/2024\/12\/19.png\",\"contentUrl\":\"https:\/\/voyage-aventure.com\/blog\/wp-content\/uploads\/2024\/12\/19.png\",\"width\":512,\"height\":512,\"caption\":\"Foretsensations.fr\"},\"image\":{\"@id\":\"https:\/\/voyage-aventure.com\/blog\/#\/schema\/logo\/image\/\"}},{\"@type\":\"Person\",\"@id\":\"https:\/\/voyage-aventure.com\/blog\/#\/schema\/person\/3c864cdc320801e3db34b663e7e3f816\",\"name\":\"Camille Rouvray\",\"image\":{\"@type\":\"ImageObject\",\"inLanguage\":\"fr-FR\",\"@id\":\"https:\/\/voyage-aventure.com\/blog\/#\/schema\/person\/image\/\",\"url\":\"https:\/\/voyage-aventure.com\/blog\/wp-content\/uploads\/2026\/06\/persona_camille-r-96x96.jpg\",\"contentUrl\":\"https:\/\/voyage-aventure.com\/blog\/wp-content\/uploads\/2026\/06\/persona_camille-r-96x96.jpg\",\"caption\":\"Camille Rouvray\"},\"description\":\"Je voyage et j'\u00e9cris sur le voyage depuis une douzaine d'ann\u00e9es, d'abord en tant que routarde au long cours, puis comme r\u00e9dactrice sp\u00e9cialis\u00e9e. Mon terrain de pr\u00e9dilection, ce sont les circuits organis\u00e9s et l'art de bien pr\u00e9parer un itin\u00e9raire : choix de la saison, dur\u00e9e r\u00e9aliste des \u00e9tapes, budget jour par jour, logement et transport sur place. J'aime aussi raconter les p\u00e9pites urbaines, ces adresses qu'on ne trouve pas dans les guides classiques. Avant de publier un dossier destination, je croise toujours plusieurs sources, je v\u00e9rifie les tarifs et les formalit\u00e9s d'entr\u00e9e \u00e0 jour, et je teste moi-m\u00eame quand je le peux. Mon angle reste pratique avant tout : aider le lecteur \u00e0 partir l'esprit tranquille, sans mauvaise surprise une fois sur place. Je m'attache \u00e0 distinguer le coup de c\u0153ur sinc\u00e8re du simple argument marketing.\",\"sameAs\":[\"https:\/\/camillerouvray.fr\/\"],\"url\":\"https:\/\/voyage-aventure.com\/blog\/auteur\/noname\/\"}]}<\/script>\n<!-- \/ Yoast SEO Premium plugin. -->","yoast_head_json":{"title":"Attention aux voyageurs : avertissement pour les","description":"Le FCDO appelle les voyageurs britanniques se rendant en Belgique \u00e0 la vigilance : une s\u00e9rie de gr\u00e8ves dans les transports, programm\u00e9es du 21 f\u00e9vrier au 2","robots":{"index":"index","follow":"follow","max-snippet":"max-snippet:-1","max-image-preview":"max-image-preview:large","max-video-preview":"max-video-preview:-1"},"canonical":"https:\/\/voyage-aventure.com\/blog\/a-la-une\/attention-aux-voyageurs-avertissement-pour-les-britanniques-se-rendant-en-belgique-en-mars\/","og_locale":"fr_FR","og_type":"article","og_title":"Attention aux voyageurs : avertissement pour les","og_description":"Le FCDO appelle les voyageurs britanniques se rendant en Belgique \u00e0 la vigilance : une s\u00e9rie de gr\u00e8ves dans les transports, programm\u00e9es du 21 f\u00e9vrier au 2","og_url":"https:\/\/voyage-aventure.com\/blog\/a-la-une\/attention-aux-voyageurs-avertissement-pour-les-britanniques-se-rendant-en-belgique-en-mars\/","og_site_name":"voyage-aventure","og_image":[{"width":1024,"height":576,"url":"https:\/\/voyage-aventure.com\/blog\/wp-content\/uploads\/2025\/02\/stability-attention-aux-voyageurs-avertissement-pour-les-britanniques-se-rendant-en-belgique-en-mars.png","type":"image\/png"}],"author":"Camille Rouvray","twitter_card":"summary_large_image","schema":{"@context":"https:\/\/schema.org","@graph":[{"@type":"NewsArticle","@id":"https:\/\/voyage-aventure.com\/blog\/a-la-une\/attention-aux-voyageurs-avertissement-pour-les-britanniques-se-rendant-en-belgique-en-mars\/#article","isPartOf":{"@id":"https:\/\/voyage-aventure.com\/blog\/a-la-une\/attention-aux-voyageurs-avertissement-pour-les-britanniques-se-rendant-en-belgique-en-mars\/"},"author":{"name":"Camille Rouvray","@id":"https:\/\/voyage-aventure.com\/blog\/#\/schema\/person\/3c864cdc320801e3db34b663e7e3f816"},"headline":"Attention aux voyageurs : avertissement pour les Britanniques se rendant en Belgique en mars","datePublished":"2026-06-16T14:31:41+00:00","mainEntityOfPage":{"@id":"https:\/\/voyage-aventure.com\/blog\/a-la-une\/attention-aux-voyageurs-avertissement-pour-les-britanniques-se-rendant-en-belgique-en-mars\/"},"wordCount":901,"commentCount":28,"publisher":{"@id":"https:\/\/voyage-aventure.com\/blog\/#organization"},"image":{"@id":"https:\/\/voyage-aventure.com\/blog\/a-la-une\/attention-aux-voyageurs-avertissement-pour-les-britanniques-se-rendant-en-belgique-en-mars\/#primaryimage"},"thumbnailUrl":"https:\/\/voyage-aventure.com\/blog\/wp-content\/uploads\/2025\/02\/stability-attention-aux-voyageurs-avertissement-pour-les-britanniques-se-rendant-en-belgique-en-mars.png","keywords":["Assistance","Destinations","Pr\u00e9paration","S\u00e9curit\u00e9","Voyage \u00c9conomique"],"articleSection":["\u00c0 la une"],"inLanguage":"fr-FR","potentialAction":[{"@type":"CommentAction","name":"Comment","target":["https:\/\/voyage-aventure.com\/blog\/a-la-une\/attention-aux-voyageurs-avertissement-pour-les-britanniques-se-rendant-en-belgique-en-mars\/#respond"]}]},{"@type":"WebPage","@id":"https:\/\/voyage-aventure.com\/blog\/a-la-une\/attention-aux-voyageurs-avertissement-pour-les-britanniques-se-rendant-en-belgique-en-mars\/","url":"https:\/\/voyage-aventure.com\/blog\/a-la-une\/attention-aux-voyageurs-avertissement-pour-les-britanniques-se-rendant-en-belgique-en-mars\/","name":"Attention aux voyageurs : avertissement pour les","isPartOf":{"@id":"https:\/\/voyage-aventure.com\/blog\/#website"},"primaryImageOfPage":{"@id":"https:\/\/voyage-aventure.com\/blog\/a-la-une\/attention-aux-voyageurs-avertissement-pour-les-britanniques-se-rendant-en-belgique-en-mars\/#primaryimage"},"image":{"@id":"https:\/\/voyage-aventure.com\/blog\/a-la-une\/attention-aux-voyageurs-avertissement-pour-les-britanniques-se-rendant-en-belgique-en-mars\/#primaryimage"},"thumbnailUrl":"https:\/\/voyage-aventure.com\/blog\/wp-content\/uploads\/2025\/02\/stability-attention-aux-voyageurs-avertissement-pour-les-britanniques-se-rendant-en-belgique-en-mars.png","datePublished":"2026-06-16T14:31:41+00:00","description":"Le FCDO appelle les voyageurs britanniques se rendant en Belgique \u00e0 la vigilance : une s\u00e9rie de gr\u00e8ves dans les transports, programm\u00e9es du 21 f\u00e9vrier au 2","inLanguage":"fr-FR","potentialAction":[{"@type":"ReadAction","target":["https:\/\/voyage-aventure.com\/blog\/a-la-une\/attention-aux-voyageurs-avertissement-pour-les-britanniques-se-rendant-en-belgique-en-mars\/"]}]},{"@type":"ImageObject","inLanguage":"fr-FR","@id":"https:\/\/voyage-aventure.com\/blog\/a-la-une\/attention-aux-voyageurs-avertissement-pour-les-britanniques-se-rendant-en-belgique-en-mars\/#primaryimage","url":"https:\/\/voyage-aventure.com\/blog\/wp-content\/uploads\/2025\/02\/stability-attention-aux-voyageurs-avertissement-pour-les-britanniques-se-rendant-en-belgique-en-mars.png","contentUrl":"https:\/\/voyage-aventure.com\/blog\/wp-content\/uploads\/2025\/02\/stability-attention-aux-voyageurs-avertissement-pour-les-britanniques-se-rendant-en-belgique-en-mars.png","width":1024,"height":576},{"@type":"WebSite","@id":"https:\/\/voyage-aventure.com\/blog\/#website","url":"https:\/\/voyage-aventure.com\/blog\/","name":"voyage-aventure.com","description":"Votre passeport pour l\u2019inattendu.","publisher":{"@id":"https:\/\/voyage-aventure.com\/blog\/#organization"},"alternateName":"Votre passeport pour l\u2019inattendu.","potentialAction":[{"@type":"SearchAction","target":{"@type":"EntryPoint","urlTemplate":"https:\/\/voyage-aventure.com\/blog\/?s={search_term_string}"},"query-input":{"@type":"PropertyValueSpecification","valueRequired":true,"valueName":"search_term_string"}}],"inLanguage":"fr-FR"},{"@type":"Organization","@id":"https:\/\/voyage-aventure.com\/blog\/#organization","name":"Foretsensations.fr","url":"https:\/\/voyage-aventure.com\/blog\/","logo":{"@type":"ImageObject","inLanguage":"fr-FR","@id":"https:\/\/voyage-aventure.com\/blog\/#\/schema\/logo\/image\/","url":"https:\/\/voyage-aventure.com\/blog\/wp-content\/uploads\/2024\/12\/19.png","contentUrl":"https:\/\/voyage-aventure.com\/blog\/wp-content\/uploads\/2024\/12\/19.png","width":512,"height":512,"caption":"Foretsensations.fr"},"image":{"@id":"https:\/\/voyage-aventure.com\/blog\/#\/schema\/logo\/image\/"}},{"@type":"Person","@id":"https:\/\/voyage-aventure.com\/blog\/#\/schema\/person\/3c864cdc320801e3db34b663e7e3f816","name":"Camille Rouvray","image":{"@type":"ImageObject","inLanguage":"fr-FR","@id":"https:\/\/voyage-aventure.com\/blog\/#\/schema\/person\/image\/","url":"https:\/\/voyage-aventure.com\/blog\/wp-content\/uploads\/2026\/06\/persona_camille-r-96x96.jpg","contentUrl":"https:\/\/voyage-aventure.com\/blog\/wp-content\/uploads\/2026\/06\/persona_camille-r-96x96.jpg","caption":"Camille Rouvray"},"description":"Je voyage et j'\u00e9cris sur le voyage depuis une douzaine d'ann\u00e9es, d'abord en tant que routarde au long cours, puis comme r\u00e9dactrice sp\u00e9cialis\u00e9e. Mon terrain de pr\u00e9dilection, ce sont les circuits organis\u00e9s et l'art de bien pr\u00e9parer un itin\u00e9raire : choix de la saison, dur\u00e9e r\u00e9aliste des \u00e9tapes, budget jour par jour, logement et transport sur place. J'aime aussi raconter les p\u00e9pites urbaines, ces adresses qu'on ne trouve pas dans les guides classiques. Avant de publier un dossier destination, je croise toujours plusieurs sources, je v\u00e9rifie les tarifs et les formalit\u00e9s d'entr\u00e9e \u00e0 jour, et je teste moi-m\u00eame quand je le peux. Mon angle reste pratique avant tout : aider le lecteur \u00e0 partir l'esprit tranquille, sans mauvaise surprise une fois sur place. Je m'attache \u00e0 distinguer le coup de c\u0153ur sinc\u00e8re du simple argument marketing.","sameAs":["https:\/\/camillerouvray.fr\/"],"url":"https:\/\/voyage-aventure.com\/blog\/auteur\/noname\/"}]}},"_links":{"self":[{"href":"https:\/\/voyage-aventure.com\/blog\/wp-json\/wp\/v2\/posts\/10156","targetHints":{"allow":["GET"]}}],"collection":[{"href":"https:\/\/voyage-aventure.com\/blog\/wp-json\/wp\/v2\/posts"}],"about":[{"href":"https:\/\/voyage-aventure.com\/blog\/wp-json\/wp\/v2\/types\/post"}],"author":[{"embeddable":true,"href":"https:\/\/voyage-aventure.com\/blog\/wp-json\/wp\/v2\/users\/34"}],"replies":[{"embeddable":true,"href":"https:\/\/voyage-aventure.com\/blog\/wp-json\/wp\/v2\/comments?post=10156"}],"version-history":[{"count":4,"href":"https:\/\/voyage-aventure.com\/blog\/wp-json\/wp\/v2\/posts\/10156\/revisions"}],"predecessor-version":[{"id":22549,"href":"https:\/\/voyage-aventure.com\/blog\/wp-json\/wp\/v2\/posts\/10156\/revisions\/22549"}],"wp:featuredmedia":[{"embeddable":true,"href":"https:\/\/voyage-aventure.com\/blog\/wp-json\/wp\/v2\/media\/10157"}],"wp:attachment":[{"href":"https:\/\/voyage-aventure.com\/blog\/wp-json\/wp\/v2\/media?parent=10156"}],"wp:term":[{"taxonomy":"category","embeddable":true,"href":"https:\/\/voyage-aventure.com\/blog\/wp-json\/wp\/v2\/categories?post=10156"},{"taxonomy":"post_tag","embeddable":true,"href":"https:\/\/voyage-aventure.com\/blog\/wp-json\/wp\/v2\/tags?post=10156"}],"curies":[{"name":"wp","href":"https:\/\/api.w.org\/{rel}","templated":true}]}}