{"id":10130,"date":"2026-05-19T17:03:29","date_gmt":"2026-05-19T15:03:29","guid":{"rendered":"https:\/\/voyage-aventure.com\/blog\/a-la-une\/decouvrez-un-hotel-de-reve-a-tenerife-qui-evoque-les-maldives\/"},"modified":"2026-05-19T17:03:29","modified_gmt":"2026-05-19T15:03:29","slug":"decouvrez-un-hotel-de-reve-a-tenerife-qui-evoque-les-maldives","status":"publish","type":"post","link":"https:\/\/voyage-aventure.com\/blog\/a-la-une\/decouvrez-un-hotel-de-reve-a-tenerife-qui-evoque-les-maldives\/","title":{"rendered":"D\u00e9couvrez un h\u00f4tel de r\u00eave \u00e0 Tenerife qui \u00e9voque les Maldives"},"content":{"rendered":"<div style=\"background:linear-gradient(135deg,#fdf6ef 0%,#f5e6d3 100%);border-left:5px solid #6a4a2a;padding:24px 28px;margin:0 0 28px;border-radius:6px;\">\n<div style=\"font-size:11px;letter-spacing:2px;text-transform:uppercase;color:#6a4a2a;font-weight:700;margin-bottom:8px;\">Carnet de voyage \u00b7 Canaries<\/div>\n<div style=\"font-size:17px;line-height:1.6;color:#3d2817;font-weight:500;\">\u00c0 mi-chemin entre l&rsquo;Atlantique et l&rsquo;Afrique, Tenerife cultive un art de vivre o\u00f9 le volcan rencontre le lagon. \u00c0 Abades, un h\u00f4tel \u00e0 l&rsquo;allure contemporaine joue la carte du d\u00e9paysement maldivien sans imposer un long-courrier. Vingt heures de vol \u00e9vit\u00e9es, le sable noir en prime, et une piscine \u00e0 d\u00e9bordement qui dialogue avec l&rsquo;oc\u00e9an.<\/div>\n<\/div>\n<h2>Un s\u00e9jour de r\u00eave \u00e0 Tenerife<\/h2>\n<p>Le choix d&rsquo;une destination de vacances peut parfois sembler \u00e9crasant, mais Tenerife se d\u00e9marque par sa beaut\u00e9 naturelle et son ambiance relaxante. Imaginez-vous dans un h\u00f4tel moderne, avec un design \u00e9l\u00e9gant, offrant une vue imprenable sur l&rsquo;oc\u00e9an. Cet \u00e9tablissement, situ\u00e9 \u00e0 Abades, promet une exp\u00e9rience unique qui ravira les amateurs de s\u00e9r\u00e9nit\u00e9 et de confort.<br \/>\nProfitez d&rsquo;un appartement tout \u00e9quip\u00e9, con\u00e7u pour garantir votre bien-\u00eatre. Avec des installations telles qu&rsquo;une piscine \u00e0 d\u00e9bordement et un jacuzzi, chaque moment pass\u00e9 ici est une invitation \u00e0 la d\u00e9tente. Que vous soyez en couple ou en famille, cet h\u00f4tel est id\u00e9al pour les voyageurs en qu\u00eate d&rsquo;un coin de paradis \u00e0 deux pas de chez eux.<\/p>\n<div style=\"display:grid;grid-template-columns:repeat(auto-fit,minmax(180px,1fr));gap:14px;margin:28px 0;\">\n<div style=\"background:#fff;border:1px solid #e8dcc9;border-top:3px solid #6a4a2a;padding:18px 16px;border-radius:4px;text-align:center;\">\n<div style=\"font-size:28px;font-weight:800;color:#6a4a2a;line-height:1;\">4h30<\/div>\n<div style=\"font-size:11px;letter-spacing:1px;text-transform:uppercase;color:#7a5a3a;margin-top:6px;\">Depuis Paris<\/div>\n<\/div>\n<div style=\"background:#fff;border:1px solid #e8dcc9;border-top:3px solid #6a4a2a;padding:18px 16px;border-radius:4px;text-align:center;\">\n<div style=\"font-size:28px;font-weight:800;color:#6a4a2a;line-height:1;\">22\u00b0C<\/div>\n<div style=\"font-size:11px;letter-spacing:1px;text-transform:uppercase;color:#7a5a3a;margin-top:6px;\">Moyenne annuelle<\/div>\n<\/div>\n<div style=\"background:#fff;border:1px solid #e8dcc9;border-top:3px solid #6a4a2a;padding:18px 16px;border-radius:4px;text-align:center;\">\n<div style=\"font-size:28px;font-weight:800;color:#6a4a2a;line-height:1;\">365j<\/div>\n<div style=\"font-size:11px;letter-spacing:1px;text-transform:uppercase;color:#7a5a3a;margin-top:6px;\">Saison ouverte<\/div>\n<\/div>\n<div style=\"background:#fff;border:1px solid #e8dcc9;border-top:3px solid #6a4a2a;padding:18px 16px;border-radius:4px;text-align:center;\">\n<div style=\"font-size:28px;font-weight:800;color:#6a4a2a;line-height:1;\">3715m<\/div>\n<div style=\"font-size:11px;letter-spacing:1px;text-transform:uppercase;color:#7a5a3a;margin-top:6px;\">Sommet du Teide<\/div>\n<\/div>\n<\/div>\n<h2>Les avantages de cet h\u00f4tel<\/h2>\n<p>Cet h\u00f4tel d&rsquo;exception ne se contente pas d&rsquo;offrir un cadre idyllique ; il s&rsquo;accompagne d&rsquo;une multitude d&rsquo;\u00e9quipements pour rendre votre s\u00e9jour m\u00e9morable. Les voyageurs appr\u00e9cient particuli\u00e8rement l&rsquo;acc\u00e8s direct \u00e0 la plage, permettant de profiter du soleil et des eaux cristallines en toute simplicit\u00e9.<br \/>\nPour ceux qui cherchent \u00e0 se ressourcer, des cours de yoga sont propos\u00e9s, parfaits pour se reconnecter \u00e0 soi-m\u00eame. Les enfants ne sont pas oubli\u00e9s : une aire de jeux est \u00e0 leur disposition, facilitant ainsi la vie des familles.<\/p>\n<ul>\n<li>Piscine ext\u00e9rieure avec vue sur la mer<\/li>\n<li>Jacuzzi relaxant et salle de sport compl\u00e8te<\/li>\n<li>Bains \u00e0 remous pour une exp\u00e9rience spa<\/li>\n<li>Acc\u00e8s direct \u00e0 la plage, id\u00e9al pour les baignades<\/li>\n<li>Wi-Fi gratuit dans tout l&rsquo;\u00e9tablissement<\/li>\n<\/ul>\n<div style=\"background:#2d1f12;color:#f5e6d3;padding:32px 28px;margin:32px 0;border-radius:6px;position:relative;overflow:hidden;\">\n<div style=\"position:absolute;top:-10px;right:24px;font-size:120px;line-height:1;color:#6a4a2a;opacity:0.4;font-family:Georgia,serif;\">\u00ab\u00a0<\/div>\n<div style=\"font-size:11px;letter-spacing:3px;text-transform:uppercase;color:#c89968;margin-bottom:14px;font-weight:700;\">Pourquoi Abades ?<\/div>\n<div style=\"font-size:16px;line-height:1.75;position:relative;z-index:1;\">Adoss\u00e9 \u00e0 la c\u00f4te sud-est de Tenerife, le village d&rsquo;Abades reste l&rsquo;un des derniers fronts de mer pr\u00e9serv\u00e9s de la sp\u00e9culation h\u00f4teli\u00e8re massive. Pas de tours, pas d&rsquo;avenues b\u00e9tonn\u00e9es : une crique en arc, des maisons basses, un sentier littoral qui longe les falaises. C&rsquo;est ce contraste qui rend l&rsquo;exp\u00e9rience h\u00f4teli\u00e8re si particuli\u00e8re \u2014 vous logez dans un \u00e9tablissement contemporain, mais vous mangez chez les p\u00eacheurs.<\/div>\n<\/div>\n<p>L&rsquo;architecture du complexe a \u00e9t\u00e9 pens\u00e9e pour \u00e9pouser la topographie locale : les b\u00e2timents restent bas, blancs, ouverts sur l&rsquo;horizon, sans rompre la ligne du littoral. Les appartements offrent tous une terrasse privative orient\u00e9e plein sud, id\u00e9ale pour les petits-d\u00e9jeuners face au lever du soleil sur l&rsquo;Atlantique. La piscine \u00e0 d\u00e9bordement, taill\u00e9e dans la roche volcanique, cr\u00e9e cet effet d&rsquo;optique typique des resorts maldiviens o\u00f9 l&rsquo;eau du bassin semble fusionner avec celle de l&rsquo;oc\u00e9an.<br \/>\nLes concepteurs ont fait un choix int\u00e9ressant en mati\u00e8re de mat\u00e9riaux : pierre de lave locale pour les murets, bois clair pour les terrasses, lin brut pour les rideaux. Aucun marbre tape-\u00e0-l&rsquo;\u0153il, aucune dorure exotique import\u00e9e. Cette sobri\u00e9t\u00e9 volontaire change tout dans la perception du lieu \u2014 on ne se sent pas dans un d\u00e9cor reconstitu\u00e9, on se sent dans un endroit qui appartient r\u00e9ellement \u00e0 son territoire. Et c&rsquo;est sans doute ce qui le rapproche le plus, paradoxalement, des meilleures adresses des Maldives : cette mani\u00e8re de laisser le paysage parler avant l&rsquo;architecture.<br \/>\nC\u00f4t\u00e9 restauration, la table de l&rsquo;h\u00f4tel mise sur les produits de l&rsquo;\u00eele \u2014 bananes des plantations du nord, papas arrugadas (pommes de terre rid\u00e9es) servies avec leur fameuse sauce mojo rojo, fromage de ch\u00e8vre des sommets, poisson p\u00each\u00e9 le matin m\u00eame par les barques d&rsquo;Abades. Le menu change toutes les semaines en fonction des arrivages, et le sommelier maison d\u00e9fend les vins canariens \u2014 peu connus en France mais issus de vignobles plant\u00e9s en sol volcanique noir, \u00e0 des altitudes parfois sup\u00e9rieures \u00e0 1500m.<\/p>\n<div style=\"display:grid;grid-template-columns:repeat(auto-fit,minmax(260px,1fr));gap:20px;margin:32px 0;\">\n<div style=\"border:1px solid #e8dcc9;border-radius:6px;overflow:hidden;background:#fff;\">\n<div style=\"background:#6a4a2a;color:#fdf6ef;padding:14px 18px;font-size:13px;letter-spacing:1.5px;text-transform:uppercase;font-weight:700;\">Pour qui ?<\/div>\n<div style=\"padding:18px;font-size:15px;line-height:1.6;color:#3d2817;\">Couples en escapade romantique, familles avec jeunes enfants, t\u00e9l\u00e9travailleurs en qu\u00eate de calme avec connexion fibre, retrait\u00e9s fuyant l&rsquo;hiver europ\u00e9en. La structure s&rsquo;adapte \u00e0 tous les rythmes \u2014 b\u00e9b\u00e9 club l&rsquo;\u00e9t\u00e9, ambiance plus pos\u00e9e hors saison.<\/div>\n<\/div>\n<div style=\"border:1px solid #e8dcc9;border-radius:6px;overflow:hidden;background:#fff;\">\n<div style=\"background:#6a4a2a;color:#fdf6ef;padding:14px 18px;font-size:13px;letter-spacing:1.5px;text-transform:uppercase;font-weight:700;\">Quand venir ?<\/div>\n<div style=\"padding:18px;font-size:15px;line-height:1.6;color:#3d2817;\">Toute l&rsquo;ann\u00e9e. Les Canaries vivent un printemps perp\u00e9tuel : 19\u00b0C en janvier, 26\u00b0C en ao\u00fbt. \u00c9vitez tout de m\u00eame P\u00e2ques et la derni\u00e8re quinzaine d&rsquo;ao\u00fbt, lorsque les Espagnols du continent envahissent l&rsquo;\u00eele et font flamber les tarifs.<\/div>\n<\/div>\n<div style=\"border:1px solid #e8dcc9;border-radius:6px;overflow:hidden;background:#fff;\">\n<div style=\"background:#6a4a2a;color:#fdf6ef;padding:14px 18px;font-size:13px;letter-spacing:1.5px;text-transform:uppercase;font-weight:700;\">Comment y aller ?<\/div>\n<div style=\"padding:18px;font-size:15px;line-height:1.6;color:#3d2817;\">Vols directs Paris\u2013Tenerife Sud (TFS) en 4h30, puis 25 minutes de route. La plupart des compagnies low-cost desservent l&rsquo;a\u00e9roport sud, plus proche d&rsquo;Abades que le nord (TFN) qui se concentre sur les vols inter-\u00eeles et Madrid.<\/div>\n<\/div>\n<\/div>\n<p><iframe loading=\"lazy\" title=\"Explore the TOP 100 MUST-SEE Places On Earth in 2025!\" width=\"1200\" height=\"675\" src=\"https:\/\/www.youtube.com\/embed\/fiLwQbsoEas?feature=oembed\" frameborder=\"0\" allow=\"accelerometer; autoplay; clipboard-write; encrypted-media; gyroscope; picture-in-picture; web-share\" referrerpolicy=\"strict-origin-when-cross-origin\" allowfullscreen><\/iframe><\/p>\n<h2>Des activit\u00e9s \u00e0 explorer sur l&rsquo;\u00eele<\/h2>\n<p>Tenerife est bien plus qu&rsquo;une simple plage de sable fin. L&rsquo;\u00eele regorge de paysages volcaniques fascinants et de charmants villages qui m\u00e9ritent d&rsquo;\u00eatre d\u00e9couverts. Les visiteurs peuvent louer une voiture pour explorer les tr\u00e9sors cach\u00e9s de l&rsquo;\u00eele, des plages isol\u00e9es aux sentiers de randonn\u00e9e.<br \/>\nN&rsquo;oubliez pas de visiter le parc national du Teide, o\u00f9 le volcan embl\u00e9matique offre une vue spectaculaire. Les amateurs de nature trouveront \u00e9galement leur bonheur en se rendant \u00e0 Los Gigantes, avec ses impressionnantes falaises plongeant dans l&rsquo;oc\u00e9an.<\/p>\n<div style=\"background:#fdf6ef;border:1px solid #e8dcc9;border-radius:8px;padding:0;margin:32px 0;overflow:hidden;\">\n<div style=\"background:#6a4a2a;color:#fdf6ef;padding:16px 22px;display:flex;justify-content:space-between;align-items:baseline;\">\n<div style=\"font-size:14px;letter-spacing:2px;text-transform:uppercase;font-weight:700;\">Itin\u00e9raire 7 jours<\/div>\n<div style=\"font-size:11px;opacity:0.85;\">Au d\u00e9part d&rsquo;Abades<\/div>\n<\/div>\n<div style=\"padding:8px 0;\">\n<div style=\"display:flex;padding:14px 22px;border-bottom:1px solid #ead9c0;align-items:flex-start;gap:16px;\">\n<div style=\"background:#6a4a2a;color:#fdf6ef;min-width:34px;height:34px;border-radius:50%;display:flex;align-items:center;justify-content:center;font-weight:700;font-size:14px;\">J1<\/div>\n<div style=\"font-size:15px;line-height:1.55;color:#3d2817;\"><strong>Arriv\u00e9e et farniente.<\/strong> Check-in en d\u00e9but d&rsquo;apr\u00e8s-midi, baignade \u00e0 la piscine \u00e0 d\u00e9bordement, d\u00eener de poissons grill\u00e9s sur le port d&rsquo;Abades.<\/div>\n<\/div>\n<div style=\"display:flex;padding:14px 22px;border-bottom:1px solid #ead9c0;align-items:flex-start;gap:16px;\">\n<div style=\"background:#6a4a2a;color:#fdf6ef;min-width:34px;height:34px;border-radius:50%;display:flex;align-items:center;justify-content:center;font-weight:700;font-size:14px;\">J2<\/div>\n<div style=\"font-size:15px;line-height:1.55;color:#3d2817;\"><strong>Parc national du Teide.<\/strong> D\u00e9part avant 8h pour \u00e9viter la foule, t\u00e9l\u00e9ph\u00e9rique jusqu&rsquo;\u00e0 3555m, retour par la route panoramique de Vilaflor.<\/div>\n<\/div>\n<div style=\"display:flex;padding:14px 22px;border-bottom:1px solid #ead9c0;align-items:flex-start;gap:16px;\">\n<div style=\"background:#6a4a2a;color:#fdf6ef;min-width:34px;height:34px;border-radius:50%;display:flex;align-items:center;justify-content:center;font-weight:700;font-size:14px;\">J3<\/div>\n<div style=\"font-size:15px;line-height:1.55;color:#3d2817;\"><strong>Los Gigantes.<\/strong> Sortie en bateau pour observer dauphins et globic\u00e9phales, d\u00e9jeuner en bord de port, baignade dans la piscine naturelle de Garachico.<\/div>\n<\/div>\n<div style=\"display:flex;padding:14px 22px;border-bottom:1px solid #ead9c0;align-items:flex-start;gap:16px;\">\n<div style=\"background:#6a4a2a;color:#fdf6ef;min-width:34px;height:34px;border-radius:50%;display:flex;align-items:center;justify-content:center;font-weight:700;font-size:14px;\">J4<\/div>\n<div style=\"font-size:15px;line-height:1.55;color:#3d2817;\"><strong>Anaga &#038; laurisylve.<\/strong> For\u00eat primaire class\u00e9e UNESCO au nord-est, sentier de Cruz del Carmen, repas typique dans une guachinche.<\/div>\n<\/div>\n<div style=\"display:flex;padding:14px 22px;border-bottom:1px solid #ead9c0;align-items:flex-start;gap:16px;\">\n<div style=\"background:#6a4a2a;color:#fdf6ef;min-width:34px;height:34px;border-radius:50%;display:flex;align-items:center;justify-content:center;font-weight:700;font-size:14px;\">J5<\/div>\n<div style=\"font-size:15px;line-height:1.55;color:#3d2817;\"><strong>La Laguna &#038; San Crist\u00f3bal.<\/strong> Ancienne capitale coloniale class\u00e9e UNESCO, ses patios \u00e0 balcons andalous, ses caf\u00e9s \u00e9tudiants.<\/div>\n<\/div>\n<div style=\"display:flex;padding:14px 22px;border-bottom:1px solid #ead9c0;align-items:flex-start;gap:16px;\">\n<div style=\"background:#6a4a2a;color:#fdf6ef;min-width:34px;height:34px;border-radius:50%;display:flex;align-items:center;justify-content:center;font-weight:700;font-size:14px;\">J6<\/div>\n<div style=\"font-size:15px;line-height:1.55;color:#3d2817;\"><strong>Plage et lagon.<\/strong> Cours de yoga matinal \u00e0 l&rsquo;h\u00f4tel, apr\u00e8s-midi piscine priv\u00e9e, d\u00eener gastronomique \u00e0 la Casa del Mar.<\/div>\n<\/div>\n<div style=\"display:flex;padding:14px 22px;align-items:flex-start;gap:16px;\">\n<div style=\"background:#6a4a2a;color:#fdf6ef;min-width:34px;height:34px;border-radius:50%;display:flex;align-items:center;justify-content:center;font-weight:700;font-size:14px;\">J7<\/div>\n<div style=\"font-size:15px;line-height:1.55;color:#3d2817;\"><strong>Snorkeling et retour.<\/strong> Plage El M\u00e9dano connue pour son spot kite, dernier d\u00e9jeuner face \u00e0 l&rsquo;oc\u00e9an, transfert a\u00e9roport TFS en 25 minutes.<\/div>\n<\/div>\n<\/div>\n<\/div>\n<div style=\"background:#fdf6ef;border-left:4px solid #6a4a2a;padding:22px 26px;margin:28px 0;border-radius:0 6px 6px 0;\">\n<div style=\"font-size:11px;letter-spacing:2px;text-transform:uppercase;color:#6a4a2a;font-weight:700;margin-bottom:10px;\">Le saviez-vous ?<\/div>\n<div style=\"font-size:15px;line-height:1.7;color:#3d2817;\">Tenerife abrite l&rsquo;un des plus grands observatoires astronomiques d&rsquo;Europe, perch\u00e9 \u00e0 2390m d&rsquo;altitude au sommet du Teide. La puret\u00e9 de l&rsquo;air et l&rsquo;absence de pollution lumineuse font de l&rsquo;archipel canarien une r\u00e9serve internationale de ciel \u00e9toil\u00e9. Plusieurs h\u00f4tels du sud organisent d\u00e9sormais des sorties stargazing nocturnes \u2014 un compl\u00e9ment assez magique \u00e0 l&rsquo;exp\u00e9rience plage et lagon de la journ\u00e9e.<\/div>\n<\/div>\n<blockquote><p>\n\u00ab\u00a0Cet h\u00f4tel est un v\u00e9ritable bijou, alliant confort moderne et beaut\u00e9 naturelle.\u00a0\u00bb &#8211; Un voyageur satisfait\n<\/p><\/blockquote>\n<p>En somme, Tenerife offre un cadre enchanteur qui \u00e9voque les Maldives sans avoir \u00e0 quitter l&rsquo;Europe. Que vous soyez en qu\u00eate de d\u00e9tente ou d&rsquo;aventure, cet h\u00f4tel est le point de d\u00e9part id\u00e9al pour des vacances inoubliables.<\/p>\n<div style=\"background:#fff;border:2px solid #6a4a2a;border-radius:8px;padding:0;margin:32px 0;overflow:hidden;\">\n<div style=\"background:linear-gradient(90deg,#6a4a2a,#8b6232);color:#fdf6ef;padding:18px 24px;\">\n<div style=\"font-size:11px;letter-spacing:2px;text-transform:uppercase;opacity:0.9;\">Comparatif rapide<\/div>\n<div style=\"font-size:18px;font-weight:700;margin-top:4px;\">Tenerife (Abades) vs Maldives<\/div>\n<\/div>\n<div style=\"display:grid;grid-template-columns:1fr 1fr;font-size:14px;\">\n<div style=\"padding:14px 22px;border-bottom:1px solid #ead9c0;background:#fdf6ef;color:#6a4a2a;font-weight:700;\">Crit\u00e8re<\/div>\n<div style=\"padding:14px 22px;border-bottom:1px solid #ead9c0;background:#fdf6ef;color:#6a4a2a;font-weight:700;text-align:right;\">Verdict<\/div>\n<div style=\"padding:12px 22px;border-bottom:1px solid #f0e3cf;color:#3d2817;\">Dur\u00e9e de vol depuis Paris<\/div>\n<div style=\"padding:12px 22px;border-bottom:1px solid #f0e3cf;text-align:right;color:#3d2817;\"><strong>Tenerife<\/strong> \u00b7 4h30 vs 11h+<\/div>\n<div style=\"padding:12px 22px;border-bottom:1px solid #f0e3cf;color:#3d2817;\">Budget moyen 7 nuits<\/div>\n<div style=\"padding:12px 22px;border-bottom:1px solid #f0e3cf;text-align:right;color:#3d2817;\"><strong>Tenerife<\/strong> \u00b7 1200\u20ac vs 4500\u20ac<\/div>\n<div style=\"padding:12px 22px;border-bottom:1px solid #f0e3cf;color:#3d2817;\">Diversit\u00e9 de paysages<\/div>\n<div style=\"padding:12px 22px;border-bottom:1px solid #f0e3cf;text-align:right;color:#3d2817;\"><strong>Tenerife<\/strong> \u00b7 volcan + for\u00eat + plage<\/div>\n<div style=\"padding:12px 22px;border-bottom:1px solid #f0e3cf;color:#3d2817;\">Bungalow pieds dans l&rsquo;eau<\/div>\n<div style=\"padding:12px 22px;border-bottom:1px solid #f0e3cf;text-align:right;color:#3d2817;\"><strong>Maldives<\/strong> \u00b7 imbattable<\/div>\n<div style=\"padding:12px 22px;color:#3d2817;\">Empreinte carbone vol<\/div>\n<div style=\"padding:12px 22px;text-align:right;color:#3d2817;\"><strong>Tenerife<\/strong> \u00b7 1,1t vs 3,2t CO\u2082<\/div>\n<\/div>\n<\/div>\n<p>Pour ceux qui souhaitent vivre cette exp\u00e9rience, pensez \u00e0 r\u00e9server votre s\u00e9jour \u00e0 l&rsquo;avance pour garantir les meilleures dates et tarifs. Les prix sont tr\u00e8s attractifs, et il est possible de personnaliser votre voyage selon vos envies, que vous partiez en solo ou en groupe.<\/p>\n<div style=\"background:#fdf6ef;border:1px solid #e8dcc9;border-radius:8px;padding:26px 28px;margin:32px 0;\">\n<div style=\"font-size:13px;letter-spacing:2px;text-transform:uppercase;color:#6a4a2a;font-weight:700;margin-bottom:18px;\">Questions fr\u00e9quentes<\/div>\n<div style=\"border-top:1px solid #ead9c0;padding:14px 0;\">\n<div style=\"font-weight:700;color:#3d2817;margin-bottom:6px;font-size:15px;\">Faut-il un passeport pour voyager \u00e0 Tenerife ?<\/div>\n<div style=\"color:#5d4530;font-size:14px;line-height:1.65;\">Non, les Canaries font partie de l&rsquo;Espagne et donc de l&rsquo;Union europ\u00e9enne. Une simple carte nationale d&rsquo;identit\u00e9 valide suffit pour les ressortissants fran\u00e7ais.<\/div>\n<\/div>\n<div style=\"border-top:1px solid #ead9c0;padding:14px 0;\">\n<div style=\"font-weight:700;color:#3d2817;margin-bottom:6px;font-size:15px;\">L&rsquo;eau du robinet est-elle potable ?<\/div>\n<div style=\"color:#5d4530;font-size:14px;line-height:1.65;\">Oui, mais elle est tr\u00e8s charg\u00e9e en min\u00e9raux. La plupart des locaux et des voyageurs pr\u00e9f\u00e8rent l&rsquo;eau en bouteille pour la consommation, le robinet restant r\u00e9serv\u00e9 \u00e0 la cuisine et l&rsquo;hygi\u00e8ne.<\/div>\n<\/div>\n<div style=\"border-top:1px solid #ead9c0;padding:14px 0;\">\n<div style=\"font-weight:700;color:#3d2817;margin-bottom:6px;font-size:15px;\">Quelle est la meilleure p\u00e9riode pour observer les baleines ?<\/div>\n<div style=\"color:#5d4530;font-size:14px;line-height:1.65;\">Les eaux entre Tenerife et La Gomera abritent une population r\u00e9sidente de globic\u00e9phales et dauphins toute l&rsquo;ann\u00e9e. La p\u00e9riode avril\u2013octobre offre la mer la plus calme pour les sorties bateau.<\/div>\n<\/div>\n<div style=\"border-top:1px solid #ead9c0;border-bottom:1px solid #ead9c0;padding:14px 0;\">\n<div style=\"font-weight:700;color:#3d2817;margin-bottom:6px;font-size:15px;\">Peut-on payer en euros partout ?<\/div>\n<div style=\"color:#5d4530;font-size:14px;line-height:1.65;\">Oui, l&rsquo;euro est la devise officielle. La carte bancaire est largement accept\u00e9e, mais conservez quelques esp\u00e8ces pour les guachinches et petits march\u00e9s locaux qui restent souvent en cash.<\/div>\n<\/div>\n<\/div>\n<p>En r\u00e9sum\u00e9, cet h\u00f4tel \u00e0 Tenerife est une destination de choix pour tous ceux qui r\u00eavent d&rsquo;une \u00e9vasion tropicale. Entre ses \u00e9quipements luxueux et ses paysages \u00e0 couper le souffle, vous serez combl\u00e9 \u00e0 chaque instant de votre s\u00e9jour.<\/p>\n<div style=\"background:linear-gradient(135deg,#6a4a2a 0%,#4a3018 100%);color:#fdf6ef;padding:30px 32px;margin:32px 0 16px;border-radius:8px;text-align:center;\">\n<div style=\"font-size:12px;letter-spacing:3px;text-transform:uppercase;opacity:0.8;margin-bottom:10px;\">Bon \u00e0 retenir<\/div>\n<div style=\"font-size:18px;line-height:1.6;font-weight:500;font-style:italic;\">Choisir Abades plut\u00f4t que Mal\u00e9, c&rsquo;est gagner sept heures d&rsquo;avion, deux mille kilom\u00e8tres d&#8217;empreinte carbone et la libert\u00e9 de partir une semaine sur un coup de t\u00eate \u2014 sans pour autant renoncer \u00e0 la piscine \u00e0 d\u00e9bordement face \u00e0 l&rsquo;oc\u00e9an.<\/div>\n<\/div>\n<p><img decoding=\"async\" width=\"1024\" height=\"576\" src=\"https:\/\/voyage-aventure.com\/blog\/wp-content\/uploads\/2025\/02\/stability-decouvrez-un-hotel-de-reve-a-tenerife-qui-evoque-les-maldives-1.png\" class=\"aligncenter\" alt=\"Illustration d\u00e9taill\u00e9e sur D\u00e9couvrez un h\u00f4tel de r\u00eave \u00e0 Tenerife qui \u00e9voque les Maldives\" title=\"D\u00e9couvrez un h\u00f4tel de r\u00eave \u00e0 Tenerife qui \u00e9voque les Maldives\" loading=\"lazy\" \/><\/p>\n","protected":false},"excerpt":{"rendered":"","protected":false},"author":34,"featured_media":10131,"comment_status":"open","ping_status":"open","sticky":false,"template":"","format":"standard","meta":{"_acf_changed":false,"manual_indexmenow":false,"indexmenow_id_project":0,"footnotes":""},"categories":[1],"tags":[4538,4527,3928,4530,4528],"class_list":["post-10130","post","type-post","status-publish","format-standard","has-post-thumbnail","hentry","category-a-la-une","tag-activites-variees","tag-decouverte-culturelle","tag-detente","tag-escapade-en-europe","tag-hebergement-abordable","generate-columns","tablet-grid-50","mobile-grid-100","grid-parent","grid-25"],"acf":[],"yoast_head":"<!-- This site is optimized with the Yoast SEO Premium plugin v21.3 (Yoast SEO v25.1) - https:\/\/yoast.com\/wordpress\/plugins\/seo\/ -->\n<title>D\u00e9couvrez un h\u00f4tel de r\u00eave \u00e0 Tenerife qui \u00e9voque les<\/title>\n<meta name=\"description\" content=\"\u00c0 mi-chemin entre l&#039;Atlantique et l&#039;Afrique, Tenerife cultive un art de vivre o\u00f9 le volcan rencontre le lagon. \u00c0 Abades, un h\u00f4tel \u00e0 l&#039;allure contemporaine\" \/>\n<meta name=\"robots\" content=\"index, follow, max-snippet:-1, max-image-preview:large, max-video-preview:-1\" \/>\n<link rel=\"canonical\" href=\"https:\/\/voyage-aventure.com\/blog\/a-la-une\/decouvrez-un-hotel-de-reve-a-tenerife-qui-evoque-les-maldives\/\" \/>\n<meta property=\"og:locale\" content=\"fr_FR\" \/>\n<meta property=\"og:type\" content=\"article\" \/>\n<meta property=\"og:title\" content=\"D\u00e9couvrez un h\u00f4tel de r\u00eave \u00e0 Tenerife qui \u00e9voque les\" \/>\n<meta property=\"og:description\" content=\"\u00c0 mi-chemin entre l&#039;Atlantique et l&#039;Afrique, Tenerife cultive un art de vivre o\u00f9 le volcan rencontre le lagon. \u00c0 Abades, un h\u00f4tel \u00e0 l&#039;allure contemporaine\" \/>\n<meta property=\"og:url\" content=\"https:\/\/voyage-aventure.com\/blog\/a-la-une\/decouvrez-un-hotel-de-reve-a-tenerife-qui-evoque-les-maldives\/\" \/>\n<meta property=\"og:site_name\" content=\"voyage-aventure\" \/>\n<meta property=\"og:image\" content=\"https:\/\/voyage-aventure.com\/blog\/wp-content\/uploads\/2025\/02\/stability-decouvrez-un-hotel-de-reve-a-tenerife-qui-evoque-les-maldives.png\" \/>\n\t<meta property=\"og:image:width\" content=\"1024\" \/>\n\t<meta property=\"og:image:height\" content=\"576\" \/>\n\t<meta property=\"og:image:type\" content=\"image\/png\" \/>\n<meta name=\"author\" content=\"Camille Rouvray\" \/>\n<meta name=\"twitter:card\" content=\"summary_large_image\" \/>\n<script type=\"application\/ld+json\" class=\"yoast-schema-graph\">{\"@context\":\"https:\/\/schema.org\",\"@graph\":[{\"@type\":\"NewsArticle\",\"@id\":\"https:\/\/voyage-aventure.com\/blog\/a-la-une\/decouvrez-un-hotel-de-reve-a-tenerife-qui-evoque-les-maldives\/#article\",\"isPartOf\":{\"@id\":\"https:\/\/voyage-aventure.com\/blog\/a-la-une\/decouvrez-un-hotel-de-reve-a-tenerife-qui-evoque-les-maldives\/\"},\"author\":{\"name\":\"Camille Rouvray\",\"@id\":\"https:\/\/voyage-aventure.com\/blog\/#\/schema\/person\/3c864cdc320801e3db34b663e7e3f816\"},\"headline\":\"D\u00e9couvrez un h\u00f4tel de r\u00eave \u00e0 Tenerife qui \u00e9voque les Maldives\",\"datePublished\":\"2026-05-19T15:03:29+00:00\",\"mainEntityOfPage\":{\"@id\":\"https:\/\/voyage-aventure.com\/blog\/a-la-une\/decouvrez-un-hotel-de-reve-a-tenerife-qui-evoque-les-maldives\/\"},\"wordCount\":1625,\"commentCount\":21,\"publisher\":{\"@id\":\"https:\/\/voyage-aventure.com\/blog\/#organization\"},\"image\":{\"@id\":\"https:\/\/voyage-aventure.com\/blog\/a-la-une\/decouvrez-un-hotel-de-reve-a-tenerife-qui-evoque-les-maldives\/#primaryimage\"},\"thumbnailUrl\":\"https:\/\/voyage-aventure.com\/blog\/wp-content\/uploads\/2025\/02\/stability-decouvrez-un-hotel-de-reve-a-tenerife-qui-evoque-les-maldives.png\",\"keywords\":[\"Activit\u00e9s Vari\u00e9es\",\"D\u00e9couverte Culturelle\",\"D\u00e9tente\",\"Escapade en Europe\",\"H\u00e9bergement Abordable\"],\"articleSection\":[\"\u00c0 la une\"],\"inLanguage\":\"fr-FR\",\"potentialAction\":[{\"@type\":\"CommentAction\",\"name\":\"Comment\",\"target\":[\"https:\/\/voyage-aventure.com\/blog\/a-la-une\/decouvrez-un-hotel-de-reve-a-tenerife-qui-evoque-les-maldives\/#respond\"]}]},{\"@type\":\"WebPage\",\"@id\":\"https:\/\/voyage-aventure.com\/blog\/a-la-une\/decouvrez-un-hotel-de-reve-a-tenerife-qui-evoque-les-maldives\/\",\"url\":\"https:\/\/voyage-aventure.com\/blog\/a-la-une\/decouvrez-un-hotel-de-reve-a-tenerife-qui-evoque-les-maldives\/\",\"name\":\"D\u00e9couvrez un h\u00f4tel de r\u00eave \u00e0 Tenerife qui \u00e9voque les\",\"isPartOf\":{\"@id\":\"https:\/\/voyage-aventure.com\/blog\/#website\"},\"primaryImageOfPage\":{\"@id\":\"https:\/\/voyage-aventure.com\/blog\/a-la-une\/decouvrez-un-hotel-de-reve-a-tenerife-qui-evoque-les-maldives\/#primaryimage\"},\"image\":{\"@id\":\"https:\/\/voyage-aventure.com\/blog\/a-la-une\/decouvrez-un-hotel-de-reve-a-tenerife-qui-evoque-les-maldives\/#primaryimage\"},\"thumbnailUrl\":\"https:\/\/voyage-aventure.com\/blog\/wp-content\/uploads\/2025\/02\/stability-decouvrez-un-hotel-de-reve-a-tenerife-qui-evoque-les-maldives.png\",\"datePublished\":\"2026-05-19T15:03:29+00:00\",\"description\":\"\u00c0 mi-chemin entre l'Atlantique et l'Afrique, Tenerife cultive un art de vivre o\u00f9 le volcan rencontre le lagon. \u00c0 Abades, un h\u00f4tel \u00e0 l'allure contemporaine\",\"inLanguage\":\"fr-FR\",\"potentialAction\":[{\"@type\":\"ReadAction\",\"target\":[\"https:\/\/voyage-aventure.com\/blog\/a-la-une\/decouvrez-un-hotel-de-reve-a-tenerife-qui-evoque-les-maldives\/\"]}]},{\"@type\":\"ImageObject\",\"inLanguage\":\"fr-FR\",\"@id\":\"https:\/\/voyage-aventure.com\/blog\/a-la-une\/decouvrez-un-hotel-de-reve-a-tenerife-qui-evoque-les-maldives\/#primaryimage\",\"url\":\"https:\/\/voyage-aventure.com\/blog\/wp-content\/uploads\/2025\/02\/stability-decouvrez-un-hotel-de-reve-a-tenerife-qui-evoque-les-maldives.png\",\"contentUrl\":\"https:\/\/voyage-aventure.com\/blog\/wp-content\/uploads\/2025\/02\/stability-decouvrez-un-hotel-de-reve-a-tenerife-qui-evoque-les-maldives.png\",\"width\":1024,\"height\":576},{\"@type\":\"WebSite\",\"@id\":\"https:\/\/voyage-aventure.com\/blog\/#website\",\"url\":\"https:\/\/voyage-aventure.com\/blog\/\",\"name\":\"voyage-aventure.com\",\"description\":\"Votre passeport pour l\u2019inattendu.\",\"publisher\":{\"@id\":\"https:\/\/voyage-aventure.com\/blog\/#organization\"},\"alternateName\":\"Votre passeport pour l\u2019inattendu.\",\"potentialAction\":[{\"@type\":\"SearchAction\",\"target\":{\"@type\":\"EntryPoint\",\"urlTemplate\":\"https:\/\/voyage-aventure.com\/blog\/?s={search_term_string}\"},\"query-input\":{\"@type\":\"PropertyValueSpecification\",\"valueRequired\":true,\"valueName\":\"search_term_string\"}}],\"inLanguage\":\"fr-FR\"},{\"@type\":\"Organization\",\"@id\":\"https:\/\/voyage-aventure.com\/blog\/#organization\",\"name\":\"Foretsensations.fr\",\"url\":\"https:\/\/voyage-aventure.com\/blog\/\",\"logo\":{\"@type\":\"ImageObject\",\"inLanguage\":\"fr-FR\",\"@id\":\"https:\/\/voyage-aventure.com\/blog\/#\/schema\/logo\/image\/\",\"url\":\"https:\/\/voyage-aventure.com\/blog\/wp-content\/uploads\/2024\/12\/19.png\",\"contentUrl\":\"https:\/\/voyage-aventure.com\/blog\/wp-content\/uploads\/2024\/12\/19.png\",\"width\":512,\"height\":512,\"caption\":\"Foretsensations.fr\"},\"image\":{\"@id\":\"https:\/\/voyage-aventure.com\/blog\/#\/schema\/logo\/image\/\"}},{\"@type\":\"Person\",\"@id\":\"https:\/\/voyage-aventure.com\/blog\/#\/schema\/person\/3c864cdc320801e3db34b663e7e3f816\",\"name\":\"Camille Rouvray\",\"image\":{\"@type\":\"ImageObject\",\"inLanguage\":\"fr-FR\",\"@id\":\"https:\/\/voyage-aventure.com\/blog\/#\/schema\/person\/image\/\",\"url\":\"https:\/\/voyage-aventure.com\/blog\/wp-content\/uploads\/2026\/06\/persona_camille-r-96x96.jpg\",\"contentUrl\":\"https:\/\/voyage-aventure.com\/blog\/wp-content\/uploads\/2026\/06\/persona_camille-r-96x96.jpg\",\"caption\":\"Camille Rouvray\"},\"description\":\"Je voyage et j'\u00e9cris sur le voyage depuis une douzaine d'ann\u00e9es, d'abord en tant que routarde au long cours, puis comme r\u00e9dactrice sp\u00e9cialis\u00e9e. Mon terrain de pr\u00e9dilection, ce sont les circuits organis\u00e9s et l'art de bien pr\u00e9parer un itin\u00e9raire : choix de la saison, dur\u00e9e r\u00e9aliste des \u00e9tapes, budget jour par jour, logement et transport sur place. J'aime aussi raconter les p\u00e9pites urbaines, ces adresses qu'on ne trouve pas dans les guides classiques. Avant de publier un dossier destination, je croise toujours plusieurs sources, je v\u00e9rifie les tarifs et les formalit\u00e9s d'entr\u00e9e \u00e0 jour, et je teste moi-m\u00eame quand je le peux. Mon angle reste pratique avant tout : aider le lecteur \u00e0 partir l'esprit tranquille, sans mauvaise surprise une fois sur place. Je m'attache \u00e0 distinguer le coup de c\u0153ur sinc\u00e8re du simple argument marketing.\",\"sameAs\":[\"https:\/\/camillerouvray.fr\/\"],\"url\":\"https:\/\/voyage-aventure.com\/blog\/auteur\/noname\/\"}]}<\/script>\n<!-- \/ Yoast SEO Premium plugin. -->","yoast_head_json":{"title":"D\u00e9couvrez un h\u00f4tel de r\u00eave \u00e0 Tenerife qui \u00e9voque les","description":"\u00c0 mi-chemin entre l'Atlantique et l'Afrique, Tenerife cultive un art de vivre o\u00f9 le volcan rencontre le lagon. \u00c0 Abades, un h\u00f4tel \u00e0 l'allure contemporaine","robots":{"index":"index","follow":"follow","max-snippet":"max-snippet:-1","max-image-preview":"max-image-preview:large","max-video-preview":"max-video-preview:-1"},"canonical":"https:\/\/voyage-aventure.com\/blog\/a-la-une\/decouvrez-un-hotel-de-reve-a-tenerife-qui-evoque-les-maldives\/","og_locale":"fr_FR","og_type":"article","og_title":"D\u00e9couvrez un h\u00f4tel de r\u00eave \u00e0 Tenerife qui \u00e9voque les","og_description":"\u00c0 mi-chemin entre l'Atlantique et l'Afrique, Tenerife cultive un art de vivre o\u00f9 le volcan rencontre le lagon. \u00c0 Abades, un h\u00f4tel \u00e0 l'allure contemporaine","og_url":"https:\/\/voyage-aventure.com\/blog\/a-la-une\/decouvrez-un-hotel-de-reve-a-tenerife-qui-evoque-les-maldives\/","og_site_name":"voyage-aventure","og_image":[{"width":1024,"height":576,"url":"https:\/\/voyage-aventure.com\/blog\/wp-content\/uploads\/2025\/02\/stability-decouvrez-un-hotel-de-reve-a-tenerife-qui-evoque-les-maldives.png","type":"image\/png"}],"author":"Camille Rouvray","twitter_card":"summary_large_image","schema":{"@context":"https:\/\/schema.org","@graph":[{"@type":"NewsArticle","@id":"https:\/\/voyage-aventure.com\/blog\/a-la-une\/decouvrez-un-hotel-de-reve-a-tenerife-qui-evoque-les-maldives\/#article","isPartOf":{"@id":"https:\/\/voyage-aventure.com\/blog\/a-la-une\/decouvrez-un-hotel-de-reve-a-tenerife-qui-evoque-les-maldives\/"},"author":{"name":"Camille Rouvray","@id":"https:\/\/voyage-aventure.com\/blog\/#\/schema\/person\/3c864cdc320801e3db34b663e7e3f816"},"headline":"D\u00e9couvrez un h\u00f4tel de r\u00eave \u00e0 Tenerife qui \u00e9voque les Maldives","datePublished":"2026-05-19T15:03:29+00:00","mainEntityOfPage":{"@id":"https:\/\/voyage-aventure.com\/blog\/a-la-une\/decouvrez-un-hotel-de-reve-a-tenerife-qui-evoque-les-maldives\/"},"wordCount":1625,"commentCount":21,"publisher":{"@id":"https:\/\/voyage-aventure.com\/blog\/#organization"},"image":{"@id":"https:\/\/voyage-aventure.com\/blog\/a-la-une\/decouvrez-un-hotel-de-reve-a-tenerife-qui-evoque-les-maldives\/#primaryimage"},"thumbnailUrl":"https:\/\/voyage-aventure.com\/blog\/wp-content\/uploads\/2025\/02\/stability-decouvrez-un-hotel-de-reve-a-tenerife-qui-evoque-les-maldives.png","keywords":["Activit\u00e9s Vari\u00e9es","D\u00e9couverte Culturelle","D\u00e9tente","Escapade en Europe","H\u00e9bergement Abordable"],"articleSection":["\u00c0 la une"],"inLanguage":"fr-FR","potentialAction":[{"@type":"CommentAction","name":"Comment","target":["https:\/\/voyage-aventure.com\/blog\/a-la-une\/decouvrez-un-hotel-de-reve-a-tenerife-qui-evoque-les-maldives\/#respond"]}]},{"@type":"WebPage","@id":"https:\/\/voyage-aventure.com\/blog\/a-la-une\/decouvrez-un-hotel-de-reve-a-tenerife-qui-evoque-les-maldives\/","url":"https:\/\/voyage-aventure.com\/blog\/a-la-une\/decouvrez-un-hotel-de-reve-a-tenerife-qui-evoque-les-maldives\/","name":"D\u00e9couvrez un h\u00f4tel de r\u00eave \u00e0 Tenerife qui \u00e9voque les","isPartOf":{"@id":"https:\/\/voyage-aventure.com\/blog\/#website"},"primaryImageOfPage":{"@id":"https:\/\/voyage-aventure.com\/blog\/a-la-une\/decouvrez-un-hotel-de-reve-a-tenerife-qui-evoque-les-maldives\/#primaryimage"},"image":{"@id":"https:\/\/voyage-aventure.com\/blog\/a-la-une\/decouvrez-un-hotel-de-reve-a-tenerife-qui-evoque-les-maldives\/#primaryimage"},"thumbnailUrl":"https:\/\/voyage-aventure.com\/blog\/wp-content\/uploads\/2025\/02\/stability-decouvrez-un-hotel-de-reve-a-tenerife-qui-evoque-les-maldives.png","datePublished":"2026-05-19T15:03:29+00:00","description":"\u00c0 mi-chemin entre l'Atlantique et l'Afrique, Tenerife cultive un art de vivre o\u00f9 le volcan rencontre le lagon. \u00c0 Abades, un h\u00f4tel \u00e0 l'allure contemporaine","inLanguage":"fr-FR","potentialAction":[{"@type":"ReadAction","target":["https:\/\/voyage-aventure.com\/blog\/a-la-une\/decouvrez-un-hotel-de-reve-a-tenerife-qui-evoque-les-maldives\/"]}]},{"@type":"ImageObject","inLanguage":"fr-FR","@id":"https:\/\/voyage-aventure.com\/blog\/a-la-une\/decouvrez-un-hotel-de-reve-a-tenerife-qui-evoque-les-maldives\/#primaryimage","url":"https:\/\/voyage-aventure.com\/blog\/wp-content\/uploads\/2025\/02\/stability-decouvrez-un-hotel-de-reve-a-tenerife-qui-evoque-les-maldives.png","contentUrl":"https:\/\/voyage-aventure.com\/blog\/wp-content\/uploads\/2025\/02\/stability-decouvrez-un-hotel-de-reve-a-tenerife-qui-evoque-les-maldives.png","width":1024,"height":576},{"@type":"WebSite","@id":"https:\/\/voyage-aventure.com\/blog\/#website","url":"https:\/\/voyage-aventure.com\/blog\/","name":"voyage-aventure.com","description":"Votre passeport pour l\u2019inattendu.","publisher":{"@id":"https:\/\/voyage-aventure.com\/blog\/#organization"},"alternateName":"Votre passeport pour l\u2019inattendu.","potentialAction":[{"@type":"SearchAction","target":{"@type":"EntryPoint","urlTemplate":"https:\/\/voyage-aventure.com\/blog\/?s={search_term_string}"},"query-input":{"@type":"PropertyValueSpecification","valueRequired":true,"valueName":"search_term_string"}}],"inLanguage":"fr-FR"},{"@type":"Organization","@id":"https:\/\/voyage-aventure.com\/blog\/#organization","name":"Foretsensations.fr","url":"https:\/\/voyage-aventure.com\/blog\/","logo":{"@type":"ImageObject","inLanguage":"fr-FR","@id":"https:\/\/voyage-aventure.com\/blog\/#\/schema\/logo\/image\/","url":"https:\/\/voyage-aventure.com\/blog\/wp-content\/uploads\/2024\/12\/19.png","contentUrl":"https:\/\/voyage-aventure.com\/blog\/wp-content\/uploads\/2024\/12\/19.png","width":512,"height":512,"caption":"Foretsensations.fr"},"image":{"@id":"https:\/\/voyage-aventure.com\/blog\/#\/schema\/logo\/image\/"}},{"@type":"Person","@id":"https:\/\/voyage-aventure.com\/blog\/#\/schema\/person\/3c864cdc320801e3db34b663e7e3f816","name":"Camille Rouvray","image":{"@type":"ImageObject","inLanguage":"fr-FR","@id":"https:\/\/voyage-aventure.com\/blog\/#\/schema\/person\/image\/","url":"https:\/\/voyage-aventure.com\/blog\/wp-content\/uploads\/2026\/06\/persona_camille-r-96x96.jpg","contentUrl":"https:\/\/voyage-aventure.com\/blog\/wp-content\/uploads\/2026\/06\/persona_camille-r-96x96.jpg","caption":"Camille Rouvray"},"description":"Je voyage et j'\u00e9cris sur le voyage depuis une douzaine d'ann\u00e9es, d'abord en tant que routarde au long cours, puis comme r\u00e9dactrice sp\u00e9cialis\u00e9e. Mon terrain de pr\u00e9dilection, ce sont les circuits organis\u00e9s et l'art de bien pr\u00e9parer un itin\u00e9raire : choix de la saison, dur\u00e9e r\u00e9aliste des \u00e9tapes, budget jour par jour, logement et transport sur place. J'aime aussi raconter les p\u00e9pites urbaines, ces adresses qu'on ne trouve pas dans les guides classiques. Avant de publier un dossier destination, je croise toujours plusieurs sources, je v\u00e9rifie les tarifs et les formalit\u00e9s d'entr\u00e9e \u00e0 jour, et je teste moi-m\u00eame quand je le peux. Mon angle reste pratique avant tout : aider le lecteur \u00e0 partir l'esprit tranquille, sans mauvaise surprise une fois sur place. Je m'attache \u00e0 distinguer le coup de c\u0153ur sinc\u00e8re du simple argument marketing.","sameAs":["https:\/\/camillerouvray.fr\/"],"url":"https:\/\/voyage-aventure.com\/blog\/auteur\/noname\/"}]}},"_links":{"self":[{"href":"https:\/\/voyage-aventure.com\/blog\/wp-json\/wp\/v2\/posts\/10130","targetHints":{"allow":["GET"]}}],"collection":[{"href":"https:\/\/voyage-aventure.com\/blog\/wp-json\/wp\/v2\/posts"}],"about":[{"href":"https:\/\/voyage-aventure.com\/blog\/wp-json\/wp\/v2\/types\/post"}],"author":[{"embeddable":true,"href":"https:\/\/voyage-aventure.com\/blog\/wp-json\/wp\/v2\/users\/34"}],"replies":[{"embeddable":true,"href":"https:\/\/voyage-aventure.com\/blog\/wp-json\/wp\/v2\/comments?post=10130"}],"version-history":[{"count":2,"href":"https:\/\/voyage-aventure.com\/blog\/wp-json\/wp\/v2\/posts\/10130\/revisions"}],"predecessor-version":[{"id":21230,"href":"https:\/\/voyage-aventure.com\/blog\/wp-json\/wp\/v2\/posts\/10130\/revisions\/21230"}],"wp:featuredmedia":[{"embeddable":true,"href":"https:\/\/voyage-aventure.com\/blog\/wp-json\/wp\/v2\/media\/10131"}],"wp:attachment":[{"href":"https:\/\/voyage-aventure.com\/blog\/wp-json\/wp\/v2\/media?parent=10130"}],"wp:term":[{"taxonomy":"category","embeddable":true,"href":"https:\/\/voyage-aventure.com\/blog\/wp-json\/wp\/v2\/categories?post=10130"},{"taxonomy":"post_tag","embeddable":true,"href":"https:\/\/voyage-aventure.com\/blog\/wp-json\/wp\/v2\/tags?post=10130"}],"curies":[{"name":"wp","href":"https:\/\/api.w.org\/{rel}","templated":true}]}}