{"id":10086,"date":"2025-02-18T14:22:32","date_gmt":"2025-02-18T13:22:32","guid":{"rendered":"https:\/\/voyage-aventure.com\/blog\/?p=10086"},"modified":"2025-02-18T01:38:07","modified_gmt":"2025-02-18T00:38:07","slug":"voyage-en-ville-oswego-emet-un-avis-de-voyage-en-raison-de-la-neige-et-des-vents-violents","status":"publish","type":"post","link":"https:\/\/voyage-aventure.com\/blog\/a-la-une\/voyage-en-ville-oswego-emet-un-avis-de-voyage-en-raison-de-la-neige-et-des-vents-violents\/","title":{"rendered":"Voyage en ville : Oswego \u00e9met un avis de voyage en raison de la neige et des vents violents"},"content":{"rendered":"<h2>Une alerte pour la s\u00e9curit\u00e9 des habitants<\/h2>\n<p>Le maire d&rsquo;Oswego, Robert A. Corradino, a \u00e9mis un avis de voyage pour la ville le 17 f\u00e9vrier 2025, en raison de conditions m\u00e9t\u00e9orologiques extr\u00eames. Ce changement climatique inattendu a suscit\u00e9 des pr\u00e9occupations concernant la s\u00e9curit\u00e9 des r\u00e9sidents et des travailleurs. L&rsquo;avis a \u00e9t\u00e9 rendu public pour pr\u00e9venir toute situation dangereuse sur les routes.<\/p>\n<p>Le maire a soulign\u00e9 l&rsquo;importance d&rsquo;\u00e9valuer les conditions avant de se d\u00e9placer. \u00ab Nous nous attendons \u00e0 des temp\u00e9ratures tr\u00e8s froides, des vents violents et de la neige au cours des prochaines 48 heures, ce qui peut cr\u00e9er des conditions de visibilit\u00e9 nulles \u00bb, a d\u00e9clar\u00e9 Corradino. Cette d\u00e9claration souligne la n\u00e9cessit\u00e9 d&rsquo;une vigilance accrue pendant cette p\u00e9riode.<\/p>\n<h2>Pr\u00e9visions m\u00e9t\u00e9orologiques pr\u00e9occupantes<\/h2>\n<p>Les pr\u00e9visions indiquent que des vents forts, ainsi que de la neige soufflante, sont attendus, rendant les d\u00e9placements potentiellement p\u00e9rilleux. Le maire a qualifi\u00e9 la situation climatique de \u00ab dynamique \u00bb, ce qui signifie que les conditions peuvent changer rapidement et affecter davantage la visibilit\u00e9. Les r\u00e9sidents doivent se pr\u00e9parer \u00e0 des conditions climatiques difficiles.<\/p>\n<p>Le D\u00e9partement des travaux publics (DPW) travaille sans rel\u00e2che pour assurer le d\u00e9neigement des routes. Le maire a exprim\u00e9 sa gratitude envers ces \u00e9quipes qui s&rsquo;efforcent de maintenir la s\u00e9curit\u00e9 routi\u00e8re. Il a \u00e9galement demand\u00e9 aux habitants de ne pas stationner leurs v\u00e9hicules sur les rues pour permettre une meilleure circulation des engins de d\u00e9neigement.<\/p>\n<h2>Recommandations pour les r\u00e9sidents<\/h2>\n<p>Il est essentiel pour les citoyens d&rsquo;Oswego de respecter les recommandations \u00e9mises par le maire. En \u00e9vitant les d\u00e9placements inutiles, ils peuvent contribuer \u00e0 la s\u00e9curit\u00e9 g\u00e9n\u00e9rale de la communaut\u00e9. Les jours \u00e0 venir seront critiques, et la coop\u00e9ration des r\u00e9sidents est indispensable.<\/p>\n<p>Les conseils suivants peuvent aider \u00e0 garantir la s\u00e9curit\u00e9 de tous pendant cette p\u00e9riode difficile : <\/p>\n<ul>\n<li>\u00c9vitez les d\u00e9placements \u00e0 moins que cela ne soit absolument n\u00e9cessaire.<\/li>\n<li>Restez inform\u00e9 des mises \u00e0 jour m\u00e9t\u00e9orologiques.<\/li>\n<li>Gardez vos v\u00e9hicules gar\u00e9s afin de permettre le d\u00e9neigement.<\/li>\n<li>Pr\u00e9parez-vous \u00e0 des conditions de route difficiles.<\/li>\n<\/ul>\n<blockquote><p>\n\u00ab Avec la s\u00e9curit\u00e9 de nos r\u00e9sidents et de notre personnel en t\u00eate, nous recommandons de ne pas voyager inutilement \u00bb, a affirm\u00e9 le maire Corradino.\n<\/p><\/blockquote>\n<p>La ville d&rsquo;Oswego fait face \u00e0 des d\u00e9fis importants en raison des intemp\u00e9ries. La collaboration entre les r\u00e9sidents et les autorit\u00e9s locales est primordiale pour surmonter cette p\u00e9riode. Les efforts du DPW et les pr\u00e9cautions prises par les habitants aideront \u00e0 assurer la s\u00e9curit\u00e9 de chacun. <\/p>\n<p>En conclusion, les pr\u00e9visions de neige et de vents forts exigent une attention particuli\u00e8re de la part de tous. Il est crucial que les habitants d&rsquo;Oswego se montrent responsables et prennent les mesures n\u00e9cessaires pour garantir leur s\u00e9curit\u00e9 et celle des autres. Rester vigilant et informer ses proches des consignes de s\u00e9curit\u00e9 peut faire une grande diff\u00e9rence durant cette p\u00e9riode de conditions m\u00e9t\u00e9orologiques extr\u00eames.<br \/>\n<img decoding=\"async\" width=\"1024\" height=\"576\" src=\"https:\/\/voyage-aventure.com\/blog\/wp-content\/uploads\/2025\/02\/stability-voyage-en-ville-oswego-emet-un-avis-de-voyage-en-raison-de-la-neige-et-des-vents-violents-1.png\" class=\"aligncenter\" alt=\"Illustration d\u00e9taill\u00e9e sur Voyage en ville : Oswego \u00e9met un avis de voyage en raison de la neige et des vents violents\" title=\"Voyage en ville : Oswego \u00e9met un avis de voyage en raison de la neige et des vents violents\" loading=\"lazy\" \/><\/p>\n","protected":false},"excerpt":{"rendered":"","protected":false},"author":34,"featured_media":10087,"comment_status":"open","ping_status":"open","sticky":false,"template":"","format":"standard","meta":{"_acf_changed":false,"manual_indexmenow":false,"indexmenow_id_project":0,"footnotes":""},"categories":[1],"tags":[4646,3726,4636,4713,3170],"class_list":["post-10086","post","type-post","status-publish","format-standard","has-post-thumbnail","hentry","category-a-la-une","tag-assistance","tag-conditions-meteorologiques","tag-destinations","tag-preparation","tag-securite","generate-columns","tablet-grid-50","mobile-grid-100","grid-parent","grid-25"],"acf":[],"yoast_head":"<!-- This site is optimized with the Yoast SEO Premium plugin v21.3 (Yoast SEO v25.1) - https:\/\/yoast.com\/wordpress\/plugins\/seo\/ -->\n<title>Voyage en ville : Oswego \u00e9met un avis de voyage en raison<\/title>\n<meta name=\"description\" content=\"Le maire d&#039;Oswego, Robert A. Corradino, a \u00e9mis un avis de voyage pour la ville le 17 f\u00e9vrier 2025, en raison de conditions m\u00e9t\u00e9orologiques extr\u00eames. Ce\" \/>\n<meta name=\"robots\" content=\"index, follow, max-snippet:-1, max-image-preview:large, max-video-preview:-1\" \/>\n<link rel=\"canonical\" href=\"https:\/\/voyage-aventure.com\/blog\/a-la-une\/voyage-en-ville-oswego-emet-un-avis-de-voyage-en-raison-de-la-neige-et-des-vents-violents\/\" \/>\n<meta property=\"og:locale\" content=\"fr_FR\" \/>\n<meta property=\"og:type\" content=\"article\" \/>\n<meta property=\"og:title\" content=\"Voyage en ville : Oswego \u00e9met un avis de voyage en raison\" \/>\n<meta property=\"og:description\" content=\"Le maire d&#039;Oswego, Robert A. Corradino, a \u00e9mis un avis de voyage pour la ville le 17 f\u00e9vrier 2025, en raison de conditions m\u00e9t\u00e9orologiques extr\u00eames. Ce\" \/>\n<meta property=\"og:url\" content=\"https:\/\/voyage-aventure.com\/blog\/a-la-une\/voyage-en-ville-oswego-emet-un-avis-de-voyage-en-raison-de-la-neige-et-des-vents-violents\/\" \/>\n<meta property=\"og:site_name\" content=\"voyage-aventure\" \/>\n<meta property=\"og:image\" content=\"https:\/\/voyage-aventure.com\/blog\/wp-content\/uploads\/2025\/02\/stability-voyage-en-ville-oswego-emet-un-avis-de-voyage-en-raison-de-la-neige-et-des-vents-violents.png\" \/>\n\t<meta property=\"og:image:width\" content=\"1024\" \/>\n\t<meta property=\"og:image:height\" content=\"576\" \/>\n\t<meta property=\"og:image:type\" content=\"image\/png\" \/>\n<meta name=\"author\" content=\"Camille Rouvray\" \/>\n<meta name=\"twitter:card\" content=\"summary_large_image\" \/>\n<script type=\"application\/ld+json\" class=\"yoast-schema-graph\">{\"@context\":\"https:\/\/schema.org\",\"@graph\":[{\"@type\":\"NewsArticle\",\"@id\":\"https:\/\/voyage-aventure.com\/blog\/a-la-une\/voyage-en-ville-oswego-emet-un-avis-de-voyage-en-raison-de-la-neige-et-des-vents-violents\/#article\",\"isPartOf\":{\"@id\":\"https:\/\/voyage-aventure.com\/blog\/a-la-une\/voyage-en-ville-oswego-emet-un-avis-de-voyage-en-raison-de-la-neige-et-des-vents-violents\/\"},\"author\":{\"name\":\"Camille Rouvray\",\"@id\":\"https:\/\/voyage-aventure.com\/blog\/#\/schema\/person\/3c864cdc320801e3db34b663e7e3f816\"},\"headline\":\"Voyage en ville : Oswego \u00e9met un avis de voyage en raison de la neige et des vents violents\",\"datePublished\":\"2025-02-18T13:22:32+00:00\",\"mainEntityOfPage\":{\"@id\":\"https:\/\/voyage-aventure.com\/blog\/a-la-une\/voyage-en-ville-oswego-emet-un-avis-de-voyage-en-raison-de-la-neige-et-des-vents-violents\/\"},\"wordCount\":542,\"commentCount\":25,\"publisher\":{\"@id\":\"https:\/\/voyage-aventure.com\/blog\/#organization\"},\"image\":{\"@id\":\"https:\/\/voyage-aventure.com\/blog\/a-la-une\/voyage-en-ville-oswego-emet-un-avis-de-voyage-en-raison-de-la-neige-et-des-vents-violents\/#primaryimage\"},\"thumbnailUrl\":\"https:\/\/voyage-aventure.com\/blog\/wp-content\/uploads\/2025\/02\/stability-voyage-en-ville-oswego-emet-un-avis-de-voyage-en-raison-de-la-neige-et-des-vents-violents.png\",\"keywords\":[\"Assistance\",\"Conditions M\u00e9t\u00e9orologiques\",\"Destinations\",\"Pr\u00e9paration\",\"S\u00e9curit\u00e9\"],\"articleSection\":[\"\u00c0 la une\"],\"inLanguage\":\"fr-FR\",\"potentialAction\":[{\"@type\":\"CommentAction\",\"name\":\"Comment\",\"target\":[\"https:\/\/voyage-aventure.com\/blog\/a-la-une\/voyage-en-ville-oswego-emet-un-avis-de-voyage-en-raison-de-la-neige-et-des-vents-violents\/#respond\"]}]},{\"@type\":\"WebPage\",\"@id\":\"https:\/\/voyage-aventure.com\/blog\/a-la-une\/voyage-en-ville-oswego-emet-un-avis-de-voyage-en-raison-de-la-neige-et-des-vents-violents\/\",\"url\":\"https:\/\/voyage-aventure.com\/blog\/a-la-une\/voyage-en-ville-oswego-emet-un-avis-de-voyage-en-raison-de-la-neige-et-des-vents-violents\/\",\"name\":\"Voyage en ville : Oswego \u00e9met un avis de voyage en raison\",\"isPartOf\":{\"@id\":\"https:\/\/voyage-aventure.com\/blog\/#website\"},\"primaryImageOfPage\":{\"@id\":\"https:\/\/voyage-aventure.com\/blog\/a-la-une\/voyage-en-ville-oswego-emet-un-avis-de-voyage-en-raison-de-la-neige-et-des-vents-violents\/#primaryimage\"},\"image\":{\"@id\":\"https:\/\/voyage-aventure.com\/blog\/a-la-une\/voyage-en-ville-oswego-emet-un-avis-de-voyage-en-raison-de-la-neige-et-des-vents-violents\/#primaryimage\"},\"thumbnailUrl\":\"https:\/\/voyage-aventure.com\/blog\/wp-content\/uploads\/2025\/02\/stability-voyage-en-ville-oswego-emet-un-avis-de-voyage-en-raison-de-la-neige-et-des-vents-violents.png\",\"datePublished\":\"2025-02-18T13:22:32+00:00\",\"description\":\"Le maire d'Oswego, Robert A. Corradino, a \u00e9mis un avis de voyage pour la ville le 17 f\u00e9vrier 2025, en raison de conditions m\u00e9t\u00e9orologiques extr\u00eames. Ce\",\"inLanguage\":\"fr-FR\",\"potentialAction\":[{\"@type\":\"ReadAction\",\"target\":[\"https:\/\/voyage-aventure.com\/blog\/a-la-une\/voyage-en-ville-oswego-emet-un-avis-de-voyage-en-raison-de-la-neige-et-des-vents-violents\/\"]}]},{\"@type\":\"ImageObject\",\"inLanguage\":\"fr-FR\",\"@id\":\"https:\/\/voyage-aventure.com\/blog\/a-la-une\/voyage-en-ville-oswego-emet-un-avis-de-voyage-en-raison-de-la-neige-et-des-vents-violents\/#primaryimage\",\"url\":\"https:\/\/voyage-aventure.com\/blog\/wp-content\/uploads\/2025\/02\/stability-voyage-en-ville-oswego-emet-un-avis-de-voyage-en-raison-de-la-neige-et-des-vents-violents.png\",\"contentUrl\":\"https:\/\/voyage-aventure.com\/blog\/wp-content\/uploads\/2025\/02\/stability-voyage-en-ville-oswego-emet-un-avis-de-voyage-en-raison-de-la-neige-et-des-vents-violents.png\",\"width\":1024,\"height\":576},{\"@type\":\"WebSite\",\"@id\":\"https:\/\/voyage-aventure.com\/blog\/#website\",\"url\":\"https:\/\/voyage-aventure.com\/blog\/\",\"name\":\"voyage-aventure.com\",\"description\":\"Votre passeport pour l\u2019inattendu.\",\"publisher\":{\"@id\":\"https:\/\/voyage-aventure.com\/blog\/#organization\"},\"alternateName\":\"Votre passeport pour l\u2019inattendu.\",\"potentialAction\":[{\"@type\":\"SearchAction\",\"target\":{\"@type\":\"EntryPoint\",\"urlTemplate\":\"https:\/\/voyage-aventure.com\/blog\/?s={search_term_string}\"},\"query-input\":{\"@type\":\"PropertyValueSpecification\",\"valueRequired\":true,\"valueName\":\"search_term_string\"}}],\"inLanguage\":\"fr-FR\"},{\"@type\":\"Organization\",\"@id\":\"https:\/\/voyage-aventure.com\/blog\/#organization\",\"name\":\"Foretsensations.fr\",\"url\":\"https:\/\/voyage-aventure.com\/blog\/\",\"logo\":{\"@type\":\"ImageObject\",\"inLanguage\":\"fr-FR\",\"@id\":\"https:\/\/voyage-aventure.com\/blog\/#\/schema\/logo\/image\/\",\"url\":\"https:\/\/voyage-aventure.com\/blog\/wp-content\/uploads\/2024\/12\/19.png\",\"contentUrl\":\"https:\/\/voyage-aventure.com\/blog\/wp-content\/uploads\/2024\/12\/19.png\",\"width\":512,\"height\":512,\"caption\":\"Foretsensations.fr\"},\"image\":{\"@id\":\"https:\/\/voyage-aventure.com\/blog\/#\/schema\/logo\/image\/\"}},{\"@type\":\"Person\",\"@id\":\"https:\/\/voyage-aventure.com\/blog\/#\/schema\/person\/3c864cdc320801e3db34b663e7e3f816\",\"name\":\"Camille Rouvray\",\"image\":{\"@type\":\"ImageObject\",\"inLanguage\":\"fr-FR\",\"@id\":\"https:\/\/voyage-aventure.com\/blog\/#\/schema\/person\/image\/\",\"url\":\"https:\/\/voyage-aventure.com\/blog\/wp-content\/uploads\/2026\/06\/persona_camille-r-96x96.jpg\",\"contentUrl\":\"https:\/\/voyage-aventure.com\/blog\/wp-content\/uploads\/2026\/06\/persona_camille-r-96x96.jpg\",\"caption\":\"Camille Rouvray\"},\"description\":\"Je voyage et j'\u00e9cris sur le voyage depuis une douzaine d'ann\u00e9es, d'abord en tant que routarde au long cours, puis comme r\u00e9dactrice sp\u00e9cialis\u00e9e. Mon terrain de pr\u00e9dilection, ce sont les circuits organis\u00e9s et l'art de bien pr\u00e9parer un itin\u00e9raire : choix de la saison, dur\u00e9e r\u00e9aliste des \u00e9tapes, budget jour par jour, logement et transport sur place. J'aime aussi raconter les p\u00e9pites urbaines, ces adresses qu'on ne trouve pas dans les guides classiques. Avant de publier un dossier destination, je croise toujours plusieurs sources, je v\u00e9rifie les tarifs et les formalit\u00e9s d'entr\u00e9e \u00e0 jour, et je teste moi-m\u00eame quand je le peux. Mon angle reste pratique avant tout : aider le lecteur \u00e0 partir l'esprit tranquille, sans mauvaise surprise une fois sur place. Je m'attache \u00e0 distinguer le coup de c\u0153ur sinc\u00e8re du simple argument marketing.\",\"sameAs\":[\"https:\/\/camillerouvray.fr\/\"],\"url\":\"https:\/\/voyage-aventure.com\/blog\/auteur\/noname\/\"}]}<\/script>\n<!-- \/ Yoast SEO Premium plugin. -->","yoast_head_json":{"title":"Voyage en ville : Oswego \u00e9met un avis de voyage en raison","description":"Le maire d'Oswego, Robert A. Corradino, a \u00e9mis un avis de voyage pour la ville le 17 f\u00e9vrier 2025, en raison de conditions m\u00e9t\u00e9orologiques extr\u00eames. Ce","robots":{"index":"index","follow":"follow","max-snippet":"max-snippet:-1","max-image-preview":"max-image-preview:large","max-video-preview":"max-video-preview:-1"},"canonical":"https:\/\/voyage-aventure.com\/blog\/a-la-une\/voyage-en-ville-oswego-emet-un-avis-de-voyage-en-raison-de-la-neige-et-des-vents-violents\/","og_locale":"fr_FR","og_type":"article","og_title":"Voyage en ville : Oswego \u00e9met un avis de voyage en raison","og_description":"Le maire d'Oswego, Robert A. Corradino, a \u00e9mis un avis de voyage pour la ville le 17 f\u00e9vrier 2025, en raison de conditions m\u00e9t\u00e9orologiques extr\u00eames. Ce","og_url":"https:\/\/voyage-aventure.com\/blog\/a-la-une\/voyage-en-ville-oswego-emet-un-avis-de-voyage-en-raison-de-la-neige-et-des-vents-violents\/","og_site_name":"voyage-aventure","og_image":[{"width":1024,"height":576,"url":"https:\/\/voyage-aventure.com\/blog\/wp-content\/uploads\/2025\/02\/stability-voyage-en-ville-oswego-emet-un-avis-de-voyage-en-raison-de-la-neige-et-des-vents-violents.png","type":"image\/png"}],"author":"Camille Rouvray","twitter_card":"summary_large_image","schema":{"@context":"https:\/\/schema.org","@graph":[{"@type":"NewsArticle","@id":"https:\/\/voyage-aventure.com\/blog\/a-la-une\/voyage-en-ville-oswego-emet-un-avis-de-voyage-en-raison-de-la-neige-et-des-vents-violents\/#article","isPartOf":{"@id":"https:\/\/voyage-aventure.com\/blog\/a-la-une\/voyage-en-ville-oswego-emet-un-avis-de-voyage-en-raison-de-la-neige-et-des-vents-violents\/"},"author":{"name":"Camille Rouvray","@id":"https:\/\/voyage-aventure.com\/blog\/#\/schema\/person\/3c864cdc320801e3db34b663e7e3f816"},"headline":"Voyage en ville : Oswego \u00e9met un avis de voyage en raison de la neige et des vents violents","datePublished":"2025-02-18T13:22:32+00:00","mainEntityOfPage":{"@id":"https:\/\/voyage-aventure.com\/blog\/a-la-une\/voyage-en-ville-oswego-emet-un-avis-de-voyage-en-raison-de-la-neige-et-des-vents-violents\/"},"wordCount":542,"commentCount":25,"publisher":{"@id":"https:\/\/voyage-aventure.com\/blog\/#organization"},"image":{"@id":"https:\/\/voyage-aventure.com\/blog\/a-la-une\/voyage-en-ville-oswego-emet-un-avis-de-voyage-en-raison-de-la-neige-et-des-vents-violents\/#primaryimage"},"thumbnailUrl":"https:\/\/voyage-aventure.com\/blog\/wp-content\/uploads\/2025\/02\/stability-voyage-en-ville-oswego-emet-un-avis-de-voyage-en-raison-de-la-neige-et-des-vents-violents.png","keywords":["Assistance","Conditions M\u00e9t\u00e9orologiques","Destinations","Pr\u00e9paration","S\u00e9curit\u00e9"],"articleSection":["\u00c0 la une"],"inLanguage":"fr-FR","potentialAction":[{"@type":"CommentAction","name":"Comment","target":["https:\/\/voyage-aventure.com\/blog\/a-la-une\/voyage-en-ville-oswego-emet-un-avis-de-voyage-en-raison-de-la-neige-et-des-vents-violents\/#respond"]}]},{"@type":"WebPage","@id":"https:\/\/voyage-aventure.com\/blog\/a-la-une\/voyage-en-ville-oswego-emet-un-avis-de-voyage-en-raison-de-la-neige-et-des-vents-violents\/","url":"https:\/\/voyage-aventure.com\/blog\/a-la-une\/voyage-en-ville-oswego-emet-un-avis-de-voyage-en-raison-de-la-neige-et-des-vents-violents\/","name":"Voyage en ville : Oswego \u00e9met un avis de voyage en raison","isPartOf":{"@id":"https:\/\/voyage-aventure.com\/blog\/#website"},"primaryImageOfPage":{"@id":"https:\/\/voyage-aventure.com\/blog\/a-la-une\/voyage-en-ville-oswego-emet-un-avis-de-voyage-en-raison-de-la-neige-et-des-vents-violents\/#primaryimage"},"image":{"@id":"https:\/\/voyage-aventure.com\/blog\/a-la-une\/voyage-en-ville-oswego-emet-un-avis-de-voyage-en-raison-de-la-neige-et-des-vents-violents\/#primaryimage"},"thumbnailUrl":"https:\/\/voyage-aventure.com\/blog\/wp-content\/uploads\/2025\/02\/stability-voyage-en-ville-oswego-emet-un-avis-de-voyage-en-raison-de-la-neige-et-des-vents-violents.png","datePublished":"2025-02-18T13:22:32+00:00","description":"Le maire d'Oswego, Robert A. Corradino, a \u00e9mis un avis de voyage pour la ville le 17 f\u00e9vrier 2025, en raison de conditions m\u00e9t\u00e9orologiques extr\u00eames. Ce","inLanguage":"fr-FR","potentialAction":[{"@type":"ReadAction","target":["https:\/\/voyage-aventure.com\/blog\/a-la-une\/voyage-en-ville-oswego-emet-un-avis-de-voyage-en-raison-de-la-neige-et-des-vents-violents\/"]}]},{"@type":"ImageObject","inLanguage":"fr-FR","@id":"https:\/\/voyage-aventure.com\/blog\/a-la-une\/voyage-en-ville-oswego-emet-un-avis-de-voyage-en-raison-de-la-neige-et-des-vents-violents\/#primaryimage","url":"https:\/\/voyage-aventure.com\/blog\/wp-content\/uploads\/2025\/02\/stability-voyage-en-ville-oswego-emet-un-avis-de-voyage-en-raison-de-la-neige-et-des-vents-violents.png","contentUrl":"https:\/\/voyage-aventure.com\/blog\/wp-content\/uploads\/2025\/02\/stability-voyage-en-ville-oswego-emet-un-avis-de-voyage-en-raison-de-la-neige-et-des-vents-violents.png","width":1024,"height":576},{"@type":"WebSite","@id":"https:\/\/voyage-aventure.com\/blog\/#website","url":"https:\/\/voyage-aventure.com\/blog\/","name":"voyage-aventure.com","description":"Votre passeport pour l\u2019inattendu.","publisher":{"@id":"https:\/\/voyage-aventure.com\/blog\/#organization"},"alternateName":"Votre passeport pour l\u2019inattendu.","potentialAction":[{"@type":"SearchAction","target":{"@type":"EntryPoint","urlTemplate":"https:\/\/voyage-aventure.com\/blog\/?s={search_term_string}"},"query-input":{"@type":"PropertyValueSpecification","valueRequired":true,"valueName":"search_term_string"}}],"inLanguage":"fr-FR"},{"@type":"Organization","@id":"https:\/\/voyage-aventure.com\/blog\/#organization","name":"Foretsensations.fr","url":"https:\/\/voyage-aventure.com\/blog\/","logo":{"@type":"ImageObject","inLanguage":"fr-FR","@id":"https:\/\/voyage-aventure.com\/blog\/#\/schema\/logo\/image\/","url":"https:\/\/voyage-aventure.com\/blog\/wp-content\/uploads\/2024\/12\/19.png","contentUrl":"https:\/\/voyage-aventure.com\/blog\/wp-content\/uploads\/2024\/12\/19.png","width":512,"height":512,"caption":"Foretsensations.fr"},"image":{"@id":"https:\/\/voyage-aventure.com\/blog\/#\/schema\/logo\/image\/"}},{"@type":"Person","@id":"https:\/\/voyage-aventure.com\/blog\/#\/schema\/person\/3c864cdc320801e3db34b663e7e3f816","name":"Camille Rouvray","image":{"@type":"ImageObject","inLanguage":"fr-FR","@id":"https:\/\/voyage-aventure.com\/blog\/#\/schema\/person\/image\/","url":"https:\/\/voyage-aventure.com\/blog\/wp-content\/uploads\/2026\/06\/persona_camille-r-96x96.jpg","contentUrl":"https:\/\/voyage-aventure.com\/blog\/wp-content\/uploads\/2026\/06\/persona_camille-r-96x96.jpg","caption":"Camille Rouvray"},"description":"Je voyage et j'\u00e9cris sur le voyage depuis une douzaine d'ann\u00e9es, d'abord en tant que routarde au long cours, puis comme r\u00e9dactrice sp\u00e9cialis\u00e9e. Mon terrain de pr\u00e9dilection, ce sont les circuits organis\u00e9s et l'art de bien pr\u00e9parer un itin\u00e9raire : choix de la saison, dur\u00e9e r\u00e9aliste des \u00e9tapes, budget jour par jour, logement et transport sur place. J'aime aussi raconter les p\u00e9pites urbaines, ces adresses qu'on ne trouve pas dans les guides classiques. Avant de publier un dossier destination, je croise toujours plusieurs sources, je v\u00e9rifie les tarifs et les formalit\u00e9s d'entr\u00e9e \u00e0 jour, et je teste moi-m\u00eame quand je le peux. Mon angle reste pratique avant tout : aider le lecteur \u00e0 partir l'esprit tranquille, sans mauvaise surprise une fois sur place. Je m'attache \u00e0 distinguer le coup de c\u0153ur sinc\u00e8re du simple argument marketing.","sameAs":["https:\/\/camillerouvray.fr\/"],"url":"https:\/\/voyage-aventure.com\/blog\/auteur\/noname\/"}]}},"_links":{"self":[{"href":"https:\/\/voyage-aventure.com\/blog\/wp-json\/wp\/v2\/posts\/10086","targetHints":{"allow":["GET"]}}],"collection":[{"href":"https:\/\/voyage-aventure.com\/blog\/wp-json\/wp\/v2\/posts"}],"about":[{"href":"https:\/\/voyage-aventure.com\/blog\/wp-json\/wp\/v2\/types\/post"}],"author":[{"embeddable":true,"href":"https:\/\/voyage-aventure.com\/blog\/wp-json\/wp\/v2\/users\/34"}],"replies":[{"embeddable":true,"href":"https:\/\/voyage-aventure.com\/blog\/wp-json\/wp\/v2\/comments?post=10086"}],"version-history":[{"count":1,"href":"https:\/\/voyage-aventure.com\/blog\/wp-json\/wp\/v2\/posts\/10086\/revisions"}],"predecessor-version":[{"id":10089,"href":"https:\/\/voyage-aventure.com\/blog\/wp-json\/wp\/v2\/posts\/10086\/revisions\/10089"}],"wp:featuredmedia":[{"embeddable":true,"href":"https:\/\/voyage-aventure.com\/blog\/wp-json\/wp\/v2\/media\/10087"}],"wp:attachment":[{"href":"https:\/\/voyage-aventure.com\/blog\/wp-json\/wp\/v2\/media?parent=10086"}],"wp:term":[{"taxonomy":"category","embeddable":true,"href":"https:\/\/voyage-aventure.com\/blog\/wp-json\/wp\/v2\/categories?post=10086"},{"taxonomy":"post_tag","embeddable":true,"href":"https:\/\/voyage-aventure.com\/blog\/wp-json\/wp\/v2\/tags?post=10086"}],"curies":[{"name":"wp","href":"https:\/\/api.w.org\/{rel}","templated":true}]}}