{"id":10003,"date":"2026-06-16T16:30:24","date_gmt":"2026-06-16T14:30:24","guid":{"rendered":"https:\/\/voyage-aventure.com\/blog\/?p=10003"},"modified":"2026-06-16T16:30:24","modified_gmt":"2026-06-16T14:30:24","slug":"preparez-vous-un-hiver-rigoureux-perturbe-vos-projets-de-voyage-cette-semaine","status":"publish","type":"post","link":"https:\/\/voyage-aventure.com\/blog\/a-la-une\/preparez-vous-un-hiver-rigoureux-perturbe-vos-projets-de-voyage-cette-semaine\/","title":{"rendered":"Pr\u00e9parez-vous : un hiver rigoureux perturbe vos projets de voyage cette semaine"},"content":{"rendered":"<link rel=\"stylesheet\" href=\"https:\/\/fonts.googleapis.com\/css2?family=Newsreader:ital,opsz,wght@0,6..72,500..700;1,6..72,500..600&#038;family=Inter:wght@400;500;600&#038;family=JetBrains+Mono:wght@500&#038;display=swap\">\n<style>\n.van-news{font-family:'Inter',-apple-system,BlinkMacSystemFont,sans-serif;color:#222;line-height:1.65;font-size:17px;}\n.van-news h2{font-family:'Newsreader','Georgia',serif;font-weight:700;font-size:clamp(24px,3.2vw,33px);letter-spacing:-0.012em;color:#16202b;margin:48px 0 14px;line-height:1.2;}\n.van-news h3{font-family:'Newsreader','Georgia',serif;font-weight:600;font-size:21px;color:#16202b;margin:26px 0 8px;}\n.van-news p{margin:0 0 18px;}\n.van-news .van-kick{font-family:'JetBrains Mono',monospace;font-size:11px;font-weight:500;text-transform:uppercase;letter-spacing:2.4px;color:#1f6f8b;}\n.van-news .van-ess{background:#eef5f8;border-left:5px solid #1f6f8b;border-radius:0 8px 8px 0;padding:22px 26px;margin:26px 0 30px;box-shadow:0 1px 2px rgba(16,24,40,.05),0 12px 28px -18px rgba(16,24,40,.22);}\n.van-news .van-ess .van-essh{font-family:'JetBrains Mono',monospace;font-size:11px;font-weight:500;text-transform:uppercase;letter-spacing:2.4px;color:#1f6f8b;margin-bottom:12px;}\n.van-news .van-ess ul{margin:0;padding:0;list-style:none;}\n.van-news .van-ess li{display:flex;gap:12px;align-items:flex-start;padding:8px 0;font-size:15.5px;line-height:1.55;border-bottom:1px solid #d8e6ec;}\n.van-news .van-ess li:last-child{border-bottom:none;}\n.van-news .van-ess li b{color:#16202b;}\n.van-news .van-ess .van-dot{flex:0 0 9px;width:9px;height:9px;border-radius:50%;background:#1f6f8b;margin-top:7px;}\n.van-news .van-grid{display:grid;grid-template-columns:repeat(auto-fit,minmax(220px,1fr));gap:14px;margin:24px 0;}\n.van-news .van-card{background:#fff;border:1px solid #e3e7ec;border-top:3px solid #1f6f8b;border-radius:8px;padding:18px 18px 16px;transition:transform .25s ease,box-shadow .25s ease;}\n.van-news .van-card:hover{transform:translateY(-3px);box-shadow:0 1px 2px rgba(16,24,40,.05),0 14px 30px -16px rgba(16,24,40,.25);}\n.van-news .van-card .van-cnum{font-family:'JetBrains Mono',monospace;font-size:12px;font-weight:500;color:#1f6f8b;display:block;margin-bottom:8px;}\n.van-news .van-card h3{margin:0 0 6px;font-size:16px;}\n.van-news .van-card .van-ctxt{font-size:13.8px;line-height:1.55;color:#4a4a4a;}\n.van-news figure.van-pull{margin:36px auto;padding:26px 24px;text-align:center;border-top:1px solid #16202b;border-bottom:1px solid #16202b;max-width:660px;position:relative;}\n.van-news figure.van-pull .van-q{position:absolute;top:-22px;left:50%;transform:translateX(-50%);background:#fff;padding:0 14px;font-size:50px;line-height:1;color:#1f6f8b;font-family:'Newsreader',serif;}\n.van-news figure.van-pull blockquote{margin:0;padding:0;border:none;font-family:'Newsreader','Georgia',serif;font-style:italic;font-size:23px;line-height:1.45;color:#16202b;}\n.van-news figure.van-pull figcaption{margin-top:14px;font-family:'JetBrains Mono',monospace;font-size:11px;text-transform:uppercase;letter-spacing:2px;color:#6a6a6a;}\n.van-news .van-warn{background:#fdf3ec;border-left:4px solid #c2702b;padding:14px 18px;margin:22px 0;border-radius:0 6px 6px 0;}\n.van-news .van-warn b{display:inline-block;color:#8a4a14;font-family:'JetBrains Mono',monospace;font-size:11px;text-transform:uppercase;letter-spacing:1.6px;margin-right:8px;}\n.van-news .van-warn span{font-size:14.5px;line-height:1.55;color:#3a3a3a;}\n.van-news .van-faq{margin:30px 0;}\n.van-news .van-faq>div{border-top:1px solid #d8dde3;}\n.van-news .van-faq details{border-bottom:1px solid #d8dde3;}\n.van-news .van-faq summary{cursor:pointer;padding:16px 0;font-family:'Newsreader','Georgia',serif;font-size:18px;font-weight:600;color:#16202b;list-style:none;display:flex;justify-content:space-between;gap:14px;align-items:center;}\n.van-news .van-faq summary::-webkit-details-marker{display:none;}\n.van-news .van-faq summary .van-pm{font-size:22px;font-weight:300;color:#1f6f8b;line-height:1;}\n.van-news .van-faq .van-ans{padding:0 0 16px;font-size:15px;line-height:1.7;color:#4a4a4a;}\n.van-news .van-retn{background:#f7f9fa;border:1px solid #e3e7ec;border-radius:10px;padding:24px 26px;margin:30px 0;}\n.van-news .van-retn .van-retnh{font-family:'JetBrains Mono',monospace;font-size:11px;font-weight:500;text-transform:uppercase;letter-spacing:2.4px;color:#1f6f8b;margin-bottom:14px;}\n.van-news .van-retn ul{margin:0;padding:0;list-style:none;display:grid;gap:10px;}\n.van-news .van-retn li{display:flex;gap:12px;align-items:flex-start;background:#fff;border:1px solid #e7e9ee;border-radius:6px;padding:12px 14px;font-size:14.5px;line-height:1.5;}\n.van-news .van-retn .van-ck{color:#1f6f8b;font-weight:700;flex:0 0 16px;}\n.van-news img{max-width:100%;height:auto;border-radius:8px;margin:8px 0;}\n\/*RENDERFIX2*\/.van-news .van-ess .van-dot{color:#eef3f9!important}.van-news .van-ess .van-dot p,.van-news .van-ess .van-dot li,.van-news .van-ess .van-dot strong,.van-news .van-ess .van-dot em,.van-news .van-ess .van-dot a,.van-news .van-ess .van-dot span,.van-news .van-ess .van-dot b,.van-news .van-ess .van-dot td,.van-news .van-ess .van-dot th,.van-news .van-ess .van-dot h2,.van-news .van-ess .van-dot h3,.van-news .van-ess .van-dot h4{color:#eef3f9!important}.van-news .van-ess .van-dot strong,.van-news .van-ess .van-dot b{color:#ffffff!important}<\/style>\n<div class=\"van-news\">\n<p><span class=\"van-kick\">M\u00e9t\u00e9o \u00b7 Transports \u2014 17 f\u00e9vrier 2025<\/span><\/p>\n<p>Une temp\u00eate hivernale s&rsquo;installe sur la r\u00e9gion et menace directement vos d\u00e9placements de milieu de semaine. Neige, verglas et pluie vergla\u00e7ante sont attendus d\u00e8s mercredi matin : voici l&rsquo;essentiel \u00e0 savoir pour anticiper vos trajets et limiter les mauvaises surprises sur la route comme \u00e0 l&rsquo;a\u00e9roport.<\/p>\n<div class=\"van-ess\">\n<div class=\"van-essh\">L&rsquo;essentiel<\/div>\n<ul>\n<li><span class=\"van-dot\"><\/span><span><b>Quoi \u2014<\/b> neige, verglas et pluie vergla\u00e7ante compromettent les d\u00e9placements de mercredi et jeudi.<\/span><\/li>\n<li><span class=\"van-dot\"><\/span><span><b>Quand \u2014<\/b> les pr\u00e9cipitations d\u00e9butent d\u00e8s le matin de mercredi et persistent toute la journ\u00e9e.<\/span><\/li>\n<li><span class=\"van-dot\"><\/span><span><b>Pourquoi \u00e7a compte \u2014<\/b> risques accrus de routes glissantes, de pannes de courant et de retards ou annulations de vols.<\/span><\/li>\n<\/ul>\n<\/div>\n<h2>Les effets d&rsquo;une temp\u00eate hivernale sur vos d\u00e9placements<\/h2>\n<p>Avec des pr\u00e9visions de neige, de verglas et de pluie vergla\u00e7ante, les d\u00e9placements pr\u00e9vus mercredi et jeudi seront particuli\u00e8rement compromis. Il est essentiel de se pr\u00e9parer pour \u00e9viter des d\u00e9sagr\u00e9ments lors de vos trajets.<\/p>\n<p>Le D\u00e9partement des Transports de Caroline du Nord (NCDOT) a d\u00e9j\u00e0 commenc\u00e9 \u00e0 traiter les routes avec de la saumure. Cette mesure pr\u00e9ventive vise \u00e0 r\u00e9duire l&rsquo;adh\u00e9rence de la glace sur les routes. Alors que les temp\u00e9ratures ne sont pas tomb\u00e9es sous z\u00e9ro, les \u00e9quipes ont travaill\u00e9 sans rel\u00e2che pour pr\u00e9parer les voies \u00e0 l&rsquo;avance.<\/p>\n<p><iframe loading=\"lazy\" title=\"Devrions-nous paniquer? Le supercontinent du futur est d\u00e9j\u00e0 en formation!\" width=\"1200\" height=\"675\" src=\"https:\/\/www.youtube.com\/embed\/1k6qkyQzz_A?feature=oembed\" frameborder=\"0\" allow=\"accelerometer; autoplay; clipboard-write; encrypted-media; gyroscope; picture-in-picture; web-share\" referrerpolicy=\"strict-origin-when-cross-origin\" allowfullscreen><\/iframe><\/p>\n<h2>Risques potentiels et pr\u00e9cautions \u00e0 prendre<\/h2>\n<p>Les temp\u00eates de verglas pr\u00e9sentent des dangers uniques, notamment en ce qui concerne la s\u00e9curit\u00e9 routi\u00e8re et les pannes de courant. Lorsque l&rsquo;accumulation de glace d\u00e9passe un quart de pouce, le risque de pannes de courant augmente consid\u00e9rablement. Les comt\u00e9s de Johnston, Wayne et Wilson sont particuli\u00e8rement expos\u00e9s \u00e0 ces conditions.<img decoding=\"async\" width=\"1024\" height=\"576\" src=\"https:\/\/voyage-aventure.com\/blog\/wp-content\/uploads\/2025\/02\/stability-preparez-vous-un-hiver-rigoureux-perturbe-vos-projets-de-voyage-cette-semaine-1.png\" class=\"aligncenter\" alt=\"Illustration d\u00e9taill\u00e9e sur Pr\u00e9parez-vous : un hiver rigoureux perturbe vos projets de voyage cette semaine\" title=\"Pr\u00e9parez-vous : un hiver rigoureux perturbe vos projets de voyage cette semaine\" loading=\"lazy\" \/><\/p>\n<p>Les pr\u00e9visions indiquent que les pr\u00e9cipitations commenceront d\u00e8s le matin de mercredi et devraient persister tout au long de la journ\u00e9e. Les conditions peuvent varier selon l&rsquo;intensit\u00e9 de la temp\u00eate ; une temp\u00eate plus forte pourrait entra\u00eener davantage de neige, tandis qu&rsquo;une temp\u00eate plus faible pourrait se traduire par des pluies vergla\u00e7antes.<\/p>\n<div class=\"van-warn\">\n  <b>&#9888;&#65039; Attention<\/b><br \/>\n  <span>Au-del\u00e0 d&rsquo;un quart de pouce d&rsquo;accumulation de glace, le risque de pannes de courant grimpe nettement \u2014 les comt\u00e9s de Johnston, Wayne et Wilson figurent parmi les plus expos\u00e9s.<\/span>\n<\/div>\n<h2>Consignes pour les voyageurs et trafic a\u00e9rien<\/h2>\n<p>Les voyageurs doivent rester inform\u00e9s des conditions de vol et de l&rsquo;\u00e9tat des routes. Il est recommand\u00e9 de v\u00e9rifier aupr\u00e8s de votre compagnie a\u00e9rienne avant de vous rendre \u00e0 l&rsquo;a\u00e9roport, car des retards ou des annulations sont possibles. Le compte officiel de l&rsquo;a\u00e9roport de RDU a indiqu\u00e9 que les responsabilit\u00e9s de d\u00e9neigement sont partag\u00e9es entre l&rsquo;a\u00e9roport et les compagnies a\u00e9riennes.<\/p>\n<p>Les vols d&rsquo;arriv\u00e9e ne n\u00e9cessitent pas de d\u00e9-icing au m\u00eame titre que les d\u00e9parts, mais sont tout de m\u00eame sujets \u00e0 des retards. Les passagers doivent privil\u00e9gier les mises \u00e0 jour de leur compagnie a\u00e9rienne pour les informations les plus r\u00e9centes concernant leur vol.<\/p>\n<div class=\"van-grid\">\n<div class=\"van-card\">\n    <span class=\"van-cnum\">01<\/span><\/p>\n<h3>Routes trait\u00e9es<\/h3>\n<div class=\"van-ctxt\">Le NCDOT a sal\u00e9 en pr\u00e9ventif \u00e0 la saumure pour r\u00e9duire l&rsquo;adh\u00e9rence du verglas avant l&rsquo;arriv\u00e9e des pr\u00e9cipitations.<\/div>\n<\/p><\/div>\n<div class=\"van-card\">\n    <span class=\"van-cnum\">02<\/span><\/p>\n<h3>Verglas &amp; \u00e9lectricit\u00e9<\/h3>\n<div class=\"van-ctxt\">Au-del\u00e0 d&rsquo;un quart de pouce de glace, les pannes de courant deviennent un risque s\u00e9rieux dans les comt\u00e9s expos\u00e9s.<\/div>\n<\/p><\/div>\n<div class=\"van-card\">\n    <span class=\"van-cnum\">03<\/span><\/p>\n<h3>Vols au d\u00e9part<\/h3>\n<div class=\"van-ctxt\">D\u00e9neigement et d\u00e9-icing partag\u00e9s entre a\u00e9roport et compagnies : v\u00e9rifiez votre vol avant de partir pour RDU.<\/div>\n<\/p><\/div>\n<div class=\"van-card\">\n    <span class=\"van-cnum\">04<\/span><\/p>\n<h3>Vols \u00e0 l&rsquo;arriv\u00e9e<\/h3>\n<div class=\"van-ctxt\">Pas de d\u00e9-icing comme au d\u00e9part, mais des retards restent possibles : suivez les mises \u00e0 jour de votre compagnie.<\/div>\n<\/p><\/div>\n<\/div>\n<figure class=\"van-pull\">\n<div class=\"van-q\" aria-hidden=\"true\">&laquo;<\/div>\n<blockquote><p>Il est crucial de v\u00e9rifier l&rsquo;\u00e9tat de votre vol avant de partir, car les compagnies a\u00e9riennes prennent souvent la d\u00e9cision de retarder ou d&rsquo;annuler les vols.<\/blockquote><figcaption>\u2014 Repr\u00e9sentant de l&rsquo;a\u00e9roport RDU<\/figcaption><\/figure>\n<div class=\"van-retn\">\n<div class=\"van-retnh\">\u00c0 retenir<\/div>\n<ul>\n<li><span class=\"van-ck\">&#10003;<\/span><span>Neige, verglas et pluie vergla\u00e7ante compromettent les trajets de mercredi et jeudi.<\/span><\/li>\n<li><span class=\"van-ck\">&#10003;<\/span><span>Le NCDOT a pr\u00e9-trait\u00e9 les routes \u00e0 la saumure, mais la prudence reste de mise.<\/span><\/li>\n<li><span class=\"van-ck\">&#10003;<\/span><span>Au-del\u00e0 d&rsquo;un quart de pouce de glace, surveillez les risques de panne de courant.<\/span><\/li>\n<li><span class=\"van-ck\">&#10003;<\/span><span>V\u00e9rifiez l&rsquo;\u00e9tat de votre vol aupr\u00e8s de votre compagnie avant de rejoindre l&rsquo;a\u00e9roport.<\/span><\/li>\n<li><span class=\"van-ck\">&#10003;<\/span><span>Restez inform\u00e9 : les conditions peuvent \u00e9voluer rapidement selon l&rsquo;intensit\u00e9 de la temp\u00eate.<\/span><\/li>\n<\/ul>\n<\/div>\n<p>En r\u00e9sum\u00e9, cette temp\u00eate hivernale pose des d\u00e9fis consid\u00e9rables pour les d\u00e9placements dans la r\u00e9gion. La prudence est de mise alors que les conditions m\u00e9t\u00e9orologiques peuvent changer rapidement. Restez inform\u00e9 et prenez les mesures n\u00e9cessaires pour garantir votre s\u00e9curit\u00e9 sur la route.<\/p>\n<div class=\"van-faq\">\n<h2>Questions fr\u00e9quentes<\/h2>\n<div>\n<details>\n<summary><span>Quels jours sont les plus touch\u00e9s par la temp\u00eate ?<\/span><span class=\"van-pm\">+<\/span><\/summary>\n<div class=\"van-ans\">Les d\u00e9placements de mercredi et jeudi sont particuli\u00e8rement compromis. Les pr\u00e9cipitations commencent d\u00e8s le matin de mercredi et devraient persister tout au long de la journ\u00e9e.<\/div>\n<\/details>\n<details>\n<summary><span>Que faire avant de partir pour l&rsquo;a\u00e9roport ?<\/span><span class=\"van-pm\">+<\/span><\/summary>\n<div class=\"van-ans\">V\u00e9rifiez l&rsquo;\u00e9tat de votre vol directement aupr\u00e8s de votre compagnie a\u00e9rienne avant de vous rendre \u00e0 l&rsquo;a\u00e9roport, car des retards ou des annulations sont possibles. Les vols au d\u00e9part peuvent n\u00e9cessiter un d\u00e9-icing.<\/div>\n<\/details>\n<details>\n<summary><span>Pourquoi le risque de panne de courant augmente-t-il ?<\/span><span class=\"van-pm\">+<\/span><\/summary>\n<div class=\"van-ans\">Lorsque l&rsquo;accumulation de glace d\u00e9passe un quart de pouce, le poids et l&rsquo;adh\u00e9rence du verglas sur les lignes augmentent fortement le risque de coupures, notamment dans les comt\u00e9s de Johnston, Wayne et Wilson.<\/div>\n<\/details>\n<details>\n<summary><span>Les routes sont-elles d\u00e9j\u00e0 pr\u00e9par\u00e9es ?<\/span><span class=\"van-pm\">+<\/span><\/summary>\n<div class=\"van-ans\">Oui, le D\u00e9partement des Transports de Caroline du Nord (NCDOT) a commenc\u00e9 \u00e0 traiter les routes avec de la saumure en pr\u00e9vention, afin de r\u00e9duire l&rsquo;adh\u00e9rence de la glace avant l&rsquo;arriv\u00e9e des pr\u00e9cipitations.<\/div>\n<\/details><\/div>\n<\/div>\n<\/div>\n","protected":false},"excerpt":{"rendered":"","protected":false},"author":34,"featured_media":10004,"comment_status":"open","ping_status":"open","sticky":false,"template":"","format":"standard","meta":{"_acf_changed":false,"manual_indexmenow":false,"indexmenow_id_project":0,"footnotes":""},"categories":[1],"tags":[4620,3726,4713,3170,4635],"class_list":["post-10003","post","type-post","status-publish","format-standard","has-post-thumbnail","hentry","category-a-la-une","tag-annulation-de-voyage","tag-conditions-meteorologiques","tag-preparation","tag-securite","tag-voyage","generate-columns","tablet-grid-50","mobile-grid-100","grid-parent","grid-25"],"acf":[],"yoast_head":"<!-- This site is optimized with the Yoast SEO Premium plugin v21.3 (Yoast SEO v25.1) - https:\/\/yoast.com\/wordpress\/plugins\/seo\/ -->\n<title>Pr\u00e9parez-vous : un hiver rigoureux perturbe vos projets de<\/title>\n<meta name=\"description\" content=\"Une temp\u00eate hivernale s&#039;installe sur la r\u00e9gion et menace directement vos d\u00e9placements de milieu de semaine. Neige, verglas et pluie vergla\u00e7ante sont\" \/>\n<meta name=\"robots\" content=\"index, follow, max-snippet:-1, max-image-preview:large, max-video-preview:-1\" \/>\n<link rel=\"canonical\" href=\"https:\/\/voyage-aventure.com\/blog\/a-la-une\/preparez-vous-un-hiver-rigoureux-perturbe-vos-projets-de-voyage-cette-semaine\/\" \/>\n<meta property=\"og:locale\" content=\"fr_FR\" \/>\n<meta property=\"og:type\" content=\"article\" \/>\n<meta property=\"og:title\" content=\"Pr\u00e9parez-vous : un hiver rigoureux perturbe vos projets de\" \/>\n<meta property=\"og:description\" content=\"Une temp\u00eate hivernale s&#039;installe sur la r\u00e9gion et menace directement vos d\u00e9placements de milieu de semaine. Neige, verglas et pluie vergla\u00e7ante sont\" \/>\n<meta property=\"og:url\" content=\"https:\/\/voyage-aventure.com\/blog\/a-la-une\/preparez-vous-un-hiver-rigoureux-perturbe-vos-projets-de-voyage-cette-semaine\/\" \/>\n<meta property=\"og:site_name\" content=\"voyage-aventure\" \/>\n<meta property=\"og:image\" content=\"https:\/\/voyage-aventure.com\/blog\/wp-content\/uploads\/2025\/02\/stability-preparez-vous-un-hiver-rigoureux-perturbe-vos-projets-de-voyage-cette-semaine.png\" \/>\n\t<meta property=\"og:image:width\" content=\"1024\" \/>\n\t<meta property=\"og:image:height\" content=\"576\" \/>\n\t<meta property=\"og:image:type\" content=\"image\/png\" \/>\n<meta name=\"author\" content=\"Camille Rouvray\" \/>\n<meta name=\"twitter:card\" content=\"summary_large_image\" \/>\n<script type=\"application\/ld+json\" class=\"yoast-schema-graph\">{\"@context\":\"https:\/\/schema.org\",\"@graph\":[{\"@type\":\"NewsArticle\",\"@id\":\"https:\/\/voyage-aventure.com\/blog\/a-la-une\/preparez-vous-un-hiver-rigoureux-perturbe-vos-projets-de-voyage-cette-semaine\/#article\",\"isPartOf\":{\"@id\":\"https:\/\/voyage-aventure.com\/blog\/a-la-une\/preparez-vous-un-hiver-rigoureux-perturbe-vos-projets-de-voyage-cette-semaine\/\"},\"author\":{\"name\":\"Camille Rouvray\",\"@id\":\"https:\/\/voyage-aventure.com\/blog\/#\/schema\/person\/3c864cdc320801e3db34b663e7e3f816\"},\"headline\":\"Pr\u00e9parez-vous : un hiver rigoureux perturbe vos projets de voyage cette semaine\",\"datePublished\":\"2026-06-16T14:30:24+00:00\",\"mainEntityOfPage\":{\"@id\":\"https:\/\/voyage-aventure.com\/blog\/a-la-une\/preparez-vous-un-hiver-rigoureux-perturbe-vos-projets-de-voyage-cette-semaine\/\"},\"wordCount\":1000,\"commentCount\":23,\"publisher\":{\"@id\":\"https:\/\/voyage-aventure.com\/blog\/#organization\"},\"image\":{\"@id\":\"https:\/\/voyage-aventure.com\/blog\/a-la-une\/preparez-vous-un-hiver-rigoureux-perturbe-vos-projets-de-voyage-cette-semaine\/#primaryimage\"},\"thumbnailUrl\":\"https:\/\/voyage-aventure.com\/blog\/wp-content\/uploads\/2025\/02\/stability-preparez-vous-un-hiver-rigoureux-perturbe-vos-projets-de-voyage-cette-semaine.png\",\"keywords\":[\"Annulation de Voyage\",\"Conditions M\u00e9t\u00e9orologiques\",\"Pr\u00e9paration\",\"S\u00e9curit\u00e9\",\"Voyage\"],\"articleSection\":[\"\u00c0 la une\"],\"inLanguage\":\"fr-FR\",\"potentialAction\":[{\"@type\":\"CommentAction\",\"name\":\"Comment\",\"target\":[\"https:\/\/voyage-aventure.com\/blog\/a-la-une\/preparez-vous-un-hiver-rigoureux-perturbe-vos-projets-de-voyage-cette-semaine\/#respond\"]}]},{\"@type\":\"WebPage\",\"@id\":\"https:\/\/voyage-aventure.com\/blog\/a-la-une\/preparez-vous-un-hiver-rigoureux-perturbe-vos-projets-de-voyage-cette-semaine\/\",\"url\":\"https:\/\/voyage-aventure.com\/blog\/a-la-une\/preparez-vous-un-hiver-rigoureux-perturbe-vos-projets-de-voyage-cette-semaine\/\",\"name\":\"Pr\u00e9parez-vous : un hiver rigoureux perturbe vos projets de\",\"isPartOf\":{\"@id\":\"https:\/\/voyage-aventure.com\/blog\/#website\"},\"primaryImageOfPage\":{\"@id\":\"https:\/\/voyage-aventure.com\/blog\/a-la-une\/preparez-vous-un-hiver-rigoureux-perturbe-vos-projets-de-voyage-cette-semaine\/#primaryimage\"},\"image\":{\"@id\":\"https:\/\/voyage-aventure.com\/blog\/a-la-une\/preparez-vous-un-hiver-rigoureux-perturbe-vos-projets-de-voyage-cette-semaine\/#primaryimage\"},\"thumbnailUrl\":\"https:\/\/voyage-aventure.com\/blog\/wp-content\/uploads\/2025\/02\/stability-preparez-vous-un-hiver-rigoureux-perturbe-vos-projets-de-voyage-cette-semaine.png\",\"datePublished\":\"2026-06-16T14:30:24+00:00\",\"description\":\"Une temp\u00eate hivernale s'installe sur la r\u00e9gion et menace directement vos d\u00e9placements de milieu de semaine. Neige, verglas et pluie vergla\u00e7ante sont\",\"inLanguage\":\"fr-FR\",\"potentialAction\":[{\"@type\":\"ReadAction\",\"target\":[\"https:\/\/voyage-aventure.com\/blog\/a-la-une\/preparez-vous-un-hiver-rigoureux-perturbe-vos-projets-de-voyage-cette-semaine\/\"]}]},{\"@type\":\"ImageObject\",\"inLanguage\":\"fr-FR\",\"@id\":\"https:\/\/voyage-aventure.com\/blog\/a-la-une\/preparez-vous-un-hiver-rigoureux-perturbe-vos-projets-de-voyage-cette-semaine\/#primaryimage\",\"url\":\"https:\/\/voyage-aventure.com\/blog\/wp-content\/uploads\/2025\/02\/stability-preparez-vous-un-hiver-rigoureux-perturbe-vos-projets-de-voyage-cette-semaine.png\",\"contentUrl\":\"https:\/\/voyage-aventure.com\/blog\/wp-content\/uploads\/2025\/02\/stability-preparez-vous-un-hiver-rigoureux-perturbe-vos-projets-de-voyage-cette-semaine.png\",\"width\":1024,\"height\":576},{\"@type\":\"WebSite\",\"@id\":\"https:\/\/voyage-aventure.com\/blog\/#website\",\"url\":\"https:\/\/voyage-aventure.com\/blog\/\",\"name\":\"voyage-aventure.com\",\"description\":\"Votre passeport pour l\u2019inattendu.\",\"publisher\":{\"@id\":\"https:\/\/voyage-aventure.com\/blog\/#organization\"},\"alternateName\":\"Votre passeport pour l\u2019inattendu.\",\"potentialAction\":[{\"@type\":\"SearchAction\",\"target\":{\"@type\":\"EntryPoint\",\"urlTemplate\":\"https:\/\/voyage-aventure.com\/blog\/?s={search_term_string}\"},\"query-input\":{\"@type\":\"PropertyValueSpecification\",\"valueRequired\":true,\"valueName\":\"search_term_string\"}}],\"inLanguage\":\"fr-FR\"},{\"@type\":\"Organization\",\"@id\":\"https:\/\/voyage-aventure.com\/blog\/#organization\",\"name\":\"Foretsensations.fr\",\"url\":\"https:\/\/voyage-aventure.com\/blog\/\",\"logo\":{\"@type\":\"ImageObject\",\"inLanguage\":\"fr-FR\",\"@id\":\"https:\/\/voyage-aventure.com\/blog\/#\/schema\/logo\/image\/\",\"url\":\"https:\/\/voyage-aventure.com\/blog\/wp-content\/uploads\/2024\/12\/19.png\",\"contentUrl\":\"https:\/\/voyage-aventure.com\/blog\/wp-content\/uploads\/2024\/12\/19.png\",\"width\":512,\"height\":512,\"caption\":\"Foretsensations.fr\"},\"image\":{\"@id\":\"https:\/\/voyage-aventure.com\/blog\/#\/schema\/logo\/image\/\"}},{\"@type\":\"Person\",\"@id\":\"https:\/\/voyage-aventure.com\/blog\/#\/schema\/person\/3c864cdc320801e3db34b663e7e3f816\",\"name\":\"Camille Rouvray\",\"image\":{\"@type\":\"ImageObject\",\"inLanguage\":\"fr-FR\",\"@id\":\"https:\/\/voyage-aventure.com\/blog\/#\/schema\/person\/image\/\",\"url\":\"https:\/\/voyage-aventure.com\/blog\/wp-content\/uploads\/2026\/06\/persona_camille-r-96x96.jpg\",\"contentUrl\":\"https:\/\/voyage-aventure.com\/blog\/wp-content\/uploads\/2026\/06\/persona_camille-r-96x96.jpg\",\"caption\":\"Camille Rouvray\"},\"description\":\"Je voyage et j'\u00e9cris sur le voyage depuis une douzaine d'ann\u00e9es, d'abord en tant que routarde au long cours, puis comme r\u00e9dactrice sp\u00e9cialis\u00e9e. Mon terrain de pr\u00e9dilection, ce sont les circuits organis\u00e9s et l'art de bien pr\u00e9parer un itin\u00e9raire : choix de la saison, dur\u00e9e r\u00e9aliste des \u00e9tapes, budget jour par jour, logement et transport sur place. J'aime aussi raconter les p\u00e9pites urbaines, ces adresses qu'on ne trouve pas dans les guides classiques. Avant de publier un dossier destination, je croise toujours plusieurs sources, je v\u00e9rifie les tarifs et les formalit\u00e9s d'entr\u00e9e \u00e0 jour, et je teste moi-m\u00eame quand je le peux. Mon angle reste pratique avant tout : aider le lecteur \u00e0 partir l'esprit tranquille, sans mauvaise surprise une fois sur place. Je m'attache \u00e0 distinguer le coup de c\u0153ur sinc\u00e8re du simple argument marketing.\",\"sameAs\":[\"https:\/\/camillerouvray.fr\/\"],\"url\":\"https:\/\/voyage-aventure.com\/blog\/auteur\/noname\/\"}]}<\/script>\n<!-- \/ Yoast SEO Premium plugin. -->","yoast_head_json":{"title":"Pr\u00e9parez-vous : un hiver rigoureux perturbe vos projets de","description":"Une temp\u00eate hivernale s'installe sur la r\u00e9gion et menace directement vos d\u00e9placements de milieu de semaine. Neige, verglas et pluie vergla\u00e7ante sont","robots":{"index":"index","follow":"follow","max-snippet":"max-snippet:-1","max-image-preview":"max-image-preview:large","max-video-preview":"max-video-preview:-1"},"canonical":"https:\/\/voyage-aventure.com\/blog\/a-la-une\/preparez-vous-un-hiver-rigoureux-perturbe-vos-projets-de-voyage-cette-semaine\/","og_locale":"fr_FR","og_type":"article","og_title":"Pr\u00e9parez-vous : un hiver rigoureux perturbe vos projets de","og_description":"Une temp\u00eate hivernale s'installe sur la r\u00e9gion et menace directement vos d\u00e9placements de milieu de semaine. Neige, verglas et pluie vergla\u00e7ante sont","og_url":"https:\/\/voyage-aventure.com\/blog\/a-la-une\/preparez-vous-un-hiver-rigoureux-perturbe-vos-projets-de-voyage-cette-semaine\/","og_site_name":"voyage-aventure","og_image":[{"width":1024,"height":576,"url":"https:\/\/voyage-aventure.com\/blog\/wp-content\/uploads\/2025\/02\/stability-preparez-vous-un-hiver-rigoureux-perturbe-vos-projets-de-voyage-cette-semaine.png","type":"image\/png"}],"author":"Camille Rouvray","twitter_card":"summary_large_image","schema":{"@context":"https:\/\/schema.org","@graph":[{"@type":"NewsArticle","@id":"https:\/\/voyage-aventure.com\/blog\/a-la-une\/preparez-vous-un-hiver-rigoureux-perturbe-vos-projets-de-voyage-cette-semaine\/#article","isPartOf":{"@id":"https:\/\/voyage-aventure.com\/blog\/a-la-une\/preparez-vous-un-hiver-rigoureux-perturbe-vos-projets-de-voyage-cette-semaine\/"},"author":{"name":"Camille Rouvray","@id":"https:\/\/voyage-aventure.com\/blog\/#\/schema\/person\/3c864cdc320801e3db34b663e7e3f816"},"headline":"Pr\u00e9parez-vous : un hiver rigoureux perturbe vos projets de voyage cette semaine","datePublished":"2026-06-16T14:30:24+00:00","mainEntityOfPage":{"@id":"https:\/\/voyage-aventure.com\/blog\/a-la-une\/preparez-vous-un-hiver-rigoureux-perturbe-vos-projets-de-voyage-cette-semaine\/"},"wordCount":1000,"commentCount":23,"publisher":{"@id":"https:\/\/voyage-aventure.com\/blog\/#organization"},"image":{"@id":"https:\/\/voyage-aventure.com\/blog\/a-la-une\/preparez-vous-un-hiver-rigoureux-perturbe-vos-projets-de-voyage-cette-semaine\/#primaryimage"},"thumbnailUrl":"https:\/\/voyage-aventure.com\/blog\/wp-content\/uploads\/2025\/02\/stability-preparez-vous-un-hiver-rigoureux-perturbe-vos-projets-de-voyage-cette-semaine.png","keywords":["Annulation de Voyage","Conditions M\u00e9t\u00e9orologiques","Pr\u00e9paration","S\u00e9curit\u00e9","Voyage"],"articleSection":["\u00c0 la une"],"inLanguage":"fr-FR","potentialAction":[{"@type":"CommentAction","name":"Comment","target":["https:\/\/voyage-aventure.com\/blog\/a-la-une\/preparez-vous-un-hiver-rigoureux-perturbe-vos-projets-de-voyage-cette-semaine\/#respond"]}]},{"@type":"WebPage","@id":"https:\/\/voyage-aventure.com\/blog\/a-la-une\/preparez-vous-un-hiver-rigoureux-perturbe-vos-projets-de-voyage-cette-semaine\/","url":"https:\/\/voyage-aventure.com\/blog\/a-la-une\/preparez-vous-un-hiver-rigoureux-perturbe-vos-projets-de-voyage-cette-semaine\/","name":"Pr\u00e9parez-vous : un hiver rigoureux perturbe vos projets de","isPartOf":{"@id":"https:\/\/voyage-aventure.com\/blog\/#website"},"primaryImageOfPage":{"@id":"https:\/\/voyage-aventure.com\/blog\/a-la-une\/preparez-vous-un-hiver-rigoureux-perturbe-vos-projets-de-voyage-cette-semaine\/#primaryimage"},"image":{"@id":"https:\/\/voyage-aventure.com\/blog\/a-la-une\/preparez-vous-un-hiver-rigoureux-perturbe-vos-projets-de-voyage-cette-semaine\/#primaryimage"},"thumbnailUrl":"https:\/\/voyage-aventure.com\/blog\/wp-content\/uploads\/2025\/02\/stability-preparez-vous-un-hiver-rigoureux-perturbe-vos-projets-de-voyage-cette-semaine.png","datePublished":"2026-06-16T14:30:24+00:00","description":"Une temp\u00eate hivernale s'installe sur la r\u00e9gion et menace directement vos d\u00e9placements de milieu de semaine. Neige, verglas et pluie vergla\u00e7ante sont","inLanguage":"fr-FR","potentialAction":[{"@type":"ReadAction","target":["https:\/\/voyage-aventure.com\/blog\/a-la-une\/preparez-vous-un-hiver-rigoureux-perturbe-vos-projets-de-voyage-cette-semaine\/"]}]},{"@type":"ImageObject","inLanguage":"fr-FR","@id":"https:\/\/voyage-aventure.com\/blog\/a-la-une\/preparez-vous-un-hiver-rigoureux-perturbe-vos-projets-de-voyage-cette-semaine\/#primaryimage","url":"https:\/\/voyage-aventure.com\/blog\/wp-content\/uploads\/2025\/02\/stability-preparez-vous-un-hiver-rigoureux-perturbe-vos-projets-de-voyage-cette-semaine.png","contentUrl":"https:\/\/voyage-aventure.com\/blog\/wp-content\/uploads\/2025\/02\/stability-preparez-vous-un-hiver-rigoureux-perturbe-vos-projets-de-voyage-cette-semaine.png","width":1024,"height":576},{"@type":"WebSite","@id":"https:\/\/voyage-aventure.com\/blog\/#website","url":"https:\/\/voyage-aventure.com\/blog\/","name":"voyage-aventure.com","description":"Votre passeport pour l\u2019inattendu.","publisher":{"@id":"https:\/\/voyage-aventure.com\/blog\/#organization"},"alternateName":"Votre passeport pour l\u2019inattendu.","potentialAction":[{"@type":"SearchAction","target":{"@type":"EntryPoint","urlTemplate":"https:\/\/voyage-aventure.com\/blog\/?s={search_term_string}"},"query-input":{"@type":"PropertyValueSpecification","valueRequired":true,"valueName":"search_term_string"}}],"inLanguage":"fr-FR"},{"@type":"Organization","@id":"https:\/\/voyage-aventure.com\/blog\/#organization","name":"Foretsensations.fr","url":"https:\/\/voyage-aventure.com\/blog\/","logo":{"@type":"ImageObject","inLanguage":"fr-FR","@id":"https:\/\/voyage-aventure.com\/blog\/#\/schema\/logo\/image\/","url":"https:\/\/voyage-aventure.com\/blog\/wp-content\/uploads\/2024\/12\/19.png","contentUrl":"https:\/\/voyage-aventure.com\/blog\/wp-content\/uploads\/2024\/12\/19.png","width":512,"height":512,"caption":"Foretsensations.fr"},"image":{"@id":"https:\/\/voyage-aventure.com\/blog\/#\/schema\/logo\/image\/"}},{"@type":"Person","@id":"https:\/\/voyage-aventure.com\/blog\/#\/schema\/person\/3c864cdc320801e3db34b663e7e3f816","name":"Camille Rouvray","image":{"@type":"ImageObject","inLanguage":"fr-FR","@id":"https:\/\/voyage-aventure.com\/blog\/#\/schema\/person\/image\/","url":"https:\/\/voyage-aventure.com\/blog\/wp-content\/uploads\/2026\/06\/persona_camille-r-96x96.jpg","contentUrl":"https:\/\/voyage-aventure.com\/blog\/wp-content\/uploads\/2026\/06\/persona_camille-r-96x96.jpg","caption":"Camille Rouvray"},"description":"Je voyage et j'\u00e9cris sur le voyage depuis une douzaine d'ann\u00e9es, d'abord en tant que routarde au long cours, puis comme r\u00e9dactrice sp\u00e9cialis\u00e9e. Mon terrain de pr\u00e9dilection, ce sont les circuits organis\u00e9s et l'art de bien pr\u00e9parer un itin\u00e9raire : choix de la saison, dur\u00e9e r\u00e9aliste des \u00e9tapes, budget jour par jour, logement et transport sur place. J'aime aussi raconter les p\u00e9pites urbaines, ces adresses qu'on ne trouve pas dans les guides classiques. Avant de publier un dossier destination, je croise toujours plusieurs sources, je v\u00e9rifie les tarifs et les formalit\u00e9s d'entr\u00e9e \u00e0 jour, et je teste moi-m\u00eame quand je le peux. Mon angle reste pratique avant tout : aider le lecteur \u00e0 partir l'esprit tranquille, sans mauvaise surprise une fois sur place. Je m'attache \u00e0 distinguer le coup de c\u0153ur sinc\u00e8re du simple argument marketing.","sameAs":["https:\/\/camillerouvray.fr\/"],"url":"https:\/\/voyage-aventure.com\/blog\/auteur\/noname\/"}]}},"_links":{"self":[{"href":"https:\/\/voyage-aventure.com\/blog\/wp-json\/wp\/v2\/posts\/10003","targetHints":{"allow":["GET"]}}],"collection":[{"href":"https:\/\/voyage-aventure.com\/blog\/wp-json\/wp\/v2\/posts"}],"about":[{"href":"https:\/\/voyage-aventure.com\/blog\/wp-json\/wp\/v2\/types\/post"}],"author":[{"embeddable":true,"href":"https:\/\/voyage-aventure.com\/blog\/wp-json\/wp\/v2\/users\/34"}],"replies":[{"embeddable":true,"href":"https:\/\/voyage-aventure.com\/blog\/wp-json\/wp\/v2\/comments?post=10003"}],"version-history":[{"count":4,"href":"https:\/\/voyage-aventure.com\/blog\/wp-json\/wp\/v2\/posts\/10003\/revisions"}],"predecessor-version":[{"id":22541,"href":"https:\/\/voyage-aventure.com\/blog\/wp-json\/wp\/v2\/posts\/10003\/revisions\/22541"}],"wp:featuredmedia":[{"embeddable":true,"href":"https:\/\/voyage-aventure.com\/blog\/wp-json\/wp\/v2\/media\/10004"}],"wp:attachment":[{"href":"https:\/\/voyage-aventure.com\/blog\/wp-json\/wp\/v2\/media?parent=10003"}],"wp:term":[{"taxonomy":"category","embeddable":true,"href":"https:\/\/voyage-aventure.com\/blog\/wp-json\/wp\/v2\/categories?post=10003"},{"taxonomy":"post_tag","embeddable":true,"href":"https:\/\/voyage-aventure.com\/blog\/wp-json\/wp\/v2\/tags?post=10003"}],"curies":[{"name":"wp","href":"https:\/\/api.w.org\/{rel}","templated":true}]}}